{"id":30306,"date":"2006-07-07T08:58:08","date_gmt":"2006-07-07T08:58:08","guid":{"rendered":"http:\/\/www.aceguarulhos.com.br\/blog\/?p=30306"},"modified":"-0001-11-30T00:00:00","modified_gmt":"-0001-11-30T03:00:00","slug":"n%c3%bacleo-jovem-empreendedor-visita-sede-do-sebrae","status":"publish","type":"post","link":"https:\/\/www.aceguarulhos.com.br\/blog\/n%c3%bacleo-jovem-empreendedor-visita-sede-do-sebrae\/","title":{"rendered":"N\u00facleo Jovem Empreendedor visita sede do Sebrae"},"content":{"rendered":"<p><P>Nesta quarta-feira, membros do N\u00facleo de Jovens Empreendedores (NJE), da Associa\u00e7\u00e3o Comercial e Empresarial de Guarulhos (ACE-Guarulhos), visitaram a sede do Sebrae \u00e0 convite do gerente, Evandro Saturi. Na ocasi\u00e3o, Saturi fez uma breve apresenta\u00e7\u00e3o dos trabalhos realizados pelo Sebrae e exibiu um v\u00eddeo institucional e um filme sobre o projeto Sebrae na Rua. O presidente do NJE, Rodrigo Barros, oficializou o apoio do N\u00facleo ao projeto que pela primeira vez ocorrer\u00e1 em Guarulhos; entre os dias 2 e 4 de agosto, no bairro Pimentas. &#8220;N\u00e3o poder\u00edamos ficar de fora desta iniciativa do Sebrae e oferecemos de imediato todo o apoio para que novos empreendedores surjam em nossa cidade&#8221;, destacou Rodrigo. Neste encontro tamb\u00e9m foram colocados em pauta poss\u00edveis cursos de capacita\u00e7\u00e3o que ser\u00e3o oferecidos aos membros do N\u00facleo.<\/P><P><STRONG>Sobre o Sebrae na Rua<\/STRONG><\/P><P>\u00c9 um Sebrae itinerante, sob medida, que mostra \u00e0 popula\u00e7\u00e3o, aos empres\u00e1rios e \u00e0s lideran\u00e7as pol\u00edticas e empresariais locais, o que o Sebrae-SP pode fazer pelas micro e pequenas empresas, associa\u00e7\u00f5es, cooperativas da cidade.<\/P><P>Gestores do Sebrae na regi\u00e3o percorrem as cidades e fecham parcerias com as lideran\u00e7as locais, buscando a formata\u00e7\u00e3o de um conte\u00fado program\u00e1tico voltado \u00e0 educa\u00e7\u00e3o empreendedora. Como \u00e9 feito sob medida, o Sebrae na Rua fica, em m\u00e9dia, de dois a cinco dias na cidade, ocupando sedes de associa\u00e7\u00f5es, a pra\u00e7a p\u00fablica, a C\u00e2mara dos Vereadores, com palestras, workshops, cursos e debates sobre a quest\u00e3o das micro e pequenas empresas.<\/P><P>Entre as atividades nos eventos est\u00e3o: cursos e workshops sobre Plano de Neg\u00f3cios, Atendimento a Clientes, Forma\u00e7\u00e3o de Pre\u00e7o, C\u00f3digo de Defesa do Consumidor e Planejamento. Tamb\u00e9m \u00e9 programado um debate na C\u00e2mara de Vereadores sobre legisla\u00e7\u00e3o para as micro e pequenas empresas e como a cidade pode atuar no fomento e apoio ao desenvolvimento local.<BR><\/P><\/p>\n","protected":false},"excerpt":{"rendered":"Nesta quarta-feira, membros do N\u00facleo de Jovens Empreendedores (NJE), da Associa\u00e7\u00e3o Comercial e Empresarial de Guarulhos (ACE-Guarulhos), visitaram a sede do Sebrae \u00e0 \n<a class=\"moretag\" href=\"https:\/\/www.aceguarulhos.com.br\/blog\/n%c3%bacleo-jovem-empreendedor-visita-sede-do-sebrae\/\"> [...]<\/a>","protected":false},"author":8,"featured_media":0,"comment_status":"open","ping_status":"open","sticky":false,"template":"","format":"standard","meta":{"footnotes":""},"categories":[2],"tags":[],"class_list":["post-30306","post","type-post","status-publish","format-standard","hentry","category-noticias"],"yoast_head":"<!-- This site is optimized with the Yoast SEO plugin v28.1 - https:\/\/yoast.com\/product\/yoast-seo-wordpress\/ -->\n<title>N\u00facleo Jovem Empreendedor visita sede do Sebrae - ACE-Guarulhos<\/title>\n<meta name=\"robots\" content=\"index, follow, max-snippet:-1, max-image-preview:large, max-video-preview:-1\" \/>\n<link rel=\"canonical\" href=\"https:\/\/www.aceguarulhos.com.br\/blog\/n\u00facleo-jovem-empreendedor-visita-sede-do-sebrae\/\" \/>\n<meta property=\"og:locale\" content=\"pt_BR\" \/>\n<meta property=\"og:type\" content=\"article\" \/>\n<meta property=\"og:title\" content=\"N\u00facleo Jovem Empreendedor visita sede do Sebrae - ACE-Guarulhos\" \/>\n<meta property=\"og:description\" content=\"Nesta quarta-feira, membros do N\u00facleo de Jovens Empreendedores (NJE), da Associa\u00e7\u00e3o Comercial e Empresarial de Guarulhos (ACE-Guarulhos), visitaram a sede do Sebrae \u00e0\" \/>\n<meta property=\"og:url\" content=\"https:\/\/www.aceguarulhos.com.br\/blog\/n\u00facleo-jovem-empreendedor-visita-sede-do-sebrae\/\" \/>\n<meta property=\"og:site_name\" content=\"ACE-Guarulhos\" \/>\n<meta property=\"article:publisher\" content=\"https:\/\/www.facebook.com\/aceguarulhos\/\" \/>\n<meta property=\"article:published_time\" content=\"2006-07-07T08:58:08+00:00\" \/>\n<meta name=\"author\" content=\"Assessoria de Imprensa ACE-Guarulhos\" \/>\n<meta name=\"twitter:card\" content=\"summary_large_image\" \/>\n<meta name=\"twitter:label1\" content=\"Escrito por\" \/>\n\t<meta name=\"twitter:data1\" content=\"Assessoria de Imprensa ACE-Guarulhos\" \/>\n\t<meta name=\"twitter:label2\" content=\"Est. tempo de leitura\" \/>\n\t<meta name=\"twitter:data2\" content=\"2 minutos\" \/>\n<script type=\"application\/ld+json\" class=\"yoast-schema-graph\">{\"@context\":\"https:\\\/\\\/schema.org\",\"@graph\":[{\"@type\":\"Article\",\"@id\":\"https:\\\/\\\/www.aceguarulhos.com.br\\\/blog\\\/n%c3%bacleo-jovem-empreendedor-visita-sede-do-sebrae\\\/#article\",\"isPartOf\":{\"@id\":\"https:\\\/\\\/www.aceguarulhos.com.br\\\/blog\\\/n%c3%bacleo-jovem-empreendedor-visita-sede-do-sebrae\\\/\"},\"author\":{\"name\":\"Assessoria de Imprensa ACE-Guarulhos\",\"@id\":\"https:\\\/\\\/www.aceguarulhos.com.br\\\/blog\\\/#\\\/schema\\\/person\\\/6983b51bad37489989e4f09698c26237\"},\"headline\":\"N\u00facleo Jovem Empreendedor visita sede do Sebrae\",\"datePublished\":\"2006-07-07T08:58:08+00:00\",\"mainEntityOfPage\":{\"@id\":\"https:\\\/\\\/www.aceguarulhos.com.br\\\/blog\\\/n%c3%bacleo-jovem-empreendedor-visita-sede-do-sebrae\\\/\"},\"wordCount\":332,\"commentCount\":0,\"publisher\":{\"@id\":\"https:\\\/\\\/www.aceguarulhos.com.br\\\/blog\\\/#organization\"},\"articleSection\":[\"Not\u00edcias\"],\"inLanguage\":\"pt-BR\"},{\"@type\":\"WebPage\",\"@id\":\"https:\\\/\\\/www.aceguarulhos.com.br\\\/blog\\\/n%c3%bacleo-jovem-empreendedor-visita-sede-do-sebrae\\\/\",\"url\":\"https:\\\/\\\/www.aceguarulhos.com.br\\\/blog\\\/n%c3%bacleo-jovem-empreendedor-visita-sede-do-sebrae\\\/\",\"name\":\"N\u00facleo Jovem Empreendedor visita sede do Sebrae - ACE-Guarulhos\",\"isPartOf\":{\"@id\":\"https:\\\/\\\/www.aceguarulhos.com.br\\\/blog\\\/#website\"},\"datePublished\":\"2006-07-07T08:58:08+00:00\",\"breadcrumb\":{\"@id\":\"https:\\\/\\\/www.aceguarulhos.com.br\\\/blog\\\/n%c3%bacleo-jovem-empreendedor-visita-sede-do-sebrae\\\/#breadcrumb\"},\"inLanguage\":\"pt-BR\",\"potentialAction\":[{\"@type\":\"ReadAction\",\"target\":[\"https:\\\/\\\/www.aceguarulhos.com.br\\\/blog\\\/n%c3%bacleo-jovem-empreendedor-visita-sede-do-sebrae\\\/\"]}]},{\"@type\":\"BreadcrumbList\",\"@id\":\"https:\\\/\\\/www.aceguarulhos.com.br\\\/blog\\\/n%c3%bacleo-jovem-empreendedor-visita-sede-do-sebrae\\\/#breadcrumb\",\"itemListElement\":[{\"@type\":\"ListItem\",\"position\":1,\"name\":\"In\u00edcio\",\"item\":\"https:\\\/\\\/www.aceguarulhos.com.br\\\/blog\\\/\"},{\"@type\":\"ListItem\",\"position\":2,\"name\":\"N\u00facleo Jovem Empreendedor visita sede do Sebrae\"}]},{\"@type\":\"WebSite\",\"@id\":\"https:\\\/\\\/www.aceguarulhos.com.br\\\/blog\\\/#website\",\"url\":\"https:\\\/\\\/www.aceguarulhos.com.br\\\/blog\\\/\",\"name\":\"ACE-Guarulhos\",\"description\":\"A ACE-Guarulhos \u00e9 uma associa\u00e7\u00e3o que ap\u00f3ia os empres\u00e1rios guarulhenses atrav\u00e9s da representa\u00e7\u00e3o, da gera\u00e7\u00e3o de neg\u00f3cios e presta\u00e7\u00e3o de servi\u00e7os.\",\"publisher\":{\"@id\":\"https:\\\/\\\/www.aceguarulhos.com.br\\\/blog\\\/#organization\"},\"potentialAction\":[{\"@type\":\"SearchAction\",\"target\":{\"@type\":\"EntryPoint\",\"urlTemplate\":\"https:\\\/\\\/www.aceguarulhos.com.br\\\/blog\\\/?s={search_term_string}\"},\"query-input\":{\"@type\":\"PropertyValueSpecification\",\"valueRequired\":true,\"valueName\":\"search_term_string\"}}],\"inLanguage\":\"pt-BR\"},{\"@type\":\"Organization\",\"@id\":\"https:\\\/\\\/www.aceguarulhos.com.br\\\/blog\\\/#organization\",\"name\":\"ACE-Guarulhos\",\"url\":\"https:\\\/\\\/www.aceguarulhos.com.br\\\/blog\\\/\",\"logo\":{\"@type\":\"ImageObject\",\"inLanguage\":\"pt-BR\",\"@id\":\"https:\\\/\\\/www.aceguarulhos.com.br\\\/blog\\\/#\\\/schema\\\/logo\\\/image\\\/\",\"url\":\"https:\\\/\\\/www.aceguarulhos.com.br\\\/blog\\\/wp-content\\\/uploads\\\/2017\\\/12\\\/logo-aceguarulhos-2018.png\",\"contentUrl\":\"https:\\\/\\\/www.aceguarulhos.com.br\\\/blog\\\/wp-content\\\/uploads\\\/2017\\\/12\\\/logo-aceguarulhos-2018.png\",\"width\":419,\"height\":76,\"caption\":\"ACE-Guarulhos\"},\"image\":{\"@id\":\"https:\\\/\\\/www.aceguarulhos.com.br\\\/blog\\\/#\\\/schema\\\/logo\\\/image\\\/\"},\"sameAs\":[\"https:\\\/\\\/www.facebook.com\\\/aceguarulhos\\\/\",\"https:\\\/\\\/br.linkedin.com\\\/in\\\/ace-guarulhos-b9a97093\",\"https:\\\/\\\/www.youtube.com\\\/user\\\/aceguarulhos\"]},{\"@type\":\"Person\",\"@id\":\"https:\\\/\\\/www.aceguarulhos.com.br\\\/blog\\\/#\\\/schema\\\/person\\\/6983b51bad37489989e4f09698c26237\",\"name\":\"Assessoria de Imprensa ACE-Guarulhos\",\"image\":{\"@type\":\"ImageObject\",\"inLanguage\":\"pt-BR\",\"@id\":\"https:\\\/\\\/secure.gravatar.com\\\/avatar\\\/707f3fadd6918afeb64173ab22d8a8cb0676953098a4f31ff36dc2b4c699ef6a?s=96&d=mm&r=g\",\"url\":\"https:\\\/\\\/secure.gravatar.com\\\/avatar\\\/707f3fadd6918afeb64173ab22d8a8cb0676953098a4f31ff36dc2b4c699ef6a?s=96&d=mm&r=g\",\"contentUrl\":\"https:\\\/\\\/secure.gravatar.com\\\/avatar\\\/707f3fadd6918afeb64173ab22d8a8cb0676953098a4f31ff36dc2b4c699ef6a?s=96&d=mm&r=g\",\"caption\":\"Assessoria de Imprensa ACE-Guarulhos\"},\"url\":\"https:\\\/\\\/www.aceguarulhos.com.br\\\/blog\\\/author\\\/assessoria-de-imprensa-ace-guarulhos\\\/\"}]}<\/script>\n<!-- \/ Yoast SEO plugin. -->","yoast_head_json":{"title":"N\u00facleo Jovem Empreendedor visita sede do Sebrae - ACE-Guarulhos","robots":{"index":"index","follow":"follow","max-snippet":"max-snippet:-1","max-image-preview":"max-image-preview:large","max-video-preview":"max-video-preview:-1"},"canonical":"https:\/\/www.aceguarulhos.com.br\/blog\/n\u00facleo-jovem-empreendedor-visita-sede-do-sebrae\/","og_locale":"pt_BR","og_type":"article","og_title":"N\u00facleo Jovem Empreendedor visita sede do Sebrae - ACE-Guarulhos","og_description":"Nesta quarta-feira, membros do N\u00facleo de Jovens Empreendedores (NJE), da Associa\u00e7\u00e3o Comercial e Empresarial de Guarulhos (ACE-Guarulhos), visitaram a sede do Sebrae \u00e0","og_url":"https:\/\/www.aceguarulhos.com.br\/blog\/n\u00facleo-jovem-empreendedor-visita-sede-do-sebrae\/","og_site_name":"ACE-Guarulhos","article_publisher":"https:\/\/www.facebook.com\/aceguarulhos\/","article_published_time":"2006-07-07T08:58:08+00:00","author":"Assessoria de Imprensa ACE-Guarulhos","twitter_card":"summary_large_image","twitter_misc":{"Escrito por":"Assessoria de Imprensa ACE-Guarulhos","Est. tempo de leitura":"2 minutos"},"schema":{"@context":"https:\/\/schema.org","@graph":[{"@type":"Article","@id":"https:\/\/www.aceguarulhos.com.br\/blog\/n%c3%bacleo-jovem-empreendedor-visita-sede-do-sebrae\/#article","isPartOf":{"@id":"https:\/\/www.aceguarulhos.com.br\/blog\/n%c3%bacleo-jovem-empreendedor-visita-sede-do-sebrae\/"},"author":{"name":"Assessoria de Imprensa ACE-Guarulhos","@id":"https:\/\/www.aceguarulhos.com.br\/blog\/#\/schema\/person\/6983b51bad37489989e4f09698c26237"},"headline":"N\u00facleo Jovem Empreendedor visita sede do Sebrae","datePublished":"2006-07-07T08:58:08+00:00","mainEntityOfPage":{"@id":"https:\/\/www.aceguarulhos.com.br\/blog\/n%c3%bacleo-jovem-empreendedor-visita-sede-do-sebrae\/"},"wordCount":332,"commentCount":0,"publisher":{"@id":"https:\/\/www.aceguarulhos.com.br\/blog\/#organization"},"articleSection":["Not\u00edcias"],"inLanguage":"pt-BR"},{"@type":"WebPage","@id":"https:\/\/www.aceguarulhos.com.br\/blog\/n%c3%bacleo-jovem-empreendedor-visita-sede-do-sebrae\/","url":"https:\/\/www.aceguarulhos.com.br\/blog\/n%c3%bacleo-jovem-empreendedor-visita-sede-do-sebrae\/","name":"N\u00facleo Jovem Empreendedor visita sede do Sebrae - ACE-Guarulhos","isPartOf":{"@id":"https:\/\/www.aceguarulhos.com.br\/blog\/#website"},"datePublished":"2006-07-07T08:58:08+00:00","breadcrumb":{"@id":"https:\/\/www.aceguarulhos.com.br\/blog\/n%c3%bacleo-jovem-empreendedor-visita-sede-do-sebrae\/#breadcrumb"},"inLanguage":"pt-BR","potentialAction":[{"@type":"ReadAction","target":["https:\/\/www.aceguarulhos.com.br\/blog\/n%c3%bacleo-jovem-empreendedor-visita-sede-do-sebrae\/"]}]},{"@type":"BreadcrumbList","@id":"https:\/\/www.aceguarulhos.com.br\/blog\/n%c3%bacleo-jovem-empreendedor-visita-sede-do-sebrae\/#breadcrumb","itemListElement":[{"@type":"ListItem","position":1,"name":"In\u00edcio","item":"https:\/\/www.aceguarulhos.com.br\/blog\/"},{"@type":"ListItem","position":2,"name":"N\u00facleo Jovem Empreendedor visita sede do Sebrae"}]},{"@type":"WebSite","@id":"https:\/\/www.aceguarulhos.com.br\/blog\/#website","url":"https:\/\/www.aceguarulhos.com.br\/blog\/","name":"ACE-Guarulhos","description":"A ACE-Guarulhos \u00e9 uma associa\u00e7\u00e3o que ap\u00f3ia os empres\u00e1rios guarulhenses atrav\u00e9s da representa\u00e7\u00e3o, da gera\u00e7\u00e3o de neg\u00f3cios e presta\u00e7\u00e3o de servi\u00e7os.","publisher":{"@id":"https:\/\/www.aceguarulhos.com.br\/blog\/#organization"},"potentialAction":[{"@type":"SearchAction","target":{"@type":"EntryPoint","urlTemplate":"https:\/\/www.aceguarulhos.com.br\/blog\/?s={search_term_string}"},"query-input":{"@type":"PropertyValueSpecification","valueRequired":true,"valueName":"search_term_string"}}],"inLanguage":"pt-BR"},{"@type":"Organization","@id":"https:\/\/www.aceguarulhos.com.br\/blog\/#organization","name":"ACE-Guarulhos","url":"https:\/\/www.aceguarulhos.com.br\/blog\/","logo":{"@type":"ImageObject","inLanguage":"pt-BR","@id":"https:\/\/www.aceguarulhos.com.br\/blog\/#\/schema\/logo\/image\/","url":"https:\/\/www.aceguarulhos.com.br\/blog\/wp-content\/uploads\/2017\/12\/logo-aceguarulhos-2018.png","contentUrl":"https:\/\/www.aceguarulhos.com.br\/blog\/wp-content\/uploads\/2017\/12\/logo-aceguarulhos-2018.png","width":419,"height":76,"caption":"ACE-Guarulhos"},"image":{"@id":"https:\/\/www.aceguarulhos.com.br\/blog\/#\/schema\/logo\/image\/"},"sameAs":["https:\/\/www.facebook.com\/aceguarulhos\/","https:\/\/br.linkedin.com\/in\/ace-guarulhos-b9a97093","https:\/\/www.youtube.com\/user\/aceguarulhos"]},{"@type":"Person","@id":"https:\/\/www.aceguarulhos.com.br\/blog\/#\/schema\/person\/6983b51bad37489989e4f09698c26237","name":"Assessoria de Imprensa ACE-Guarulhos","image":{"@type":"ImageObject","inLanguage":"pt-BR","@id":"https:\/\/secure.gravatar.com\/avatar\/707f3fadd6918afeb64173ab22d8a8cb0676953098a4f31ff36dc2b4c699ef6a?s=96&d=mm&r=g","url":"https:\/\/secure.gravatar.com\/avatar\/707f3fadd6918afeb64173ab22d8a8cb0676953098a4f31ff36dc2b4c699ef6a?s=96&d=mm&r=g","contentUrl":"https:\/\/secure.gravatar.com\/avatar\/707f3fadd6918afeb64173ab22d8a8cb0676953098a4f31ff36dc2b4c699ef6a?s=96&d=mm&r=g","caption":"Assessoria de Imprensa ACE-Guarulhos"},"url":"https:\/\/www.aceguarulhos.com.br\/blog\/author\/assessoria-de-imprensa-ace-guarulhos\/"}]}},"wps_subtitle":"","amp_enabled":true,"_links":{"self":[{"href":"https:\/\/www.aceguarulhos.com.br\/blog\/wp-json\/wp\/v2\/posts\/30306","targetHints":{"allow":["GET"]}}],"collection":[{"href":"https:\/\/www.aceguarulhos.com.br\/blog\/wp-json\/wp\/v2\/posts"}],"about":[{"href":"https:\/\/www.aceguarulhos.com.br\/blog\/wp-json\/wp\/v2\/types\/post"}],"author":[{"embeddable":true,"href":"https:\/\/www.aceguarulhos.com.br\/blog\/wp-json\/wp\/v2\/users\/8"}],"replies":[{"embeddable":true,"href":"https:\/\/www.aceguarulhos.com.br\/blog\/wp-json\/wp\/v2\/comments?post=30306"}],"version-history":[{"count":0,"href":"https:\/\/www.aceguarulhos.com.br\/blog\/wp-json\/wp\/v2\/posts\/30306\/revisions"}],"wp:attachment":[{"href":"https:\/\/www.aceguarulhos.com.br\/blog\/wp-json\/wp\/v2\/media?parent=30306"}],"wp:term":[{"taxonomy":"category","embeddable":true,"href":"https:\/\/www.aceguarulhos.com.br\/blog\/wp-json\/wp\/v2\/categories?post=30306"},{"taxonomy":"post_tag","embeddable":true,"href":"https:\/\/www.aceguarulhos.com.br\/blog\/wp-json\/wp\/v2\/tags?post=30306"}],"curies":[{"name":"wp","href":"https:\/\/api.w.org\/{rel}","templated":true}]}}