{"id":30274,"date":"2006-06-29T10:19:25","date_gmt":"2006-06-29T10:19:25","guid":{"rendered":"http:\/\/www.aceguarulhos.com.br\/blog\/?p=30274"},"modified":"-0001-11-30T00:00:00","modified_gmt":"-0001-11-30T03:00:00","slug":"mais-respeito-com-este-consumidor-o-deficiente","status":"publish","type":"post","link":"https:\/\/www.aceguarulhos.com.br\/blog\/mais-respeito-com-este-consumidor-o-deficiente\/","title":{"rendered":"Mais respeito com este consumidor, o deficiente"},"content":{"rendered":"<p><P>Sair de casa para fazer compras pode se tornar uma tarefa f\u00e1cil e prazerosa para uns, um tormento para outros. Pessoas que sofrem de algum tipo de defici\u00eancia (motora, visual ou auditiva) ou possuem dificuldade de locomo\u00e7\u00e3o (como idosos e obesos, por exemplo) &#8211; que somam hoje tr\u00eas milh\u00f5es de habitantes somente na cidade de S\u00e3o Paulo &#8211; s\u00e3o as mais prejudicadas quando o quesito \u00e9 acessibilidade a lugares p\u00fablicos e comerciais. Para a secret\u00e1ria Mara Gabrilli, da Secretaria Especial da Pessoa com Defici\u00eancia e Mobilidade Reduzida, da Prefeitura de S\u00e3o Paulo, essas pessoas formam um nicho diferenciado no mercado, com alta capacidade e poder aquisitivo para consumir: &#8220;Enquanto os lojistas de rua n\u00e3o perceberem isso, os deficientes ficar\u00e3o restritos a fazer compras em shoppings, onde h\u00e1 melhores condi\u00e7\u00f5es de acessibilidade&#8221;.<\/P><P><IMG align=left alt=\"Di\u00e1rio do Com\u00e9rcio\" border=0 src=\"\/blog\/wp-content\/uploads\/image.php?x=i&#038;i1=100&#038;i2=20020129115155\">As a\u00e7\u00f5es para promover a conscientiza\u00e7\u00e3o entre os comerciantes da import\u00e2ncia da adequa\u00e7\u00e3o de seus estabelecimentos \u00e0s normas de acessibilidade est\u00e3o vindo de todos os lados. A Secretaria, com apoio do Conselho de Ruas Comerciais da Federa\u00e7\u00e3o do Com\u00e9rcio do Estado de S\u00e3o Paulo (Fecomercio), est\u00e1 promovendo uma s\u00e9rie de mutir\u00f5es. &#8220;Fizemos um na rua Jo\u00e3o Cachoeira, no Itaim, onde as cal\u00e7adas j\u00e1 s\u00e3o acess\u00edveis. Fomos conversar de loja em loja. Algumas se adequaram, como a Al\u00f4 Beb\u00ea, por exemplo, que colocou uma rampa de acesso onde havia somente um degrau; outras ainda n\u00e3o&#8221;, informa Mara. <\/P><P>Nem todos os comerciantes entraram no clima. Mara conta que algumas grandes redes localizadas na Jo\u00e3o Cachoeira, que t\u00eam condi\u00e7\u00f5es financeiras de efetuar as adequa\u00e7\u00f5es necess\u00e1rias, nada fizeram at\u00e9 agora. &#8220;Acho que eles n\u00e3o nos levaram a s\u00e9rio&#8221;, diz a secret\u00e1ria, que testou pessoalmente as cal\u00e7adas da via: &#8220;Como n\u00e3o me mexo do pesco\u00e7o para baixo, dependendo da cal\u00e7ada, algu\u00e9m tem de me segurar para estabilizar meu tronco. Isso n\u00e3o foi preciso na Jo\u00e3o Cachoeira. Por l\u00e1, s\u00f3 falta colocar, em alguns lugares o piso podot\u00e1til (para alertar deficientes visuais) e, nos totens de orienta\u00e7\u00e3o, o mapa t\u00e1til&#8221;, complementa a secret\u00e1ria. <\/P><P>A iniciativa n\u00e3o ficar\u00e1 nisso. O objetivo \u00e9 estender a visita \u00e0s 18 ruas que comp\u00f5e o Conselho do Fecomercio: &#8220;A pr\u00f3xima ser\u00e1 a Mateo Bei, em S\u00e3o Mateus. J\u00e1 fomos procurados tamb\u00e9m pelos representantes dos lojistas das ruas Oscar Freire, Oriente e Augusta&#8221;. De acordo com Mara, para adequar o estabelecimento comercial ao p\u00fablico que possui limita\u00e7\u00f5es \u00e9 necess\u00e1rio disponibilizar, al\u00e9m da rampa de acesso, uma porta de entrada mais larga, um mobili\u00e1rio espec\u00edfico e caixas mais baixos, por exemplo. &#8220;N\u00e3o vamos exigir tudo isso de um pequeno lojista, que tem pouco capital para investir. Exigimos o b\u00e1sico&#8221;. <\/P><P>Para o presidente do Sindicato dos Lojistas do Com\u00e9rcio de S\u00e3o Paulo, Ruy Pedro de Moraes Nazarian, &#8220;a turma est\u00e1 come\u00e7ando a se conscientizar e a fazer as modifica\u00e7\u00f5es nos estabelecimentos. Sempre recomendamos aos lojistas que fa\u00e7am rampas, adaptem os banheiros e implantem etiquetas em braille&#8221;. <\/P><P>Adequa\u00e7\u00e3o plena <\/P><P>Para a arquiteta e diretora-presidente do Instituto Brasil Acess\u00edvel, Sandra Perito, o primeiro passo para promover o direito a esse tipo de consumidor de circular independentemente \u00e9 oferecer acesso urbano, com cal\u00e7adas padronizadas, rampas e transporte: &#8220;Mas da cal\u00e7ada para dentro da loja ainda h\u00e1 muito que fazer. Os estabelecimentos tamb\u00e9m precisam se adequar a todo e qualquer tipo de limita\u00e7\u00e3o. \u00c9 necess\u00e1rio dar as condi\u00e7\u00f5es necess\u00e1rias plenas e de modo igualit\u00e1rio para que os consumidores possam circular independentemente. Uma rampa de acesso no fundo da loja n\u00e3o resolve o problema, s\u00f3 traz mais desconforto e segrega\u00e7\u00e3o&#8221;. <\/P><P>Fator importante, segundo explica a arquiteta, \u00e9 neutralizar obst\u00e1culos que possam causar acidentes ou trazer risco de seguran\u00e7a ao consumidor, seja ele um deficiente motor, auditivo ou visual: &#8220;Qualquer coisa que possa ser um risco para ele deve se sinalizado&#8221;. Contraste de cores e texturas diferentes auxiliam pessoas com baixa vis\u00e3o, problema muito mais comum que a cegueira propriamente dita. Isso pode ser usado em vitrines e degraus, por exemplo. Um aviso luminoso, al\u00e9m do sonoro, auxilia pessoas deficientes auditivas. &#8220;O segredo \u00e9 ter redund\u00e2ncia de informa\u00e7\u00e3o&#8221;.<\/P><P>De acordo com Sandra, a tend\u00eancia \u00e9 produzir espa\u00e7os adequados ou modificar os j\u00e1 existentes: &#8220;Quem n\u00e3o fizer isso vai descartar e perder esse consumidor, que se torna uma parcela cada vez mais crescente da popula\u00e7\u00e3o. Hoje, diferente do passado, os idosos s\u00e3o mais ativos e gostam de sair. N\u00e3o podemos deixar os lugares desconfort\u00e1veis para esse grupo. \u00c9 uma mudan\u00e7a cultural que tem que entrar na cabe\u00e7a das pessoas&#8221;. <\/P><P>Para ela, cada lojista tem de se preocupar em fazer a sua parte para atenuar a situa\u00e7\u00e3o geral: &#8220;Tudo que \u00e9 adaptado acaba fazendo a diferen\u00e7a. Temos de informar e conscientizar a popula\u00e7\u00e3o sobre as causas e conseq\u00fc\u00eancias da impossibilidade do livre acesso e uso dos ambientes, bem como o que deve ser feito a respeito&#8221;. <\/P><P>Normas <\/P><P>Segundo o arquiteto Luiz Marcos Cintra, do Instituto Paradigma, todo espa\u00e7o novo ou a ser modificado precisam atender \u00e0s normas de acessibilidade. A NBR 9050, da Associa\u00e7\u00e3o Brasileira de Normas T\u00e9cnicas (ABNT), fixa os padr\u00f5es e crit\u00e9rios que visam a propiciar \u00e0s pessoas portadoras de defici\u00eancia condi\u00e7\u00f5es adequadas e seguras de acessibilidade aut\u00f4noma a edifica\u00e7\u00f5es, espa\u00e7o, mobili\u00e1rios e equipamentos. Al\u00e9m disso, estabelecimentos com circula\u00e7\u00e3o superior a cem pessoas por dia devem atender a esses padr\u00f5es, segundo as Leis Municipais 11.345\/93, 11.424\/93 e 12.815\/99 e os Decretos 37.649\/98, 38.443\/99 e 45.122\/04. <\/P><P>Cintra, que faz diagn\u00f3sticos de espa\u00e7os espec\u00edficos para receber pessoas com limita\u00e7\u00f5es e prescreve as adapta\u00e7\u00f5es necess\u00e1rias, explica que a norma contempla alguns detalhes, mas n\u00e3o tem nada espec\u00edfico para estabelecimentos comerciais: &#8220;N\u00e3o basta aplicar a norma, \u00e9 preciso entender, interpretar e questionar, pois h\u00e1 muito a ser melhorado. S\u00e3o Paulo j\u00e1 caminhou um pouco, mas o Brasil \u00e9 grande. \u00c9 quest\u00e3o de tempo&#8221;. (MO)<BR><\/P><\/p>\n","protected":false},"excerpt":{"rendered":"Sair de casa para fazer compras pode se tornar uma tarefa f\u00e1cil e prazerosa para uns, um tormento para outros. Pessoas que sofrem \n<a class=\"moretag\" href=\"https:\/\/www.aceguarulhos.com.br\/blog\/mais-respeito-com-este-consumidor-o-deficiente\/\"> [...]<\/a>","protected":false},"author":8,"featured_media":0,"comment_status":"open","ping_status":"open","sticky":false,"template":"","format":"standard","meta":{"footnotes":""},"categories":[2],"tags":[],"class_list":["post-30274","post","type-post","status-publish","format-standard","hentry","category-noticias"],"yoast_head":"<!-- This site is optimized with the Yoast SEO plugin v28.1 - https:\/\/yoast.com\/product\/yoast-seo-wordpress\/ -->\n<title>Mais respeito com este consumidor, o deficiente - ACE-Guarulhos<\/title>\n<meta name=\"robots\" content=\"index, follow, max-snippet:-1, max-image-preview:large, max-video-preview:-1\" \/>\n<link rel=\"canonical\" href=\"https:\/\/www.aceguarulhos.com.br\/blog\/mais-respeito-com-este-consumidor-o-deficiente\/\" \/>\n<meta property=\"og:locale\" content=\"pt_BR\" \/>\n<meta property=\"og:type\" content=\"article\" \/>\n<meta property=\"og:title\" content=\"Mais respeito com este consumidor, o deficiente - ACE-Guarulhos\" \/>\n<meta property=\"og:description\" content=\"Sair de casa para fazer compras pode se tornar uma tarefa f\u00e1cil e prazerosa para uns, um tormento para outros. Pessoas que sofrem\" \/>\n<meta property=\"og:url\" content=\"https:\/\/www.aceguarulhos.com.br\/blog\/mais-respeito-com-este-consumidor-o-deficiente\/\" \/>\n<meta property=\"og:site_name\" content=\"ACE-Guarulhos\" \/>\n<meta property=\"article:publisher\" content=\"https:\/\/www.facebook.com\/aceguarulhos\/\" \/>\n<meta property=\"article:published_time\" content=\"2006-06-29T10:19:25+00:00\" \/>\n<meta name=\"author\" content=\"Assessoria de Imprensa ACE-Guarulhos\" \/>\n<meta name=\"twitter:card\" content=\"summary_large_image\" \/>\n<meta name=\"twitter:label1\" content=\"Escrito por\" \/>\n\t<meta name=\"twitter:data1\" content=\"Assessoria de Imprensa ACE-Guarulhos\" \/>\n\t<meta name=\"twitter:label2\" content=\"Est. tempo de leitura\" \/>\n\t<meta name=\"twitter:data2\" content=\"5 minutos\" \/>\n<script type=\"application\/ld+json\" class=\"yoast-schema-graph\">{\"@context\":\"https:\\\/\\\/schema.org\",\"@graph\":[{\"@type\":\"Article\",\"@id\":\"https:\\\/\\\/www.aceguarulhos.com.br\\\/blog\\\/mais-respeito-com-este-consumidor-o-deficiente\\\/#article\",\"isPartOf\":{\"@id\":\"https:\\\/\\\/www.aceguarulhos.com.br\\\/blog\\\/mais-respeito-com-este-consumidor-o-deficiente\\\/\"},\"author\":{\"name\":\"Assessoria de Imprensa ACE-Guarulhos\",\"@id\":\"https:\\\/\\\/www.aceguarulhos.com.br\\\/blog\\\/#\\\/schema\\\/person\\\/6983b51bad37489989e4f09698c26237\"},\"headline\":\"Mais respeito com este consumidor, o deficiente\",\"datePublished\":\"2006-06-29T10:19:25+00:00\",\"mainEntityOfPage\":{\"@id\":\"https:\\\/\\\/www.aceguarulhos.com.br\\\/blog\\\/mais-respeito-com-este-consumidor-o-deficiente\\\/\"},\"wordCount\":1049,\"commentCount\":0,\"publisher\":{\"@id\":\"https:\\\/\\\/www.aceguarulhos.com.br\\\/blog\\\/#organization\"},\"articleSection\":[\"Not\u00edcias\"],\"inLanguage\":\"pt-BR\"},{\"@type\":\"WebPage\",\"@id\":\"https:\\\/\\\/www.aceguarulhos.com.br\\\/blog\\\/mais-respeito-com-este-consumidor-o-deficiente\\\/\",\"url\":\"https:\\\/\\\/www.aceguarulhos.com.br\\\/blog\\\/mais-respeito-com-este-consumidor-o-deficiente\\\/\",\"name\":\"Mais respeito com este consumidor, o deficiente - ACE-Guarulhos\",\"isPartOf\":{\"@id\":\"https:\\\/\\\/www.aceguarulhos.com.br\\\/blog\\\/#website\"},\"datePublished\":\"2006-06-29T10:19:25+00:00\",\"breadcrumb\":{\"@id\":\"https:\\\/\\\/www.aceguarulhos.com.br\\\/blog\\\/mais-respeito-com-este-consumidor-o-deficiente\\\/#breadcrumb\"},\"inLanguage\":\"pt-BR\",\"potentialAction\":[{\"@type\":\"ReadAction\",\"target\":[\"https:\\\/\\\/www.aceguarulhos.com.br\\\/blog\\\/mais-respeito-com-este-consumidor-o-deficiente\\\/\"]}]},{\"@type\":\"BreadcrumbList\",\"@id\":\"https:\\\/\\\/www.aceguarulhos.com.br\\\/blog\\\/mais-respeito-com-este-consumidor-o-deficiente\\\/#breadcrumb\",\"itemListElement\":[{\"@type\":\"ListItem\",\"position\":1,\"name\":\"In\u00edcio\",\"item\":\"https:\\\/\\\/www.aceguarulhos.com.br\\\/blog\\\/\"},{\"@type\":\"ListItem\",\"position\":2,\"name\":\"Mais respeito com este consumidor, o deficiente\"}]},{\"@type\":\"WebSite\",\"@id\":\"https:\\\/\\\/www.aceguarulhos.com.br\\\/blog\\\/#website\",\"url\":\"https:\\\/\\\/www.aceguarulhos.com.br\\\/blog\\\/\",\"name\":\"ACE-Guarulhos\",\"description\":\"A ACE-Guarulhos \u00e9 uma associa\u00e7\u00e3o que ap\u00f3ia os empres\u00e1rios guarulhenses atrav\u00e9s da representa\u00e7\u00e3o, da gera\u00e7\u00e3o de neg\u00f3cios e presta\u00e7\u00e3o de servi\u00e7os.\",\"publisher\":{\"@id\":\"https:\\\/\\\/www.aceguarulhos.com.br\\\/blog\\\/#organization\"},\"potentialAction\":[{\"@type\":\"SearchAction\",\"target\":{\"@type\":\"EntryPoint\",\"urlTemplate\":\"https:\\\/\\\/www.aceguarulhos.com.br\\\/blog\\\/?s={search_term_string}\"},\"query-input\":{\"@type\":\"PropertyValueSpecification\",\"valueRequired\":true,\"valueName\":\"search_term_string\"}}],\"inLanguage\":\"pt-BR\"},{\"@type\":\"Organization\",\"@id\":\"https:\\\/\\\/www.aceguarulhos.com.br\\\/blog\\\/#organization\",\"name\":\"ACE-Guarulhos\",\"url\":\"https:\\\/\\\/www.aceguarulhos.com.br\\\/blog\\\/\",\"logo\":{\"@type\":\"ImageObject\",\"inLanguage\":\"pt-BR\",\"@id\":\"https:\\\/\\\/www.aceguarulhos.com.br\\\/blog\\\/#\\\/schema\\\/logo\\\/image\\\/\",\"url\":\"https:\\\/\\\/www.aceguarulhos.com.br\\\/blog\\\/wp-content\\\/uploads\\\/2017\\\/12\\\/logo-aceguarulhos-2018.png\",\"contentUrl\":\"https:\\\/\\\/www.aceguarulhos.com.br\\\/blog\\\/wp-content\\\/uploads\\\/2017\\\/12\\\/logo-aceguarulhos-2018.png\",\"width\":419,\"height\":76,\"caption\":\"ACE-Guarulhos\"},\"image\":{\"@id\":\"https:\\\/\\\/www.aceguarulhos.com.br\\\/blog\\\/#\\\/schema\\\/logo\\\/image\\\/\"},\"sameAs\":[\"https:\\\/\\\/www.facebook.com\\\/aceguarulhos\\\/\",\"https:\\\/\\\/br.linkedin.com\\\/in\\\/ace-guarulhos-b9a97093\",\"https:\\\/\\\/www.youtube.com\\\/user\\\/aceguarulhos\"]},{\"@type\":\"Person\",\"@id\":\"https:\\\/\\\/www.aceguarulhos.com.br\\\/blog\\\/#\\\/schema\\\/person\\\/6983b51bad37489989e4f09698c26237\",\"name\":\"Assessoria de Imprensa ACE-Guarulhos\",\"image\":{\"@type\":\"ImageObject\",\"inLanguage\":\"pt-BR\",\"@id\":\"https:\\\/\\\/secure.gravatar.com\\\/avatar\\\/707f3fadd6918afeb64173ab22d8a8cb0676953098a4f31ff36dc2b4c699ef6a?s=96&d=mm&r=g\",\"url\":\"https:\\\/\\\/secure.gravatar.com\\\/avatar\\\/707f3fadd6918afeb64173ab22d8a8cb0676953098a4f31ff36dc2b4c699ef6a?s=96&d=mm&r=g\",\"contentUrl\":\"https:\\\/\\\/secure.gravatar.com\\\/avatar\\\/707f3fadd6918afeb64173ab22d8a8cb0676953098a4f31ff36dc2b4c699ef6a?s=96&d=mm&r=g\",\"caption\":\"Assessoria de Imprensa ACE-Guarulhos\"},\"url\":\"https:\\\/\\\/www.aceguarulhos.com.br\\\/blog\\\/author\\\/assessoria-de-imprensa-ace-guarulhos\\\/\"}]}<\/script>\n<!-- \/ Yoast SEO plugin. -->","yoast_head_json":{"title":"Mais respeito com este consumidor, o deficiente - ACE-Guarulhos","robots":{"index":"index","follow":"follow","max-snippet":"max-snippet:-1","max-image-preview":"max-image-preview:large","max-video-preview":"max-video-preview:-1"},"canonical":"https:\/\/www.aceguarulhos.com.br\/blog\/mais-respeito-com-este-consumidor-o-deficiente\/","og_locale":"pt_BR","og_type":"article","og_title":"Mais respeito com este consumidor, o deficiente - ACE-Guarulhos","og_description":"Sair de casa para fazer compras pode se tornar uma tarefa f\u00e1cil e prazerosa para uns, um tormento para outros. Pessoas que sofrem","og_url":"https:\/\/www.aceguarulhos.com.br\/blog\/mais-respeito-com-este-consumidor-o-deficiente\/","og_site_name":"ACE-Guarulhos","article_publisher":"https:\/\/www.facebook.com\/aceguarulhos\/","article_published_time":"2006-06-29T10:19:25+00:00","author":"Assessoria de Imprensa ACE-Guarulhos","twitter_card":"summary_large_image","twitter_misc":{"Escrito por":"Assessoria de Imprensa ACE-Guarulhos","Est. tempo de leitura":"5 minutos"},"schema":{"@context":"https:\/\/schema.org","@graph":[{"@type":"Article","@id":"https:\/\/www.aceguarulhos.com.br\/blog\/mais-respeito-com-este-consumidor-o-deficiente\/#article","isPartOf":{"@id":"https:\/\/www.aceguarulhos.com.br\/blog\/mais-respeito-com-este-consumidor-o-deficiente\/"},"author":{"name":"Assessoria de Imprensa ACE-Guarulhos","@id":"https:\/\/www.aceguarulhos.com.br\/blog\/#\/schema\/person\/6983b51bad37489989e4f09698c26237"},"headline":"Mais respeito com este consumidor, o deficiente","datePublished":"2006-06-29T10:19:25+00:00","mainEntityOfPage":{"@id":"https:\/\/www.aceguarulhos.com.br\/blog\/mais-respeito-com-este-consumidor-o-deficiente\/"},"wordCount":1049,"commentCount":0,"publisher":{"@id":"https:\/\/www.aceguarulhos.com.br\/blog\/#organization"},"articleSection":["Not\u00edcias"],"inLanguage":"pt-BR"},{"@type":"WebPage","@id":"https:\/\/www.aceguarulhos.com.br\/blog\/mais-respeito-com-este-consumidor-o-deficiente\/","url":"https:\/\/www.aceguarulhos.com.br\/blog\/mais-respeito-com-este-consumidor-o-deficiente\/","name":"Mais respeito com este consumidor, o deficiente - ACE-Guarulhos","isPartOf":{"@id":"https:\/\/www.aceguarulhos.com.br\/blog\/#website"},"datePublished":"2006-06-29T10:19:25+00:00","breadcrumb":{"@id":"https:\/\/www.aceguarulhos.com.br\/blog\/mais-respeito-com-este-consumidor-o-deficiente\/#breadcrumb"},"inLanguage":"pt-BR","potentialAction":[{"@type":"ReadAction","target":["https:\/\/www.aceguarulhos.com.br\/blog\/mais-respeito-com-este-consumidor-o-deficiente\/"]}]},{"@type":"BreadcrumbList","@id":"https:\/\/www.aceguarulhos.com.br\/blog\/mais-respeito-com-este-consumidor-o-deficiente\/#breadcrumb","itemListElement":[{"@type":"ListItem","position":1,"name":"In\u00edcio","item":"https:\/\/www.aceguarulhos.com.br\/blog\/"},{"@type":"ListItem","position":2,"name":"Mais respeito com este consumidor, o deficiente"}]},{"@type":"WebSite","@id":"https:\/\/www.aceguarulhos.com.br\/blog\/#website","url":"https:\/\/www.aceguarulhos.com.br\/blog\/","name":"ACE-Guarulhos","description":"A ACE-Guarulhos \u00e9 uma associa\u00e7\u00e3o que ap\u00f3ia os empres\u00e1rios guarulhenses atrav\u00e9s da representa\u00e7\u00e3o, da gera\u00e7\u00e3o de neg\u00f3cios e presta\u00e7\u00e3o de servi\u00e7os.","publisher":{"@id":"https:\/\/www.aceguarulhos.com.br\/blog\/#organization"},"potentialAction":[{"@type":"SearchAction","target":{"@type":"EntryPoint","urlTemplate":"https:\/\/www.aceguarulhos.com.br\/blog\/?s={search_term_string}"},"query-input":{"@type":"PropertyValueSpecification","valueRequired":true,"valueName":"search_term_string"}}],"inLanguage":"pt-BR"},{"@type":"Organization","@id":"https:\/\/www.aceguarulhos.com.br\/blog\/#organization","name":"ACE-Guarulhos","url":"https:\/\/www.aceguarulhos.com.br\/blog\/","logo":{"@type":"ImageObject","inLanguage":"pt-BR","@id":"https:\/\/www.aceguarulhos.com.br\/blog\/#\/schema\/logo\/image\/","url":"https:\/\/www.aceguarulhos.com.br\/blog\/wp-content\/uploads\/2017\/12\/logo-aceguarulhos-2018.png","contentUrl":"https:\/\/www.aceguarulhos.com.br\/blog\/wp-content\/uploads\/2017\/12\/logo-aceguarulhos-2018.png","width":419,"height":76,"caption":"ACE-Guarulhos"},"image":{"@id":"https:\/\/www.aceguarulhos.com.br\/blog\/#\/schema\/logo\/image\/"},"sameAs":["https:\/\/www.facebook.com\/aceguarulhos\/","https:\/\/br.linkedin.com\/in\/ace-guarulhos-b9a97093","https:\/\/www.youtube.com\/user\/aceguarulhos"]},{"@type":"Person","@id":"https:\/\/www.aceguarulhos.com.br\/blog\/#\/schema\/person\/6983b51bad37489989e4f09698c26237","name":"Assessoria de Imprensa ACE-Guarulhos","image":{"@type":"ImageObject","inLanguage":"pt-BR","@id":"https:\/\/secure.gravatar.com\/avatar\/707f3fadd6918afeb64173ab22d8a8cb0676953098a4f31ff36dc2b4c699ef6a?s=96&d=mm&r=g","url":"https:\/\/secure.gravatar.com\/avatar\/707f3fadd6918afeb64173ab22d8a8cb0676953098a4f31ff36dc2b4c699ef6a?s=96&d=mm&r=g","contentUrl":"https:\/\/secure.gravatar.com\/avatar\/707f3fadd6918afeb64173ab22d8a8cb0676953098a4f31ff36dc2b4c699ef6a?s=96&d=mm&r=g","caption":"Assessoria de Imprensa ACE-Guarulhos"},"url":"https:\/\/www.aceguarulhos.com.br\/blog\/author\/assessoria-de-imprensa-ace-guarulhos\/"}]}},"wps_subtitle":"","amp_enabled":true,"_links":{"self":[{"href":"https:\/\/www.aceguarulhos.com.br\/blog\/wp-json\/wp\/v2\/posts\/30274","targetHints":{"allow":["GET"]}}],"collection":[{"href":"https:\/\/www.aceguarulhos.com.br\/blog\/wp-json\/wp\/v2\/posts"}],"about":[{"href":"https:\/\/www.aceguarulhos.com.br\/blog\/wp-json\/wp\/v2\/types\/post"}],"author":[{"embeddable":true,"href":"https:\/\/www.aceguarulhos.com.br\/blog\/wp-json\/wp\/v2\/users\/8"}],"replies":[{"embeddable":true,"href":"https:\/\/www.aceguarulhos.com.br\/blog\/wp-json\/wp\/v2\/comments?post=30274"}],"version-history":[{"count":0,"href":"https:\/\/www.aceguarulhos.com.br\/blog\/wp-json\/wp\/v2\/posts\/30274\/revisions"}],"wp:attachment":[{"href":"https:\/\/www.aceguarulhos.com.br\/blog\/wp-json\/wp\/v2\/media?parent=30274"}],"wp:term":[{"taxonomy":"category","embeddable":true,"href":"https:\/\/www.aceguarulhos.com.br\/blog\/wp-json\/wp\/v2\/categories?post=30274"},{"taxonomy":"post_tag","embeddable":true,"href":"https:\/\/www.aceguarulhos.com.br\/blog\/wp-json\/wp\/v2\/tags?post=30274"}],"curies":[{"name":"wp","href":"https:\/\/api.w.org\/{rel}","templated":true}]}}