{"id":30240,"date":"2006-06-22T08:51:57","date_gmt":"2006-06-22T08:51:57","guid":{"rendered":"http:\/\/www.aceguarulhos.com.br\/blog\/?p=30240"},"modified":"-0001-11-30T00:00:00","modified_gmt":"-0001-11-30T03:00:00","slug":"supermercados-sofrem-perdas","status":"publish","type":"post","link":"https:\/\/www.aceguarulhos.com.br\/blog\/supermercados-sofrem-perdas\/","title":{"rendered":"Supermercados sofrem perdas"},"content":{"rendered":"<p><P>Os n\u00fameros surpreenderam os pr\u00f3prios empres\u00e1rios. O volume de vendas subiu, mas o faturamento caiu 4% em maio deste ano, em rela\u00e7\u00e3o ao mesmo m\u00eas de 2005. Em compara\u00e7\u00e3o com abril deste ano, a perda \u00e9 mais acentuada: 8,51%. No acumulado de 2005, de janeiro a maio, a retra\u00e7\u00e3o foi de 2,83%.<\/P><P>&#8220;A P\u00e1scoa \u00e9 a segunda data mais importante para o segmento. Havia uma expectativa de recupera\u00e7\u00e3o, mas vimos a continuidade do cen\u00e1rio negativo&#8221;, afirma o presidente da Associa\u00e7\u00e3o Brasileira dos Supermercados (Abras), Jo\u00e3o Carlos de Oliveira.<\/P><P>Um dos principais fatores que provocaram o resultado negativo do setor, segundo ele, foi a queda nos pre\u00e7os dos produtos. Entre maio de 2005 e maio deste ano, os valores registrados nas etiquetas ca\u00edram 6,63%.<\/P><P>&#8220;O que percebemos \u00e9 que houve aumento de 3,05% no volume de vendas. Ou seja, as pessoas est\u00e3o comprando, mas como os valores ca\u00edram, os supermercados registram perdas&#8221;, explica Oliveira. &#8220;O setor convive com essa tend\u00eancia h\u00e1 um ano e meio. O consumidor busca pre\u00e7os mais baixos, pois ainda est\u00e1 com d\u00edvidas.&#8221;<\/P><P>Oliveira criticou o aumento das tarifas p\u00fablicas. Ele considera que grande parte da renda vai para o pagamento de combust\u00edveis, conta de telefone e energia el\u00e9trica.<\/P><P>Al\u00e9m disso, diz que houve cinco finais de semana em abril e quatro em maio. &#8220;Mesmo assim n\u00e3o esper\u00e1vamos uma queda t\u00e3o marcante. Isso prejudica a recupera\u00e7\u00e3o do acumulado do ano.&#8221; Em junho, o presidente da Abras espera que o \u00edndice continue negativo, mas com tend\u00eancia de alguma recupera\u00e7\u00e3o.<\/P><P>O setor mant\u00e9m a expectativa de crescimento do faturamento para o ano de 2006: de at\u00e9 3% em rela\u00e7\u00e3o a 2005. &#8220;No ano passado, tivemos um aumento de 0,66% em compara\u00e7\u00e3o a 2004, enquanto a eleva\u00e7\u00e3o do PIB (Produto Interno Bruto) foi de aproximadamente 3%. O resultado do setor est\u00e1 abaixo do que poderia ser&#8221;, analisa Oliveira.<\/P><P>Ele explica que o segundo semestre dever\u00e1 ser melhor. &#8220;Entre julho e setembro h\u00e1 chance de os n\u00fameros apresentarem melhora. Mas \u00e9 um crescimento n\u00e3o sustentado.&#8221; Para Oliveira, o setor j\u00e1 est\u00e1 preparado para enfrentar as perdas, j\u00e1 que as redes possuem lojas com bandeiras diferentes para atender a todos os variados tipos de clientes.<\/P><P><STRONG>Copa do Mundo <\/STRONG>&#8211; Os supermercadistas n\u00e3o esperam aumento nas vendas provocado pela participa\u00e7\u00e3o do Brasil na Copa. Uma pesquisa realizada pela Abras mostra que 51% deles acham que o comportamento do consumidor n\u00e3o apresentar\u00e1 mudan\u00e7as; 38% apostam em novidades. Mesmo assim, 77% priorizaram as compras de bebidas alco\u00f3licas, esperando uma procura maior do consumidor; 58% acham que haver\u00e1 interesse acentuado por bebidas n\u00e3o alco\u00f3licas; 70% compraram mais itens de mercearia e 62% n\u00e3o v\u00e3o deixar faltar os confeitos, chocolates e biscoitos nas prateleiras.<\/P><P><STRONG>Marcas pr\u00f3prias <\/STRONG>&#8211; As grandes redes de supermercados &#8220;acordaram&#8221; para o segmento de marcas pr\u00f3prias. O neg\u00f3cio \u00e9 respons\u00e1vel por 6% das vendas anuais, o que totaliza R$ 7 bilh\u00f5es &#8211; montante que pode chegar a R$ 8 bilh\u00f5es, em raz\u00e3o do maior interesse pelo setor.<\/P><P>As marcas pr\u00f3prias representavam 4% das vendas do varejo h\u00e1 cinco anos. &#8220;Houve um aumento de 50% no segmento&#8221;, afirma Oliveira. Segundo ele, nos Estados Unidos o \u00edndice \u00e9 de 15% e na Inglaterra, 40%. &#8220;A venda dos produtos de marca pr\u00f3pria est\u00e1 crescendo porque eles asseguram uma boa qualidade, associada a pre\u00e7os inferiores.&#8221;<\/P><P>Um levantamento realizado pela LatinPanel, encomendado pela Abras, indica que 58% dos consumidores j\u00e1 tinham comprado algum produto de marca pr\u00f3pria de supermercado no m\u00eas de junho de 2005. Em mar\u00e7o de 2006, esse \u00edndice cresceu para 63,7%.<\/P><P>&#8220;Os clientes que preferem produtos de marcas pr\u00f3prias gastam 13% a mais do que aqueles que compram itens tradicionais&#8221;, afirma a gerente de atendimento ao varejo da LatinPanel, F\u00e1tima Merlin. <\/P><\/p>\n","protected":false},"excerpt":{"rendered":"Os n\u00fameros surpreenderam os pr\u00f3prios empres\u00e1rios. O volume de vendas subiu, mas o faturamento caiu 4% em maio deste ano, em rela\u00e7\u00e3o ao \n<a class=\"moretag\" href=\"https:\/\/www.aceguarulhos.com.br\/blog\/supermercados-sofrem-perdas\/\"> [...]<\/a>","protected":false},"author":8,"featured_media":0,"comment_status":"open","ping_status":"open","sticky":false,"template":"","format":"standard","meta":{"footnotes":""},"categories":[2],"tags":[],"class_list":["post-30240","post","type-post","status-publish","format-standard","hentry","category-noticias"],"yoast_head":"<!-- This site is optimized with the Yoast SEO plugin v28.1 - https:\/\/yoast.com\/product\/yoast-seo-wordpress\/ -->\n<title>Supermercados sofrem perdas - ACE-Guarulhos<\/title>\n<meta name=\"robots\" content=\"index, follow, max-snippet:-1, max-image-preview:large, max-video-preview:-1\" \/>\n<link rel=\"canonical\" href=\"https:\/\/www.aceguarulhos.com.br\/blog\/supermercados-sofrem-perdas\/\" \/>\n<meta property=\"og:locale\" content=\"pt_BR\" \/>\n<meta property=\"og:type\" content=\"article\" \/>\n<meta property=\"og:title\" content=\"Supermercados sofrem perdas - ACE-Guarulhos\" \/>\n<meta property=\"og:description\" content=\"Os n\u00fameros surpreenderam os pr\u00f3prios empres\u00e1rios. O volume de vendas subiu, mas o faturamento caiu 4% em maio deste ano, em rela\u00e7\u00e3o ao\" \/>\n<meta property=\"og:url\" content=\"https:\/\/www.aceguarulhos.com.br\/blog\/supermercados-sofrem-perdas\/\" \/>\n<meta property=\"og:site_name\" content=\"ACE-Guarulhos\" \/>\n<meta property=\"article:publisher\" content=\"https:\/\/www.facebook.com\/aceguarulhos\/\" \/>\n<meta property=\"article:published_time\" content=\"2006-06-22T08:51:57+00:00\" \/>\n<meta name=\"author\" content=\"Assessoria de Imprensa ACE-Guarulhos\" \/>\n<meta name=\"twitter:card\" content=\"summary_large_image\" \/>\n<meta name=\"twitter:label1\" content=\"Escrito por\" \/>\n\t<meta name=\"twitter:data1\" content=\"Assessoria de Imprensa ACE-Guarulhos\" \/>\n\t<meta name=\"twitter:label2\" content=\"Est. tempo de leitura\" \/>\n\t<meta name=\"twitter:data2\" content=\"3 minutos\" \/>\n<script type=\"application\/ld+json\" class=\"yoast-schema-graph\">{\"@context\":\"https:\\\/\\\/schema.org\",\"@graph\":[{\"@type\":\"Article\",\"@id\":\"https:\\\/\\\/www.aceguarulhos.com.br\\\/blog\\\/supermercados-sofrem-perdas\\\/#article\",\"isPartOf\":{\"@id\":\"https:\\\/\\\/www.aceguarulhos.com.br\\\/blog\\\/supermercados-sofrem-perdas\\\/\"},\"author\":{\"name\":\"Assessoria de Imprensa ACE-Guarulhos\",\"@id\":\"https:\\\/\\\/www.aceguarulhos.com.br\\\/blog\\\/#\\\/schema\\\/person\\\/6983b51bad37489989e4f09698c26237\"},\"headline\":\"Supermercados sofrem perdas\",\"datePublished\":\"2006-06-22T08:51:57+00:00\",\"mainEntityOfPage\":{\"@id\":\"https:\\\/\\\/www.aceguarulhos.com.br\\\/blog\\\/supermercados-sofrem-perdas\\\/\"},\"wordCount\":638,\"commentCount\":0,\"publisher\":{\"@id\":\"https:\\\/\\\/www.aceguarulhos.com.br\\\/blog\\\/#organization\"},\"articleSection\":[\"Not\u00edcias\"],\"inLanguage\":\"pt-BR\"},{\"@type\":\"WebPage\",\"@id\":\"https:\\\/\\\/www.aceguarulhos.com.br\\\/blog\\\/supermercados-sofrem-perdas\\\/\",\"url\":\"https:\\\/\\\/www.aceguarulhos.com.br\\\/blog\\\/supermercados-sofrem-perdas\\\/\",\"name\":\"Supermercados sofrem perdas - ACE-Guarulhos\",\"isPartOf\":{\"@id\":\"https:\\\/\\\/www.aceguarulhos.com.br\\\/blog\\\/#website\"},\"datePublished\":\"2006-06-22T08:51:57+00:00\",\"breadcrumb\":{\"@id\":\"https:\\\/\\\/www.aceguarulhos.com.br\\\/blog\\\/supermercados-sofrem-perdas\\\/#breadcrumb\"},\"inLanguage\":\"pt-BR\",\"potentialAction\":[{\"@type\":\"ReadAction\",\"target\":[\"https:\\\/\\\/www.aceguarulhos.com.br\\\/blog\\\/supermercados-sofrem-perdas\\\/\"]}]},{\"@type\":\"BreadcrumbList\",\"@id\":\"https:\\\/\\\/www.aceguarulhos.com.br\\\/blog\\\/supermercados-sofrem-perdas\\\/#breadcrumb\",\"itemListElement\":[{\"@type\":\"ListItem\",\"position\":1,\"name\":\"In\u00edcio\",\"item\":\"https:\\\/\\\/www.aceguarulhos.com.br\\\/blog\\\/\"},{\"@type\":\"ListItem\",\"position\":2,\"name\":\"Supermercados sofrem perdas\"}]},{\"@type\":\"WebSite\",\"@id\":\"https:\\\/\\\/www.aceguarulhos.com.br\\\/blog\\\/#website\",\"url\":\"https:\\\/\\\/www.aceguarulhos.com.br\\\/blog\\\/\",\"name\":\"ACE-Guarulhos\",\"description\":\"A ACE-Guarulhos \u00e9 uma associa\u00e7\u00e3o que ap\u00f3ia os empres\u00e1rios guarulhenses atrav\u00e9s da representa\u00e7\u00e3o, da gera\u00e7\u00e3o de neg\u00f3cios e presta\u00e7\u00e3o de servi\u00e7os.\",\"publisher\":{\"@id\":\"https:\\\/\\\/www.aceguarulhos.com.br\\\/blog\\\/#organization\"},\"potentialAction\":[{\"@type\":\"SearchAction\",\"target\":{\"@type\":\"EntryPoint\",\"urlTemplate\":\"https:\\\/\\\/www.aceguarulhos.com.br\\\/blog\\\/?s={search_term_string}\"},\"query-input\":{\"@type\":\"PropertyValueSpecification\",\"valueRequired\":true,\"valueName\":\"search_term_string\"}}],\"inLanguage\":\"pt-BR\"},{\"@type\":\"Organization\",\"@id\":\"https:\\\/\\\/www.aceguarulhos.com.br\\\/blog\\\/#organization\",\"name\":\"ACE-Guarulhos\",\"url\":\"https:\\\/\\\/www.aceguarulhos.com.br\\\/blog\\\/\",\"logo\":{\"@type\":\"ImageObject\",\"inLanguage\":\"pt-BR\",\"@id\":\"https:\\\/\\\/www.aceguarulhos.com.br\\\/blog\\\/#\\\/schema\\\/logo\\\/image\\\/\",\"url\":\"https:\\\/\\\/www.aceguarulhos.com.br\\\/blog\\\/wp-content\\\/uploads\\\/2017\\\/12\\\/logo-aceguarulhos-2018.png\",\"contentUrl\":\"https:\\\/\\\/www.aceguarulhos.com.br\\\/blog\\\/wp-content\\\/uploads\\\/2017\\\/12\\\/logo-aceguarulhos-2018.png\",\"width\":419,\"height\":76,\"caption\":\"ACE-Guarulhos\"},\"image\":{\"@id\":\"https:\\\/\\\/www.aceguarulhos.com.br\\\/blog\\\/#\\\/schema\\\/logo\\\/image\\\/\"},\"sameAs\":[\"https:\\\/\\\/www.facebook.com\\\/aceguarulhos\\\/\",\"https:\\\/\\\/br.linkedin.com\\\/in\\\/ace-guarulhos-b9a97093\",\"https:\\\/\\\/www.youtube.com\\\/user\\\/aceguarulhos\"]},{\"@type\":\"Person\",\"@id\":\"https:\\\/\\\/www.aceguarulhos.com.br\\\/blog\\\/#\\\/schema\\\/person\\\/6983b51bad37489989e4f09698c26237\",\"name\":\"Assessoria de Imprensa ACE-Guarulhos\",\"image\":{\"@type\":\"ImageObject\",\"inLanguage\":\"pt-BR\",\"@id\":\"https:\\\/\\\/secure.gravatar.com\\\/avatar\\\/707f3fadd6918afeb64173ab22d8a8cb0676953098a4f31ff36dc2b4c699ef6a?s=96&d=mm&r=g\",\"url\":\"https:\\\/\\\/secure.gravatar.com\\\/avatar\\\/707f3fadd6918afeb64173ab22d8a8cb0676953098a4f31ff36dc2b4c699ef6a?s=96&d=mm&r=g\",\"contentUrl\":\"https:\\\/\\\/secure.gravatar.com\\\/avatar\\\/707f3fadd6918afeb64173ab22d8a8cb0676953098a4f31ff36dc2b4c699ef6a?s=96&d=mm&r=g\",\"caption\":\"Assessoria de Imprensa ACE-Guarulhos\"},\"url\":\"https:\\\/\\\/www.aceguarulhos.com.br\\\/blog\\\/author\\\/assessoria-de-imprensa-ace-guarulhos\\\/\"}]}<\/script>\n<!-- \/ Yoast SEO plugin. -->","yoast_head_json":{"title":"Supermercados sofrem perdas - ACE-Guarulhos","robots":{"index":"index","follow":"follow","max-snippet":"max-snippet:-1","max-image-preview":"max-image-preview:large","max-video-preview":"max-video-preview:-1"},"canonical":"https:\/\/www.aceguarulhos.com.br\/blog\/supermercados-sofrem-perdas\/","og_locale":"pt_BR","og_type":"article","og_title":"Supermercados sofrem perdas - ACE-Guarulhos","og_description":"Os n\u00fameros surpreenderam os pr\u00f3prios empres\u00e1rios. O volume de vendas subiu, mas o faturamento caiu 4% em maio deste ano, em rela\u00e7\u00e3o ao","og_url":"https:\/\/www.aceguarulhos.com.br\/blog\/supermercados-sofrem-perdas\/","og_site_name":"ACE-Guarulhos","article_publisher":"https:\/\/www.facebook.com\/aceguarulhos\/","article_published_time":"2006-06-22T08:51:57+00:00","author":"Assessoria de Imprensa ACE-Guarulhos","twitter_card":"summary_large_image","twitter_misc":{"Escrito por":"Assessoria de Imprensa ACE-Guarulhos","Est. tempo de leitura":"3 minutos"},"schema":{"@context":"https:\/\/schema.org","@graph":[{"@type":"Article","@id":"https:\/\/www.aceguarulhos.com.br\/blog\/supermercados-sofrem-perdas\/#article","isPartOf":{"@id":"https:\/\/www.aceguarulhos.com.br\/blog\/supermercados-sofrem-perdas\/"},"author":{"name":"Assessoria de Imprensa ACE-Guarulhos","@id":"https:\/\/www.aceguarulhos.com.br\/blog\/#\/schema\/person\/6983b51bad37489989e4f09698c26237"},"headline":"Supermercados sofrem perdas","datePublished":"2006-06-22T08:51:57+00:00","mainEntityOfPage":{"@id":"https:\/\/www.aceguarulhos.com.br\/blog\/supermercados-sofrem-perdas\/"},"wordCount":638,"commentCount":0,"publisher":{"@id":"https:\/\/www.aceguarulhos.com.br\/blog\/#organization"},"articleSection":["Not\u00edcias"],"inLanguage":"pt-BR"},{"@type":"WebPage","@id":"https:\/\/www.aceguarulhos.com.br\/blog\/supermercados-sofrem-perdas\/","url":"https:\/\/www.aceguarulhos.com.br\/blog\/supermercados-sofrem-perdas\/","name":"Supermercados sofrem perdas - ACE-Guarulhos","isPartOf":{"@id":"https:\/\/www.aceguarulhos.com.br\/blog\/#website"},"datePublished":"2006-06-22T08:51:57+00:00","breadcrumb":{"@id":"https:\/\/www.aceguarulhos.com.br\/blog\/supermercados-sofrem-perdas\/#breadcrumb"},"inLanguage":"pt-BR","potentialAction":[{"@type":"ReadAction","target":["https:\/\/www.aceguarulhos.com.br\/blog\/supermercados-sofrem-perdas\/"]}]},{"@type":"BreadcrumbList","@id":"https:\/\/www.aceguarulhos.com.br\/blog\/supermercados-sofrem-perdas\/#breadcrumb","itemListElement":[{"@type":"ListItem","position":1,"name":"In\u00edcio","item":"https:\/\/www.aceguarulhos.com.br\/blog\/"},{"@type":"ListItem","position":2,"name":"Supermercados sofrem perdas"}]},{"@type":"WebSite","@id":"https:\/\/www.aceguarulhos.com.br\/blog\/#website","url":"https:\/\/www.aceguarulhos.com.br\/blog\/","name":"ACE-Guarulhos","description":"A ACE-Guarulhos \u00e9 uma associa\u00e7\u00e3o que ap\u00f3ia os empres\u00e1rios guarulhenses atrav\u00e9s da representa\u00e7\u00e3o, da gera\u00e7\u00e3o de neg\u00f3cios e presta\u00e7\u00e3o de servi\u00e7os.","publisher":{"@id":"https:\/\/www.aceguarulhos.com.br\/blog\/#organization"},"potentialAction":[{"@type":"SearchAction","target":{"@type":"EntryPoint","urlTemplate":"https:\/\/www.aceguarulhos.com.br\/blog\/?s={search_term_string}"},"query-input":{"@type":"PropertyValueSpecification","valueRequired":true,"valueName":"search_term_string"}}],"inLanguage":"pt-BR"},{"@type":"Organization","@id":"https:\/\/www.aceguarulhos.com.br\/blog\/#organization","name":"ACE-Guarulhos","url":"https:\/\/www.aceguarulhos.com.br\/blog\/","logo":{"@type":"ImageObject","inLanguage":"pt-BR","@id":"https:\/\/www.aceguarulhos.com.br\/blog\/#\/schema\/logo\/image\/","url":"https:\/\/www.aceguarulhos.com.br\/blog\/wp-content\/uploads\/2017\/12\/logo-aceguarulhos-2018.png","contentUrl":"https:\/\/www.aceguarulhos.com.br\/blog\/wp-content\/uploads\/2017\/12\/logo-aceguarulhos-2018.png","width":419,"height":76,"caption":"ACE-Guarulhos"},"image":{"@id":"https:\/\/www.aceguarulhos.com.br\/blog\/#\/schema\/logo\/image\/"},"sameAs":["https:\/\/www.facebook.com\/aceguarulhos\/","https:\/\/br.linkedin.com\/in\/ace-guarulhos-b9a97093","https:\/\/www.youtube.com\/user\/aceguarulhos"]},{"@type":"Person","@id":"https:\/\/www.aceguarulhos.com.br\/blog\/#\/schema\/person\/6983b51bad37489989e4f09698c26237","name":"Assessoria de Imprensa ACE-Guarulhos","image":{"@type":"ImageObject","inLanguage":"pt-BR","@id":"https:\/\/secure.gravatar.com\/avatar\/707f3fadd6918afeb64173ab22d8a8cb0676953098a4f31ff36dc2b4c699ef6a?s=96&d=mm&r=g","url":"https:\/\/secure.gravatar.com\/avatar\/707f3fadd6918afeb64173ab22d8a8cb0676953098a4f31ff36dc2b4c699ef6a?s=96&d=mm&r=g","contentUrl":"https:\/\/secure.gravatar.com\/avatar\/707f3fadd6918afeb64173ab22d8a8cb0676953098a4f31ff36dc2b4c699ef6a?s=96&d=mm&r=g","caption":"Assessoria de Imprensa ACE-Guarulhos"},"url":"https:\/\/www.aceguarulhos.com.br\/blog\/author\/assessoria-de-imprensa-ace-guarulhos\/"}]}},"wps_subtitle":"","amp_enabled":true,"_links":{"self":[{"href":"https:\/\/www.aceguarulhos.com.br\/blog\/wp-json\/wp\/v2\/posts\/30240","targetHints":{"allow":["GET"]}}],"collection":[{"href":"https:\/\/www.aceguarulhos.com.br\/blog\/wp-json\/wp\/v2\/posts"}],"about":[{"href":"https:\/\/www.aceguarulhos.com.br\/blog\/wp-json\/wp\/v2\/types\/post"}],"author":[{"embeddable":true,"href":"https:\/\/www.aceguarulhos.com.br\/blog\/wp-json\/wp\/v2\/users\/8"}],"replies":[{"embeddable":true,"href":"https:\/\/www.aceguarulhos.com.br\/blog\/wp-json\/wp\/v2\/comments?post=30240"}],"version-history":[{"count":0,"href":"https:\/\/www.aceguarulhos.com.br\/blog\/wp-json\/wp\/v2\/posts\/30240\/revisions"}],"wp:attachment":[{"href":"https:\/\/www.aceguarulhos.com.br\/blog\/wp-json\/wp\/v2\/media?parent=30240"}],"wp:term":[{"taxonomy":"category","embeddable":true,"href":"https:\/\/www.aceguarulhos.com.br\/blog\/wp-json\/wp\/v2\/categories?post=30240"},{"taxonomy":"post_tag","embeddable":true,"href":"https:\/\/www.aceguarulhos.com.br\/blog\/wp-json\/wp\/v2\/tags?post=30240"}],"curies":[{"name":"wp","href":"https:\/\/api.w.org\/{rel}","templated":true}]}}