{"id":30231,"date":"2006-06-19T09:54:27","date_gmt":"2006-06-19T09:54:27","guid":{"rendered":"http:\/\/www.aceguarulhos.com.br\/blog\/?p=30231"},"modified":"-0001-11-30T00:00:00","modified_gmt":"-0001-11-30T03:00:00","slug":"refis-sinal-vermelho-do-governo-decepciona","status":"publish","type":"post","link":"https:\/\/www.aceguarulhos.com.br\/blog\/refis-sinal-vermelho-do-governo-decepciona\/","title":{"rendered":"Refis: sinal vermelho do governo decepciona"},"content":{"rendered":"<p><P>O veto do Planalto \u00e0 reabertura do prazo do Refis decepcionou entidades de classe que vinham, h\u00e1 muito tempo, pedindo um novo programa de refinanciamento de d\u00e9bitos tribut\u00e1rios. Essa possibilidade foi inclu\u00edda pelo deputado Luiz Carlos Hauly (PSDB-PR) em dois artigos no texto da Medida Provis\u00f3ria n\u00ba 280, que reajustou em 8% a tabela do Imposto de Renda da Pessoa F\u00edsica (IRPF). O governo ficou de editar uma nova MP sobre o assunto. <\/P><P>Para o diretor do Instituto de Economia Gast\u00e3o Vidigal, da Associa\u00e7\u00e3o Comercial de S\u00e3o Paulo (ACSP), Marcel Solimeo, as empresas n\u00e3o ficam inadimplentes com o Fisco porque querem, mas deixam de recolher, principalmente, em decorr\u00eancia da alta carga tribut\u00e1ria, dos prazos curtos e multas pesadas. &#8220;As empresas n\u00e3o querem perder acesso ao cr\u00e9dito e a participa\u00e7\u00e3o em concorr\u00eancias p\u00fablicas. Sem uma chance, acabam fechando&#8221;, disse Solimeo. <\/P><P>Em nota, a Federa\u00e7\u00e3o do Com\u00e9rcio do Estado de S\u00e3o Paulo (Fecomercio) afirma que o veto vai colocar &#8220;na marginalidade empresas que n\u00e3o conseguiram saldar seus d\u00e9bitos, al\u00e9m de incentivar a informalidade&#8221;. <\/P><P><STRONG>Desculpas<\/STRONG><\/P><P>Uma das justificativas do Executivo para o veto \u00e9 a de que &#8220;agir de modo diverso do estabelecido originalmente na legisla\u00e7\u00e3o do Refis equivale a conceder cr\u00e9dito a quem revela, antecipadamente, condi\u00e7\u00f5es de insolv\u00eancia&#8221;. &#8220;Ocorre que o Refis n\u00e3o concede cr\u00e9dito, mas uma possibilidade de pagamento dos d\u00e9bitos que n\u00e3o ser\u00e3o recebidos pelo governo&#8221;, rebate Solimeo. <\/P><P>Antes do veto, o Sindicato das Empresas de Servi\u00e7os Cont\u00e1beis no Estado de S\u00e3o Paulo (Sescon-SP) chegou a enviar um of\u00edcio ao presidente Lula refor\u00e7ando o pedido da reabertura do Refis com base nos seguintes dados: entre 1995 e 2005, o n\u00famero de inscri\u00e7\u00f5es na d\u00edvida ativa cresceu 1.087%. Os valores em cobran\u00e7a na Procuradoria-Geral da Fazenda Nacional, nesse per\u00edodo, saltaram de R$ 19,7 bilh\u00f5es para R$ 334,1 bilh\u00f5es. &#8220;O inadimplente \u00e9 visto como um criminoso, mas a falta de pagamento \u00e9 grande, pela alta carga tribut\u00e1ria&#8221;, disse o assessor da presid\u00eancia do Sescon-SP, Jos\u00e9 Constantino de Bastos J\u00fanior. <\/P><P>Nos \u00faltimos seis anos, foram abertos dois programas de refinanciamento de d\u00e9bitos tribut\u00e1rios. Em 2001, ingressaram no primeiro Refis 129.166 contribuintes, dos quais 103.888 foram exclu\u00eddos por falta de pagamento. Em 2003, o governo instituiu o Paes, que teve a ades\u00e3o de 455.871 contribuintes e, pela primeira vez, incluiu empresas do Simples e pessoas f\u00edsicas. Ainda permanecem no programa 374 mil contribuintes. Os empres\u00e1rios atribuem as exclus\u00f5es por falta de pagamento \u00e0s condi\u00e7\u00f5es rigorosas impostas pelos programas. <\/P><\/p>\n","protected":false},"excerpt":{"rendered":"O veto do Planalto \u00e0 reabertura do prazo do Refis decepcionou entidades de classe que vinham, h\u00e1 muito tempo, pedindo um novo programa \n<a class=\"moretag\" href=\"https:\/\/www.aceguarulhos.com.br\/blog\/refis-sinal-vermelho-do-governo-decepciona\/\"> [...]<\/a>","protected":false},"author":8,"featured_media":0,"comment_status":"open","ping_status":"open","sticky":false,"template":"","format":"standard","meta":{"footnotes":""},"categories":[2],"tags":[],"class_list":["post-30231","post","type-post","status-publish","format-standard","hentry","category-noticias"],"yoast_head":"<!-- This site is optimized with the Yoast SEO plugin v28.1 - https:\/\/yoast.com\/product\/yoast-seo-wordpress\/ -->\n<title>Refis: sinal vermelho do governo decepciona - ACE-Guarulhos<\/title>\n<meta name=\"robots\" content=\"index, follow, max-snippet:-1, max-image-preview:large, max-video-preview:-1\" \/>\n<link rel=\"canonical\" href=\"https:\/\/www.aceguarulhos.com.br\/blog\/refis-sinal-vermelho-do-governo-decepciona\/\" \/>\n<meta property=\"og:locale\" content=\"pt_BR\" \/>\n<meta property=\"og:type\" content=\"article\" \/>\n<meta property=\"og:title\" content=\"Refis: sinal vermelho do governo decepciona - ACE-Guarulhos\" \/>\n<meta property=\"og:description\" content=\"O veto do Planalto \u00e0 reabertura do prazo do Refis decepcionou entidades de classe que vinham, h\u00e1 muito tempo, pedindo um novo programa\" \/>\n<meta property=\"og:url\" content=\"https:\/\/www.aceguarulhos.com.br\/blog\/refis-sinal-vermelho-do-governo-decepciona\/\" \/>\n<meta property=\"og:site_name\" content=\"ACE-Guarulhos\" \/>\n<meta property=\"article:publisher\" content=\"https:\/\/www.facebook.com\/aceguarulhos\/\" \/>\n<meta property=\"article:published_time\" content=\"2006-06-19T09:54:27+00:00\" \/>\n<meta name=\"author\" content=\"Assessoria de Imprensa ACE-Guarulhos\" \/>\n<meta name=\"twitter:card\" content=\"summary_large_image\" \/>\n<meta name=\"twitter:label1\" content=\"Escrito por\" \/>\n\t<meta name=\"twitter:data1\" content=\"Assessoria de Imprensa ACE-Guarulhos\" \/>\n\t<meta name=\"twitter:label2\" content=\"Est. tempo de leitura\" \/>\n\t<meta name=\"twitter:data2\" content=\"2 minutos\" \/>\n<script type=\"application\/ld+json\" class=\"yoast-schema-graph\">{\"@context\":\"https:\\\/\\\/schema.org\",\"@graph\":[{\"@type\":\"Article\",\"@id\":\"https:\\\/\\\/www.aceguarulhos.com.br\\\/blog\\\/refis-sinal-vermelho-do-governo-decepciona\\\/#article\",\"isPartOf\":{\"@id\":\"https:\\\/\\\/www.aceguarulhos.com.br\\\/blog\\\/refis-sinal-vermelho-do-governo-decepciona\\\/\"},\"author\":{\"name\":\"Assessoria de Imprensa ACE-Guarulhos\",\"@id\":\"https:\\\/\\\/www.aceguarulhos.com.br\\\/blog\\\/#\\\/schema\\\/person\\\/6983b51bad37489989e4f09698c26237\"},\"headline\":\"Refis: sinal vermelho do governo decepciona\",\"datePublished\":\"2006-06-19T09:54:27+00:00\",\"mainEntityOfPage\":{\"@id\":\"https:\\\/\\\/www.aceguarulhos.com.br\\\/blog\\\/refis-sinal-vermelho-do-governo-decepciona\\\/\"},\"wordCount\":447,\"commentCount\":0,\"publisher\":{\"@id\":\"https:\\\/\\\/www.aceguarulhos.com.br\\\/blog\\\/#organization\"},\"articleSection\":[\"Not\u00edcias\"],\"inLanguage\":\"pt-BR\"},{\"@type\":\"WebPage\",\"@id\":\"https:\\\/\\\/www.aceguarulhos.com.br\\\/blog\\\/refis-sinal-vermelho-do-governo-decepciona\\\/\",\"url\":\"https:\\\/\\\/www.aceguarulhos.com.br\\\/blog\\\/refis-sinal-vermelho-do-governo-decepciona\\\/\",\"name\":\"Refis: sinal vermelho do governo decepciona - ACE-Guarulhos\",\"isPartOf\":{\"@id\":\"https:\\\/\\\/www.aceguarulhos.com.br\\\/blog\\\/#website\"},\"datePublished\":\"2006-06-19T09:54:27+00:00\",\"breadcrumb\":{\"@id\":\"https:\\\/\\\/www.aceguarulhos.com.br\\\/blog\\\/refis-sinal-vermelho-do-governo-decepciona\\\/#breadcrumb\"},\"inLanguage\":\"pt-BR\",\"potentialAction\":[{\"@type\":\"ReadAction\",\"target\":[\"https:\\\/\\\/www.aceguarulhos.com.br\\\/blog\\\/refis-sinal-vermelho-do-governo-decepciona\\\/\"]}]},{\"@type\":\"BreadcrumbList\",\"@id\":\"https:\\\/\\\/www.aceguarulhos.com.br\\\/blog\\\/refis-sinal-vermelho-do-governo-decepciona\\\/#breadcrumb\",\"itemListElement\":[{\"@type\":\"ListItem\",\"position\":1,\"name\":\"In\u00edcio\",\"item\":\"https:\\\/\\\/www.aceguarulhos.com.br\\\/blog\\\/\"},{\"@type\":\"ListItem\",\"position\":2,\"name\":\"Refis: sinal vermelho do governo decepciona\"}]},{\"@type\":\"WebSite\",\"@id\":\"https:\\\/\\\/www.aceguarulhos.com.br\\\/blog\\\/#website\",\"url\":\"https:\\\/\\\/www.aceguarulhos.com.br\\\/blog\\\/\",\"name\":\"ACE-Guarulhos\",\"description\":\"A ACE-Guarulhos \u00e9 uma associa\u00e7\u00e3o que ap\u00f3ia os empres\u00e1rios guarulhenses atrav\u00e9s da representa\u00e7\u00e3o, da gera\u00e7\u00e3o de neg\u00f3cios e presta\u00e7\u00e3o de servi\u00e7os.\",\"publisher\":{\"@id\":\"https:\\\/\\\/www.aceguarulhos.com.br\\\/blog\\\/#organization\"},\"potentialAction\":[{\"@type\":\"SearchAction\",\"target\":{\"@type\":\"EntryPoint\",\"urlTemplate\":\"https:\\\/\\\/www.aceguarulhos.com.br\\\/blog\\\/?s={search_term_string}\"},\"query-input\":{\"@type\":\"PropertyValueSpecification\",\"valueRequired\":true,\"valueName\":\"search_term_string\"}}],\"inLanguage\":\"pt-BR\"},{\"@type\":\"Organization\",\"@id\":\"https:\\\/\\\/www.aceguarulhos.com.br\\\/blog\\\/#organization\",\"name\":\"ACE-Guarulhos\",\"url\":\"https:\\\/\\\/www.aceguarulhos.com.br\\\/blog\\\/\",\"logo\":{\"@type\":\"ImageObject\",\"inLanguage\":\"pt-BR\",\"@id\":\"https:\\\/\\\/www.aceguarulhos.com.br\\\/blog\\\/#\\\/schema\\\/logo\\\/image\\\/\",\"url\":\"https:\\\/\\\/www.aceguarulhos.com.br\\\/blog\\\/wp-content\\\/uploads\\\/2017\\\/12\\\/logo-aceguarulhos-2018.png\",\"contentUrl\":\"https:\\\/\\\/www.aceguarulhos.com.br\\\/blog\\\/wp-content\\\/uploads\\\/2017\\\/12\\\/logo-aceguarulhos-2018.png\",\"width\":419,\"height\":76,\"caption\":\"ACE-Guarulhos\"},\"image\":{\"@id\":\"https:\\\/\\\/www.aceguarulhos.com.br\\\/blog\\\/#\\\/schema\\\/logo\\\/image\\\/\"},\"sameAs\":[\"https:\\\/\\\/www.facebook.com\\\/aceguarulhos\\\/\",\"https:\\\/\\\/br.linkedin.com\\\/in\\\/ace-guarulhos-b9a97093\",\"https:\\\/\\\/www.youtube.com\\\/user\\\/aceguarulhos\"]},{\"@type\":\"Person\",\"@id\":\"https:\\\/\\\/www.aceguarulhos.com.br\\\/blog\\\/#\\\/schema\\\/person\\\/6983b51bad37489989e4f09698c26237\",\"name\":\"Assessoria de Imprensa ACE-Guarulhos\",\"image\":{\"@type\":\"ImageObject\",\"inLanguage\":\"pt-BR\",\"@id\":\"https:\\\/\\\/secure.gravatar.com\\\/avatar\\\/707f3fadd6918afeb64173ab22d8a8cb0676953098a4f31ff36dc2b4c699ef6a?s=96&d=mm&r=g\",\"url\":\"https:\\\/\\\/secure.gravatar.com\\\/avatar\\\/707f3fadd6918afeb64173ab22d8a8cb0676953098a4f31ff36dc2b4c699ef6a?s=96&d=mm&r=g\",\"contentUrl\":\"https:\\\/\\\/secure.gravatar.com\\\/avatar\\\/707f3fadd6918afeb64173ab22d8a8cb0676953098a4f31ff36dc2b4c699ef6a?s=96&d=mm&r=g\",\"caption\":\"Assessoria de Imprensa ACE-Guarulhos\"},\"url\":\"https:\\\/\\\/www.aceguarulhos.com.br\\\/blog\\\/author\\\/assessoria-de-imprensa-ace-guarulhos\\\/\"}]}<\/script>\n<!-- \/ Yoast SEO plugin. -->","yoast_head_json":{"title":"Refis: sinal vermelho do governo decepciona - ACE-Guarulhos","robots":{"index":"index","follow":"follow","max-snippet":"max-snippet:-1","max-image-preview":"max-image-preview:large","max-video-preview":"max-video-preview:-1"},"canonical":"https:\/\/www.aceguarulhos.com.br\/blog\/refis-sinal-vermelho-do-governo-decepciona\/","og_locale":"pt_BR","og_type":"article","og_title":"Refis: sinal vermelho do governo decepciona - ACE-Guarulhos","og_description":"O veto do Planalto \u00e0 reabertura do prazo do Refis decepcionou entidades de classe que vinham, h\u00e1 muito tempo, pedindo um novo programa","og_url":"https:\/\/www.aceguarulhos.com.br\/blog\/refis-sinal-vermelho-do-governo-decepciona\/","og_site_name":"ACE-Guarulhos","article_publisher":"https:\/\/www.facebook.com\/aceguarulhos\/","article_published_time":"2006-06-19T09:54:27+00:00","author":"Assessoria de Imprensa ACE-Guarulhos","twitter_card":"summary_large_image","twitter_misc":{"Escrito por":"Assessoria de Imprensa ACE-Guarulhos","Est. tempo de leitura":"2 minutos"},"schema":{"@context":"https:\/\/schema.org","@graph":[{"@type":"Article","@id":"https:\/\/www.aceguarulhos.com.br\/blog\/refis-sinal-vermelho-do-governo-decepciona\/#article","isPartOf":{"@id":"https:\/\/www.aceguarulhos.com.br\/blog\/refis-sinal-vermelho-do-governo-decepciona\/"},"author":{"name":"Assessoria de Imprensa ACE-Guarulhos","@id":"https:\/\/www.aceguarulhos.com.br\/blog\/#\/schema\/person\/6983b51bad37489989e4f09698c26237"},"headline":"Refis: sinal vermelho do governo decepciona","datePublished":"2006-06-19T09:54:27+00:00","mainEntityOfPage":{"@id":"https:\/\/www.aceguarulhos.com.br\/blog\/refis-sinal-vermelho-do-governo-decepciona\/"},"wordCount":447,"commentCount":0,"publisher":{"@id":"https:\/\/www.aceguarulhos.com.br\/blog\/#organization"},"articleSection":["Not\u00edcias"],"inLanguage":"pt-BR"},{"@type":"WebPage","@id":"https:\/\/www.aceguarulhos.com.br\/blog\/refis-sinal-vermelho-do-governo-decepciona\/","url":"https:\/\/www.aceguarulhos.com.br\/blog\/refis-sinal-vermelho-do-governo-decepciona\/","name":"Refis: sinal vermelho do governo decepciona - ACE-Guarulhos","isPartOf":{"@id":"https:\/\/www.aceguarulhos.com.br\/blog\/#website"},"datePublished":"2006-06-19T09:54:27+00:00","breadcrumb":{"@id":"https:\/\/www.aceguarulhos.com.br\/blog\/refis-sinal-vermelho-do-governo-decepciona\/#breadcrumb"},"inLanguage":"pt-BR","potentialAction":[{"@type":"ReadAction","target":["https:\/\/www.aceguarulhos.com.br\/blog\/refis-sinal-vermelho-do-governo-decepciona\/"]}]},{"@type":"BreadcrumbList","@id":"https:\/\/www.aceguarulhos.com.br\/blog\/refis-sinal-vermelho-do-governo-decepciona\/#breadcrumb","itemListElement":[{"@type":"ListItem","position":1,"name":"In\u00edcio","item":"https:\/\/www.aceguarulhos.com.br\/blog\/"},{"@type":"ListItem","position":2,"name":"Refis: sinal vermelho do governo decepciona"}]},{"@type":"WebSite","@id":"https:\/\/www.aceguarulhos.com.br\/blog\/#website","url":"https:\/\/www.aceguarulhos.com.br\/blog\/","name":"ACE-Guarulhos","description":"A ACE-Guarulhos \u00e9 uma associa\u00e7\u00e3o que ap\u00f3ia os empres\u00e1rios guarulhenses atrav\u00e9s da representa\u00e7\u00e3o, da gera\u00e7\u00e3o de neg\u00f3cios e presta\u00e7\u00e3o de servi\u00e7os.","publisher":{"@id":"https:\/\/www.aceguarulhos.com.br\/blog\/#organization"},"potentialAction":[{"@type":"SearchAction","target":{"@type":"EntryPoint","urlTemplate":"https:\/\/www.aceguarulhos.com.br\/blog\/?s={search_term_string}"},"query-input":{"@type":"PropertyValueSpecification","valueRequired":true,"valueName":"search_term_string"}}],"inLanguage":"pt-BR"},{"@type":"Organization","@id":"https:\/\/www.aceguarulhos.com.br\/blog\/#organization","name":"ACE-Guarulhos","url":"https:\/\/www.aceguarulhos.com.br\/blog\/","logo":{"@type":"ImageObject","inLanguage":"pt-BR","@id":"https:\/\/www.aceguarulhos.com.br\/blog\/#\/schema\/logo\/image\/","url":"https:\/\/www.aceguarulhos.com.br\/blog\/wp-content\/uploads\/2017\/12\/logo-aceguarulhos-2018.png","contentUrl":"https:\/\/www.aceguarulhos.com.br\/blog\/wp-content\/uploads\/2017\/12\/logo-aceguarulhos-2018.png","width":419,"height":76,"caption":"ACE-Guarulhos"},"image":{"@id":"https:\/\/www.aceguarulhos.com.br\/blog\/#\/schema\/logo\/image\/"},"sameAs":["https:\/\/www.facebook.com\/aceguarulhos\/","https:\/\/br.linkedin.com\/in\/ace-guarulhos-b9a97093","https:\/\/www.youtube.com\/user\/aceguarulhos"]},{"@type":"Person","@id":"https:\/\/www.aceguarulhos.com.br\/blog\/#\/schema\/person\/6983b51bad37489989e4f09698c26237","name":"Assessoria de Imprensa ACE-Guarulhos","image":{"@type":"ImageObject","inLanguage":"pt-BR","@id":"https:\/\/secure.gravatar.com\/avatar\/707f3fadd6918afeb64173ab22d8a8cb0676953098a4f31ff36dc2b4c699ef6a?s=96&d=mm&r=g","url":"https:\/\/secure.gravatar.com\/avatar\/707f3fadd6918afeb64173ab22d8a8cb0676953098a4f31ff36dc2b4c699ef6a?s=96&d=mm&r=g","contentUrl":"https:\/\/secure.gravatar.com\/avatar\/707f3fadd6918afeb64173ab22d8a8cb0676953098a4f31ff36dc2b4c699ef6a?s=96&d=mm&r=g","caption":"Assessoria de Imprensa ACE-Guarulhos"},"url":"https:\/\/www.aceguarulhos.com.br\/blog\/author\/assessoria-de-imprensa-ace-guarulhos\/"}]}},"wps_subtitle":"","amp_enabled":true,"_links":{"self":[{"href":"https:\/\/www.aceguarulhos.com.br\/blog\/wp-json\/wp\/v2\/posts\/30231","targetHints":{"allow":["GET"]}}],"collection":[{"href":"https:\/\/www.aceguarulhos.com.br\/blog\/wp-json\/wp\/v2\/posts"}],"about":[{"href":"https:\/\/www.aceguarulhos.com.br\/blog\/wp-json\/wp\/v2\/types\/post"}],"author":[{"embeddable":true,"href":"https:\/\/www.aceguarulhos.com.br\/blog\/wp-json\/wp\/v2\/users\/8"}],"replies":[{"embeddable":true,"href":"https:\/\/www.aceguarulhos.com.br\/blog\/wp-json\/wp\/v2\/comments?post=30231"}],"version-history":[{"count":0,"href":"https:\/\/www.aceguarulhos.com.br\/blog\/wp-json\/wp\/v2\/posts\/30231\/revisions"}],"wp:attachment":[{"href":"https:\/\/www.aceguarulhos.com.br\/blog\/wp-json\/wp\/v2\/media?parent=30231"}],"wp:term":[{"taxonomy":"category","embeddable":true,"href":"https:\/\/www.aceguarulhos.com.br\/blog\/wp-json\/wp\/v2\/categories?post=30231"},{"taxonomy":"post_tag","embeddable":true,"href":"https:\/\/www.aceguarulhos.com.br\/blog\/wp-json\/wp\/v2\/tags?post=30231"}],"curies":[{"name":"wp","href":"https:\/\/api.w.org\/{rel}","templated":true}]}}