{"id":30208,"date":"2006-06-12T10:33:30","date_gmt":"2006-06-12T10:33:30","guid":{"rendered":"http:\/\/www.aceguarulhos.com.br\/blog\/?p=30208"},"modified":"-0001-11-30T00:00:00","modified_gmt":"-0001-11-30T03:00:00","slug":"brasil-em-berlim-pronto-pra-briga","status":"publish","type":"post","link":"https:\/\/www.aceguarulhos.com.br\/blog\/brasil-em-berlim-pronto-pra-briga\/","title":{"rendered":"Brasil em Berlim, pronto pra briga"},"content":{"rendered":"<p><P>A Sele\u00e7\u00e3o Brasileira desembarcou ontem \u00e0 noite em Berlim, onde far\u00e1 amanh\u00e3 o jogo de estr\u00e9ia na Copa do Mundo contra Cro\u00e1cia, e foi recepcionada por dezenas de torcedores antes de seguir para o Kempinski Hotel. <\/P><P><IMG alt=\"Di\u00e1rio do Com\u00e9rcio\" src=\"\/blog\/wp-content\/uploads\/image.php?x=i&#038;i1=100&#038;i2=20020116084953\" align=left border=0>A delega\u00e7\u00e3o brasileira divide o hotel com outros h\u00f3spedes, mas tem todo o segundo andar reservado. Hoje, \u00e0s 11h15 (hor\u00e1rio de Bras\u00edlia), o time faz o treino de reconhecimento do gramado no Est\u00e1dio Ol\u00edmpico &#8211; que receber\u00e1 tamb\u00e9m a decis\u00e3o desta Copa do Mundo. <\/P><P>Ainda em K\u00f6nigstein, o t\u00e9cnico Carlos Alberto Parreira, ap\u00f3s um demorado treinamento de jogadas a partir de bolas paradas, mostrou confian\u00e7a na equipe: &#8220;Estamos prontos para a estr\u00e9ia e n\u00e3o tenho d\u00favida de que vamos \u00e0 Segunda Fase.&#8221; <\/P><P>O \u00faltimo ensaio do Brasil antes da estr\u00e9ia deixou claro o quanto ele aposta nas jogadas de bola parada. Na defesa, teme o bombardeio a\u00e9reo do inimigo. No ataque, espera tirar proveito da boa estatura de Adriano, L\u00facio, Kak\u00e1, Emerson e Juan, com Ronaldo sempre \u00e0 espreita de um rebote. &#8220;Tenho visto muita gente preocupada em marcar a bola, esquecendo-se de um homem livre dentro da \u00e1rea. Isso n\u00e3o pode acontecer conosco. Cada um da defesa tem de marcar um dos atacantes&#8221;, obsertvou o t\u00e9cnico em rela\u00e7\u00e3o aos primeiros jogos da Copa. <\/P><P>Em determinados momentos do treino, Parreira teve de pedir mais vigor a Ronaldinho Ga\u00facho nos cruzamentos na \u00e1rea. Situa\u00e7\u00e3o normal de um treinamento. O t\u00e9cnico tem plena consci\u00eancia de que Ronaldinho Ga\u00facho, o grande \u00eddolo dos torcedores e at\u00e9 dos filhos de outros jogadores da Sele\u00e7\u00e3o, pode fazer a diferen\u00e7a na Copa. E conta com ele para um lance que considera a grande arma do Brasil: &#8220;O Ronaldo dificilmente se coloca numa posi\u00e7\u00e3o de impedimento. Ele sempre se coloca no limite. Temos de lan\u00e7ar esta bola entre os zagueiros para que ele possa aparecer por tr\u00e1s da defesa advers\u00e1ria.&#8221; <\/P><P>Na entrevista coletiva, o t\u00e9cnico fez quest\u00e3o de definir o compromisso da Sele\u00e7\u00e3o: &#8220;N\u00f3s temos a obriga\u00e7\u00e3o de fazer o melhor. N\u00e3o temos a obriga\u00e7\u00e3o de ganhar.&#8221; O capit\u00e3o Cafu e o craque Ronaldo tamb\u00e9m participaram da entrevista. Cafu se disse pronto para estrear bem depois da cirurgia a que se submeteu no come\u00e7o do ano: &#8220;Os m\u00e9dicos do Milan at\u00e9 falaram que eu iria chegar na Copa em melhores condi\u00e7\u00f5es que outros jogadores, que estariam mais cansados.&#8221; Ronaldo espica\u00e7ou mais uma vez os rep\u00f3rteres: &#8220;Estou desejando, mais do que ningu\u00e9m, que comece a Copa. Assim, vamos parar de falar besteira e vamos falar s\u00f3 de futebol.&#8221;<BR><\/P><\/p>\n","protected":false},"excerpt":{"rendered":"A Sele\u00e7\u00e3o Brasileira desembarcou ontem \u00e0 noite em Berlim, onde far\u00e1 amanh\u00e3 o jogo de estr\u00e9ia na Copa do Mundo contra Cro\u00e1cia, e \n<a class=\"moretag\" href=\"https:\/\/www.aceguarulhos.com.br\/blog\/brasil-em-berlim-pronto-pra-briga\/\"> [...]<\/a>","protected":false},"author":8,"featured_media":0,"comment_status":"open","ping_status":"open","sticky":false,"template":"","format":"standard","meta":{"footnotes":""},"categories":[2],"tags":[],"class_list":["post-30208","post","type-post","status-publish","format-standard","hentry","category-noticias"],"yoast_head":"<!-- This site is optimized with the Yoast SEO plugin v28.1 - https:\/\/yoast.com\/product\/yoast-seo-wordpress\/ -->\n<title>Brasil em Berlim, pronto pra briga - ACE-Guarulhos<\/title>\n<meta name=\"robots\" content=\"index, follow, max-snippet:-1, max-image-preview:large, max-video-preview:-1\" \/>\n<link rel=\"canonical\" href=\"https:\/\/www.aceguarulhos.com.br\/blog\/brasil-em-berlim-pronto-pra-briga\/\" \/>\n<meta property=\"og:locale\" content=\"pt_BR\" \/>\n<meta property=\"og:type\" content=\"article\" \/>\n<meta property=\"og:title\" content=\"Brasil em Berlim, pronto pra briga - ACE-Guarulhos\" \/>\n<meta property=\"og:description\" content=\"A Sele\u00e7\u00e3o Brasileira desembarcou ontem \u00e0 noite em Berlim, onde far\u00e1 amanh\u00e3 o jogo de estr\u00e9ia na Copa do Mundo contra Cro\u00e1cia, e\" \/>\n<meta property=\"og:url\" content=\"https:\/\/www.aceguarulhos.com.br\/blog\/brasil-em-berlim-pronto-pra-briga\/\" \/>\n<meta property=\"og:site_name\" content=\"ACE-Guarulhos\" \/>\n<meta property=\"article:publisher\" content=\"https:\/\/www.facebook.com\/aceguarulhos\/\" \/>\n<meta property=\"article:published_time\" content=\"2006-06-12T10:33:30+00:00\" \/>\n<meta name=\"author\" content=\"Assessoria de Imprensa ACE-Guarulhos\" \/>\n<meta name=\"twitter:card\" content=\"summary_large_image\" \/>\n<meta name=\"twitter:label1\" content=\"Escrito por\" \/>\n\t<meta name=\"twitter:data1\" content=\"Assessoria de Imprensa ACE-Guarulhos\" \/>\n\t<meta name=\"twitter:label2\" content=\"Est. tempo de leitura\" \/>\n\t<meta name=\"twitter:data2\" content=\"2 minutos\" \/>\n<script type=\"application\/ld+json\" class=\"yoast-schema-graph\">{\"@context\":\"https:\\\/\\\/schema.org\",\"@graph\":[{\"@type\":\"Article\",\"@id\":\"https:\\\/\\\/www.aceguarulhos.com.br\\\/blog\\\/brasil-em-berlim-pronto-pra-briga\\\/#article\",\"isPartOf\":{\"@id\":\"https:\\\/\\\/www.aceguarulhos.com.br\\\/blog\\\/brasil-em-berlim-pronto-pra-briga\\\/\"},\"author\":{\"name\":\"Assessoria de Imprensa ACE-Guarulhos\",\"@id\":\"https:\\\/\\\/www.aceguarulhos.com.br\\\/blog\\\/#\\\/schema\\\/person\\\/6983b51bad37489989e4f09698c26237\"},\"headline\":\"Brasil em Berlim, pronto pra briga\",\"datePublished\":\"2006-06-12T10:33:30+00:00\",\"mainEntityOfPage\":{\"@id\":\"https:\\\/\\\/www.aceguarulhos.com.br\\\/blog\\\/brasil-em-berlim-pronto-pra-briga\\\/\"},\"wordCount\":469,\"commentCount\":0,\"publisher\":{\"@id\":\"https:\\\/\\\/www.aceguarulhos.com.br\\\/blog\\\/#organization\"},\"articleSection\":[\"Not\u00edcias\"],\"inLanguage\":\"pt-BR\"},{\"@type\":\"WebPage\",\"@id\":\"https:\\\/\\\/www.aceguarulhos.com.br\\\/blog\\\/brasil-em-berlim-pronto-pra-briga\\\/\",\"url\":\"https:\\\/\\\/www.aceguarulhos.com.br\\\/blog\\\/brasil-em-berlim-pronto-pra-briga\\\/\",\"name\":\"Brasil em Berlim, pronto pra briga - ACE-Guarulhos\",\"isPartOf\":{\"@id\":\"https:\\\/\\\/www.aceguarulhos.com.br\\\/blog\\\/#website\"},\"datePublished\":\"2006-06-12T10:33:30+00:00\",\"breadcrumb\":{\"@id\":\"https:\\\/\\\/www.aceguarulhos.com.br\\\/blog\\\/brasil-em-berlim-pronto-pra-briga\\\/#breadcrumb\"},\"inLanguage\":\"pt-BR\",\"potentialAction\":[{\"@type\":\"ReadAction\",\"target\":[\"https:\\\/\\\/www.aceguarulhos.com.br\\\/blog\\\/brasil-em-berlim-pronto-pra-briga\\\/\"]}]},{\"@type\":\"BreadcrumbList\",\"@id\":\"https:\\\/\\\/www.aceguarulhos.com.br\\\/blog\\\/brasil-em-berlim-pronto-pra-briga\\\/#breadcrumb\",\"itemListElement\":[{\"@type\":\"ListItem\",\"position\":1,\"name\":\"In\u00edcio\",\"item\":\"https:\\\/\\\/www.aceguarulhos.com.br\\\/blog\\\/\"},{\"@type\":\"ListItem\",\"position\":2,\"name\":\"Brasil em Berlim, pronto pra briga\"}]},{\"@type\":\"WebSite\",\"@id\":\"https:\\\/\\\/www.aceguarulhos.com.br\\\/blog\\\/#website\",\"url\":\"https:\\\/\\\/www.aceguarulhos.com.br\\\/blog\\\/\",\"name\":\"ACE-Guarulhos\",\"description\":\"A ACE-Guarulhos \u00e9 uma associa\u00e7\u00e3o que ap\u00f3ia os empres\u00e1rios guarulhenses atrav\u00e9s da representa\u00e7\u00e3o, da gera\u00e7\u00e3o de neg\u00f3cios e presta\u00e7\u00e3o de servi\u00e7os.\",\"publisher\":{\"@id\":\"https:\\\/\\\/www.aceguarulhos.com.br\\\/blog\\\/#organization\"},\"potentialAction\":[{\"@type\":\"SearchAction\",\"target\":{\"@type\":\"EntryPoint\",\"urlTemplate\":\"https:\\\/\\\/www.aceguarulhos.com.br\\\/blog\\\/?s={search_term_string}\"},\"query-input\":{\"@type\":\"PropertyValueSpecification\",\"valueRequired\":true,\"valueName\":\"search_term_string\"}}],\"inLanguage\":\"pt-BR\"},{\"@type\":\"Organization\",\"@id\":\"https:\\\/\\\/www.aceguarulhos.com.br\\\/blog\\\/#organization\",\"name\":\"ACE-Guarulhos\",\"url\":\"https:\\\/\\\/www.aceguarulhos.com.br\\\/blog\\\/\",\"logo\":{\"@type\":\"ImageObject\",\"inLanguage\":\"pt-BR\",\"@id\":\"https:\\\/\\\/www.aceguarulhos.com.br\\\/blog\\\/#\\\/schema\\\/logo\\\/image\\\/\",\"url\":\"https:\\\/\\\/www.aceguarulhos.com.br\\\/blog\\\/wp-content\\\/uploads\\\/2017\\\/12\\\/logo-aceguarulhos-2018.png\",\"contentUrl\":\"https:\\\/\\\/www.aceguarulhos.com.br\\\/blog\\\/wp-content\\\/uploads\\\/2017\\\/12\\\/logo-aceguarulhos-2018.png\",\"width\":419,\"height\":76,\"caption\":\"ACE-Guarulhos\"},\"image\":{\"@id\":\"https:\\\/\\\/www.aceguarulhos.com.br\\\/blog\\\/#\\\/schema\\\/logo\\\/image\\\/\"},\"sameAs\":[\"https:\\\/\\\/www.facebook.com\\\/aceguarulhos\\\/\",\"https:\\\/\\\/br.linkedin.com\\\/in\\\/ace-guarulhos-b9a97093\",\"https:\\\/\\\/www.youtube.com\\\/user\\\/aceguarulhos\"]},{\"@type\":\"Person\",\"@id\":\"https:\\\/\\\/www.aceguarulhos.com.br\\\/blog\\\/#\\\/schema\\\/person\\\/6983b51bad37489989e4f09698c26237\",\"name\":\"Assessoria de Imprensa ACE-Guarulhos\",\"image\":{\"@type\":\"ImageObject\",\"inLanguage\":\"pt-BR\",\"@id\":\"https:\\\/\\\/secure.gravatar.com\\\/avatar\\\/707f3fadd6918afeb64173ab22d8a8cb0676953098a4f31ff36dc2b4c699ef6a?s=96&d=mm&r=g\",\"url\":\"https:\\\/\\\/secure.gravatar.com\\\/avatar\\\/707f3fadd6918afeb64173ab22d8a8cb0676953098a4f31ff36dc2b4c699ef6a?s=96&d=mm&r=g\",\"contentUrl\":\"https:\\\/\\\/secure.gravatar.com\\\/avatar\\\/707f3fadd6918afeb64173ab22d8a8cb0676953098a4f31ff36dc2b4c699ef6a?s=96&d=mm&r=g\",\"caption\":\"Assessoria de Imprensa ACE-Guarulhos\"},\"url\":\"https:\\\/\\\/www.aceguarulhos.com.br\\\/blog\\\/author\\\/assessoria-de-imprensa-ace-guarulhos\\\/\"}]}<\/script>\n<!-- \/ Yoast SEO plugin. -->","yoast_head_json":{"title":"Brasil em Berlim, pronto pra briga - ACE-Guarulhos","robots":{"index":"index","follow":"follow","max-snippet":"max-snippet:-1","max-image-preview":"max-image-preview:large","max-video-preview":"max-video-preview:-1"},"canonical":"https:\/\/www.aceguarulhos.com.br\/blog\/brasil-em-berlim-pronto-pra-briga\/","og_locale":"pt_BR","og_type":"article","og_title":"Brasil em Berlim, pronto pra briga - ACE-Guarulhos","og_description":"A Sele\u00e7\u00e3o Brasileira desembarcou ontem \u00e0 noite em Berlim, onde far\u00e1 amanh\u00e3 o jogo de estr\u00e9ia na Copa do Mundo contra Cro\u00e1cia, e","og_url":"https:\/\/www.aceguarulhos.com.br\/blog\/brasil-em-berlim-pronto-pra-briga\/","og_site_name":"ACE-Guarulhos","article_publisher":"https:\/\/www.facebook.com\/aceguarulhos\/","article_published_time":"2006-06-12T10:33:30+00:00","author":"Assessoria de Imprensa ACE-Guarulhos","twitter_card":"summary_large_image","twitter_misc":{"Escrito por":"Assessoria de Imprensa ACE-Guarulhos","Est. tempo de leitura":"2 minutos"},"schema":{"@context":"https:\/\/schema.org","@graph":[{"@type":"Article","@id":"https:\/\/www.aceguarulhos.com.br\/blog\/brasil-em-berlim-pronto-pra-briga\/#article","isPartOf":{"@id":"https:\/\/www.aceguarulhos.com.br\/blog\/brasil-em-berlim-pronto-pra-briga\/"},"author":{"name":"Assessoria de Imprensa ACE-Guarulhos","@id":"https:\/\/www.aceguarulhos.com.br\/blog\/#\/schema\/person\/6983b51bad37489989e4f09698c26237"},"headline":"Brasil em Berlim, pronto pra briga","datePublished":"2006-06-12T10:33:30+00:00","mainEntityOfPage":{"@id":"https:\/\/www.aceguarulhos.com.br\/blog\/brasil-em-berlim-pronto-pra-briga\/"},"wordCount":469,"commentCount":0,"publisher":{"@id":"https:\/\/www.aceguarulhos.com.br\/blog\/#organization"},"articleSection":["Not\u00edcias"],"inLanguage":"pt-BR"},{"@type":"WebPage","@id":"https:\/\/www.aceguarulhos.com.br\/blog\/brasil-em-berlim-pronto-pra-briga\/","url":"https:\/\/www.aceguarulhos.com.br\/blog\/brasil-em-berlim-pronto-pra-briga\/","name":"Brasil em Berlim, pronto pra briga - ACE-Guarulhos","isPartOf":{"@id":"https:\/\/www.aceguarulhos.com.br\/blog\/#website"},"datePublished":"2006-06-12T10:33:30+00:00","breadcrumb":{"@id":"https:\/\/www.aceguarulhos.com.br\/blog\/brasil-em-berlim-pronto-pra-briga\/#breadcrumb"},"inLanguage":"pt-BR","potentialAction":[{"@type":"ReadAction","target":["https:\/\/www.aceguarulhos.com.br\/blog\/brasil-em-berlim-pronto-pra-briga\/"]}]},{"@type":"BreadcrumbList","@id":"https:\/\/www.aceguarulhos.com.br\/blog\/brasil-em-berlim-pronto-pra-briga\/#breadcrumb","itemListElement":[{"@type":"ListItem","position":1,"name":"In\u00edcio","item":"https:\/\/www.aceguarulhos.com.br\/blog\/"},{"@type":"ListItem","position":2,"name":"Brasil em Berlim, pronto pra briga"}]},{"@type":"WebSite","@id":"https:\/\/www.aceguarulhos.com.br\/blog\/#website","url":"https:\/\/www.aceguarulhos.com.br\/blog\/","name":"ACE-Guarulhos","description":"A ACE-Guarulhos \u00e9 uma associa\u00e7\u00e3o que ap\u00f3ia os empres\u00e1rios guarulhenses atrav\u00e9s da representa\u00e7\u00e3o, da gera\u00e7\u00e3o de neg\u00f3cios e presta\u00e7\u00e3o de servi\u00e7os.","publisher":{"@id":"https:\/\/www.aceguarulhos.com.br\/blog\/#organization"},"potentialAction":[{"@type":"SearchAction","target":{"@type":"EntryPoint","urlTemplate":"https:\/\/www.aceguarulhos.com.br\/blog\/?s={search_term_string}"},"query-input":{"@type":"PropertyValueSpecification","valueRequired":true,"valueName":"search_term_string"}}],"inLanguage":"pt-BR"},{"@type":"Organization","@id":"https:\/\/www.aceguarulhos.com.br\/blog\/#organization","name":"ACE-Guarulhos","url":"https:\/\/www.aceguarulhos.com.br\/blog\/","logo":{"@type":"ImageObject","inLanguage":"pt-BR","@id":"https:\/\/www.aceguarulhos.com.br\/blog\/#\/schema\/logo\/image\/","url":"https:\/\/www.aceguarulhos.com.br\/blog\/wp-content\/uploads\/2017\/12\/logo-aceguarulhos-2018.png","contentUrl":"https:\/\/www.aceguarulhos.com.br\/blog\/wp-content\/uploads\/2017\/12\/logo-aceguarulhos-2018.png","width":419,"height":76,"caption":"ACE-Guarulhos"},"image":{"@id":"https:\/\/www.aceguarulhos.com.br\/blog\/#\/schema\/logo\/image\/"},"sameAs":["https:\/\/www.facebook.com\/aceguarulhos\/","https:\/\/br.linkedin.com\/in\/ace-guarulhos-b9a97093","https:\/\/www.youtube.com\/user\/aceguarulhos"]},{"@type":"Person","@id":"https:\/\/www.aceguarulhos.com.br\/blog\/#\/schema\/person\/6983b51bad37489989e4f09698c26237","name":"Assessoria de Imprensa ACE-Guarulhos","image":{"@type":"ImageObject","inLanguage":"pt-BR","@id":"https:\/\/secure.gravatar.com\/avatar\/707f3fadd6918afeb64173ab22d8a8cb0676953098a4f31ff36dc2b4c699ef6a?s=96&d=mm&r=g","url":"https:\/\/secure.gravatar.com\/avatar\/707f3fadd6918afeb64173ab22d8a8cb0676953098a4f31ff36dc2b4c699ef6a?s=96&d=mm&r=g","contentUrl":"https:\/\/secure.gravatar.com\/avatar\/707f3fadd6918afeb64173ab22d8a8cb0676953098a4f31ff36dc2b4c699ef6a?s=96&d=mm&r=g","caption":"Assessoria de Imprensa ACE-Guarulhos"},"url":"https:\/\/www.aceguarulhos.com.br\/blog\/author\/assessoria-de-imprensa-ace-guarulhos\/"}]}},"wps_subtitle":"","amp_enabled":true,"_links":{"self":[{"href":"https:\/\/www.aceguarulhos.com.br\/blog\/wp-json\/wp\/v2\/posts\/30208","targetHints":{"allow":["GET"]}}],"collection":[{"href":"https:\/\/www.aceguarulhos.com.br\/blog\/wp-json\/wp\/v2\/posts"}],"about":[{"href":"https:\/\/www.aceguarulhos.com.br\/blog\/wp-json\/wp\/v2\/types\/post"}],"author":[{"embeddable":true,"href":"https:\/\/www.aceguarulhos.com.br\/blog\/wp-json\/wp\/v2\/users\/8"}],"replies":[{"embeddable":true,"href":"https:\/\/www.aceguarulhos.com.br\/blog\/wp-json\/wp\/v2\/comments?post=30208"}],"version-history":[{"count":0,"href":"https:\/\/www.aceguarulhos.com.br\/blog\/wp-json\/wp\/v2\/posts\/30208\/revisions"}],"wp:attachment":[{"href":"https:\/\/www.aceguarulhos.com.br\/blog\/wp-json\/wp\/v2\/media?parent=30208"}],"wp:term":[{"taxonomy":"category","embeddable":true,"href":"https:\/\/www.aceguarulhos.com.br\/blog\/wp-json\/wp\/v2\/categories?post=30208"},{"taxonomy":"post_tag","embeddable":true,"href":"https:\/\/www.aceguarulhos.com.br\/blog\/wp-json\/wp\/v2\/tags?post=30208"}],"curies":[{"name":"wp","href":"https:\/\/api.w.org\/{rel}","templated":true}]}}