{"id":30188,"date":"2006-06-05T15:34:59","date_gmt":"2006-06-05T15:34:59","guid":{"rendered":"http:\/\/www.aceguarulhos.com.br\/blog\/?p=30188"},"modified":"-0001-11-30T00:00:00","modified_gmt":"-0001-11-30T03:00:00","slug":"bras%c3%adlia-p%c3%a1ra-com-o-de-olho-no-imposto","status":"publish","type":"post","link":"https:\/\/www.aceguarulhos.com.br\/blog\/bras%c3%adlia-p%c3%a1ra-com-o-de-olho-no-imposto\/","title":{"rendered":"Bras\u00edlia p\u00e1ra com o De Olho no Imposto"},"content":{"rendered":"<p><P><EM>ACE-Guarulhos acompanha comitiva a Bras\u00edlia<\/EM><\/P><P><EM><IMG alt=ACE src=\"\/blog\/wp-content\/uploads\/image.php?x=i&#038;i1=100&#038;i2=20011031100000\" align=left border=0><\/EM><\/P><P><EM><\/EM>\u00a0<\/P><P><EM><\/EM>\u00a0<\/P><P><EM><\/EM>\u00a0<\/P><P><EM><\/EM>\u00a0<\/P><P><EM><\/EM>\u00a0<\/P><P><EM><\/EM>\u00a0<\/P><P><EM><\/EM>\u00a0<\/P><P><EM><\/EM>\u00a0<\/P><P><EM><\/EM>\u00a0<\/P><P><EM>O presindente da ACE-Guarulhos, Decio Pomp\u00eao Junior, o vice-presidente da RA 03 da FACESP, Anunciato Thomeo Sobrinho e o presidente da FACESP e da ACSP, Guilherme Afif Domingos<\/EM><\/P><P>Representantes de mais de 400 entidades de empres\u00e1rios e trabalhadores subiram a rampa do Congresso Nacional na \u00faltima quarta-feira, dia 31 de maio, levando 1,564 milh\u00e3o de assinaturas colhidas pelo movimento De Olho no Imposto. O material foi entregue ao presidente do Senado, Renan Calheiros (PMDB), que prometeu dar &#8220;tramita\u00e7\u00e3o rapid\u00edssima&#8221; ao projeto popular para regulamentar o artigo 5\u00ba do par\u00e1grafo 150 da Constitui\u00e7\u00e3o Federal, que pede transpar\u00eancia tribut\u00e1ria no Brasil. <\/P><P>Calheiros recebeu as 35 caixas contendo as assinaturas diretamente das m\u00e3os do presidente da Associa\u00e7\u00e3o Comercial de S\u00e3o Paulo (ACSP), Guilherme Afif Domingos, no Sal\u00e3o Negro do Congresso. Ele deixou claro que o projeto deve ser apresentado pelo Senado, onde a pauta est\u00e1 menos obstru\u00edda, e j\u00e1 conta com a simpatia dos l\u00edderes de bancada, &#8220;por ser uma importante a\u00e7\u00e3o pedag\u00f3gica de cidadania para o Pa\u00eds&#8221;. <\/P><P>O presidente do Senado garantiu que o ano eleitoral n\u00e3o vai atrapalhar o andamento do projeto, que dever\u00e1 se juntar a outros semelhantes j\u00e1 existentes, como o do senador Arthur Virg\u00edlio (PSDB-AM). <\/P><P>&#8220;Por ser um projeto importante para todo cidad\u00e3o poder exigir clareza no uso dos recursos do Estado, n\u00e3o pode ser partidarizado&#8221;, enfatizou. &#8220;Ao contr\u00e1rio, todos queremos saber como \u00e9 usado nosso dinheiro&#8221;, resumiu Renan Calheiros. <\/P><P><STRONG>Recep\u00e7\u00e3o &#8211;<\/STRONG> Quando as caixas com as assinaturas chegaram ao Congresso, uma comiss\u00e3o de peso aguardava o presidente da ACSP e representantes de entidades como o Sindicato das Empresas de Servi\u00e7os Cont\u00e1beis no Estado de S\u00e3o Paulo (Sescon), Associa\u00e7\u00e3o M\u00e9dica Brasileira (AMB), Ordem dos Advogados do Brasil (OAB) e For\u00e7a Sindical. Os senadores Jorge Bornhausen, presidente nacional do PFL, Agripino Maia (l\u00edder do PFL) e os deputados federais Rodrigo Maia (l\u00edder do PFL na C\u00e2mara) e Alberto Fraga (PFL), entre outros, saudaram Afif. <\/P><P>Jorge Bornhausen adiantou que o PFL est\u00e1 integralmente solid\u00e1rio &#8220;\u00e0 sociedade brasileira, que quer a transpar\u00eancia nos impostos&#8221;. &#8220;Esperamos que o governo d\u00ea prioridade ao pensamento de menos impostos e mais empregos&#8221;, completou.<\/P><P>&#8220;Voc\u00eas est\u00e3o fazendo hist\u00f3ria&#8221; , disse Agripino Maia. Segundo o l\u00edder do PFL no Senado, o projeto de transpar\u00eancia tribut\u00e1ria &#8220;\u00e9 de conscientiza\u00e7\u00e3o nacional, pela sua capacidade de aumentar a vigil\u00e2ncia da popula\u00e7\u00e3o sobre o uso do dinheiro arrecadado com os impostos&#8221;. <\/P><P>No embalo dos apoios, o l\u00edder do PMDB no Senado, Ney Suassuna, foi direto ao assunto: &#8220;Contem com o apoio das bancadas do nosso partido na C\u00e2mara e no Senado, pois esse \u00e9 um projeto que interessa a todo cidad\u00e3o brasileiro&#8221;. Para Suassuna, a transpar\u00eancia tribut\u00e1ria \u00e9 o \u00fanico caminho para acabar com o &#8220;s\u00f3cio oculto&#8221;, que &#8220;pega o dinheiro que quer e s\u00f3 d\u00e1 o que ele quer&#8221;. <\/P><P><STRONG>Uni\u00e3o &#8211;<\/STRONG> Guilherme Afif enfatizou que o movimento que resultou em 1,564 milh\u00e3o de assinaturas foi fruto de uma mobiliza\u00e7\u00e3o de centenas de entidades, que re\u00fanem empreendedores de todos os setores, profissionais liberais e trabalhadores. &#8220;Nos unimos para derrubar a MP 232 (que aumentava impostos para o setor de servi\u00e7os), para dizer um basta a nessa hist\u00f3ria de passar todas as contas para a sociedade pagar&#8221;, disse Afif para os l\u00edderes do Congresso Nacional. <\/P><P><IMG alt=ACE src=\"\/blog\/wp-content\/uploads\/image.php?x=i&#038;i1=100&#038;i2=20011031151924\" align=left border=0><\/P><P><EM>Representantes do movimento\u00a0levam ao congresso as 1,5 milh\u00e3o de assinaturas arrecadadas<\/EM><\/P><P>O presidente da ACSP lembrou que o De Olho no Imposto expressa um desejo da sociedade. &#8220;Por isso estamos aqui, para que esta Casa, que representa a sociedade, v\u00e1 ao encontro de suas reais aspira\u00e7\u00f5es&#8221;, afirmou. Para ele, neste momento o Senado \u00e9 o caminho que pode &#8220;apressar&#8221; a tramita\u00e7\u00e3o desse projeto, &#8220;que tem um forte car\u00e1ter c\u00edvico e educativo&#8221;. <\/P><P>O presidente da For\u00e7a Sindical, Paulo Pereira da Silva, o Paulinho, destacou o esfor\u00e7o dos sindicatos de trabalhadores na coleta de assinaturas e o 1\u00ba de maio deste ano, todo dedicado ao De Olho no Imposto. &#8220;N\u00e3o podemos deixar que se fa\u00e7a uma reforma tribut\u00e1ria de cabe\u00e7a para baixo&#8221;, concluiu. <\/P><P>O presidente da ACE-Guarulhos, Decio Pomp\u00eao Junior, disse que o movimento estabelece um grande marco para o pa\u00eds e que Guarulhos cumpriu com a sua miss\u00e3o sendo a cidade que mais arrecadou assinaturas no estado.<\/P><P>&#8220;Mostramos em Bras\u00edlia qual \u00e9 a vontade do cidad\u00e3o, que luta pelo direito de saber o quanto paga de imposto. A popula\u00e7\u00e3o brasileira est\u00e1 cansada de s\u00f3 pagar e n\u00e3o ter a contra partida, como sa\u00fade, seguran\u00e7a e emprego. Em Guarulhos cumprimos com a nossa miss\u00e3o ultrapassando a meta de assinaturas estipuladas. Todos o brasileiros est\u00e3o de parab\u00e9ns&#8221;, disse.<BR>\u00a0<BR>Faixas tomam conta de Bras\u00edlia &#8211; Fogos, carreata com mais de 300 ve\u00edculos, cerca de 400 representantes de entidades de empres\u00e1rios e trabalhadores tomaram as ruas de Bras\u00edlia com as faixas do De Olho no Imposto. Boa parte deles chegou da capital e de v\u00e1rias cidades do interior de S\u00e3o Paulo, no v\u00f4o especial 9150, da TAM, para se juntar a outros participantes vindos dos estados do Rio de Janeiro, Minas Gerais e Paran\u00e1. A Associa\u00e7\u00e3o Comercial do Distrito Federal garantiu a carreata e os carros de som.<\/P><P>J\u00e1 na chegada ao aeroporto internacional Juscelino Kubitschek, o comandante Meirelles desfraldou uma bandeira do De Olho no Imposto pela sua janela. Mais que isso, tanto ele como a aeromo\u00e7a repetiram slogans do movimento desejando &#8220;sucesso na empreitada aqui em Bras\u00edlia&#8221;. A fala foi aplaudida pelos passageiros, a maioria l\u00edderes que acompanharam o presidente da Associa\u00e7\u00e3o Comercial de S\u00e3o Paulo, Guilherme Afif Domingos, na subida da rampa do Congresso Nacional com as 35 caixas contendo as 1,564 milh\u00e3o de assinaturas da campanha. <\/P><P>O presidente da Confedera\u00e7\u00e3o das Associa\u00e7\u00f5es Comerciais do Brasil (CACB), Alencar Burti, e o ex-presidente da ACSP \u00c9lvio Aliprandi disseram que o projeto ter\u00e1 uma enorme import\u00e2ncia para o processo de aprimoramento da cidadania no Pa\u00eds.<\/P><P>&#8220;A Associa\u00e7\u00e3o Comercial mostrou que est\u00e1 buscando, de forma respons\u00e1vel, o bem da coletividade&#8221;, afirmou Burti. <\/P><P>O\u00a0presidente do Sescon, Ant\u00f4nio Marangon, acrescentou que &#8220;aqui em Bras\u00edlia ser\u00e1 a apoteose do De Olho no Imposto, restando agora aos pol\u00edticos cumprirem seu papel de votar&#8221;. <\/P><P>Os vice-prefeitos de Mogi das Cruzes e Campinas, Marco Aur\u00e9lio Bertaiolli e Guilherme Campos, respectivamente, observaram que a entrega das assinaturas ocorreu no momento exato. <\/P><P>&#8220;O Congresso est\u00e1 disposto a ouvir a sociedade&#8221;, enfatizou Bertaiolli. O presidente da Confedera\u00e7\u00e3o Nacional de Servi\u00e7os (CNS), Luigi Nese, acredita que a necessidade dos pol\u00edticos de se aproximarem da sociedade &#8220;vai acelerar a vota\u00e7\u00e3o no Congresso&#8221;. Os vice-presidentes da ACSP Walmir Mad\u00e1zio e Roberto Mateus Ordine acreditam na aprova\u00e7\u00e3o da proposta antes do final deste ano legislativo.<\/P><P><IMG alt=ACE src=\"\/blog\/wp-content\/uploads\/image.php?x=i&#038;i1=100&#038;i2=20011031150541\" align=left border=0><\/P><P><EM>Bandeiras e faixas do movimento\u00a0De Olho\u00a0no Imposto\u00a0tomam conta do Congresso Nacional<\/EM><\/P><P>J\u00e1 o vice-presidente da Facesp,\u00a0 Regi\u00e3o Administrativa 03 do Alto Tiet\u00ea (a qual Guarulhos faz parte), Anunciato Thomeo Sobrinho, viu com muitos bons olhos a receptividade das maiores for\u00e7as representativas do Congresso Nacional: &#8220;Fomos muito bem recepcionados pelos pol\u00edticos. Tenho certeza que conseguimos sensibiliz\u00e1-los&#8221;, afirmou.<BR><\/P><\/p>\n","protected":false},"excerpt":{"rendered":"ACE-Guarulhos acompanha comitiva a Bras\u00edlia\u00a0\u00a0\u00a0\u00a0\u00a0\u00a0\u00a0\u00a0\u00a0O presindente da ACE-Guarulhos, Decio Pomp\u00eao Junior, o vice-presidente da RA 03 da FACESP, Anunciato Thomeo Sobrinho e o \n<a class=\"moretag\" href=\"https:\/\/www.aceguarulhos.com.br\/blog\/bras%c3%adlia-p%c3%a1ra-com-o-de-olho-no-imposto\/\"> [...]<\/a>","protected":false},"author":8,"featured_media":0,"comment_status":"open","ping_status":"open","sticky":false,"template":"","format":"standard","meta":{"footnotes":""},"categories":[2],"tags":[],"class_list":["post-30188","post","type-post","status-publish","format-standard","hentry","category-noticias"],"yoast_head":"<!-- This site is optimized with the Yoast SEO plugin v28.1 - https:\/\/yoast.com\/product\/yoast-seo-wordpress\/ -->\n<title>Bras\u00edlia p\u00e1ra com o De Olho no Imposto - ACE-Guarulhos<\/title>\n<meta name=\"robots\" content=\"index, follow, max-snippet:-1, max-image-preview:large, max-video-preview:-1\" \/>\n<link rel=\"canonical\" href=\"https:\/\/www.aceguarulhos.com.br\/blog\/bras\u00edlia-p\u00e1ra-com-o-de-olho-no-imposto\/\" \/>\n<meta property=\"og:locale\" content=\"pt_BR\" \/>\n<meta property=\"og:type\" content=\"article\" \/>\n<meta property=\"og:title\" content=\"Bras\u00edlia p\u00e1ra com o De Olho no Imposto - ACE-Guarulhos\" \/>\n<meta property=\"og:description\" content=\"ACE-Guarulhos acompanha comitiva a Bras\u00edlia\u00a0\u00a0\u00a0\u00a0\u00a0\u00a0\u00a0\u00a0\u00a0O presindente da ACE-Guarulhos, Decio Pomp\u00eao Junior, o vice-presidente da RA 03 da FACESP, Anunciato Thomeo Sobrinho e o\" \/>\n<meta property=\"og:url\" content=\"https:\/\/www.aceguarulhos.com.br\/blog\/bras\u00edlia-p\u00e1ra-com-o-de-olho-no-imposto\/\" \/>\n<meta property=\"og:site_name\" content=\"ACE-Guarulhos\" \/>\n<meta property=\"article:publisher\" content=\"https:\/\/www.facebook.com\/aceguarulhos\/\" \/>\n<meta property=\"article:published_time\" content=\"2006-06-05T15:34:59+00:00\" \/>\n<meta name=\"author\" content=\"Assessoria de Imprensa ACE-Guarulhos\" \/>\n<meta name=\"twitter:card\" content=\"summary_large_image\" \/>\n<meta name=\"twitter:label1\" content=\"Escrito por\" \/>\n\t<meta name=\"twitter:data1\" content=\"Assessoria de Imprensa ACE-Guarulhos\" \/>\n\t<meta name=\"twitter:label2\" content=\"Est. tempo de leitura\" \/>\n\t<meta name=\"twitter:data2\" content=\"6 minutos\" \/>\n<script type=\"application\/ld+json\" class=\"yoast-schema-graph\">{\"@context\":\"https:\\\/\\\/schema.org\",\"@graph\":[{\"@type\":\"Article\",\"@id\":\"https:\\\/\\\/www.aceguarulhos.com.br\\\/blog\\\/bras%c3%adlia-p%c3%a1ra-com-o-de-olho-no-imposto\\\/#article\",\"isPartOf\":{\"@id\":\"https:\\\/\\\/www.aceguarulhos.com.br\\\/blog\\\/bras%c3%adlia-p%c3%a1ra-com-o-de-olho-no-imposto\\\/\"},\"author\":{\"name\":\"Assessoria de Imprensa ACE-Guarulhos\",\"@id\":\"https:\\\/\\\/www.aceguarulhos.com.br\\\/blog\\\/#\\\/schema\\\/person\\\/6983b51bad37489989e4f09698c26237\"},\"headline\":\"Bras\u00edlia p\u00e1ra com o De Olho no Imposto\",\"datePublished\":\"2006-06-05T15:34:59+00:00\",\"mainEntityOfPage\":{\"@id\":\"https:\\\/\\\/www.aceguarulhos.com.br\\\/blog\\\/bras%c3%adlia-p%c3%a1ra-com-o-de-olho-no-imposto\\\/\"},\"wordCount\":1247,\"commentCount\":0,\"publisher\":{\"@id\":\"https:\\\/\\\/www.aceguarulhos.com.br\\\/blog\\\/#organization\"},\"articleSection\":[\"Not\u00edcias\"],\"inLanguage\":\"pt-BR\"},{\"@type\":\"WebPage\",\"@id\":\"https:\\\/\\\/www.aceguarulhos.com.br\\\/blog\\\/bras%c3%adlia-p%c3%a1ra-com-o-de-olho-no-imposto\\\/\",\"url\":\"https:\\\/\\\/www.aceguarulhos.com.br\\\/blog\\\/bras%c3%adlia-p%c3%a1ra-com-o-de-olho-no-imposto\\\/\",\"name\":\"Bras\u00edlia p\u00e1ra com o De Olho no Imposto - ACE-Guarulhos\",\"isPartOf\":{\"@id\":\"https:\\\/\\\/www.aceguarulhos.com.br\\\/blog\\\/#website\"},\"datePublished\":\"2006-06-05T15:34:59+00:00\",\"breadcrumb\":{\"@id\":\"https:\\\/\\\/www.aceguarulhos.com.br\\\/blog\\\/bras%c3%adlia-p%c3%a1ra-com-o-de-olho-no-imposto\\\/#breadcrumb\"},\"inLanguage\":\"pt-BR\",\"potentialAction\":[{\"@type\":\"ReadAction\",\"target\":[\"https:\\\/\\\/www.aceguarulhos.com.br\\\/blog\\\/bras%c3%adlia-p%c3%a1ra-com-o-de-olho-no-imposto\\\/\"]}]},{\"@type\":\"BreadcrumbList\",\"@id\":\"https:\\\/\\\/www.aceguarulhos.com.br\\\/blog\\\/bras%c3%adlia-p%c3%a1ra-com-o-de-olho-no-imposto\\\/#breadcrumb\",\"itemListElement\":[{\"@type\":\"ListItem\",\"position\":1,\"name\":\"In\u00edcio\",\"item\":\"https:\\\/\\\/www.aceguarulhos.com.br\\\/blog\\\/\"},{\"@type\":\"ListItem\",\"position\":2,\"name\":\"Bras\u00edlia p\u00e1ra com o De Olho no Imposto\"}]},{\"@type\":\"WebSite\",\"@id\":\"https:\\\/\\\/www.aceguarulhos.com.br\\\/blog\\\/#website\",\"url\":\"https:\\\/\\\/www.aceguarulhos.com.br\\\/blog\\\/\",\"name\":\"ACE-Guarulhos\",\"description\":\"A ACE-Guarulhos \u00e9 uma associa\u00e7\u00e3o que ap\u00f3ia os empres\u00e1rios guarulhenses atrav\u00e9s da representa\u00e7\u00e3o, da gera\u00e7\u00e3o de neg\u00f3cios e presta\u00e7\u00e3o de servi\u00e7os.\",\"publisher\":{\"@id\":\"https:\\\/\\\/www.aceguarulhos.com.br\\\/blog\\\/#organization\"},\"potentialAction\":[{\"@type\":\"SearchAction\",\"target\":{\"@type\":\"EntryPoint\",\"urlTemplate\":\"https:\\\/\\\/www.aceguarulhos.com.br\\\/blog\\\/?s={search_term_string}\"},\"query-input\":{\"@type\":\"PropertyValueSpecification\",\"valueRequired\":true,\"valueName\":\"search_term_string\"}}],\"inLanguage\":\"pt-BR\"},{\"@type\":\"Organization\",\"@id\":\"https:\\\/\\\/www.aceguarulhos.com.br\\\/blog\\\/#organization\",\"name\":\"ACE-Guarulhos\",\"url\":\"https:\\\/\\\/www.aceguarulhos.com.br\\\/blog\\\/\",\"logo\":{\"@type\":\"ImageObject\",\"inLanguage\":\"pt-BR\",\"@id\":\"https:\\\/\\\/www.aceguarulhos.com.br\\\/blog\\\/#\\\/schema\\\/logo\\\/image\\\/\",\"url\":\"https:\\\/\\\/www.aceguarulhos.com.br\\\/blog\\\/wp-content\\\/uploads\\\/2017\\\/12\\\/logo-aceguarulhos-2018.png\",\"contentUrl\":\"https:\\\/\\\/www.aceguarulhos.com.br\\\/blog\\\/wp-content\\\/uploads\\\/2017\\\/12\\\/logo-aceguarulhos-2018.png\",\"width\":419,\"height\":76,\"caption\":\"ACE-Guarulhos\"},\"image\":{\"@id\":\"https:\\\/\\\/www.aceguarulhos.com.br\\\/blog\\\/#\\\/schema\\\/logo\\\/image\\\/\"},\"sameAs\":[\"https:\\\/\\\/www.facebook.com\\\/aceguarulhos\\\/\",\"https:\\\/\\\/br.linkedin.com\\\/in\\\/ace-guarulhos-b9a97093\",\"https:\\\/\\\/www.youtube.com\\\/user\\\/aceguarulhos\"]},{\"@type\":\"Person\",\"@id\":\"https:\\\/\\\/www.aceguarulhos.com.br\\\/blog\\\/#\\\/schema\\\/person\\\/6983b51bad37489989e4f09698c26237\",\"name\":\"Assessoria de Imprensa ACE-Guarulhos\",\"image\":{\"@type\":\"ImageObject\",\"inLanguage\":\"pt-BR\",\"@id\":\"https:\\\/\\\/secure.gravatar.com\\\/avatar\\\/707f3fadd6918afeb64173ab22d8a8cb0676953098a4f31ff36dc2b4c699ef6a?s=96&d=mm&r=g\",\"url\":\"https:\\\/\\\/secure.gravatar.com\\\/avatar\\\/707f3fadd6918afeb64173ab22d8a8cb0676953098a4f31ff36dc2b4c699ef6a?s=96&d=mm&r=g\",\"contentUrl\":\"https:\\\/\\\/secure.gravatar.com\\\/avatar\\\/707f3fadd6918afeb64173ab22d8a8cb0676953098a4f31ff36dc2b4c699ef6a?s=96&d=mm&r=g\",\"caption\":\"Assessoria de Imprensa ACE-Guarulhos\"},\"url\":\"https:\\\/\\\/www.aceguarulhos.com.br\\\/blog\\\/author\\\/assessoria-de-imprensa-ace-guarulhos\\\/\"}]}<\/script>\n<!-- \/ Yoast SEO plugin. -->","yoast_head_json":{"title":"Bras\u00edlia p\u00e1ra com o De Olho no Imposto - ACE-Guarulhos","robots":{"index":"index","follow":"follow","max-snippet":"max-snippet:-1","max-image-preview":"max-image-preview:large","max-video-preview":"max-video-preview:-1"},"canonical":"https:\/\/www.aceguarulhos.com.br\/blog\/bras\u00edlia-p\u00e1ra-com-o-de-olho-no-imposto\/","og_locale":"pt_BR","og_type":"article","og_title":"Bras\u00edlia p\u00e1ra com o De Olho no Imposto - ACE-Guarulhos","og_description":"ACE-Guarulhos acompanha comitiva a Bras\u00edlia\u00a0\u00a0\u00a0\u00a0\u00a0\u00a0\u00a0\u00a0\u00a0O presindente da ACE-Guarulhos, Decio Pomp\u00eao Junior, o vice-presidente da RA 03 da FACESP, Anunciato Thomeo Sobrinho e o","og_url":"https:\/\/www.aceguarulhos.com.br\/blog\/bras\u00edlia-p\u00e1ra-com-o-de-olho-no-imposto\/","og_site_name":"ACE-Guarulhos","article_publisher":"https:\/\/www.facebook.com\/aceguarulhos\/","article_published_time":"2006-06-05T15:34:59+00:00","author":"Assessoria de Imprensa ACE-Guarulhos","twitter_card":"summary_large_image","twitter_misc":{"Escrito por":"Assessoria de Imprensa ACE-Guarulhos","Est. tempo de leitura":"6 minutos"},"schema":{"@context":"https:\/\/schema.org","@graph":[{"@type":"Article","@id":"https:\/\/www.aceguarulhos.com.br\/blog\/bras%c3%adlia-p%c3%a1ra-com-o-de-olho-no-imposto\/#article","isPartOf":{"@id":"https:\/\/www.aceguarulhos.com.br\/blog\/bras%c3%adlia-p%c3%a1ra-com-o-de-olho-no-imposto\/"},"author":{"name":"Assessoria de Imprensa ACE-Guarulhos","@id":"https:\/\/www.aceguarulhos.com.br\/blog\/#\/schema\/person\/6983b51bad37489989e4f09698c26237"},"headline":"Bras\u00edlia p\u00e1ra com o De Olho no Imposto","datePublished":"2006-06-05T15:34:59+00:00","mainEntityOfPage":{"@id":"https:\/\/www.aceguarulhos.com.br\/blog\/bras%c3%adlia-p%c3%a1ra-com-o-de-olho-no-imposto\/"},"wordCount":1247,"commentCount":0,"publisher":{"@id":"https:\/\/www.aceguarulhos.com.br\/blog\/#organization"},"articleSection":["Not\u00edcias"],"inLanguage":"pt-BR"},{"@type":"WebPage","@id":"https:\/\/www.aceguarulhos.com.br\/blog\/bras%c3%adlia-p%c3%a1ra-com-o-de-olho-no-imposto\/","url":"https:\/\/www.aceguarulhos.com.br\/blog\/bras%c3%adlia-p%c3%a1ra-com-o-de-olho-no-imposto\/","name":"Bras\u00edlia p\u00e1ra com o De Olho no Imposto - ACE-Guarulhos","isPartOf":{"@id":"https:\/\/www.aceguarulhos.com.br\/blog\/#website"},"datePublished":"2006-06-05T15:34:59+00:00","breadcrumb":{"@id":"https:\/\/www.aceguarulhos.com.br\/blog\/bras%c3%adlia-p%c3%a1ra-com-o-de-olho-no-imposto\/#breadcrumb"},"inLanguage":"pt-BR","potentialAction":[{"@type":"ReadAction","target":["https:\/\/www.aceguarulhos.com.br\/blog\/bras%c3%adlia-p%c3%a1ra-com-o-de-olho-no-imposto\/"]}]},{"@type":"BreadcrumbList","@id":"https:\/\/www.aceguarulhos.com.br\/blog\/bras%c3%adlia-p%c3%a1ra-com-o-de-olho-no-imposto\/#breadcrumb","itemListElement":[{"@type":"ListItem","position":1,"name":"In\u00edcio","item":"https:\/\/www.aceguarulhos.com.br\/blog\/"},{"@type":"ListItem","position":2,"name":"Bras\u00edlia p\u00e1ra com o De Olho no Imposto"}]},{"@type":"WebSite","@id":"https:\/\/www.aceguarulhos.com.br\/blog\/#website","url":"https:\/\/www.aceguarulhos.com.br\/blog\/","name":"ACE-Guarulhos","description":"A ACE-Guarulhos \u00e9 uma associa\u00e7\u00e3o que ap\u00f3ia os empres\u00e1rios guarulhenses atrav\u00e9s da representa\u00e7\u00e3o, da gera\u00e7\u00e3o de neg\u00f3cios e presta\u00e7\u00e3o de servi\u00e7os.","publisher":{"@id":"https:\/\/www.aceguarulhos.com.br\/blog\/#organization"},"potentialAction":[{"@type":"SearchAction","target":{"@type":"EntryPoint","urlTemplate":"https:\/\/www.aceguarulhos.com.br\/blog\/?s={search_term_string}"},"query-input":{"@type":"PropertyValueSpecification","valueRequired":true,"valueName":"search_term_string"}}],"inLanguage":"pt-BR"},{"@type":"Organization","@id":"https:\/\/www.aceguarulhos.com.br\/blog\/#organization","name":"ACE-Guarulhos","url":"https:\/\/www.aceguarulhos.com.br\/blog\/","logo":{"@type":"ImageObject","inLanguage":"pt-BR","@id":"https:\/\/www.aceguarulhos.com.br\/blog\/#\/schema\/logo\/image\/","url":"https:\/\/www.aceguarulhos.com.br\/blog\/wp-content\/uploads\/2017\/12\/logo-aceguarulhos-2018.png","contentUrl":"https:\/\/www.aceguarulhos.com.br\/blog\/wp-content\/uploads\/2017\/12\/logo-aceguarulhos-2018.png","width":419,"height":76,"caption":"ACE-Guarulhos"},"image":{"@id":"https:\/\/www.aceguarulhos.com.br\/blog\/#\/schema\/logo\/image\/"},"sameAs":["https:\/\/www.facebook.com\/aceguarulhos\/","https:\/\/br.linkedin.com\/in\/ace-guarulhos-b9a97093","https:\/\/www.youtube.com\/user\/aceguarulhos"]},{"@type":"Person","@id":"https:\/\/www.aceguarulhos.com.br\/blog\/#\/schema\/person\/6983b51bad37489989e4f09698c26237","name":"Assessoria de Imprensa ACE-Guarulhos","image":{"@type":"ImageObject","inLanguage":"pt-BR","@id":"https:\/\/secure.gravatar.com\/avatar\/707f3fadd6918afeb64173ab22d8a8cb0676953098a4f31ff36dc2b4c699ef6a?s=96&d=mm&r=g","url":"https:\/\/secure.gravatar.com\/avatar\/707f3fadd6918afeb64173ab22d8a8cb0676953098a4f31ff36dc2b4c699ef6a?s=96&d=mm&r=g","contentUrl":"https:\/\/secure.gravatar.com\/avatar\/707f3fadd6918afeb64173ab22d8a8cb0676953098a4f31ff36dc2b4c699ef6a?s=96&d=mm&r=g","caption":"Assessoria de Imprensa ACE-Guarulhos"},"url":"https:\/\/www.aceguarulhos.com.br\/blog\/author\/assessoria-de-imprensa-ace-guarulhos\/"}]}},"wps_subtitle":"","amp_enabled":true,"_links":{"self":[{"href":"https:\/\/www.aceguarulhos.com.br\/blog\/wp-json\/wp\/v2\/posts\/30188","targetHints":{"allow":["GET"]}}],"collection":[{"href":"https:\/\/www.aceguarulhos.com.br\/blog\/wp-json\/wp\/v2\/posts"}],"about":[{"href":"https:\/\/www.aceguarulhos.com.br\/blog\/wp-json\/wp\/v2\/types\/post"}],"author":[{"embeddable":true,"href":"https:\/\/www.aceguarulhos.com.br\/blog\/wp-json\/wp\/v2\/users\/8"}],"replies":[{"embeddable":true,"href":"https:\/\/www.aceguarulhos.com.br\/blog\/wp-json\/wp\/v2\/comments?post=30188"}],"version-history":[{"count":0,"href":"https:\/\/www.aceguarulhos.com.br\/blog\/wp-json\/wp\/v2\/posts\/30188\/revisions"}],"wp:attachment":[{"href":"https:\/\/www.aceguarulhos.com.br\/blog\/wp-json\/wp\/v2\/media?parent=30188"}],"wp:term":[{"taxonomy":"category","embeddable":true,"href":"https:\/\/www.aceguarulhos.com.br\/blog\/wp-json\/wp\/v2\/categories?post=30188"},{"taxonomy":"post_tag","embeddable":true,"href":"https:\/\/www.aceguarulhos.com.br\/blog\/wp-json\/wp\/v2\/tags?post=30188"}],"curies":[{"name":"wp","href":"https:\/\/api.w.org\/{rel}","templated":true}]}}