{"id":30185,"date":"2006-06-05T14:30:55","date_gmt":"2006-06-05T14:30:55","guid":{"rendered":"http:\/\/www.aceguarulhos.com.br\/blog\/?p=30185"},"modified":"-0001-11-30T00:00:00","modified_gmt":"-0001-11-30T03:00:00","slug":"ace-comemora-o-dia-da-imprensa-com-jornalistas","status":"publish","type":"post","link":"https:\/\/www.aceguarulhos.com.br\/blog\/ace-comemora-o-dia-da-imprensa-com-jornalistas\/","title":{"rendered":"ACE comemora o Dia da Imprensa com jornalistas"},"content":{"rendered":"<p><P><EM>Evento, que reuniu profissionais da m\u00eddia guarulhense, serviu para comemorar o Dia da Imprensa e a divulga\u00e7\u00e3o do Pr\u00eamio Destaque Empresarial 2006<\/EM><BR>\u00a0<BR><IMG alt=ACE src=\"\/blog\/wp-content\/uploads\/image.php?x=i&#038;i1=100&#038;i2=20011106165827\" align=left border=0><\/P><P><EM>O presidente da ACE, Decio Pomp\u00eao Junior, juntamente com a diretoria da entidade, prestigiaram os amigos da imprensa<\/EM><\/P><P>Em comemora\u00e7\u00e3o ao Dia da Imprensa, a Associa\u00e7\u00e3o Comercial e Empresarial de Guarulhos (ACE) promoveu na quinta-feira (01\/06), um caf\u00e9 da manh\u00e3 que contou com a presen\u00e7a de profissionais da m\u00eddia guarulhense. O evento serviu tamb\u00e9m para anunciar a realiza\u00e7\u00e3o do tradicional Pr\u00eamio Destaque Empresarial.<BR>\u00a0<BR>Ao todo, 13 ve\u00edculos de comunica\u00e7\u00e3o compareceram ao evento, entre eles o jornal Olho Vivo, Folha Metropolitana, Rede TeoVision Canal 14, TV Destaque Canal 15, TV Guarulhos Canal 20, Jornal Positivo, Jornal do Bom Clima, Revista \u00c9, Jornal do Farol, Jornal O Ponto, Jornal Op\u00e7\u00e3o, Portal GuarulhosWeb e Jornal Tudo de Bonsucesso.<BR>\u00a0<BR><IMG alt=ACE src=\"\/blog\/wp-content\/uploads\/image.php?x=i&#038;i1=100&#038;i2=20011106162409\" align=left border=0><\/P><P><EM>O jornalista\u00a0Wilson Cardoso de S\u00e1 (Folha Metropolitana), o propriet\u00e1rio do jornal Positivo, J\u00falio Mazzola, e os jornalistas Valdir Carleto e Augusto Pinheiro (Olho Vivo)<\/EM><\/P><P>Estavam presentes tamb\u00e9m o presidente da ACE, Decio Pomp\u00eao Junior; o vice-presidente de servi\u00e7os da ACE, Wilson Jos\u00e9 Louren\u00e7o; o vice-presidente do com\u00e9rcio, Jorge Taiar; o diretor de marketing, Paulo Sanches; o diretor administrativo, Ananias Ara\u00fajo Sobrinho; o Superintendente da entidade, Maurici Dias Gomes, al\u00e9m dos profissionais da assessoria de imprensa da ACE_Guarulhos, S\u00e9rgio Lessa e S\u00e1vio Junior.<BR>\u00a0<BR>Decio Pomp\u00eao Junior parabenizou todos os profissionais presentes. Segundo ele, apesar de Guarulhos n\u00e3o possuir uma imprensa forte, os ve\u00edculos da cidade prestam um grande servi\u00e7o.<BR>\u00a0<BR>&#8220;Sempre que a ACE precisou dos amigos da imprensa, fomos atendidos. Um exemplo \u00e9 esta festa em comemora\u00e7\u00e3o ao dia da imprensa. Mas quero ressaltar o belo trabalho da m\u00eddia guarulhense, que nos reporta todos os dias, apesar de tantas dificuldades, os acontecimentos de nossa cidade&#8221;, disse.<BR>\u00a0<BR>Decio aproveitou o caf\u00e9 da manh\u00e3 para falar de sua viagem a Bras\u00edlia, juntamente com Anunciato Thomeo e outros representantes de entidades paulistas, que entregaram no Congresso Nacional as 1,5 milh\u00e3o de assinaturas arrecadadas pelo Movimento De Olho no Imposto. Segundo ele, o acontecimento \u00e9 um marco para o pa\u00eds, pois mostra que a popula\u00e7\u00e3o brasileira quer mais transpar\u00eancia.<BR>\u00a0<BR>&#8220;N\u00f3s fomos a Bras\u00edlia levar a vontade do cidad\u00e3o brasileiro, que tem o direito de saber o quanto paga de impostos&#8221;, disse.<BR>\u00a0<BR>Destaque Empresarial &#8211; Os profissionais de imprensa ficaram sabendo que a ACE-Guarulhos j\u00e1 come\u00e7ou a organizar o &#8220;Pr\u00eamio Destaque Empresarial 2006&#8221;. O evento foi criado para comemorar o anivers\u00e1rio da entidade e o dia do comerciante.<BR>\u00a0<BR>A tradicional premia\u00e7\u00e3o acontecer\u00e1 no Open Hall Convention Center, no dia 20 de julho, \u00e0s 19h. Neste ano a premia\u00e7\u00e3o ser\u00e1 oferecida por regi\u00e3o da cidade, que poder\u00e1 fazer a indica\u00e7\u00e3o de empresas e institui\u00e7\u00f5es que se encaixem nas categorias ind\u00fastria, com\u00e9rcio, presta\u00e7\u00e3o de servi\u00e7o e terceiro setor. O cantor e compositor Peninha ser\u00e1 a atra\u00e7\u00e3o do evento. Outra novidade ser\u00e1 a premia\u00e7\u00e3o da Mulher Empreendedora.<BR>\u00a0<BR>O superintendente da ACE, Maurici Dias Gomes, garantiu que qualquer empresa ou institui\u00e7\u00e3o pode ser indicada, independentemente de ser associada ou n\u00e3o \u00e0 entidade.<BR>\u00a0<BR>&#8220;Sempre ouvimos na cidade e com propriedade que o pr\u00eamio s\u00f3 laureava os grandes empreendedores. Por isso mesmo queremos que micro e pequenas empresas, de todas as regi\u00f5es de Guarulhos, possam concorrer ao pr\u00eamio&#8221;, disse.<BR>\u00a0<BR>&#8220;As empresas n\u00e3o precisam ter, necessariamente, v\u00ednculo com a ACE, mas n\u00e3o quero mentir que irei pedir para o comercial da nossa entidade visitar aqueles empres\u00e1rios que n\u00e3o s\u00e3o associados&#8221;, falou Decio Pomp\u00eao Junior.<BR>\u00a0<BR>Qualquer empresa pode se auto-indicar \u00e0 premia\u00e7\u00e3o. Uma comiss\u00e3o julgadora ser\u00e1 formada com o intuito de escolher as indica\u00e7\u00f5es. Entre os crit\u00e9rios a serem utilizados est\u00e3o: participa\u00e7\u00e3o na economia, gera\u00e7\u00e3o de emprego e renda, bem como envolvimento com a comunidade, entre outros. A ACE estuda a possibilidade de permitir que alguns ve\u00edculos de comunica\u00e7\u00e3o da cidade possam acompanhar a escolha da comiss\u00e3o.<BR>\u00a0<BR><STRONG><IMG alt=ACE src=\"\/blog\/wp-content\/uploads\/image.php?x=i&#038;i1=100&#038;i2=20011106154335\" align=left border=0><\/STRONG><\/P><P><STRONG><\/STRONG>\u00a0<\/P><P><STRONG><\/STRONG>\u00a0<\/P><P><STRONG><\/STRONG>\u00a0<\/P><P><STRONG><\/STRONG>\u00a0<\/P><P><STRONG><\/STRONG>\u00a0<\/P><P><STRONG><\/STRONG>\u00a0<\/P><P><STRONG><\/STRONG>\u00a0<\/P><P><STRONG><\/STRONG>\u00a0<\/P><P><STRONG><\/STRONG>\u00a0<\/P><P><EM>Peron Filho (TV Cidade\/Rede Teovision), Paula Nagem (Revista \u00c9), Joel Baptista (Rede Teovision) e a empres\u00e1ria e apresentadora S\u00f4nia Lago<\/EM><\/P><P><STRONG>Dia da Imprensa &#8211;<\/STRONG> O dia da imprensa era comemorado no dia 10 de setembro. Segundo a hist\u00f3ria, nesta data no ano de 1808, circulou pela primeira vez a Gazeta do Rio de Janeiro, um jornal oficial que servia \u00e0 Corte. At\u00e9 este ano, eram proibidas a circula\u00e7\u00e3o e a imprensa de qualquer tipo de jornal ou livro.<BR>\u00a0<BR>Por\u00e9m, havia um jornal que, antes da cria\u00e7\u00e3o da Gazeta do Rio de Janeiro, j\u00e1 circulava clandestinamente: era o Correio Braziliense, produzido pelo jornalista ga\u00facho Hip\u00f3lito Jos\u00e9 da Costa Pereira Furtado de Mendon\u00e7a. <BR>\u00a0<BR>O Correio Braziliense foi lan\u00e7ado em junho de 1808, ou seja, tr\u00eas meses antes da Gazeta. Em 1999, o peri\u00f3dico foi reconhecido oficialmente como pioneiro na hist\u00f3ria da imprensa brasileira e ent\u00e3o, foi criada a Lei n\u00b0 9.831 que determinava a mudan\u00e7a da data para o dia 1\u00b0 de junho.<BR><\/P><\/p>\n","protected":false},"excerpt":{"rendered":"Evento, que reuniu profissionais da m\u00eddia guarulhense, serviu para comemorar o Dia da Imprensa e a divulga\u00e7\u00e3o do Pr\u00eamio Destaque Empresarial 2006\u00a0O presidente \n<a class=\"moretag\" href=\"https:\/\/www.aceguarulhos.com.br\/blog\/ace-comemora-o-dia-da-imprensa-com-jornalistas\/\"> [...]<\/a>","protected":false},"author":8,"featured_media":0,"comment_status":"open","ping_status":"open","sticky":false,"template":"","format":"standard","meta":{"footnotes":""},"categories":[2],"tags":[],"class_list":["post-30185","post","type-post","status-publish","format-standard","hentry","category-noticias"],"yoast_head":"<!-- This site is optimized with the Yoast SEO plugin v28.1 - https:\/\/yoast.com\/product\/yoast-seo-wordpress\/ -->\n<title>ACE comemora o Dia da Imprensa com jornalistas - ACE-Guarulhos<\/title>\n<meta name=\"robots\" content=\"index, follow, max-snippet:-1, max-image-preview:large, max-video-preview:-1\" \/>\n<link rel=\"canonical\" href=\"https:\/\/www.aceguarulhos.com.br\/blog\/ace-comemora-o-dia-da-imprensa-com-jornalistas\/\" \/>\n<meta property=\"og:locale\" content=\"pt_BR\" \/>\n<meta property=\"og:type\" content=\"article\" \/>\n<meta property=\"og:title\" content=\"ACE comemora o Dia da Imprensa com jornalistas - ACE-Guarulhos\" \/>\n<meta property=\"og:description\" content=\"Evento, que reuniu profissionais da m\u00eddia guarulhense, serviu para comemorar o Dia da Imprensa e a divulga\u00e7\u00e3o do Pr\u00eamio Destaque Empresarial 2006\u00a0O presidente\" \/>\n<meta property=\"og:url\" content=\"https:\/\/www.aceguarulhos.com.br\/blog\/ace-comemora-o-dia-da-imprensa-com-jornalistas\/\" \/>\n<meta property=\"og:site_name\" content=\"ACE-Guarulhos\" \/>\n<meta property=\"article:publisher\" content=\"https:\/\/www.facebook.com\/aceguarulhos\/\" \/>\n<meta property=\"article:published_time\" content=\"2006-06-05T14:30:55+00:00\" \/>\n<meta name=\"author\" content=\"Assessoria de Imprensa ACE-Guarulhos\" \/>\n<meta name=\"twitter:card\" content=\"summary_large_image\" \/>\n<meta name=\"twitter:label1\" content=\"Escrito por\" \/>\n\t<meta name=\"twitter:data1\" content=\"Assessoria de Imprensa ACE-Guarulhos\" \/>\n\t<meta name=\"twitter:label2\" content=\"Est. tempo de leitura\" \/>\n\t<meta name=\"twitter:data2\" content=\"4 minutos\" \/>\n<script type=\"application\/ld+json\" class=\"yoast-schema-graph\">{\"@context\":\"https:\\\/\\\/schema.org\",\"@graph\":[{\"@type\":\"Article\",\"@id\":\"https:\\\/\\\/www.aceguarulhos.com.br\\\/blog\\\/ace-comemora-o-dia-da-imprensa-com-jornalistas\\\/#article\",\"isPartOf\":{\"@id\":\"https:\\\/\\\/www.aceguarulhos.com.br\\\/blog\\\/ace-comemora-o-dia-da-imprensa-com-jornalistas\\\/\"},\"author\":{\"name\":\"Assessoria de Imprensa ACE-Guarulhos\",\"@id\":\"https:\\\/\\\/www.aceguarulhos.com.br\\\/blog\\\/#\\\/schema\\\/person\\\/6983b51bad37489989e4f09698c26237\"},\"headline\":\"ACE comemora o Dia da Imprensa com jornalistas\",\"datePublished\":\"2006-06-05T14:30:55+00:00\",\"mainEntityOfPage\":{\"@id\":\"https:\\\/\\\/www.aceguarulhos.com.br\\\/blog\\\/ace-comemora-o-dia-da-imprensa-com-jornalistas\\\/\"},\"wordCount\":870,\"commentCount\":0,\"publisher\":{\"@id\":\"https:\\\/\\\/www.aceguarulhos.com.br\\\/blog\\\/#organization\"},\"articleSection\":[\"Not\u00edcias\"],\"inLanguage\":\"pt-BR\"},{\"@type\":\"WebPage\",\"@id\":\"https:\\\/\\\/www.aceguarulhos.com.br\\\/blog\\\/ace-comemora-o-dia-da-imprensa-com-jornalistas\\\/\",\"url\":\"https:\\\/\\\/www.aceguarulhos.com.br\\\/blog\\\/ace-comemora-o-dia-da-imprensa-com-jornalistas\\\/\",\"name\":\"ACE comemora o Dia da Imprensa com jornalistas - ACE-Guarulhos\",\"isPartOf\":{\"@id\":\"https:\\\/\\\/www.aceguarulhos.com.br\\\/blog\\\/#website\"},\"datePublished\":\"2006-06-05T14:30:55+00:00\",\"breadcrumb\":{\"@id\":\"https:\\\/\\\/www.aceguarulhos.com.br\\\/blog\\\/ace-comemora-o-dia-da-imprensa-com-jornalistas\\\/#breadcrumb\"},\"inLanguage\":\"pt-BR\",\"potentialAction\":[{\"@type\":\"ReadAction\",\"target\":[\"https:\\\/\\\/www.aceguarulhos.com.br\\\/blog\\\/ace-comemora-o-dia-da-imprensa-com-jornalistas\\\/\"]}]},{\"@type\":\"BreadcrumbList\",\"@id\":\"https:\\\/\\\/www.aceguarulhos.com.br\\\/blog\\\/ace-comemora-o-dia-da-imprensa-com-jornalistas\\\/#breadcrumb\",\"itemListElement\":[{\"@type\":\"ListItem\",\"position\":1,\"name\":\"In\u00edcio\",\"item\":\"https:\\\/\\\/www.aceguarulhos.com.br\\\/blog\\\/\"},{\"@type\":\"ListItem\",\"position\":2,\"name\":\"ACE comemora o Dia da Imprensa com jornalistas\"}]},{\"@type\":\"WebSite\",\"@id\":\"https:\\\/\\\/www.aceguarulhos.com.br\\\/blog\\\/#website\",\"url\":\"https:\\\/\\\/www.aceguarulhos.com.br\\\/blog\\\/\",\"name\":\"ACE-Guarulhos\",\"description\":\"A ACE-Guarulhos \u00e9 uma associa\u00e7\u00e3o que ap\u00f3ia os empres\u00e1rios guarulhenses atrav\u00e9s da representa\u00e7\u00e3o, da gera\u00e7\u00e3o de neg\u00f3cios e presta\u00e7\u00e3o de servi\u00e7os.\",\"publisher\":{\"@id\":\"https:\\\/\\\/www.aceguarulhos.com.br\\\/blog\\\/#organization\"},\"potentialAction\":[{\"@type\":\"SearchAction\",\"target\":{\"@type\":\"EntryPoint\",\"urlTemplate\":\"https:\\\/\\\/www.aceguarulhos.com.br\\\/blog\\\/?s={search_term_string}\"},\"query-input\":{\"@type\":\"PropertyValueSpecification\",\"valueRequired\":true,\"valueName\":\"search_term_string\"}}],\"inLanguage\":\"pt-BR\"},{\"@type\":\"Organization\",\"@id\":\"https:\\\/\\\/www.aceguarulhos.com.br\\\/blog\\\/#organization\",\"name\":\"ACE-Guarulhos\",\"url\":\"https:\\\/\\\/www.aceguarulhos.com.br\\\/blog\\\/\",\"logo\":{\"@type\":\"ImageObject\",\"inLanguage\":\"pt-BR\",\"@id\":\"https:\\\/\\\/www.aceguarulhos.com.br\\\/blog\\\/#\\\/schema\\\/logo\\\/image\\\/\",\"url\":\"https:\\\/\\\/www.aceguarulhos.com.br\\\/blog\\\/wp-content\\\/uploads\\\/2017\\\/12\\\/logo-aceguarulhos-2018.png\",\"contentUrl\":\"https:\\\/\\\/www.aceguarulhos.com.br\\\/blog\\\/wp-content\\\/uploads\\\/2017\\\/12\\\/logo-aceguarulhos-2018.png\",\"width\":419,\"height\":76,\"caption\":\"ACE-Guarulhos\"},\"image\":{\"@id\":\"https:\\\/\\\/www.aceguarulhos.com.br\\\/blog\\\/#\\\/schema\\\/logo\\\/image\\\/\"},\"sameAs\":[\"https:\\\/\\\/www.facebook.com\\\/aceguarulhos\\\/\",\"https:\\\/\\\/br.linkedin.com\\\/in\\\/ace-guarulhos-b9a97093\",\"https:\\\/\\\/www.youtube.com\\\/user\\\/aceguarulhos\"]},{\"@type\":\"Person\",\"@id\":\"https:\\\/\\\/www.aceguarulhos.com.br\\\/blog\\\/#\\\/schema\\\/person\\\/6983b51bad37489989e4f09698c26237\",\"name\":\"Assessoria de Imprensa ACE-Guarulhos\",\"image\":{\"@type\":\"ImageObject\",\"inLanguage\":\"pt-BR\",\"@id\":\"https:\\\/\\\/secure.gravatar.com\\\/avatar\\\/707f3fadd6918afeb64173ab22d8a8cb0676953098a4f31ff36dc2b4c699ef6a?s=96&d=mm&r=g\",\"url\":\"https:\\\/\\\/secure.gravatar.com\\\/avatar\\\/707f3fadd6918afeb64173ab22d8a8cb0676953098a4f31ff36dc2b4c699ef6a?s=96&d=mm&r=g\",\"contentUrl\":\"https:\\\/\\\/secure.gravatar.com\\\/avatar\\\/707f3fadd6918afeb64173ab22d8a8cb0676953098a4f31ff36dc2b4c699ef6a?s=96&d=mm&r=g\",\"caption\":\"Assessoria de Imprensa ACE-Guarulhos\"},\"url\":\"https:\\\/\\\/www.aceguarulhos.com.br\\\/blog\\\/author\\\/assessoria-de-imprensa-ace-guarulhos\\\/\"}]}<\/script>\n<!-- \/ Yoast SEO plugin. -->","yoast_head_json":{"title":"ACE comemora o Dia da Imprensa com jornalistas - ACE-Guarulhos","robots":{"index":"index","follow":"follow","max-snippet":"max-snippet:-1","max-image-preview":"max-image-preview:large","max-video-preview":"max-video-preview:-1"},"canonical":"https:\/\/www.aceguarulhos.com.br\/blog\/ace-comemora-o-dia-da-imprensa-com-jornalistas\/","og_locale":"pt_BR","og_type":"article","og_title":"ACE comemora o Dia da Imprensa com jornalistas - ACE-Guarulhos","og_description":"Evento, que reuniu profissionais da m\u00eddia guarulhense, serviu para comemorar o Dia da Imprensa e a divulga\u00e7\u00e3o do Pr\u00eamio Destaque Empresarial 2006\u00a0O presidente","og_url":"https:\/\/www.aceguarulhos.com.br\/blog\/ace-comemora-o-dia-da-imprensa-com-jornalistas\/","og_site_name":"ACE-Guarulhos","article_publisher":"https:\/\/www.facebook.com\/aceguarulhos\/","article_published_time":"2006-06-05T14:30:55+00:00","author":"Assessoria de Imprensa ACE-Guarulhos","twitter_card":"summary_large_image","twitter_misc":{"Escrito por":"Assessoria de Imprensa ACE-Guarulhos","Est. tempo de leitura":"4 minutos"},"schema":{"@context":"https:\/\/schema.org","@graph":[{"@type":"Article","@id":"https:\/\/www.aceguarulhos.com.br\/blog\/ace-comemora-o-dia-da-imprensa-com-jornalistas\/#article","isPartOf":{"@id":"https:\/\/www.aceguarulhos.com.br\/blog\/ace-comemora-o-dia-da-imprensa-com-jornalistas\/"},"author":{"name":"Assessoria de Imprensa ACE-Guarulhos","@id":"https:\/\/www.aceguarulhos.com.br\/blog\/#\/schema\/person\/6983b51bad37489989e4f09698c26237"},"headline":"ACE comemora o Dia da Imprensa com jornalistas","datePublished":"2006-06-05T14:30:55+00:00","mainEntityOfPage":{"@id":"https:\/\/www.aceguarulhos.com.br\/blog\/ace-comemora-o-dia-da-imprensa-com-jornalistas\/"},"wordCount":870,"commentCount":0,"publisher":{"@id":"https:\/\/www.aceguarulhos.com.br\/blog\/#organization"},"articleSection":["Not\u00edcias"],"inLanguage":"pt-BR"},{"@type":"WebPage","@id":"https:\/\/www.aceguarulhos.com.br\/blog\/ace-comemora-o-dia-da-imprensa-com-jornalistas\/","url":"https:\/\/www.aceguarulhos.com.br\/blog\/ace-comemora-o-dia-da-imprensa-com-jornalistas\/","name":"ACE comemora o Dia da Imprensa com jornalistas - ACE-Guarulhos","isPartOf":{"@id":"https:\/\/www.aceguarulhos.com.br\/blog\/#website"},"datePublished":"2006-06-05T14:30:55+00:00","breadcrumb":{"@id":"https:\/\/www.aceguarulhos.com.br\/blog\/ace-comemora-o-dia-da-imprensa-com-jornalistas\/#breadcrumb"},"inLanguage":"pt-BR","potentialAction":[{"@type":"ReadAction","target":["https:\/\/www.aceguarulhos.com.br\/blog\/ace-comemora-o-dia-da-imprensa-com-jornalistas\/"]}]},{"@type":"BreadcrumbList","@id":"https:\/\/www.aceguarulhos.com.br\/blog\/ace-comemora-o-dia-da-imprensa-com-jornalistas\/#breadcrumb","itemListElement":[{"@type":"ListItem","position":1,"name":"In\u00edcio","item":"https:\/\/www.aceguarulhos.com.br\/blog\/"},{"@type":"ListItem","position":2,"name":"ACE comemora o Dia da Imprensa com jornalistas"}]},{"@type":"WebSite","@id":"https:\/\/www.aceguarulhos.com.br\/blog\/#website","url":"https:\/\/www.aceguarulhos.com.br\/blog\/","name":"ACE-Guarulhos","description":"A ACE-Guarulhos \u00e9 uma associa\u00e7\u00e3o que ap\u00f3ia os empres\u00e1rios guarulhenses atrav\u00e9s da representa\u00e7\u00e3o, da gera\u00e7\u00e3o de neg\u00f3cios e presta\u00e7\u00e3o de servi\u00e7os.","publisher":{"@id":"https:\/\/www.aceguarulhos.com.br\/blog\/#organization"},"potentialAction":[{"@type":"SearchAction","target":{"@type":"EntryPoint","urlTemplate":"https:\/\/www.aceguarulhos.com.br\/blog\/?s={search_term_string}"},"query-input":{"@type":"PropertyValueSpecification","valueRequired":true,"valueName":"search_term_string"}}],"inLanguage":"pt-BR"},{"@type":"Organization","@id":"https:\/\/www.aceguarulhos.com.br\/blog\/#organization","name":"ACE-Guarulhos","url":"https:\/\/www.aceguarulhos.com.br\/blog\/","logo":{"@type":"ImageObject","inLanguage":"pt-BR","@id":"https:\/\/www.aceguarulhos.com.br\/blog\/#\/schema\/logo\/image\/","url":"https:\/\/www.aceguarulhos.com.br\/blog\/wp-content\/uploads\/2017\/12\/logo-aceguarulhos-2018.png","contentUrl":"https:\/\/www.aceguarulhos.com.br\/blog\/wp-content\/uploads\/2017\/12\/logo-aceguarulhos-2018.png","width":419,"height":76,"caption":"ACE-Guarulhos"},"image":{"@id":"https:\/\/www.aceguarulhos.com.br\/blog\/#\/schema\/logo\/image\/"},"sameAs":["https:\/\/www.facebook.com\/aceguarulhos\/","https:\/\/br.linkedin.com\/in\/ace-guarulhos-b9a97093","https:\/\/www.youtube.com\/user\/aceguarulhos"]},{"@type":"Person","@id":"https:\/\/www.aceguarulhos.com.br\/blog\/#\/schema\/person\/6983b51bad37489989e4f09698c26237","name":"Assessoria de Imprensa ACE-Guarulhos","image":{"@type":"ImageObject","inLanguage":"pt-BR","@id":"https:\/\/secure.gravatar.com\/avatar\/707f3fadd6918afeb64173ab22d8a8cb0676953098a4f31ff36dc2b4c699ef6a?s=96&d=mm&r=g","url":"https:\/\/secure.gravatar.com\/avatar\/707f3fadd6918afeb64173ab22d8a8cb0676953098a4f31ff36dc2b4c699ef6a?s=96&d=mm&r=g","contentUrl":"https:\/\/secure.gravatar.com\/avatar\/707f3fadd6918afeb64173ab22d8a8cb0676953098a4f31ff36dc2b4c699ef6a?s=96&d=mm&r=g","caption":"Assessoria de Imprensa ACE-Guarulhos"},"url":"https:\/\/www.aceguarulhos.com.br\/blog\/author\/assessoria-de-imprensa-ace-guarulhos\/"}]}},"wps_subtitle":"","amp_enabled":true,"_links":{"self":[{"href":"https:\/\/www.aceguarulhos.com.br\/blog\/wp-json\/wp\/v2\/posts\/30185","targetHints":{"allow":["GET"]}}],"collection":[{"href":"https:\/\/www.aceguarulhos.com.br\/blog\/wp-json\/wp\/v2\/posts"}],"about":[{"href":"https:\/\/www.aceguarulhos.com.br\/blog\/wp-json\/wp\/v2\/types\/post"}],"author":[{"embeddable":true,"href":"https:\/\/www.aceguarulhos.com.br\/blog\/wp-json\/wp\/v2\/users\/8"}],"replies":[{"embeddable":true,"href":"https:\/\/www.aceguarulhos.com.br\/blog\/wp-json\/wp\/v2\/comments?post=30185"}],"version-history":[{"count":0,"href":"https:\/\/www.aceguarulhos.com.br\/blog\/wp-json\/wp\/v2\/posts\/30185\/revisions"}],"wp:attachment":[{"href":"https:\/\/www.aceguarulhos.com.br\/blog\/wp-json\/wp\/v2\/media?parent=30185"}],"wp:term":[{"taxonomy":"category","embeddable":true,"href":"https:\/\/www.aceguarulhos.com.br\/blog\/wp-json\/wp\/v2\/categories?post=30185"},{"taxonomy":"post_tag","embeddable":true,"href":"https:\/\/www.aceguarulhos.com.br\/blog\/wp-json\/wp\/v2\/tags?post=30185"}],"curies":[{"name":"wp","href":"https:\/\/api.w.org\/{rel}","templated":true}]}}