{"id":30163,"date":"2006-05-30T00:43:49","date_gmt":"2006-05-30T00:43:49","guid":{"rendered":"http:\/\/www.aceguarulhos.com.br\/blog\/?p=30163"},"modified":"-0001-11-30T00:00:00","modified_gmt":"-0001-11-30T03:00:00","slug":"evento-debater%c3%a1-o-com%c3%a9rcio-exterior-no-alto-tiet%c3%aa","status":"publish","type":"post","link":"https:\/\/www.aceguarulhos.com.br\/blog\/evento-debater%c3%a1-o-com%c3%a9rcio-exterior-no-alto-tiet%c3%aa\/","title":{"rendered":"Evento debater\u00e1 o Com\u00e9rcio Exterior no Alto Tiet\u00ea"},"content":{"rendered":"<p><P>A cidade de Guarulhos ser\u00e1 sede de mais um grande evento de Com\u00e9rcio Exterior, que tem a coordena\u00e7\u00e3o da Associa\u00e7\u00e3o Comercial e Empresarial de Guarulhos (ACE), com o apoio das principais entidades locais e regionais. O evento &#8220;Exportar para crescer&#8221;, que ser\u00e1 realizado no dia 15 de agosto deste ano, \u00e9 o marco do processo de mobiliza\u00e7\u00e3o de produtores da Regi\u00e3o de Guarulhos e do Alto Tiet\u00ea para sua maior inser\u00e7\u00e3o no com\u00e9rcio internacional, por meio do incremento de exporta\u00e7\u00f5es. A iniciativa \u00e9 composta por semin\u00e1rio, encontro de neg\u00f3cios e despachos executivos.<BR>\u00a0<BR>O semin\u00e1rio vai divulgar as a\u00e7\u00f5es da Secretaria Estadual da Ci\u00eancia, Tecnologia e Desenvolvimento Econ\u00f4mico para o fomento do Com\u00e9rcio Exterior do Estado e apresentar\u00e1 os trabalhos do Projeto EXPORTA, S\u00c3O PAULO, al\u00e9m de discutir as op\u00e7\u00f5es de racionaliza\u00e7\u00e3o da log\u00edstica e das opera\u00e7\u00f5es financeiras de exportadores de pequeno porte, que geralmente lidam com lotes de valores inferiores a US$ 10 mil, por embarque.<BR>\u00a0<BR>Haver\u00e1 tamb\u00e9m encontros de neg\u00f3cios, que tem por objetivo aproximar produtores a prestadores de servi\u00e7os de exporta\u00e7\u00e3o e importa\u00e7\u00e3o, com vistas a agilizar as vendas ao exterior e reduzir custos de prospec\u00e7\u00e3o de neg\u00f3cios e de acesso a mercados externos.<BR>\u00a0<BR>O evento contar\u00e1 tamb\u00e9m com despachos executivos, que tem como meta aproximar exportadores e produtores com potencial de vendas ao exterior com entidades, como o Instituto de Pesquisas Tecnol\u00f3gicas &#8211; IPT, gestor do Programa de Apoio Tecnol\u00f3gico \u00e0 Exporta\u00e7\u00e3o \u00e0 Empresa Exportadora &#8211; PROGEX; os Correios, que operam o Programa EXPORTA F\u00c1CIL; e a Seguradora Brasileira de Cr\u00e9dito \u00e0 Exporta\u00e7\u00e3o &#8211; SBCE.<BR>\u00a0<BR><STRONG>Exporta S\u00e3o Paulo &#8211;<\/STRONG> O Projeto Exporta S\u00e3o Paulo \u00e9 objeto de Protocolo de Coopera\u00e7\u00e3o T\u00e9cnica firmado no dia 1\u00ba de setembro de 2004 entre o Governo do Estado atrav\u00e9s da Secretaria Estadual da Ci\u00eancia, Tecnologia e Desenvolvimento Econ\u00f4mico, a Federa\u00e7\u00e3o das Associa\u00e7\u00f5es Comerciais do Estado de S\u00e3o Paulo e a S\u00e3o Paulo Chamber of Commerce \/ Associa\u00e7\u00e3o Comercial de S\u00e3o Paulo, entidades respons\u00e1veis pela execu\u00e7\u00e3o dos trabalhos.<BR>\u00a0<BR>Em n\u00edvel das regi\u00f5es administrativas da Federa\u00e7\u00e3o das Associa\u00e7\u00f5es Comerciais do Estado de S\u00e3o Paulo, as 18 vice-presid\u00eancias responder\u00e3o pela coordena\u00e7\u00e3o do Projeto. Segundo Anunciato Thomeo Sobrinho, vice-presidente da RA3 &#8211; Regional do Alto Tiet\u00ea, composta pelas cidades de Aruj\u00e1, Ferraz de Vasconcelos, Guararema, Itaquaquecetuba, Mairipor\u00e3, Mogi das Cruzes, Po\u00e1, Santa Isabel, Suzano e Guarulhos, o assunto \u00e9 interessante e o evento \u00e9 muito importante para toda a regi\u00e3o.<BR>\u00a0<BR>&#8220;Entre os objetivos do Projeto destacam-se o fomento \u00e0s exporta\u00e7\u00f5es do Estado de S\u00e3o Paulo, com forte participa\u00e7\u00e3o do setor privado, em especial de empresas prestadoras de servi\u00e7os de com\u00e9rcio internacional, objetivando maior agrega\u00e7\u00e3o de valor ao produto vendido ao exterior, a diversifica\u00e7\u00e3o da pauta de exporta\u00e7\u00f5es e, sobretudo, a amplia\u00e7\u00e3o da base de empresas exportadoras paulistas&#8221;, declarou.<BR>\u00a0<BR>Essa \u00e9 a grande oportunidade para todos os empreendedores, pequenos ou m\u00e9dios, de acessarem uma ferramenta r\u00e1pida e eficaz na internacionaliza\u00e7\u00e3o dos seus produtos, sem maiores inconvenientes causados pela falta de orienta\u00e7\u00e3o e capacita\u00e7\u00e3o dos mercados externos.\u00a0 Maiores informa\u00e7\u00f5es do evento e inscri\u00e7\u00f5es poder\u00e3o ser obtidas atrav\u00e9s do telefone (11) 2137-9324, no Departamento de Com\u00e9rcio Exterior da ACE-Guarulhos, com Daniela.<\/P><\/p>\n<p><b>Evento: &#8220;Exportar para Crescer &#8211; Novos Caminhos para o Mercado Externo<\/b><\/p>\n<p><P><b>Data:<\/b> 15 de Agosto de 2006 (ter\u00e7a-feira)<br \/><b>Hor\u00e1rio:<\/b> das 8h30 \u00e0s 17h30<br \/><b>Local:<\/b> Open Hall Convention Center<br \/>Av. Antonio de Souza, 715 &#8211; Centro de Guarulhos<br \/>Acesse o mapa <a href=\"http:\/\/www.opengourmet.com.br\/openhall\/localizacao.shtml\" target=\"blank\">www.openhall.com.br<\/a><\/p>\n<p>Inscreva-se no site <a href=\"http:\/\/www.exportarparacrescer.com.br\" target=\"_blank\"><b>www.exportarparacrescer.com.br<\/b><\/a>.<\/p>\n","protected":false},"excerpt":{"rendered":"A cidade de Guarulhos ser\u00e1 sede de mais um grande evento de Com\u00e9rcio Exterior, que tem a coordena\u00e7\u00e3o da Associa\u00e7\u00e3o Comercial e Empresarial \n<a class=\"moretag\" href=\"https:\/\/www.aceguarulhos.com.br\/blog\/evento-debater%c3%a1-o-com%c3%a9rcio-exterior-no-alto-tiet%c3%aa\/\"> [...]<\/a>","protected":false},"author":8,"featured_media":0,"comment_status":"open","ping_status":"open","sticky":false,"template":"","format":"standard","meta":{"footnotes":""},"categories":[2],"tags":[],"class_list":["post-30163","post","type-post","status-publish","format-standard","hentry","category-noticias"],"yoast_head":"<!-- This site is optimized with the Yoast SEO plugin v28.1 - https:\/\/yoast.com\/product\/yoast-seo-wordpress\/ -->\n<title>Evento debater\u00e1 o Com\u00e9rcio Exterior no Alto Tiet\u00ea - ACE-Guarulhos<\/title>\n<meta name=\"robots\" content=\"index, follow, max-snippet:-1, max-image-preview:large, max-video-preview:-1\" \/>\n<link rel=\"canonical\" href=\"https:\/\/www.aceguarulhos.com.br\/blog\/evento-debater\u00e1-o-com\u00e9rcio-exterior-no-alto-tiet\u00ea\/\" \/>\n<meta property=\"og:locale\" content=\"pt_BR\" \/>\n<meta property=\"og:type\" content=\"article\" \/>\n<meta property=\"og:title\" content=\"Evento debater\u00e1 o Com\u00e9rcio Exterior no Alto Tiet\u00ea - ACE-Guarulhos\" \/>\n<meta property=\"og:description\" content=\"A cidade de Guarulhos ser\u00e1 sede de mais um grande evento de Com\u00e9rcio Exterior, que tem a coordena\u00e7\u00e3o da Associa\u00e7\u00e3o Comercial e Empresarial\" \/>\n<meta property=\"og:url\" content=\"https:\/\/www.aceguarulhos.com.br\/blog\/evento-debater\u00e1-o-com\u00e9rcio-exterior-no-alto-tiet\u00ea\/\" \/>\n<meta property=\"og:site_name\" content=\"ACE-Guarulhos\" \/>\n<meta property=\"article:publisher\" content=\"https:\/\/www.facebook.com\/aceguarulhos\/\" \/>\n<meta property=\"article:published_time\" content=\"2006-05-30T00:43:49+00:00\" \/>\n<meta name=\"author\" content=\"Assessoria de Imprensa ACE-Guarulhos\" \/>\n<meta name=\"twitter:card\" content=\"summary_large_image\" \/>\n<meta name=\"twitter:label1\" content=\"Escrito por\" \/>\n\t<meta name=\"twitter:data1\" content=\"Assessoria de Imprensa ACE-Guarulhos\" \/>\n\t<meta name=\"twitter:label2\" content=\"Est. tempo de leitura\" \/>\n\t<meta name=\"twitter:data2\" content=\"3 minutos\" \/>\n<script type=\"application\/ld+json\" class=\"yoast-schema-graph\">{\"@context\":\"https:\\\/\\\/schema.org\",\"@graph\":[{\"@type\":\"Article\",\"@id\":\"https:\\\/\\\/www.aceguarulhos.com.br\\\/blog\\\/evento-debater%c3%a1-o-com%c3%a9rcio-exterior-no-alto-tiet%c3%aa\\\/#article\",\"isPartOf\":{\"@id\":\"https:\\\/\\\/www.aceguarulhos.com.br\\\/blog\\\/evento-debater%c3%a1-o-com%c3%a9rcio-exterior-no-alto-tiet%c3%aa\\\/\"},\"author\":{\"name\":\"Assessoria de Imprensa ACE-Guarulhos\",\"@id\":\"https:\\\/\\\/www.aceguarulhos.com.br\\\/blog\\\/#\\\/schema\\\/person\\\/6983b51bad37489989e4f09698c26237\"},\"headline\":\"Evento debater\u00e1 o Com\u00e9rcio Exterior no Alto Tiet\u00ea\",\"datePublished\":\"2006-05-30T00:43:49+00:00\",\"mainEntityOfPage\":{\"@id\":\"https:\\\/\\\/www.aceguarulhos.com.br\\\/blog\\\/evento-debater%c3%a1-o-com%c3%a9rcio-exterior-no-alto-tiet%c3%aa\\\/\"},\"wordCount\":632,\"commentCount\":0,\"publisher\":{\"@id\":\"https:\\\/\\\/www.aceguarulhos.com.br\\\/blog\\\/#organization\"},\"articleSection\":[\"Not\u00edcias\"],\"inLanguage\":\"pt-BR\"},{\"@type\":\"WebPage\",\"@id\":\"https:\\\/\\\/www.aceguarulhos.com.br\\\/blog\\\/evento-debater%c3%a1-o-com%c3%a9rcio-exterior-no-alto-tiet%c3%aa\\\/\",\"url\":\"https:\\\/\\\/www.aceguarulhos.com.br\\\/blog\\\/evento-debater%c3%a1-o-com%c3%a9rcio-exterior-no-alto-tiet%c3%aa\\\/\",\"name\":\"Evento debater\u00e1 o Com\u00e9rcio Exterior no Alto Tiet\u00ea - ACE-Guarulhos\",\"isPartOf\":{\"@id\":\"https:\\\/\\\/www.aceguarulhos.com.br\\\/blog\\\/#website\"},\"datePublished\":\"2006-05-30T00:43:49+00:00\",\"breadcrumb\":{\"@id\":\"https:\\\/\\\/www.aceguarulhos.com.br\\\/blog\\\/evento-debater%c3%a1-o-com%c3%a9rcio-exterior-no-alto-tiet%c3%aa\\\/#breadcrumb\"},\"inLanguage\":\"pt-BR\",\"potentialAction\":[{\"@type\":\"ReadAction\",\"target\":[\"https:\\\/\\\/www.aceguarulhos.com.br\\\/blog\\\/evento-debater%c3%a1-o-com%c3%a9rcio-exterior-no-alto-tiet%c3%aa\\\/\"]}]},{\"@type\":\"BreadcrumbList\",\"@id\":\"https:\\\/\\\/www.aceguarulhos.com.br\\\/blog\\\/evento-debater%c3%a1-o-com%c3%a9rcio-exterior-no-alto-tiet%c3%aa\\\/#breadcrumb\",\"itemListElement\":[{\"@type\":\"ListItem\",\"position\":1,\"name\":\"In\u00edcio\",\"item\":\"https:\\\/\\\/www.aceguarulhos.com.br\\\/blog\\\/\"},{\"@type\":\"ListItem\",\"position\":2,\"name\":\"Evento debater\u00e1 o Com\u00e9rcio Exterior no Alto Tiet\u00ea\"}]},{\"@type\":\"WebSite\",\"@id\":\"https:\\\/\\\/www.aceguarulhos.com.br\\\/blog\\\/#website\",\"url\":\"https:\\\/\\\/www.aceguarulhos.com.br\\\/blog\\\/\",\"name\":\"ACE-Guarulhos\",\"description\":\"A ACE-Guarulhos \u00e9 uma associa\u00e7\u00e3o que ap\u00f3ia os empres\u00e1rios guarulhenses atrav\u00e9s da representa\u00e7\u00e3o, da gera\u00e7\u00e3o de neg\u00f3cios e presta\u00e7\u00e3o de servi\u00e7os.\",\"publisher\":{\"@id\":\"https:\\\/\\\/www.aceguarulhos.com.br\\\/blog\\\/#organization\"},\"potentialAction\":[{\"@type\":\"SearchAction\",\"target\":{\"@type\":\"EntryPoint\",\"urlTemplate\":\"https:\\\/\\\/www.aceguarulhos.com.br\\\/blog\\\/?s={search_term_string}\"},\"query-input\":{\"@type\":\"PropertyValueSpecification\",\"valueRequired\":true,\"valueName\":\"search_term_string\"}}],\"inLanguage\":\"pt-BR\"},{\"@type\":\"Organization\",\"@id\":\"https:\\\/\\\/www.aceguarulhos.com.br\\\/blog\\\/#organization\",\"name\":\"ACE-Guarulhos\",\"url\":\"https:\\\/\\\/www.aceguarulhos.com.br\\\/blog\\\/\",\"logo\":{\"@type\":\"ImageObject\",\"inLanguage\":\"pt-BR\",\"@id\":\"https:\\\/\\\/www.aceguarulhos.com.br\\\/blog\\\/#\\\/schema\\\/logo\\\/image\\\/\",\"url\":\"https:\\\/\\\/www.aceguarulhos.com.br\\\/blog\\\/wp-content\\\/uploads\\\/2017\\\/12\\\/logo-aceguarulhos-2018.png\",\"contentUrl\":\"https:\\\/\\\/www.aceguarulhos.com.br\\\/blog\\\/wp-content\\\/uploads\\\/2017\\\/12\\\/logo-aceguarulhos-2018.png\",\"width\":419,\"height\":76,\"caption\":\"ACE-Guarulhos\"},\"image\":{\"@id\":\"https:\\\/\\\/www.aceguarulhos.com.br\\\/blog\\\/#\\\/schema\\\/logo\\\/image\\\/\"},\"sameAs\":[\"https:\\\/\\\/www.facebook.com\\\/aceguarulhos\\\/\",\"https:\\\/\\\/br.linkedin.com\\\/in\\\/ace-guarulhos-b9a97093\",\"https:\\\/\\\/www.youtube.com\\\/user\\\/aceguarulhos\"]},{\"@type\":\"Person\",\"@id\":\"https:\\\/\\\/www.aceguarulhos.com.br\\\/blog\\\/#\\\/schema\\\/person\\\/6983b51bad37489989e4f09698c26237\",\"name\":\"Assessoria de Imprensa ACE-Guarulhos\",\"image\":{\"@type\":\"ImageObject\",\"inLanguage\":\"pt-BR\",\"@id\":\"https:\\\/\\\/secure.gravatar.com\\\/avatar\\\/707f3fadd6918afeb64173ab22d8a8cb0676953098a4f31ff36dc2b4c699ef6a?s=96&d=mm&r=g\",\"url\":\"https:\\\/\\\/secure.gravatar.com\\\/avatar\\\/707f3fadd6918afeb64173ab22d8a8cb0676953098a4f31ff36dc2b4c699ef6a?s=96&d=mm&r=g\",\"contentUrl\":\"https:\\\/\\\/secure.gravatar.com\\\/avatar\\\/707f3fadd6918afeb64173ab22d8a8cb0676953098a4f31ff36dc2b4c699ef6a?s=96&d=mm&r=g\",\"caption\":\"Assessoria de Imprensa ACE-Guarulhos\"},\"url\":\"https:\\\/\\\/www.aceguarulhos.com.br\\\/blog\\\/author\\\/assessoria-de-imprensa-ace-guarulhos\\\/\"}]}<\/script>\n<!-- \/ Yoast SEO plugin. -->","yoast_head_json":{"title":"Evento debater\u00e1 o Com\u00e9rcio Exterior no Alto Tiet\u00ea - ACE-Guarulhos","robots":{"index":"index","follow":"follow","max-snippet":"max-snippet:-1","max-image-preview":"max-image-preview:large","max-video-preview":"max-video-preview:-1"},"canonical":"https:\/\/www.aceguarulhos.com.br\/blog\/evento-debater\u00e1-o-com\u00e9rcio-exterior-no-alto-tiet\u00ea\/","og_locale":"pt_BR","og_type":"article","og_title":"Evento debater\u00e1 o Com\u00e9rcio Exterior no Alto Tiet\u00ea - ACE-Guarulhos","og_description":"A cidade de Guarulhos ser\u00e1 sede de mais um grande evento de Com\u00e9rcio Exterior, que tem a coordena\u00e7\u00e3o da Associa\u00e7\u00e3o Comercial e Empresarial","og_url":"https:\/\/www.aceguarulhos.com.br\/blog\/evento-debater\u00e1-o-com\u00e9rcio-exterior-no-alto-tiet\u00ea\/","og_site_name":"ACE-Guarulhos","article_publisher":"https:\/\/www.facebook.com\/aceguarulhos\/","article_published_time":"2006-05-30T00:43:49+00:00","author":"Assessoria de Imprensa ACE-Guarulhos","twitter_card":"summary_large_image","twitter_misc":{"Escrito por":"Assessoria de Imprensa ACE-Guarulhos","Est. tempo de leitura":"3 minutos"},"schema":{"@context":"https:\/\/schema.org","@graph":[{"@type":"Article","@id":"https:\/\/www.aceguarulhos.com.br\/blog\/evento-debater%c3%a1-o-com%c3%a9rcio-exterior-no-alto-tiet%c3%aa\/#article","isPartOf":{"@id":"https:\/\/www.aceguarulhos.com.br\/blog\/evento-debater%c3%a1-o-com%c3%a9rcio-exterior-no-alto-tiet%c3%aa\/"},"author":{"name":"Assessoria de Imprensa ACE-Guarulhos","@id":"https:\/\/www.aceguarulhos.com.br\/blog\/#\/schema\/person\/6983b51bad37489989e4f09698c26237"},"headline":"Evento debater\u00e1 o Com\u00e9rcio Exterior no Alto Tiet\u00ea","datePublished":"2006-05-30T00:43:49+00:00","mainEntityOfPage":{"@id":"https:\/\/www.aceguarulhos.com.br\/blog\/evento-debater%c3%a1-o-com%c3%a9rcio-exterior-no-alto-tiet%c3%aa\/"},"wordCount":632,"commentCount":0,"publisher":{"@id":"https:\/\/www.aceguarulhos.com.br\/blog\/#organization"},"articleSection":["Not\u00edcias"],"inLanguage":"pt-BR"},{"@type":"WebPage","@id":"https:\/\/www.aceguarulhos.com.br\/blog\/evento-debater%c3%a1-o-com%c3%a9rcio-exterior-no-alto-tiet%c3%aa\/","url":"https:\/\/www.aceguarulhos.com.br\/blog\/evento-debater%c3%a1-o-com%c3%a9rcio-exterior-no-alto-tiet%c3%aa\/","name":"Evento debater\u00e1 o Com\u00e9rcio Exterior no Alto Tiet\u00ea - ACE-Guarulhos","isPartOf":{"@id":"https:\/\/www.aceguarulhos.com.br\/blog\/#website"},"datePublished":"2006-05-30T00:43:49+00:00","breadcrumb":{"@id":"https:\/\/www.aceguarulhos.com.br\/blog\/evento-debater%c3%a1-o-com%c3%a9rcio-exterior-no-alto-tiet%c3%aa\/#breadcrumb"},"inLanguage":"pt-BR","potentialAction":[{"@type":"ReadAction","target":["https:\/\/www.aceguarulhos.com.br\/blog\/evento-debater%c3%a1-o-com%c3%a9rcio-exterior-no-alto-tiet%c3%aa\/"]}]},{"@type":"BreadcrumbList","@id":"https:\/\/www.aceguarulhos.com.br\/blog\/evento-debater%c3%a1-o-com%c3%a9rcio-exterior-no-alto-tiet%c3%aa\/#breadcrumb","itemListElement":[{"@type":"ListItem","position":1,"name":"In\u00edcio","item":"https:\/\/www.aceguarulhos.com.br\/blog\/"},{"@type":"ListItem","position":2,"name":"Evento debater\u00e1 o Com\u00e9rcio Exterior no Alto Tiet\u00ea"}]},{"@type":"WebSite","@id":"https:\/\/www.aceguarulhos.com.br\/blog\/#website","url":"https:\/\/www.aceguarulhos.com.br\/blog\/","name":"ACE-Guarulhos","description":"A ACE-Guarulhos \u00e9 uma associa\u00e7\u00e3o que ap\u00f3ia os empres\u00e1rios guarulhenses atrav\u00e9s da representa\u00e7\u00e3o, da gera\u00e7\u00e3o de neg\u00f3cios e presta\u00e7\u00e3o de servi\u00e7os.","publisher":{"@id":"https:\/\/www.aceguarulhos.com.br\/blog\/#organization"},"potentialAction":[{"@type":"SearchAction","target":{"@type":"EntryPoint","urlTemplate":"https:\/\/www.aceguarulhos.com.br\/blog\/?s={search_term_string}"},"query-input":{"@type":"PropertyValueSpecification","valueRequired":true,"valueName":"search_term_string"}}],"inLanguage":"pt-BR"},{"@type":"Organization","@id":"https:\/\/www.aceguarulhos.com.br\/blog\/#organization","name":"ACE-Guarulhos","url":"https:\/\/www.aceguarulhos.com.br\/blog\/","logo":{"@type":"ImageObject","inLanguage":"pt-BR","@id":"https:\/\/www.aceguarulhos.com.br\/blog\/#\/schema\/logo\/image\/","url":"https:\/\/www.aceguarulhos.com.br\/blog\/wp-content\/uploads\/2017\/12\/logo-aceguarulhos-2018.png","contentUrl":"https:\/\/www.aceguarulhos.com.br\/blog\/wp-content\/uploads\/2017\/12\/logo-aceguarulhos-2018.png","width":419,"height":76,"caption":"ACE-Guarulhos"},"image":{"@id":"https:\/\/www.aceguarulhos.com.br\/blog\/#\/schema\/logo\/image\/"},"sameAs":["https:\/\/www.facebook.com\/aceguarulhos\/","https:\/\/br.linkedin.com\/in\/ace-guarulhos-b9a97093","https:\/\/www.youtube.com\/user\/aceguarulhos"]},{"@type":"Person","@id":"https:\/\/www.aceguarulhos.com.br\/blog\/#\/schema\/person\/6983b51bad37489989e4f09698c26237","name":"Assessoria de Imprensa ACE-Guarulhos","image":{"@type":"ImageObject","inLanguage":"pt-BR","@id":"https:\/\/secure.gravatar.com\/avatar\/707f3fadd6918afeb64173ab22d8a8cb0676953098a4f31ff36dc2b4c699ef6a?s=96&d=mm&r=g","url":"https:\/\/secure.gravatar.com\/avatar\/707f3fadd6918afeb64173ab22d8a8cb0676953098a4f31ff36dc2b4c699ef6a?s=96&d=mm&r=g","contentUrl":"https:\/\/secure.gravatar.com\/avatar\/707f3fadd6918afeb64173ab22d8a8cb0676953098a4f31ff36dc2b4c699ef6a?s=96&d=mm&r=g","caption":"Assessoria de Imprensa ACE-Guarulhos"},"url":"https:\/\/www.aceguarulhos.com.br\/blog\/author\/assessoria-de-imprensa-ace-guarulhos\/"}]}},"wps_subtitle":"","amp_enabled":true,"_links":{"self":[{"href":"https:\/\/www.aceguarulhos.com.br\/blog\/wp-json\/wp\/v2\/posts\/30163","targetHints":{"allow":["GET"]}}],"collection":[{"href":"https:\/\/www.aceguarulhos.com.br\/blog\/wp-json\/wp\/v2\/posts"}],"about":[{"href":"https:\/\/www.aceguarulhos.com.br\/blog\/wp-json\/wp\/v2\/types\/post"}],"author":[{"embeddable":true,"href":"https:\/\/www.aceguarulhos.com.br\/blog\/wp-json\/wp\/v2\/users\/8"}],"replies":[{"embeddable":true,"href":"https:\/\/www.aceguarulhos.com.br\/blog\/wp-json\/wp\/v2\/comments?post=30163"}],"version-history":[{"count":0,"href":"https:\/\/www.aceguarulhos.com.br\/blog\/wp-json\/wp\/v2\/posts\/30163\/revisions"}],"wp:attachment":[{"href":"https:\/\/www.aceguarulhos.com.br\/blog\/wp-json\/wp\/v2\/media?parent=30163"}],"wp:term":[{"taxonomy":"category","embeddable":true,"href":"https:\/\/www.aceguarulhos.com.br\/blog\/wp-json\/wp\/v2\/categories?post=30163"},{"taxonomy":"post_tag","embeddable":true,"href":"https:\/\/www.aceguarulhos.com.br\/blog\/wp-json\/wp\/v2\/tags?post=30163"}],"curies":[{"name":"wp","href":"https:\/\/api.w.org\/{rel}","templated":true}]}}