{"id":30150,"date":"2006-05-19T11:03:36","date_gmt":"2006-05-19T11:03:36","guid":{"rendered":"http:\/\/www.aceguarulhos.com.br\/blog\/?p=30150"},"modified":"-0001-11-30T00:00:00","modified_gmt":"-0001-11-30T03:00:00","slug":"presidente-da-ace-faz-palestra-em-faculdade","status":"publish","type":"post","link":"https:\/\/www.aceguarulhos.com.br\/blog\/presidente-da-ace-faz-palestra-em-faculdade\/","title":{"rendered":"Presidente da ACE faz palestra em Faculdade"},"content":{"rendered":"<p><P><STRONG><EM>Decio Pomp\u00eao Junior ministrou uma palestra sobre associativismo para alunos de Administra\u00e7\u00e3o das Faculdades Integradas Torricelli<\/EM><\/STRONG><BR>\u00a0<BR><EM><IMG alt=ACE src=\"\/blog\/wp-content\/uploads\/image.php?x=i&#038;i1=100&#038;i2=20020613090944\" align=left border=0><\/EM><\/P><P><EM><\/EM>\u00a0<\/P><P><EM><\/EM>\u00a0<\/P><P><EM><\/EM>\u00a0<\/P><P><EM><\/EM>\u00a0<\/P><P><EM><\/EM>\u00a0<\/P><P><EM><\/EM>\u00a0<\/P><P><EM><\/EM>\u00a0<\/P><P><EM><\/EM>\u00a0<\/P><P><EM><\/EM>\u00a0<\/P><P><EM>Decio Pomp\u00eao Junior falou aos alunos da faculdade sobre o servi\u00e7os da ACE-Guarulhos<\/EM><\/P><P>Muito sil\u00eancio e uma grande aten\u00e7\u00e3o. Assim foi o comportamento dos alunos do segundo ano de Administra\u00e7\u00e3o em Gest\u00e3o da Inform\u00e1tica e Administra\u00e7\u00e3o Hoteleira, das Faculdades Integradas Torricelli, durante a palestra do presidente da Associa\u00e7\u00e3o Comercial e Empresarial (ACE), Decio Pomp\u00eao Junior, na noite de quinta-feira (11\/05).<BR>\u00a0<BR>Decio Pomp\u00eao Junior falou sobre o associativismo, em especial dos servi\u00e7os prestados pela ACE na cidade, como o Servi\u00e7o Central de Prote\u00e7\u00e3o ao Cr\u00e9dito (SCPC), USECheque, Segam, o departamento de Com\u00e9rcio Exterior da entidade, a parceria com a Junta Comercial do Estado de S\u00e3o Paulo (Jucesp), do Portal Guarulhos Tem e do Cart\u00e3o de Benef\u00edcios, dentre outros.<BR>\u00a0<BR>Sobre o Empreender &#8211; Guarulhos, Decio destacou a import\u00e2ncia do programa para a cidade, que h\u00e1 dois nos vem garantindo bons resultados aos empreendedores participantes e \u00e0 ACE-Guarulhos, que foi reconhecida como a entidade que possui o programa Empreender refer\u00eancia no Estado.<BR>\u00a0<BR>&#8220;Foi surpreendente para mim ver tantos jovens prestando aten\u00e7\u00e3o no que eu tinha para falar. Sinceramente n\u00e3o esperava tamanha receptividade&#8221;, disse<BR>\u00a0<BR>Segundo a professora de Comunica\u00e7\u00e3o Empresarial, Eliane Miraglia, os alunos se surpreenderam com a palestra.<BR>\u00a0<BR>&#8220;A palestra foi muito boa. Teve muito conte\u00fado informativo e ilustrativo, permitindo que os alunos compreendessem a dimens\u00e3o do campo de administra\u00e7\u00e3o&#8221;, falou.<BR>\u00a0<BR>Gisele Fernandez, aluna de Administra\u00e7\u00e3o, faz parte do grupo que fez o convite ao presidente da ACE. Ela elogiou a palestra.<BR>\u00a0<BR>&#8220;O Decio explicou tudo o que um administrador tem que fazer em uma empresa e a ACE tem todo um suporte de como funciona uma empresa&#8221;, disse.<BR>\u00a0<BR>Num bate papo com os alunos, Decio aproveitou para falar de pol\u00edtica. Segundo ele, n\u00e3o h\u00e1 mais espa\u00e7o para pessoas que n\u00e3o gostem de debater o assunto, j\u00e1 que o pa\u00eds precisa renovar o seu quadro de lideran\u00e7as.<BR>\u00a0<BR><IMG alt=ACE src=\"\/blog\/wp-content\/uploads\/image.php?x=i&#038;i1=100&#038;i2=20020613085950\" align=left border=0><\/P><P><EM>Alunos do 2\u00b0 semestre de adminstra\u00e7\u00e3o conheceram como funciona a ACE-Guarulhos<\/EM><\/P><P>&#8220;Vamos pensar em reciclar a pol\u00edtica. Aqueles que dizem n\u00e3o querem falar sobre o assunto estar\u00e3o permitindo que sejam eleitos representantes ruins, como estamos vendo na atual conjuntura pol\u00edtica. Fazer pol\u00edtica \u00e9 fazer parte de associa\u00e7\u00f5es, sindicatos e comunidade. Precisamos abrir espa\u00e7os para pessoas com boas inten\u00e7\u00f5es&#8221;, salientou.<\/P><\/p>\n","protected":false},"excerpt":{"rendered":"Decio Pomp\u00eao Junior ministrou uma palestra sobre associativismo para alunos de Administra\u00e7\u00e3o das Faculdades Integradas Torricelli\u00a0\u00a0\u00a0\u00a0\u00a0\u00a0\u00a0\u00a0\u00a0\u00a0Decio Pomp\u00eao Junior falou aos alunos da faculdade \n<a class=\"moretag\" href=\"https:\/\/www.aceguarulhos.com.br\/blog\/presidente-da-ace-faz-palestra-em-faculdade\/\"> [...]<\/a>","protected":false},"author":8,"featured_media":0,"comment_status":"open","ping_status":"open","sticky":false,"template":"","format":"standard","meta":{"footnotes":""},"categories":[2],"tags":[],"class_list":["post-30150","post","type-post","status-publish","format-standard","hentry","category-noticias"],"yoast_head":"<!-- This site is optimized with the Yoast SEO plugin v28.1 - https:\/\/yoast.com\/product\/yoast-seo-wordpress\/ -->\n<title>Presidente da ACE faz palestra em Faculdade - ACE-Guarulhos<\/title>\n<meta name=\"robots\" content=\"index, follow, max-snippet:-1, max-image-preview:large, max-video-preview:-1\" \/>\n<link rel=\"canonical\" href=\"https:\/\/www.aceguarulhos.com.br\/blog\/presidente-da-ace-faz-palestra-em-faculdade\/\" \/>\n<meta property=\"og:locale\" content=\"pt_BR\" \/>\n<meta property=\"og:type\" content=\"article\" \/>\n<meta property=\"og:title\" content=\"Presidente da ACE faz palestra em Faculdade - ACE-Guarulhos\" \/>\n<meta property=\"og:description\" content=\"Decio Pomp\u00eao Junior ministrou uma palestra sobre associativismo para alunos de Administra\u00e7\u00e3o das Faculdades Integradas Torricelli\u00a0\u00a0\u00a0\u00a0\u00a0\u00a0\u00a0\u00a0\u00a0\u00a0Decio Pomp\u00eao Junior falou aos alunos da faculdade\" \/>\n<meta property=\"og:url\" content=\"https:\/\/www.aceguarulhos.com.br\/blog\/presidente-da-ace-faz-palestra-em-faculdade\/\" \/>\n<meta property=\"og:site_name\" content=\"ACE-Guarulhos\" \/>\n<meta property=\"article:publisher\" content=\"https:\/\/www.facebook.com\/aceguarulhos\/\" \/>\n<meta property=\"article:published_time\" content=\"2006-05-19T11:03:36+00:00\" \/>\n<meta name=\"author\" content=\"Assessoria de Imprensa ACE-Guarulhos\" \/>\n<meta name=\"twitter:card\" content=\"summary_large_image\" \/>\n<meta name=\"twitter:label1\" content=\"Escrito por\" \/>\n\t<meta name=\"twitter:data1\" content=\"Assessoria de Imprensa ACE-Guarulhos\" \/>\n\t<meta name=\"twitter:label2\" content=\"Est. tempo de leitura\" \/>\n\t<meta name=\"twitter:data2\" content=\"2 minutos\" \/>\n<script type=\"application\/ld+json\" class=\"yoast-schema-graph\">{\"@context\":\"https:\\\/\\\/schema.org\",\"@graph\":[{\"@type\":\"Article\",\"@id\":\"https:\\\/\\\/www.aceguarulhos.com.br\\\/blog\\\/presidente-da-ace-faz-palestra-em-faculdade\\\/#article\",\"isPartOf\":{\"@id\":\"https:\\\/\\\/www.aceguarulhos.com.br\\\/blog\\\/presidente-da-ace-faz-palestra-em-faculdade\\\/\"},\"author\":{\"name\":\"Assessoria de Imprensa ACE-Guarulhos\",\"@id\":\"https:\\\/\\\/www.aceguarulhos.com.br\\\/blog\\\/#\\\/schema\\\/person\\\/6983b51bad37489989e4f09698c26237\"},\"headline\":\"Presidente da ACE faz palestra em Faculdade\",\"datePublished\":\"2006-05-19T11:03:36+00:00\",\"mainEntityOfPage\":{\"@id\":\"https:\\\/\\\/www.aceguarulhos.com.br\\\/blog\\\/presidente-da-ace-faz-palestra-em-faculdade\\\/\"},\"wordCount\":427,\"commentCount\":0,\"publisher\":{\"@id\":\"https:\\\/\\\/www.aceguarulhos.com.br\\\/blog\\\/#organization\"},\"articleSection\":[\"Not\u00edcias\"],\"inLanguage\":\"pt-BR\"},{\"@type\":\"WebPage\",\"@id\":\"https:\\\/\\\/www.aceguarulhos.com.br\\\/blog\\\/presidente-da-ace-faz-palestra-em-faculdade\\\/\",\"url\":\"https:\\\/\\\/www.aceguarulhos.com.br\\\/blog\\\/presidente-da-ace-faz-palestra-em-faculdade\\\/\",\"name\":\"Presidente da ACE faz palestra em Faculdade - ACE-Guarulhos\",\"isPartOf\":{\"@id\":\"https:\\\/\\\/www.aceguarulhos.com.br\\\/blog\\\/#website\"},\"datePublished\":\"2006-05-19T11:03:36+00:00\",\"breadcrumb\":{\"@id\":\"https:\\\/\\\/www.aceguarulhos.com.br\\\/blog\\\/presidente-da-ace-faz-palestra-em-faculdade\\\/#breadcrumb\"},\"inLanguage\":\"pt-BR\",\"potentialAction\":[{\"@type\":\"ReadAction\",\"target\":[\"https:\\\/\\\/www.aceguarulhos.com.br\\\/blog\\\/presidente-da-ace-faz-palestra-em-faculdade\\\/\"]}]},{\"@type\":\"BreadcrumbList\",\"@id\":\"https:\\\/\\\/www.aceguarulhos.com.br\\\/blog\\\/presidente-da-ace-faz-palestra-em-faculdade\\\/#breadcrumb\",\"itemListElement\":[{\"@type\":\"ListItem\",\"position\":1,\"name\":\"In\u00edcio\",\"item\":\"https:\\\/\\\/www.aceguarulhos.com.br\\\/blog\\\/\"},{\"@type\":\"ListItem\",\"position\":2,\"name\":\"Presidente da ACE faz palestra em Faculdade\"}]},{\"@type\":\"WebSite\",\"@id\":\"https:\\\/\\\/www.aceguarulhos.com.br\\\/blog\\\/#website\",\"url\":\"https:\\\/\\\/www.aceguarulhos.com.br\\\/blog\\\/\",\"name\":\"ACE-Guarulhos\",\"description\":\"A ACE-Guarulhos \u00e9 uma associa\u00e7\u00e3o que ap\u00f3ia os empres\u00e1rios guarulhenses atrav\u00e9s da representa\u00e7\u00e3o, da gera\u00e7\u00e3o de neg\u00f3cios e presta\u00e7\u00e3o de servi\u00e7os.\",\"publisher\":{\"@id\":\"https:\\\/\\\/www.aceguarulhos.com.br\\\/blog\\\/#organization\"},\"potentialAction\":[{\"@type\":\"SearchAction\",\"target\":{\"@type\":\"EntryPoint\",\"urlTemplate\":\"https:\\\/\\\/www.aceguarulhos.com.br\\\/blog\\\/?s={search_term_string}\"},\"query-input\":{\"@type\":\"PropertyValueSpecification\",\"valueRequired\":true,\"valueName\":\"search_term_string\"}}],\"inLanguage\":\"pt-BR\"},{\"@type\":\"Organization\",\"@id\":\"https:\\\/\\\/www.aceguarulhos.com.br\\\/blog\\\/#organization\",\"name\":\"ACE-Guarulhos\",\"url\":\"https:\\\/\\\/www.aceguarulhos.com.br\\\/blog\\\/\",\"logo\":{\"@type\":\"ImageObject\",\"inLanguage\":\"pt-BR\",\"@id\":\"https:\\\/\\\/www.aceguarulhos.com.br\\\/blog\\\/#\\\/schema\\\/logo\\\/image\\\/\",\"url\":\"https:\\\/\\\/www.aceguarulhos.com.br\\\/blog\\\/wp-content\\\/uploads\\\/2017\\\/12\\\/logo-aceguarulhos-2018.png\",\"contentUrl\":\"https:\\\/\\\/www.aceguarulhos.com.br\\\/blog\\\/wp-content\\\/uploads\\\/2017\\\/12\\\/logo-aceguarulhos-2018.png\",\"width\":419,\"height\":76,\"caption\":\"ACE-Guarulhos\"},\"image\":{\"@id\":\"https:\\\/\\\/www.aceguarulhos.com.br\\\/blog\\\/#\\\/schema\\\/logo\\\/image\\\/\"},\"sameAs\":[\"https:\\\/\\\/www.facebook.com\\\/aceguarulhos\\\/\",\"https:\\\/\\\/br.linkedin.com\\\/in\\\/ace-guarulhos-b9a97093\",\"https:\\\/\\\/www.youtube.com\\\/user\\\/aceguarulhos\"]},{\"@type\":\"Person\",\"@id\":\"https:\\\/\\\/www.aceguarulhos.com.br\\\/blog\\\/#\\\/schema\\\/person\\\/6983b51bad37489989e4f09698c26237\",\"name\":\"Assessoria de Imprensa ACE-Guarulhos\",\"image\":{\"@type\":\"ImageObject\",\"inLanguage\":\"pt-BR\",\"@id\":\"https:\\\/\\\/secure.gravatar.com\\\/avatar\\\/707f3fadd6918afeb64173ab22d8a8cb0676953098a4f31ff36dc2b4c699ef6a?s=96&d=mm&r=g\",\"url\":\"https:\\\/\\\/secure.gravatar.com\\\/avatar\\\/707f3fadd6918afeb64173ab22d8a8cb0676953098a4f31ff36dc2b4c699ef6a?s=96&d=mm&r=g\",\"contentUrl\":\"https:\\\/\\\/secure.gravatar.com\\\/avatar\\\/707f3fadd6918afeb64173ab22d8a8cb0676953098a4f31ff36dc2b4c699ef6a?s=96&d=mm&r=g\",\"caption\":\"Assessoria de Imprensa ACE-Guarulhos\"},\"url\":\"https:\\\/\\\/www.aceguarulhos.com.br\\\/blog\\\/author\\\/assessoria-de-imprensa-ace-guarulhos\\\/\"}]}<\/script>\n<!-- \/ Yoast SEO plugin. -->","yoast_head_json":{"title":"Presidente da ACE faz palestra em Faculdade - ACE-Guarulhos","robots":{"index":"index","follow":"follow","max-snippet":"max-snippet:-1","max-image-preview":"max-image-preview:large","max-video-preview":"max-video-preview:-1"},"canonical":"https:\/\/www.aceguarulhos.com.br\/blog\/presidente-da-ace-faz-palestra-em-faculdade\/","og_locale":"pt_BR","og_type":"article","og_title":"Presidente da ACE faz palestra em Faculdade - ACE-Guarulhos","og_description":"Decio Pomp\u00eao Junior ministrou uma palestra sobre associativismo para alunos de Administra\u00e7\u00e3o das Faculdades Integradas Torricelli\u00a0\u00a0\u00a0\u00a0\u00a0\u00a0\u00a0\u00a0\u00a0\u00a0Decio Pomp\u00eao Junior falou aos alunos da faculdade","og_url":"https:\/\/www.aceguarulhos.com.br\/blog\/presidente-da-ace-faz-palestra-em-faculdade\/","og_site_name":"ACE-Guarulhos","article_publisher":"https:\/\/www.facebook.com\/aceguarulhos\/","article_published_time":"2006-05-19T11:03:36+00:00","author":"Assessoria de Imprensa ACE-Guarulhos","twitter_card":"summary_large_image","twitter_misc":{"Escrito por":"Assessoria de Imprensa ACE-Guarulhos","Est. tempo de leitura":"2 minutos"},"schema":{"@context":"https:\/\/schema.org","@graph":[{"@type":"Article","@id":"https:\/\/www.aceguarulhos.com.br\/blog\/presidente-da-ace-faz-palestra-em-faculdade\/#article","isPartOf":{"@id":"https:\/\/www.aceguarulhos.com.br\/blog\/presidente-da-ace-faz-palestra-em-faculdade\/"},"author":{"name":"Assessoria de Imprensa ACE-Guarulhos","@id":"https:\/\/www.aceguarulhos.com.br\/blog\/#\/schema\/person\/6983b51bad37489989e4f09698c26237"},"headline":"Presidente da ACE faz palestra em Faculdade","datePublished":"2006-05-19T11:03:36+00:00","mainEntityOfPage":{"@id":"https:\/\/www.aceguarulhos.com.br\/blog\/presidente-da-ace-faz-palestra-em-faculdade\/"},"wordCount":427,"commentCount":0,"publisher":{"@id":"https:\/\/www.aceguarulhos.com.br\/blog\/#organization"},"articleSection":["Not\u00edcias"],"inLanguage":"pt-BR"},{"@type":"WebPage","@id":"https:\/\/www.aceguarulhos.com.br\/blog\/presidente-da-ace-faz-palestra-em-faculdade\/","url":"https:\/\/www.aceguarulhos.com.br\/blog\/presidente-da-ace-faz-palestra-em-faculdade\/","name":"Presidente da ACE faz palestra em Faculdade - ACE-Guarulhos","isPartOf":{"@id":"https:\/\/www.aceguarulhos.com.br\/blog\/#website"},"datePublished":"2006-05-19T11:03:36+00:00","breadcrumb":{"@id":"https:\/\/www.aceguarulhos.com.br\/blog\/presidente-da-ace-faz-palestra-em-faculdade\/#breadcrumb"},"inLanguage":"pt-BR","potentialAction":[{"@type":"ReadAction","target":["https:\/\/www.aceguarulhos.com.br\/blog\/presidente-da-ace-faz-palestra-em-faculdade\/"]}]},{"@type":"BreadcrumbList","@id":"https:\/\/www.aceguarulhos.com.br\/blog\/presidente-da-ace-faz-palestra-em-faculdade\/#breadcrumb","itemListElement":[{"@type":"ListItem","position":1,"name":"In\u00edcio","item":"https:\/\/www.aceguarulhos.com.br\/blog\/"},{"@type":"ListItem","position":2,"name":"Presidente da ACE faz palestra em Faculdade"}]},{"@type":"WebSite","@id":"https:\/\/www.aceguarulhos.com.br\/blog\/#website","url":"https:\/\/www.aceguarulhos.com.br\/blog\/","name":"ACE-Guarulhos","description":"A ACE-Guarulhos \u00e9 uma associa\u00e7\u00e3o que ap\u00f3ia os empres\u00e1rios guarulhenses atrav\u00e9s da representa\u00e7\u00e3o, da gera\u00e7\u00e3o de neg\u00f3cios e presta\u00e7\u00e3o de servi\u00e7os.","publisher":{"@id":"https:\/\/www.aceguarulhos.com.br\/blog\/#organization"},"potentialAction":[{"@type":"SearchAction","target":{"@type":"EntryPoint","urlTemplate":"https:\/\/www.aceguarulhos.com.br\/blog\/?s={search_term_string}"},"query-input":{"@type":"PropertyValueSpecification","valueRequired":true,"valueName":"search_term_string"}}],"inLanguage":"pt-BR"},{"@type":"Organization","@id":"https:\/\/www.aceguarulhos.com.br\/blog\/#organization","name":"ACE-Guarulhos","url":"https:\/\/www.aceguarulhos.com.br\/blog\/","logo":{"@type":"ImageObject","inLanguage":"pt-BR","@id":"https:\/\/www.aceguarulhos.com.br\/blog\/#\/schema\/logo\/image\/","url":"https:\/\/www.aceguarulhos.com.br\/blog\/wp-content\/uploads\/2017\/12\/logo-aceguarulhos-2018.png","contentUrl":"https:\/\/www.aceguarulhos.com.br\/blog\/wp-content\/uploads\/2017\/12\/logo-aceguarulhos-2018.png","width":419,"height":76,"caption":"ACE-Guarulhos"},"image":{"@id":"https:\/\/www.aceguarulhos.com.br\/blog\/#\/schema\/logo\/image\/"},"sameAs":["https:\/\/www.facebook.com\/aceguarulhos\/","https:\/\/br.linkedin.com\/in\/ace-guarulhos-b9a97093","https:\/\/www.youtube.com\/user\/aceguarulhos"]},{"@type":"Person","@id":"https:\/\/www.aceguarulhos.com.br\/blog\/#\/schema\/person\/6983b51bad37489989e4f09698c26237","name":"Assessoria de Imprensa ACE-Guarulhos","image":{"@type":"ImageObject","inLanguage":"pt-BR","@id":"https:\/\/secure.gravatar.com\/avatar\/707f3fadd6918afeb64173ab22d8a8cb0676953098a4f31ff36dc2b4c699ef6a?s=96&d=mm&r=g","url":"https:\/\/secure.gravatar.com\/avatar\/707f3fadd6918afeb64173ab22d8a8cb0676953098a4f31ff36dc2b4c699ef6a?s=96&d=mm&r=g","contentUrl":"https:\/\/secure.gravatar.com\/avatar\/707f3fadd6918afeb64173ab22d8a8cb0676953098a4f31ff36dc2b4c699ef6a?s=96&d=mm&r=g","caption":"Assessoria de Imprensa ACE-Guarulhos"},"url":"https:\/\/www.aceguarulhos.com.br\/blog\/author\/assessoria-de-imprensa-ace-guarulhos\/"}]}},"wps_subtitle":"","amp_enabled":true,"_links":{"self":[{"href":"https:\/\/www.aceguarulhos.com.br\/blog\/wp-json\/wp\/v2\/posts\/30150","targetHints":{"allow":["GET"]}}],"collection":[{"href":"https:\/\/www.aceguarulhos.com.br\/blog\/wp-json\/wp\/v2\/posts"}],"about":[{"href":"https:\/\/www.aceguarulhos.com.br\/blog\/wp-json\/wp\/v2\/types\/post"}],"author":[{"embeddable":true,"href":"https:\/\/www.aceguarulhos.com.br\/blog\/wp-json\/wp\/v2\/users\/8"}],"replies":[{"embeddable":true,"href":"https:\/\/www.aceguarulhos.com.br\/blog\/wp-json\/wp\/v2\/comments?post=30150"}],"version-history":[{"count":0,"href":"https:\/\/www.aceguarulhos.com.br\/blog\/wp-json\/wp\/v2\/posts\/30150\/revisions"}],"wp:attachment":[{"href":"https:\/\/www.aceguarulhos.com.br\/blog\/wp-json\/wp\/v2\/media?parent=30150"}],"wp:term":[{"taxonomy":"category","embeddable":true,"href":"https:\/\/www.aceguarulhos.com.br\/blog\/wp-json\/wp\/v2\/categories?post=30150"},{"taxonomy":"post_tag","embeddable":true,"href":"https:\/\/www.aceguarulhos.com.br\/blog\/wp-json\/wp\/v2\/tags?post=30150"}],"curies":[{"name":"wp","href":"https:\/\/api.w.org\/{rel}","templated":true}]}}