{"id":30137,"date":"2006-05-13T14:19:34","date_gmt":"2006-05-13T14:19:34","guid":{"rendered":"http:\/\/www.aceguarulhos.com.br\/blog\/?p=30137"},"modified":"-0001-11-30T00:00:00","modified_gmt":"-0001-11-30T03:00:00","slug":"programa-do-unicef-come%c3%a7a-a-ser-implantado-em-guarulhos","status":"publish","type":"post","link":"https:\/\/www.aceguarulhos.com.br\/blog\/programa-do-unicef-come%c3%a7a-a-ser-implantado-em-guarulhos\/","title":{"rendered":"Programa do Unicef come\u00e7a a ser implantado em Guarulhos"},"content":{"rendered":"<p><P><IMG alt=\"Viva Guarulhos\" src=\"\/blog\/wp-content\/uploads\/image.php?x=i&#038;i1=100&#038;i2=20020809103344\" align=left border=0><\/P><P><EM>Aula inicial de forma\u00e7\u00e3o do grupo de reeditores do Programa Fam\u00edlia Brasileira Fortalecida do Unicef<\/EM> <\/P><P>Agindo em conjunto, Unicef &#8211; Fundo das Na\u00e7\u00f5es Unidas para a Inf\u00e2ncia, Secretaria Municipal da Sa\u00fade, Pastoral da Crian\u00e7a, Instituto Crian\u00e7a Cidad\u00e3, Viva Guarulhos e seus associados, ir\u00e3o reduzir a mortalidade infantil no munic\u00edpio. <BR>\u00a0<BR>A afirmativa \u00e9 t\u00e3o real quanto o empenho das entidades em iniciar um projeto in\u00e9dito, fruto de uma parceria que envolve pol\u00edticas p\u00fablicas, iniciativa privada e terceiro setor.<BR>\u00a0<BR>A Viva Guarulhos, uma entidade formada por empresas que t\u00eam uma liga\u00e7\u00e3o efetiva e afetiva com o munic\u00edpio, vem mobilizando desde o in\u00edcio do ano passado, seus associados, autoridades do governo municipal, organiza\u00e7\u00f5es n\u00e3o Governamentais que atuam em trabalhos cong\u00eaneres, para desenvolver um planejamento estrat\u00e9gico dentro do Pilar Sa\u00fade, com o prop\u00f3sito de unir esfor\u00e7os para redu\u00e7\u00e3o da mortalidade infantil no munic\u00edpio.<BR>\u00a0<BR>Em encontros com diversos parceiros, identificou-se uma metodologia desenvolvida pelo Fundo das Na\u00e7\u00f5es Unidas para a Inf\u00e2ncia &#8211; Unicef: o Programa Fam\u00edlia Brasileira Fortalecida que, por consenso\u00a0 entre o grupo tem\u00e1tico formado por associadas da Viva Guarulhos e Prefeitura, foi o escolhido. <BR>\u00a0<BR>Este programa foi desenvolvido com o prop\u00f3sito de contribuir para a diminui\u00e7\u00e3o da mortalidade materna e infantil, al\u00e9m de melhorar a qualidade de vida das crian\u00e7as por meio de novos conhecimentos cient\u00edficos.<BR>\u00a0<BR>Trata-se de um kit com cinco \u00e1lbuns que explicam os cuidados necess\u00e1rios para as crian\u00e7as desde a gesta\u00e7\u00e3o at\u00e9 os 6 anos de idade, per\u00edodo de vida determinante para o desenvolvimento integral de meninas e meninos. O kit traz mensagens simples, mas essenciais. Fala, por exemplo, que durante a gesta\u00e7\u00e3o, a mulher dever fazer, no m\u00ednimo, seis consultas de pr\u00e9-natal, servi\u00e7o ao qual toda m\u00e3e tem direito gratuitamente, embora muitas delas n\u00e3o saibam. Incentiva o pai a ser participativo na gesta\u00e7\u00e3o, no parto e em toda a educa\u00e7\u00e3o da crian\u00e7a. Mostra a import\u00e2ncia da vitamina A na preven\u00e7\u00e3o de doen\u00e7as de pele e defici\u00eancia visual. Conta como e por que as crian\u00e7as devem ser estimuladas desde os primeiros dias de vida para melhorar seu desenvolvimento.<BR>\u00a0<BR>Para a aplica\u00e7\u00e3o desse conhecimento, um grupo formado por\u00a0 agentes de sa\u00fade do munic\u00edpio, m\u00e9dicos, enfermeiros, membros da Pastoral da Crian\u00e7a e do Instituto Crian\u00e7a Cidad\u00e3, bem como representantes da Viva Guarulhos, dentre eles a coordenadora do Pilar Sa\u00fade, Silvana Scarpino, foi capacitado no in\u00edcio do ano.<BR>\u00a0<BR>Ap\u00f3s isso, estabeleceu-se um cronograma de oficinas para a qualifica\u00e7\u00e3o dos reeditores em Compet\u00eancias Familiares &#8211; Unicef, pessoas que agir\u00e3o diretamente na comunidade, passando o conte\u00fado da cartilha de acordo com a necessidade de cada fam\u00edlia, colhida no momento da pesquisa sobre compet\u00eancias familiares.<BR>\u00a0<BR>O primeiro distrito escolhido foi o Cabu\u00e7u, cuja primeira turma de qualifica\u00e7\u00e3o de reeditores se iniciou dia 24 de abril. Nesta primeira etapa ser\u00e3o qualificados cerca de 270 reeditores, todos funcion\u00e1rios das Unidades B\u00e1sicas de Sa\u00fade, participantes do Programa Sa\u00fade da Fam\u00edlia e membros da Pastoral da Crian\u00e7a. A partir do dia 8 de maio, estas oficinas acontecer\u00e3o no Jd. S\u00e3o Jo\u00e3o, segundo distrito escolhido.<BR>\u00a0<BR>Ao t\u00e9rmino deste treinamento, os agentes reeditores estar\u00e3o aptos a aplicar em campo a pesquisa para a linha de base nas regi\u00f5es-alvo, ao mesmo tempo em que orientam os moradores, passando-lhes os temas constantes na cartilha.<BR>\u00a0<BR>Projetos-piloto &#8211; Em Guarulhos, segundo levantamento feito pela SIM\/DTPE, os distritos Pimentas, Cumbica, Bonsucesso, Tabo\u00e3o, S\u00e3o Jo\u00e3o e Cabu\u00e7u apresentam indicadores de mortalidade elevados. A m\u00e9dia do munic\u00edpio \u00e9 de 16,13 mortes a cada 1000 nascidos vivos. A regi\u00e3o do\u00a0 Cabu\u00e7u tem uma marca de 22 mortes por 1000 NV. Al\u00e9m disso, 60% da regi\u00e3o \u00e9 coberta pelo Programa Sa\u00fade da Fam\u00edlia. J\u00e1 o S\u00e3o Jo\u00e3o conta melhor infra-estrutura e mais parcerias para a implanta\u00e7\u00e3o como \u00e9 o caso do Instituto Crian\u00e7a Cidad\u00e3.<BR>\u00a0<BR>Com a aplica\u00e7\u00e3o deste programa, as entidades estimam reduzir o \u00edndice de mortalidade infantil em 3% ao ano, at\u00e9 o ano de 2015.<BR>\u00a0<BR>A Viva Guarulhos, com esta atua\u00e7\u00e3o, firma-se definitivamente como elemento catalisador da promo\u00e7\u00e3o da Sa\u00fade no munic\u00edpio e conta com o apoio de Unimed Guarulhos, Bardella, Farm\u00e1cia F\u00f3rmula Vida e CEPAC, dentre outros associados.<BR>\u00a0<BR>Parceiros nesta A\u00e7\u00e3o &#8211; Viva Guarulhos, Prefeitura Municipal de Guarulhos (Secretaria da Sa\u00fade), Institudo Crian\u00e7a Cidad\u00e3, Pastoral da Crian\u00e7a, Unicef.<\/P><\/p>\n","protected":false},"excerpt":{"rendered":"Aula inicial de forma\u00e7\u00e3o do grupo de reeditores do Programa Fam\u00edlia Brasileira Fortalecida do Unicef Agindo em conjunto, Unicef &#8211; Fundo das Na\u00e7\u00f5es \n<a class=\"moretag\" href=\"https:\/\/www.aceguarulhos.com.br\/blog\/programa-do-unicef-come%c3%a7a-a-ser-implantado-em-guarulhos\/\"> [...]<\/a>","protected":false},"author":8,"featured_media":0,"comment_status":"open","ping_status":"open","sticky":false,"template":"","format":"standard","meta":{"footnotes":""},"categories":[2],"tags":[],"class_list":["post-30137","post","type-post","status-publish","format-standard","hentry","category-noticias"],"yoast_head":"<!-- This site is optimized with the Yoast SEO plugin v28.1 - https:\/\/yoast.com\/product\/yoast-seo-wordpress\/ -->\n<title>Programa do Unicef come\u00e7a a ser implantado em Guarulhos - ACE-Guarulhos<\/title>\n<meta name=\"robots\" content=\"index, follow, max-snippet:-1, max-image-preview:large, max-video-preview:-1\" \/>\n<link rel=\"canonical\" href=\"https:\/\/www.aceguarulhos.com.br\/blog\/programa-do-unicef-come\u00e7a-a-ser-implantado-em-guarulhos\/\" \/>\n<meta property=\"og:locale\" content=\"pt_BR\" \/>\n<meta property=\"og:type\" content=\"article\" \/>\n<meta property=\"og:title\" content=\"Programa do Unicef come\u00e7a a ser implantado em Guarulhos - ACE-Guarulhos\" \/>\n<meta property=\"og:description\" content=\"Aula inicial de forma\u00e7\u00e3o do grupo de reeditores do Programa Fam\u00edlia Brasileira Fortalecida do Unicef Agindo em conjunto, Unicef &#8211; Fundo das Na\u00e7\u00f5es\" \/>\n<meta property=\"og:url\" content=\"https:\/\/www.aceguarulhos.com.br\/blog\/programa-do-unicef-come\u00e7a-a-ser-implantado-em-guarulhos\/\" \/>\n<meta property=\"og:site_name\" content=\"ACE-Guarulhos\" \/>\n<meta property=\"article:publisher\" content=\"https:\/\/www.facebook.com\/aceguarulhos\/\" \/>\n<meta property=\"article:published_time\" content=\"2006-05-13T14:19:34+00:00\" \/>\n<meta name=\"author\" content=\"Assessoria de Imprensa ACE-Guarulhos\" \/>\n<meta name=\"twitter:card\" content=\"summary_large_image\" \/>\n<meta name=\"twitter:label1\" content=\"Escrito por\" \/>\n\t<meta name=\"twitter:data1\" content=\"Assessoria de Imprensa ACE-Guarulhos\" \/>\n\t<meta name=\"twitter:label2\" content=\"Est. tempo de leitura\" \/>\n\t<meta name=\"twitter:data2\" content=\"4 minutos\" \/>\n<script type=\"application\/ld+json\" class=\"yoast-schema-graph\">{\"@context\":\"https:\\\/\\\/schema.org\",\"@graph\":[{\"@type\":\"Article\",\"@id\":\"https:\\\/\\\/www.aceguarulhos.com.br\\\/blog\\\/programa-do-unicef-come%c3%a7a-a-ser-implantado-em-guarulhos\\\/#article\",\"isPartOf\":{\"@id\":\"https:\\\/\\\/www.aceguarulhos.com.br\\\/blog\\\/programa-do-unicef-come%c3%a7a-a-ser-implantado-em-guarulhos\\\/\"},\"author\":{\"name\":\"Assessoria de Imprensa ACE-Guarulhos\",\"@id\":\"https:\\\/\\\/www.aceguarulhos.com.br\\\/blog\\\/#\\\/schema\\\/person\\\/6983b51bad37489989e4f09698c26237\"},\"headline\":\"Programa do Unicef come\u00e7a a ser implantado em Guarulhos\",\"datePublished\":\"2006-05-13T14:19:34+00:00\",\"mainEntityOfPage\":{\"@id\":\"https:\\\/\\\/www.aceguarulhos.com.br\\\/blog\\\/programa-do-unicef-come%c3%a7a-a-ser-implantado-em-guarulhos\\\/\"},\"wordCount\":796,\"commentCount\":0,\"publisher\":{\"@id\":\"https:\\\/\\\/www.aceguarulhos.com.br\\\/blog\\\/#organization\"},\"articleSection\":[\"Not\u00edcias\"],\"inLanguage\":\"pt-BR\"},{\"@type\":\"WebPage\",\"@id\":\"https:\\\/\\\/www.aceguarulhos.com.br\\\/blog\\\/programa-do-unicef-come%c3%a7a-a-ser-implantado-em-guarulhos\\\/\",\"url\":\"https:\\\/\\\/www.aceguarulhos.com.br\\\/blog\\\/programa-do-unicef-come%c3%a7a-a-ser-implantado-em-guarulhos\\\/\",\"name\":\"Programa do Unicef come\u00e7a a ser implantado em Guarulhos - ACE-Guarulhos\",\"isPartOf\":{\"@id\":\"https:\\\/\\\/www.aceguarulhos.com.br\\\/blog\\\/#website\"},\"datePublished\":\"2006-05-13T14:19:34+00:00\",\"breadcrumb\":{\"@id\":\"https:\\\/\\\/www.aceguarulhos.com.br\\\/blog\\\/programa-do-unicef-come%c3%a7a-a-ser-implantado-em-guarulhos\\\/#breadcrumb\"},\"inLanguage\":\"pt-BR\",\"potentialAction\":[{\"@type\":\"ReadAction\",\"target\":[\"https:\\\/\\\/www.aceguarulhos.com.br\\\/blog\\\/programa-do-unicef-come%c3%a7a-a-ser-implantado-em-guarulhos\\\/\"]}]},{\"@type\":\"BreadcrumbList\",\"@id\":\"https:\\\/\\\/www.aceguarulhos.com.br\\\/blog\\\/programa-do-unicef-come%c3%a7a-a-ser-implantado-em-guarulhos\\\/#breadcrumb\",\"itemListElement\":[{\"@type\":\"ListItem\",\"position\":1,\"name\":\"In\u00edcio\",\"item\":\"https:\\\/\\\/www.aceguarulhos.com.br\\\/blog\\\/\"},{\"@type\":\"ListItem\",\"position\":2,\"name\":\"Programa do Unicef come\u00e7a a ser implantado em Guarulhos\"}]},{\"@type\":\"WebSite\",\"@id\":\"https:\\\/\\\/www.aceguarulhos.com.br\\\/blog\\\/#website\",\"url\":\"https:\\\/\\\/www.aceguarulhos.com.br\\\/blog\\\/\",\"name\":\"ACE-Guarulhos\",\"description\":\"A ACE-Guarulhos \u00e9 uma associa\u00e7\u00e3o que ap\u00f3ia os empres\u00e1rios guarulhenses atrav\u00e9s da representa\u00e7\u00e3o, da gera\u00e7\u00e3o de neg\u00f3cios e presta\u00e7\u00e3o de servi\u00e7os.\",\"publisher\":{\"@id\":\"https:\\\/\\\/www.aceguarulhos.com.br\\\/blog\\\/#organization\"},\"potentialAction\":[{\"@type\":\"SearchAction\",\"target\":{\"@type\":\"EntryPoint\",\"urlTemplate\":\"https:\\\/\\\/www.aceguarulhos.com.br\\\/blog\\\/?s={search_term_string}\"},\"query-input\":{\"@type\":\"PropertyValueSpecification\",\"valueRequired\":true,\"valueName\":\"search_term_string\"}}],\"inLanguage\":\"pt-BR\"},{\"@type\":\"Organization\",\"@id\":\"https:\\\/\\\/www.aceguarulhos.com.br\\\/blog\\\/#organization\",\"name\":\"ACE-Guarulhos\",\"url\":\"https:\\\/\\\/www.aceguarulhos.com.br\\\/blog\\\/\",\"logo\":{\"@type\":\"ImageObject\",\"inLanguage\":\"pt-BR\",\"@id\":\"https:\\\/\\\/www.aceguarulhos.com.br\\\/blog\\\/#\\\/schema\\\/logo\\\/image\\\/\",\"url\":\"https:\\\/\\\/www.aceguarulhos.com.br\\\/blog\\\/wp-content\\\/uploads\\\/2017\\\/12\\\/logo-aceguarulhos-2018.png\",\"contentUrl\":\"https:\\\/\\\/www.aceguarulhos.com.br\\\/blog\\\/wp-content\\\/uploads\\\/2017\\\/12\\\/logo-aceguarulhos-2018.png\",\"width\":419,\"height\":76,\"caption\":\"ACE-Guarulhos\"},\"image\":{\"@id\":\"https:\\\/\\\/www.aceguarulhos.com.br\\\/blog\\\/#\\\/schema\\\/logo\\\/image\\\/\"},\"sameAs\":[\"https:\\\/\\\/www.facebook.com\\\/aceguarulhos\\\/\",\"https:\\\/\\\/br.linkedin.com\\\/in\\\/ace-guarulhos-b9a97093\",\"https:\\\/\\\/www.youtube.com\\\/user\\\/aceguarulhos\"]},{\"@type\":\"Person\",\"@id\":\"https:\\\/\\\/www.aceguarulhos.com.br\\\/blog\\\/#\\\/schema\\\/person\\\/6983b51bad37489989e4f09698c26237\",\"name\":\"Assessoria de Imprensa ACE-Guarulhos\",\"image\":{\"@type\":\"ImageObject\",\"inLanguage\":\"pt-BR\",\"@id\":\"https:\\\/\\\/secure.gravatar.com\\\/avatar\\\/707f3fadd6918afeb64173ab22d8a8cb0676953098a4f31ff36dc2b4c699ef6a?s=96&d=mm&r=g\",\"url\":\"https:\\\/\\\/secure.gravatar.com\\\/avatar\\\/707f3fadd6918afeb64173ab22d8a8cb0676953098a4f31ff36dc2b4c699ef6a?s=96&d=mm&r=g\",\"contentUrl\":\"https:\\\/\\\/secure.gravatar.com\\\/avatar\\\/707f3fadd6918afeb64173ab22d8a8cb0676953098a4f31ff36dc2b4c699ef6a?s=96&d=mm&r=g\",\"caption\":\"Assessoria de Imprensa ACE-Guarulhos\"},\"url\":\"https:\\\/\\\/www.aceguarulhos.com.br\\\/blog\\\/author\\\/assessoria-de-imprensa-ace-guarulhos\\\/\"}]}<\/script>\n<!-- \/ Yoast SEO plugin. -->","yoast_head_json":{"title":"Programa do Unicef come\u00e7a a ser implantado em Guarulhos - ACE-Guarulhos","robots":{"index":"index","follow":"follow","max-snippet":"max-snippet:-1","max-image-preview":"max-image-preview:large","max-video-preview":"max-video-preview:-1"},"canonical":"https:\/\/www.aceguarulhos.com.br\/blog\/programa-do-unicef-come\u00e7a-a-ser-implantado-em-guarulhos\/","og_locale":"pt_BR","og_type":"article","og_title":"Programa do Unicef come\u00e7a a ser implantado em Guarulhos - ACE-Guarulhos","og_description":"Aula inicial de forma\u00e7\u00e3o do grupo de reeditores do Programa Fam\u00edlia Brasileira Fortalecida do Unicef Agindo em conjunto, Unicef &#8211; Fundo das Na\u00e7\u00f5es","og_url":"https:\/\/www.aceguarulhos.com.br\/blog\/programa-do-unicef-come\u00e7a-a-ser-implantado-em-guarulhos\/","og_site_name":"ACE-Guarulhos","article_publisher":"https:\/\/www.facebook.com\/aceguarulhos\/","article_published_time":"2006-05-13T14:19:34+00:00","author":"Assessoria de Imprensa ACE-Guarulhos","twitter_card":"summary_large_image","twitter_misc":{"Escrito por":"Assessoria de Imprensa ACE-Guarulhos","Est. tempo de leitura":"4 minutos"},"schema":{"@context":"https:\/\/schema.org","@graph":[{"@type":"Article","@id":"https:\/\/www.aceguarulhos.com.br\/blog\/programa-do-unicef-come%c3%a7a-a-ser-implantado-em-guarulhos\/#article","isPartOf":{"@id":"https:\/\/www.aceguarulhos.com.br\/blog\/programa-do-unicef-come%c3%a7a-a-ser-implantado-em-guarulhos\/"},"author":{"name":"Assessoria de Imprensa ACE-Guarulhos","@id":"https:\/\/www.aceguarulhos.com.br\/blog\/#\/schema\/person\/6983b51bad37489989e4f09698c26237"},"headline":"Programa do Unicef come\u00e7a a ser implantado em Guarulhos","datePublished":"2006-05-13T14:19:34+00:00","mainEntityOfPage":{"@id":"https:\/\/www.aceguarulhos.com.br\/blog\/programa-do-unicef-come%c3%a7a-a-ser-implantado-em-guarulhos\/"},"wordCount":796,"commentCount":0,"publisher":{"@id":"https:\/\/www.aceguarulhos.com.br\/blog\/#organization"},"articleSection":["Not\u00edcias"],"inLanguage":"pt-BR"},{"@type":"WebPage","@id":"https:\/\/www.aceguarulhos.com.br\/blog\/programa-do-unicef-come%c3%a7a-a-ser-implantado-em-guarulhos\/","url":"https:\/\/www.aceguarulhos.com.br\/blog\/programa-do-unicef-come%c3%a7a-a-ser-implantado-em-guarulhos\/","name":"Programa do Unicef come\u00e7a a ser implantado em Guarulhos - ACE-Guarulhos","isPartOf":{"@id":"https:\/\/www.aceguarulhos.com.br\/blog\/#website"},"datePublished":"2006-05-13T14:19:34+00:00","breadcrumb":{"@id":"https:\/\/www.aceguarulhos.com.br\/blog\/programa-do-unicef-come%c3%a7a-a-ser-implantado-em-guarulhos\/#breadcrumb"},"inLanguage":"pt-BR","potentialAction":[{"@type":"ReadAction","target":["https:\/\/www.aceguarulhos.com.br\/blog\/programa-do-unicef-come%c3%a7a-a-ser-implantado-em-guarulhos\/"]}]},{"@type":"BreadcrumbList","@id":"https:\/\/www.aceguarulhos.com.br\/blog\/programa-do-unicef-come%c3%a7a-a-ser-implantado-em-guarulhos\/#breadcrumb","itemListElement":[{"@type":"ListItem","position":1,"name":"In\u00edcio","item":"https:\/\/www.aceguarulhos.com.br\/blog\/"},{"@type":"ListItem","position":2,"name":"Programa do Unicef come\u00e7a a ser implantado em Guarulhos"}]},{"@type":"WebSite","@id":"https:\/\/www.aceguarulhos.com.br\/blog\/#website","url":"https:\/\/www.aceguarulhos.com.br\/blog\/","name":"ACE-Guarulhos","description":"A ACE-Guarulhos \u00e9 uma associa\u00e7\u00e3o que ap\u00f3ia os empres\u00e1rios guarulhenses atrav\u00e9s da representa\u00e7\u00e3o, da gera\u00e7\u00e3o de neg\u00f3cios e presta\u00e7\u00e3o de servi\u00e7os.","publisher":{"@id":"https:\/\/www.aceguarulhos.com.br\/blog\/#organization"},"potentialAction":[{"@type":"SearchAction","target":{"@type":"EntryPoint","urlTemplate":"https:\/\/www.aceguarulhos.com.br\/blog\/?s={search_term_string}"},"query-input":{"@type":"PropertyValueSpecification","valueRequired":true,"valueName":"search_term_string"}}],"inLanguage":"pt-BR"},{"@type":"Organization","@id":"https:\/\/www.aceguarulhos.com.br\/blog\/#organization","name":"ACE-Guarulhos","url":"https:\/\/www.aceguarulhos.com.br\/blog\/","logo":{"@type":"ImageObject","inLanguage":"pt-BR","@id":"https:\/\/www.aceguarulhos.com.br\/blog\/#\/schema\/logo\/image\/","url":"https:\/\/www.aceguarulhos.com.br\/blog\/wp-content\/uploads\/2017\/12\/logo-aceguarulhos-2018.png","contentUrl":"https:\/\/www.aceguarulhos.com.br\/blog\/wp-content\/uploads\/2017\/12\/logo-aceguarulhos-2018.png","width":419,"height":76,"caption":"ACE-Guarulhos"},"image":{"@id":"https:\/\/www.aceguarulhos.com.br\/blog\/#\/schema\/logo\/image\/"},"sameAs":["https:\/\/www.facebook.com\/aceguarulhos\/","https:\/\/br.linkedin.com\/in\/ace-guarulhos-b9a97093","https:\/\/www.youtube.com\/user\/aceguarulhos"]},{"@type":"Person","@id":"https:\/\/www.aceguarulhos.com.br\/blog\/#\/schema\/person\/6983b51bad37489989e4f09698c26237","name":"Assessoria de Imprensa ACE-Guarulhos","image":{"@type":"ImageObject","inLanguage":"pt-BR","@id":"https:\/\/secure.gravatar.com\/avatar\/707f3fadd6918afeb64173ab22d8a8cb0676953098a4f31ff36dc2b4c699ef6a?s=96&d=mm&r=g","url":"https:\/\/secure.gravatar.com\/avatar\/707f3fadd6918afeb64173ab22d8a8cb0676953098a4f31ff36dc2b4c699ef6a?s=96&d=mm&r=g","contentUrl":"https:\/\/secure.gravatar.com\/avatar\/707f3fadd6918afeb64173ab22d8a8cb0676953098a4f31ff36dc2b4c699ef6a?s=96&d=mm&r=g","caption":"Assessoria de Imprensa ACE-Guarulhos"},"url":"https:\/\/www.aceguarulhos.com.br\/blog\/author\/assessoria-de-imprensa-ace-guarulhos\/"}]}},"wps_subtitle":"","amp_enabled":true,"_links":{"self":[{"href":"https:\/\/www.aceguarulhos.com.br\/blog\/wp-json\/wp\/v2\/posts\/30137","targetHints":{"allow":["GET"]}}],"collection":[{"href":"https:\/\/www.aceguarulhos.com.br\/blog\/wp-json\/wp\/v2\/posts"}],"about":[{"href":"https:\/\/www.aceguarulhos.com.br\/blog\/wp-json\/wp\/v2\/types\/post"}],"author":[{"embeddable":true,"href":"https:\/\/www.aceguarulhos.com.br\/blog\/wp-json\/wp\/v2\/users\/8"}],"replies":[{"embeddable":true,"href":"https:\/\/www.aceguarulhos.com.br\/blog\/wp-json\/wp\/v2\/comments?post=30137"}],"version-history":[{"count":0,"href":"https:\/\/www.aceguarulhos.com.br\/blog\/wp-json\/wp\/v2\/posts\/30137\/revisions"}],"wp:attachment":[{"href":"https:\/\/www.aceguarulhos.com.br\/blog\/wp-json\/wp\/v2\/media?parent=30137"}],"wp:term":[{"taxonomy":"category","embeddable":true,"href":"https:\/\/www.aceguarulhos.com.br\/blog\/wp-json\/wp\/v2\/categories?post=30137"},{"taxonomy":"post_tag","embeddable":true,"href":"https:\/\/www.aceguarulhos.com.br\/blog\/wp-json\/wp\/v2\/tags?post=30137"}],"curies":[{"name":"wp","href":"https:\/\/api.w.org\/{rel}","templated":true}]}}