{"id":30124,"date":"2006-05-08T19:09:26","date_gmt":"2006-05-08T19:09:26","guid":{"rendered":"http:\/\/www.aceguarulhos.com.br\/blog\/?p=30124"},"modified":"-0001-11-30T00:00:00","modified_gmt":"-0001-11-30T03:00:00","slug":"guarulhos-ter%c3%a1-mba-de-comunica%c3%a7%c3%a3o-executiva","status":"publish","type":"post","link":"https:\/\/www.aceguarulhos.com.br\/blog\/guarulhos-ter%c3%a1-mba-de-comunica%c3%a7%c3%a3o-executiva\/","title":{"rendered":"Guarulhos ter\u00e1 MBA de Comunica\u00e7\u00e3o Executiva"},"content":{"rendered":"<p><P><STRONG><EM>Curso ser\u00e1 ministrado pela primeira vez no mun\u00edcipio<\/EM><\/STRONG> <BR>\u00a0<BR>Uma parceria firmada entre o diretor de relacionamento e presidente do NJE &#8211; N\u00facleo de Jovens Empreendedores da Associa\u00e7\u00e3o Comercial e Empresarial de Guarulhos (ACE), Rodrigo Barros, o portal Comunique-se, programa Segredo do Sucesso, Educartis e Fecap, traz para Guarulhos o curso MBA Executivo &#8211; Gest\u00e3o em Comunica\u00e7\u00e3o Corporativa.<BR>\u00a0<BR>O curso ser\u00e1 dado por profissionais da \u00e1rea de comunica\u00e7\u00e3o empresarial brasileira, bem como convidados internacionais para palestras complementares. O programa foi dividido em 3 m\u00f3dulos (comunica\u00e7\u00e3o, marketing e neg\u00f3cios), abrangendo 25 disciplinas e uma carga hor\u00e1ria de 372 horas.<BR>\u00a0<BR>O curso \u00e9 dirigido a executivos empres\u00e1rios e profissionais da \u00e1rea de comunica\u00e7\u00e3o. O corpo docente atende \u00e0s exig\u00eancias do Minist\u00e9rio da Educa\u00e7\u00e3o (MEC) sobre titula\u00e7\u00e3o acad\u00eamica, pois equivale a uma p\u00f3s-gradua\u00e7\u00e3o latu sensu.<BR>\u00a0<BR>O grande diferencial est\u00e1 na aplica\u00e7\u00e3o pr\u00e1tica de conceitos de marketing e neg\u00f3cios. Seu desenvolvimento est\u00e1 centrado na discuss\u00e3o sobre gest\u00e3o corporativa e no cotidiano dos profissionais de comunica\u00e7\u00e3o. <BR>\u00a0<BR>Outra novidade do curso ser\u00e1 a utiliza\u00e7\u00e3o de uma ferramenta de ensino a dist\u00e2ncia conhecida como EPR (Ensino Presencial em Rede). Os alunos freq\u00fcentam as aulas presencialmente em sua cidade, mas participam de uma rede com m\u00faltiplos espa\u00e7os educacionais, distribu\u00eddos de maneira a permitir uma boa intera\u00e7\u00e3o entre todos os participantes (alunos nas diversas salas de aula e o professor).<BR>\u00a0<BR>Segundo Rodrigo Barros, o curso ter\u00e1 a dura\u00e7\u00e3o de 14 meses, com in\u00edcio no dia 16 de maio de 2006 e t\u00e9rmino no dia 24 de julho de 2007. Haver\u00e1 mais uma aula demonstrativa na pr\u00f3xima quarta-feira, 10 de maio, \u00e0s 19h30 no hotel Le Canard.<BR>\u00a0<BR>Nos dias 2 e 3 de maio, das 19h \u00e0s 21h, no hotel Le Canard, foram realizadas duas aulas demonstrativas. As inscri\u00e7\u00f5es podem ser feitas pelo site <A href=\"http:\/\/www.mbacomunicacao.com.br\">www.mbacomunicacao.com.br<\/A>. Mais informa\u00e7\u00f5es pelo telefone 3879-0860.<\/P><\/p>\n","protected":false},"excerpt":{"rendered":"Curso ser\u00e1 ministrado pela primeira vez no mun\u00edcipio \u00a0Uma parceria firmada entre o diretor de relacionamento e presidente do NJE &#8211; N\u00facleo de \n<a class=\"moretag\" href=\"https:\/\/www.aceguarulhos.com.br\/blog\/guarulhos-ter%c3%a1-mba-de-comunica%c3%a7%c3%a3o-executiva\/\"> [...]<\/a>","protected":false},"author":8,"featured_media":0,"comment_status":"open","ping_status":"open","sticky":false,"template":"","format":"standard","meta":{"footnotes":""},"categories":[2],"tags":[],"class_list":["post-30124","post","type-post","status-publish","format-standard","hentry","category-noticias"],"yoast_head":"<!-- This site is optimized with the Yoast SEO plugin v28.1 - https:\/\/yoast.com\/product\/yoast-seo-wordpress\/ -->\n<title>Guarulhos ter\u00e1 MBA de Comunica\u00e7\u00e3o Executiva - ACE-Guarulhos<\/title>\n<meta name=\"robots\" content=\"index, follow, max-snippet:-1, max-image-preview:large, max-video-preview:-1\" \/>\n<link rel=\"canonical\" href=\"https:\/\/www.aceguarulhos.com.br\/blog\/guarulhos-ter\u00e1-mba-de-comunica\u00e7\u00e3o-executiva\/\" \/>\n<meta property=\"og:locale\" content=\"pt_BR\" \/>\n<meta property=\"og:type\" content=\"article\" \/>\n<meta property=\"og:title\" content=\"Guarulhos ter\u00e1 MBA de Comunica\u00e7\u00e3o Executiva - ACE-Guarulhos\" \/>\n<meta property=\"og:description\" content=\"Curso ser\u00e1 ministrado pela primeira vez no mun\u00edcipio \u00a0Uma parceria firmada entre o diretor de relacionamento e presidente do NJE &#8211; N\u00facleo de\" \/>\n<meta property=\"og:url\" content=\"https:\/\/www.aceguarulhos.com.br\/blog\/guarulhos-ter\u00e1-mba-de-comunica\u00e7\u00e3o-executiva\/\" \/>\n<meta property=\"og:site_name\" content=\"ACE-Guarulhos\" \/>\n<meta property=\"article:publisher\" content=\"https:\/\/www.facebook.com\/aceguarulhos\/\" \/>\n<meta property=\"article:published_time\" content=\"2006-05-08T19:09:26+00:00\" \/>\n<meta name=\"author\" content=\"Assessoria de Imprensa ACE-Guarulhos\" \/>\n<meta name=\"twitter:card\" content=\"summary_large_image\" \/>\n<meta name=\"twitter:label1\" content=\"Escrito por\" \/>\n\t<meta name=\"twitter:data1\" content=\"Assessoria de Imprensa ACE-Guarulhos\" \/>\n\t<meta name=\"twitter:label2\" content=\"Est. tempo de leitura\" \/>\n\t<meta name=\"twitter:data2\" content=\"2 minutos\" \/>\n<script type=\"application\/ld+json\" class=\"yoast-schema-graph\">{\"@context\":\"https:\\\/\\\/schema.org\",\"@graph\":[{\"@type\":\"Article\",\"@id\":\"https:\\\/\\\/www.aceguarulhos.com.br\\\/blog\\\/guarulhos-ter%c3%a1-mba-de-comunica%c3%a7%c3%a3o-executiva\\\/#article\",\"isPartOf\":{\"@id\":\"https:\\\/\\\/www.aceguarulhos.com.br\\\/blog\\\/guarulhos-ter%c3%a1-mba-de-comunica%c3%a7%c3%a3o-executiva\\\/\"},\"author\":{\"name\":\"Assessoria de Imprensa ACE-Guarulhos\",\"@id\":\"https:\\\/\\\/www.aceguarulhos.com.br\\\/blog\\\/#\\\/schema\\\/person\\\/6983b51bad37489989e4f09698c26237\"},\"headline\":\"Guarulhos ter\u00e1 MBA de Comunica\u00e7\u00e3o Executiva\",\"datePublished\":\"2006-05-08T19:09:26+00:00\",\"mainEntityOfPage\":{\"@id\":\"https:\\\/\\\/www.aceguarulhos.com.br\\\/blog\\\/guarulhos-ter%c3%a1-mba-de-comunica%c3%a7%c3%a3o-executiva\\\/\"},\"wordCount\":335,\"commentCount\":0,\"publisher\":{\"@id\":\"https:\\\/\\\/www.aceguarulhos.com.br\\\/blog\\\/#organization\"},\"articleSection\":[\"Not\u00edcias\"],\"inLanguage\":\"pt-BR\"},{\"@type\":\"WebPage\",\"@id\":\"https:\\\/\\\/www.aceguarulhos.com.br\\\/blog\\\/guarulhos-ter%c3%a1-mba-de-comunica%c3%a7%c3%a3o-executiva\\\/\",\"url\":\"https:\\\/\\\/www.aceguarulhos.com.br\\\/blog\\\/guarulhos-ter%c3%a1-mba-de-comunica%c3%a7%c3%a3o-executiva\\\/\",\"name\":\"Guarulhos ter\u00e1 MBA de Comunica\u00e7\u00e3o Executiva - ACE-Guarulhos\",\"isPartOf\":{\"@id\":\"https:\\\/\\\/www.aceguarulhos.com.br\\\/blog\\\/#website\"},\"datePublished\":\"2006-05-08T19:09:26+00:00\",\"breadcrumb\":{\"@id\":\"https:\\\/\\\/www.aceguarulhos.com.br\\\/blog\\\/guarulhos-ter%c3%a1-mba-de-comunica%c3%a7%c3%a3o-executiva\\\/#breadcrumb\"},\"inLanguage\":\"pt-BR\",\"potentialAction\":[{\"@type\":\"ReadAction\",\"target\":[\"https:\\\/\\\/www.aceguarulhos.com.br\\\/blog\\\/guarulhos-ter%c3%a1-mba-de-comunica%c3%a7%c3%a3o-executiva\\\/\"]}]},{\"@type\":\"BreadcrumbList\",\"@id\":\"https:\\\/\\\/www.aceguarulhos.com.br\\\/blog\\\/guarulhos-ter%c3%a1-mba-de-comunica%c3%a7%c3%a3o-executiva\\\/#breadcrumb\",\"itemListElement\":[{\"@type\":\"ListItem\",\"position\":1,\"name\":\"In\u00edcio\",\"item\":\"https:\\\/\\\/www.aceguarulhos.com.br\\\/blog\\\/\"},{\"@type\":\"ListItem\",\"position\":2,\"name\":\"Guarulhos ter\u00e1 MBA de Comunica\u00e7\u00e3o Executiva\"}]},{\"@type\":\"WebSite\",\"@id\":\"https:\\\/\\\/www.aceguarulhos.com.br\\\/blog\\\/#website\",\"url\":\"https:\\\/\\\/www.aceguarulhos.com.br\\\/blog\\\/\",\"name\":\"ACE-Guarulhos\",\"description\":\"A ACE-Guarulhos \u00e9 uma associa\u00e7\u00e3o que ap\u00f3ia os empres\u00e1rios guarulhenses atrav\u00e9s da representa\u00e7\u00e3o, da gera\u00e7\u00e3o de neg\u00f3cios e presta\u00e7\u00e3o de servi\u00e7os.\",\"publisher\":{\"@id\":\"https:\\\/\\\/www.aceguarulhos.com.br\\\/blog\\\/#organization\"},\"potentialAction\":[{\"@type\":\"SearchAction\",\"target\":{\"@type\":\"EntryPoint\",\"urlTemplate\":\"https:\\\/\\\/www.aceguarulhos.com.br\\\/blog\\\/?s={search_term_string}\"},\"query-input\":{\"@type\":\"PropertyValueSpecification\",\"valueRequired\":true,\"valueName\":\"search_term_string\"}}],\"inLanguage\":\"pt-BR\"},{\"@type\":\"Organization\",\"@id\":\"https:\\\/\\\/www.aceguarulhos.com.br\\\/blog\\\/#organization\",\"name\":\"ACE-Guarulhos\",\"url\":\"https:\\\/\\\/www.aceguarulhos.com.br\\\/blog\\\/\",\"logo\":{\"@type\":\"ImageObject\",\"inLanguage\":\"pt-BR\",\"@id\":\"https:\\\/\\\/www.aceguarulhos.com.br\\\/blog\\\/#\\\/schema\\\/logo\\\/image\\\/\",\"url\":\"https:\\\/\\\/www.aceguarulhos.com.br\\\/blog\\\/wp-content\\\/uploads\\\/2017\\\/12\\\/logo-aceguarulhos-2018.png\",\"contentUrl\":\"https:\\\/\\\/www.aceguarulhos.com.br\\\/blog\\\/wp-content\\\/uploads\\\/2017\\\/12\\\/logo-aceguarulhos-2018.png\",\"width\":419,\"height\":76,\"caption\":\"ACE-Guarulhos\"},\"image\":{\"@id\":\"https:\\\/\\\/www.aceguarulhos.com.br\\\/blog\\\/#\\\/schema\\\/logo\\\/image\\\/\"},\"sameAs\":[\"https:\\\/\\\/www.facebook.com\\\/aceguarulhos\\\/\",\"https:\\\/\\\/br.linkedin.com\\\/in\\\/ace-guarulhos-b9a97093\",\"https:\\\/\\\/www.youtube.com\\\/user\\\/aceguarulhos\"]},{\"@type\":\"Person\",\"@id\":\"https:\\\/\\\/www.aceguarulhos.com.br\\\/blog\\\/#\\\/schema\\\/person\\\/6983b51bad37489989e4f09698c26237\",\"name\":\"Assessoria de Imprensa ACE-Guarulhos\",\"image\":{\"@type\":\"ImageObject\",\"inLanguage\":\"pt-BR\",\"@id\":\"https:\\\/\\\/secure.gravatar.com\\\/avatar\\\/707f3fadd6918afeb64173ab22d8a8cb0676953098a4f31ff36dc2b4c699ef6a?s=96&d=mm&r=g\",\"url\":\"https:\\\/\\\/secure.gravatar.com\\\/avatar\\\/707f3fadd6918afeb64173ab22d8a8cb0676953098a4f31ff36dc2b4c699ef6a?s=96&d=mm&r=g\",\"contentUrl\":\"https:\\\/\\\/secure.gravatar.com\\\/avatar\\\/707f3fadd6918afeb64173ab22d8a8cb0676953098a4f31ff36dc2b4c699ef6a?s=96&d=mm&r=g\",\"caption\":\"Assessoria de Imprensa ACE-Guarulhos\"},\"url\":\"https:\\\/\\\/www.aceguarulhos.com.br\\\/blog\\\/author\\\/assessoria-de-imprensa-ace-guarulhos\\\/\"}]}<\/script>\n<!-- \/ Yoast SEO plugin. -->","yoast_head_json":{"title":"Guarulhos ter\u00e1 MBA de Comunica\u00e7\u00e3o Executiva - ACE-Guarulhos","robots":{"index":"index","follow":"follow","max-snippet":"max-snippet:-1","max-image-preview":"max-image-preview:large","max-video-preview":"max-video-preview:-1"},"canonical":"https:\/\/www.aceguarulhos.com.br\/blog\/guarulhos-ter\u00e1-mba-de-comunica\u00e7\u00e3o-executiva\/","og_locale":"pt_BR","og_type":"article","og_title":"Guarulhos ter\u00e1 MBA de Comunica\u00e7\u00e3o Executiva - ACE-Guarulhos","og_description":"Curso ser\u00e1 ministrado pela primeira vez no mun\u00edcipio \u00a0Uma parceria firmada entre o diretor de relacionamento e presidente do NJE &#8211; N\u00facleo de","og_url":"https:\/\/www.aceguarulhos.com.br\/blog\/guarulhos-ter\u00e1-mba-de-comunica\u00e7\u00e3o-executiva\/","og_site_name":"ACE-Guarulhos","article_publisher":"https:\/\/www.facebook.com\/aceguarulhos\/","article_published_time":"2006-05-08T19:09:26+00:00","author":"Assessoria de Imprensa ACE-Guarulhos","twitter_card":"summary_large_image","twitter_misc":{"Escrito por":"Assessoria de Imprensa ACE-Guarulhos","Est. tempo de leitura":"2 minutos"},"schema":{"@context":"https:\/\/schema.org","@graph":[{"@type":"Article","@id":"https:\/\/www.aceguarulhos.com.br\/blog\/guarulhos-ter%c3%a1-mba-de-comunica%c3%a7%c3%a3o-executiva\/#article","isPartOf":{"@id":"https:\/\/www.aceguarulhos.com.br\/blog\/guarulhos-ter%c3%a1-mba-de-comunica%c3%a7%c3%a3o-executiva\/"},"author":{"name":"Assessoria de Imprensa ACE-Guarulhos","@id":"https:\/\/www.aceguarulhos.com.br\/blog\/#\/schema\/person\/6983b51bad37489989e4f09698c26237"},"headline":"Guarulhos ter\u00e1 MBA de Comunica\u00e7\u00e3o Executiva","datePublished":"2006-05-08T19:09:26+00:00","mainEntityOfPage":{"@id":"https:\/\/www.aceguarulhos.com.br\/blog\/guarulhos-ter%c3%a1-mba-de-comunica%c3%a7%c3%a3o-executiva\/"},"wordCount":335,"commentCount":0,"publisher":{"@id":"https:\/\/www.aceguarulhos.com.br\/blog\/#organization"},"articleSection":["Not\u00edcias"],"inLanguage":"pt-BR"},{"@type":"WebPage","@id":"https:\/\/www.aceguarulhos.com.br\/blog\/guarulhos-ter%c3%a1-mba-de-comunica%c3%a7%c3%a3o-executiva\/","url":"https:\/\/www.aceguarulhos.com.br\/blog\/guarulhos-ter%c3%a1-mba-de-comunica%c3%a7%c3%a3o-executiva\/","name":"Guarulhos ter\u00e1 MBA de Comunica\u00e7\u00e3o Executiva - ACE-Guarulhos","isPartOf":{"@id":"https:\/\/www.aceguarulhos.com.br\/blog\/#website"},"datePublished":"2006-05-08T19:09:26+00:00","breadcrumb":{"@id":"https:\/\/www.aceguarulhos.com.br\/blog\/guarulhos-ter%c3%a1-mba-de-comunica%c3%a7%c3%a3o-executiva\/#breadcrumb"},"inLanguage":"pt-BR","potentialAction":[{"@type":"ReadAction","target":["https:\/\/www.aceguarulhos.com.br\/blog\/guarulhos-ter%c3%a1-mba-de-comunica%c3%a7%c3%a3o-executiva\/"]}]},{"@type":"BreadcrumbList","@id":"https:\/\/www.aceguarulhos.com.br\/blog\/guarulhos-ter%c3%a1-mba-de-comunica%c3%a7%c3%a3o-executiva\/#breadcrumb","itemListElement":[{"@type":"ListItem","position":1,"name":"In\u00edcio","item":"https:\/\/www.aceguarulhos.com.br\/blog\/"},{"@type":"ListItem","position":2,"name":"Guarulhos ter\u00e1 MBA de Comunica\u00e7\u00e3o Executiva"}]},{"@type":"WebSite","@id":"https:\/\/www.aceguarulhos.com.br\/blog\/#website","url":"https:\/\/www.aceguarulhos.com.br\/blog\/","name":"ACE-Guarulhos","description":"A ACE-Guarulhos \u00e9 uma associa\u00e7\u00e3o que ap\u00f3ia os empres\u00e1rios guarulhenses atrav\u00e9s da representa\u00e7\u00e3o, da gera\u00e7\u00e3o de neg\u00f3cios e presta\u00e7\u00e3o de servi\u00e7os.","publisher":{"@id":"https:\/\/www.aceguarulhos.com.br\/blog\/#organization"},"potentialAction":[{"@type":"SearchAction","target":{"@type":"EntryPoint","urlTemplate":"https:\/\/www.aceguarulhos.com.br\/blog\/?s={search_term_string}"},"query-input":{"@type":"PropertyValueSpecification","valueRequired":true,"valueName":"search_term_string"}}],"inLanguage":"pt-BR"},{"@type":"Organization","@id":"https:\/\/www.aceguarulhos.com.br\/blog\/#organization","name":"ACE-Guarulhos","url":"https:\/\/www.aceguarulhos.com.br\/blog\/","logo":{"@type":"ImageObject","inLanguage":"pt-BR","@id":"https:\/\/www.aceguarulhos.com.br\/blog\/#\/schema\/logo\/image\/","url":"https:\/\/www.aceguarulhos.com.br\/blog\/wp-content\/uploads\/2017\/12\/logo-aceguarulhos-2018.png","contentUrl":"https:\/\/www.aceguarulhos.com.br\/blog\/wp-content\/uploads\/2017\/12\/logo-aceguarulhos-2018.png","width":419,"height":76,"caption":"ACE-Guarulhos"},"image":{"@id":"https:\/\/www.aceguarulhos.com.br\/blog\/#\/schema\/logo\/image\/"},"sameAs":["https:\/\/www.facebook.com\/aceguarulhos\/","https:\/\/br.linkedin.com\/in\/ace-guarulhos-b9a97093","https:\/\/www.youtube.com\/user\/aceguarulhos"]},{"@type":"Person","@id":"https:\/\/www.aceguarulhos.com.br\/blog\/#\/schema\/person\/6983b51bad37489989e4f09698c26237","name":"Assessoria de Imprensa ACE-Guarulhos","image":{"@type":"ImageObject","inLanguage":"pt-BR","@id":"https:\/\/secure.gravatar.com\/avatar\/707f3fadd6918afeb64173ab22d8a8cb0676953098a4f31ff36dc2b4c699ef6a?s=96&d=mm&r=g","url":"https:\/\/secure.gravatar.com\/avatar\/707f3fadd6918afeb64173ab22d8a8cb0676953098a4f31ff36dc2b4c699ef6a?s=96&d=mm&r=g","contentUrl":"https:\/\/secure.gravatar.com\/avatar\/707f3fadd6918afeb64173ab22d8a8cb0676953098a4f31ff36dc2b4c699ef6a?s=96&d=mm&r=g","caption":"Assessoria de Imprensa ACE-Guarulhos"},"url":"https:\/\/www.aceguarulhos.com.br\/blog\/author\/assessoria-de-imprensa-ace-guarulhos\/"}]}},"wps_subtitle":"","amp_enabled":true,"_links":{"self":[{"href":"https:\/\/www.aceguarulhos.com.br\/blog\/wp-json\/wp\/v2\/posts\/30124","targetHints":{"allow":["GET"]}}],"collection":[{"href":"https:\/\/www.aceguarulhos.com.br\/blog\/wp-json\/wp\/v2\/posts"}],"about":[{"href":"https:\/\/www.aceguarulhos.com.br\/blog\/wp-json\/wp\/v2\/types\/post"}],"author":[{"embeddable":true,"href":"https:\/\/www.aceguarulhos.com.br\/blog\/wp-json\/wp\/v2\/users\/8"}],"replies":[{"embeddable":true,"href":"https:\/\/www.aceguarulhos.com.br\/blog\/wp-json\/wp\/v2\/comments?post=30124"}],"version-history":[{"count":0,"href":"https:\/\/www.aceguarulhos.com.br\/blog\/wp-json\/wp\/v2\/posts\/30124\/revisions"}],"wp:attachment":[{"href":"https:\/\/www.aceguarulhos.com.br\/blog\/wp-json\/wp\/v2\/media?parent=30124"}],"wp:term":[{"taxonomy":"category","embeddable":true,"href":"https:\/\/www.aceguarulhos.com.br\/blog\/wp-json\/wp\/v2\/categories?post=30124"},{"taxonomy":"post_tag","embeddable":true,"href":"https:\/\/www.aceguarulhos.com.br\/blog\/wp-json\/wp\/v2\/tags?post=30124"}],"curies":[{"name":"wp","href":"https:\/\/api.w.org\/{rel}","templated":true}]}}