{"id":30091,"date":"2006-04-12T21:11:20","date_gmt":"2006-04-12T21:11:20","guid":{"rendered":"http:\/\/www.aceguarulhos.com.br\/blog\/?p=30091"},"modified":"-0001-11-30T00:00:00","modified_gmt":"-0001-11-30T03:00:00","slug":"a-represa-do-cabu%c3%a7u-em-guarulhos","status":"publish","type":"post","link":"https:\/\/www.aceguarulhos.com.br\/blog\/a-represa-do-cabu%c3%a7u-em-guarulhos\/","title":{"rendered":"A represa do Cabu\u00e7u em Guarulhos"},"content":{"rendered":"<p><P>A represa do Cabu\u00e7u teve suas obras iniciadas em 1905 e conclu\u00eddas em 1907. As represas do Cabu\u00e7u, Barrocada e Engordador formavam o Sistema Cabu\u00e7u. Das tr\u00eas represas somente a do Cabu\u00e7u est\u00e1 dentro do munic\u00edpio de Guarulhos.<\/P><P>A \u00e1rea da bacia do Cabu\u00e7u tem 24 km2, o Barrocada tem 8,5 km2 e Engordador tem 9,6 km2.<\/P><P><IMG height=208 alt=ACE src=\"\/blog\/wp-content\/uploads\/image.php?x=i&#038;i1=100&#038;i2=20020621181918\" width=396 align=left border=0><\/P><P><EM>Costado da barragem arco gravidade, do Cabu\u00e7u, tirada pelo engenheiro Pl\u00ednio Tomaz durante a seca de 1969.<\/EM><\/P><P>Na \u00e9poca era Diretor da Reparti\u00e7\u00e3o de \u00c1guas da Capital o engenheiro Arthur da Motta, o mesmo que em 1910, inaugurou a barragem do Barrocada.<\/P><P>Foram constru\u00eddos cerca de 16,6km de aqueduto em concreto armado, com 1,20m de di\u00e2metro, ligando o Sistema Cabu\u00e7u \u00e0 Esta\u00e7\u00e3o de Tratamento de \u00c1gua do Mirante em Santana com vaz\u00e3o prevista de 43.400m3\/dia (502 litros\/segundo). <\/P><P>A maioria do aqueduto encontra-se sob o solo, mas existe um trecho localizado perto da Ch\u00e1cara do Biondi no Jardim Palmira na estrada do Cabu\u00e7u em Guarulhos, onde h\u00e1 um t\u00fanel que poucos conhecem.<BR>\u00a0<BR><IMG alt=\"Pl\u00ednio Thomaz\" src=\"\/blog\/wp-content\/uploads\/image.php?x=i&#038;i1=100&#038;i2=20020623195605\" align=left border=0><\/P><P><EM>Aqueduto do Cabu\u00e7u feito em concreto com cimento vindo da Inglaterra.<\/EM><\/P><P>Havia trechos da bula\u00e7\u00e3o de concreto que foi constru\u00eddo em t\u00faneis e sif\u00f5es com press\u00e3o de at\u00e9 27 metros de coluna de \u00e1gua.<\/P><P>A barragem do Cabu\u00e7u foi constru\u00edda inteiramente com concreto armado e \u00e9 considerada em todos os livros de engenharia, a primeira grande obra p\u00fablica que empregou o concreto em larga escala (Hist\u00f3ria da Engenharia no Brasil- Pedro Carlos da Silva Telles). Barragem, adutora, condutos livres, condutos for\u00e7ados, etc, foram constru\u00eddos em concreto.<\/P><P>O concreto usado na barragem do Cabu\u00e7u vinha da Inglaterra, em barris de madeira. Um engenheiro da Sabesp uma vez achou um barril esquecido num po\u00e7o de visita e me mostrou a fotografia.<\/P><P>Os arque\u00f3logos industriais Dalmo e Mena em suas pesquisas me informaram que o livro que serviu de refer\u00eancia para o projeto da barragem de concreto do Cabu\u00e7u denomina-se: &#8220;The design and construction of dams&#8221; escrito por Edward Wegmann, C.E. que pode ser achado na Biblioteca da Escola Polit\u00e9cnica da Universidade de S\u00e3o Paulo.<\/P><P>Quem dirigiu as obras do Cabu\u00e7u foi o engenheiro Luiz Betin Paes Leme que era o chefe da Comiss\u00e3o de Obras Novas de Saneamento e Abastecimento de \u00c1guas da Capital, criada em 1905. <\/P><P>O engenheiro Luiz Betin Paes Leme foi formado na Europa e foi ele quem introduziu o concreto armado no Brasil com as obras do Cabu\u00e7u. <\/P><P>O primeiro edif\u00edcio de concreto armado feito no Brasil data de 1909 e situada na rua Direita esquina com rua S\u00e3o Bento com dois pavimentos constru\u00eddo por um arquiteto Italiano chamado Francesco Notarabeto.<\/P><P>A represa do Cabu\u00e7u ficou famosa, pois devido a pressa de inaugura\u00e7\u00e3o, n\u00e3o foi feito o desmatamento necess\u00e1rio e houve problemas de \u00e1cidos \u00famidos e f\u00falvicos dificultando o tratamento da \u00e1gua. Isto era constantemente repetido pelos professores nos cursos que fiz na Faculdade de Sa\u00fade P\u00fablica. A represa foi esvaziada e retirada toda a vegeta\u00e7\u00e3o existente.<\/P><P>Um engenheiro da Sabesp que fazia pesquisas hist\u00f3ricas sobre o Engordador quando tudo aquilo estava completamente abandonado me mostrou um copia do jornal &#8220;O Estado de S\u00e3o Paulo&#8221;, quando a represa do Cabu\u00e7u foi inaugurada a manchete &#8220;\u00c1gua para o ano 2000&#8221;, mas o tempo mostrou que seria insuficiente para a capital.<\/P><P>O volume de \u00e1gua da represa do Cabu\u00e7u \u00e9 de 1.776.000 m3 com vaz\u00e3o firme de 371 litros\/segundo.\u00a0 <\/P><P>Em 7 de maio de 1929 o munic\u00edpio de Guarulhos abriu m\u00e3o do Cabu\u00e7u atrav\u00e9s do conv\u00eanio Guarulhos-governo do Estado de S\u00e3o Paulo.<\/P><P>Em 1977 o sistema Cabu\u00e7u foi desativado pela SABESP e em 1992 foi concedida outorga ao munic\u00edpio de Guarulhos por 30 anos dos mananciais do Cabu\u00e7u, Barrocada e do Tanque Grande.<\/P><P>A Capela do Senhor Bom Jesus do Cabu\u00e7u pr\u00f3xima \u00e0 represa do Cabu\u00e7u foi executada em 1850.<\/P><P>Hoje a represa do Cabu\u00e7u \u00e9 administrada pelo SAAE de Guarulhos, havendo uma esta\u00e7\u00e3o de tratamento de \u00e1gua a jusante da barragem e a \u00e1gua \u00e9 distribu\u00edda na regi\u00e3o. <\/P><P><STRONG><EM>Engenheiro civil Pl\u00ednio Tomaz<\/EM><\/STRONG><\/P><P><STRONG><EM>Diretor de Assuntos H\u00eddricos da ACE<\/EM><\/STRONG><\/P><\/p>\n","protected":false},"excerpt":{"rendered":"A represa do Cabu\u00e7u teve suas obras iniciadas em 1905 e conclu\u00eddas em 1907. As represas do Cabu\u00e7u, Barrocada e Engordador formavam o \n<a class=\"moretag\" href=\"https:\/\/www.aceguarulhos.com.br\/blog\/a-represa-do-cabu%c3%a7u-em-guarulhos\/\"> [...]<\/a>","protected":false},"author":8,"featured_media":0,"comment_status":"open","ping_status":"open","sticky":false,"template":"","format":"standard","meta":{"footnotes":""},"categories":[2],"tags":[],"class_list":["post-30091","post","type-post","status-publish","format-standard","hentry","category-noticias"],"yoast_head":"<!-- This site is optimized with the Yoast SEO plugin v28.1 - https:\/\/yoast.com\/product\/yoast-seo-wordpress\/ -->\n<title>A represa do Cabu\u00e7u em Guarulhos - ACE-Guarulhos<\/title>\n<meta name=\"robots\" content=\"index, follow, max-snippet:-1, max-image-preview:large, max-video-preview:-1\" \/>\n<link rel=\"canonical\" href=\"https:\/\/www.aceguarulhos.com.br\/blog\/a-represa-do-cabu\u00e7u-em-guarulhos\/\" \/>\n<meta property=\"og:locale\" content=\"pt_BR\" \/>\n<meta property=\"og:type\" content=\"article\" \/>\n<meta property=\"og:title\" content=\"A represa do Cabu\u00e7u em Guarulhos - ACE-Guarulhos\" \/>\n<meta property=\"og:description\" content=\"A represa do Cabu\u00e7u teve suas obras iniciadas em 1905 e conclu\u00eddas em 1907. As represas do Cabu\u00e7u, Barrocada e Engordador formavam o\" \/>\n<meta property=\"og:url\" content=\"https:\/\/www.aceguarulhos.com.br\/blog\/a-represa-do-cabu\u00e7u-em-guarulhos\/\" \/>\n<meta property=\"og:site_name\" content=\"ACE-Guarulhos\" \/>\n<meta property=\"article:publisher\" content=\"https:\/\/www.facebook.com\/aceguarulhos\/\" \/>\n<meta property=\"article:published_time\" content=\"2006-04-12T21:11:20+00:00\" \/>\n<meta name=\"author\" content=\"Assessoria de Imprensa ACE-Guarulhos\" \/>\n<meta name=\"twitter:card\" content=\"summary_large_image\" \/>\n<meta name=\"twitter:label1\" content=\"Escrito por\" \/>\n\t<meta name=\"twitter:data1\" content=\"Assessoria de Imprensa ACE-Guarulhos\" \/>\n\t<meta name=\"twitter:label2\" content=\"Est. tempo de leitura\" \/>\n\t<meta name=\"twitter:data2\" content=\"4 minutos\" \/>\n<script type=\"application\/ld+json\" class=\"yoast-schema-graph\">{\"@context\":\"https:\\\/\\\/schema.org\",\"@graph\":[{\"@type\":\"Article\",\"@id\":\"https:\\\/\\\/www.aceguarulhos.com.br\\\/blog\\\/a-represa-do-cabu%c3%a7u-em-guarulhos\\\/#article\",\"isPartOf\":{\"@id\":\"https:\\\/\\\/www.aceguarulhos.com.br\\\/blog\\\/a-represa-do-cabu%c3%a7u-em-guarulhos\\\/\"},\"author\":{\"name\":\"Assessoria de Imprensa ACE-Guarulhos\",\"@id\":\"https:\\\/\\\/www.aceguarulhos.com.br\\\/blog\\\/#\\\/schema\\\/person\\\/6983b51bad37489989e4f09698c26237\"},\"headline\":\"A represa do Cabu\u00e7u em Guarulhos\",\"datePublished\":\"2006-04-12T21:11:20+00:00\",\"mainEntityOfPage\":{\"@id\":\"https:\\\/\\\/www.aceguarulhos.com.br\\\/blog\\\/a-represa-do-cabu%c3%a7u-em-guarulhos\\\/\"},\"wordCount\":727,\"commentCount\":0,\"publisher\":{\"@id\":\"https:\\\/\\\/www.aceguarulhos.com.br\\\/blog\\\/#organization\"},\"articleSection\":[\"Not\u00edcias\"],\"inLanguage\":\"pt-BR\"},{\"@type\":\"WebPage\",\"@id\":\"https:\\\/\\\/www.aceguarulhos.com.br\\\/blog\\\/a-represa-do-cabu%c3%a7u-em-guarulhos\\\/\",\"url\":\"https:\\\/\\\/www.aceguarulhos.com.br\\\/blog\\\/a-represa-do-cabu%c3%a7u-em-guarulhos\\\/\",\"name\":\"A represa do Cabu\u00e7u em Guarulhos - ACE-Guarulhos\",\"isPartOf\":{\"@id\":\"https:\\\/\\\/www.aceguarulhos.com.br\\\/blog\\\/#website\"},\"datePublished\":\"2006-04-12T21:11:20+00:00\",\"breadcrumb\":{\"@id\":\"https:\\\/\\\/www.aceguarulhos.com.br\\\/blog\\\/a-represa-do-cabu%c3%a7u-em-guarulhos\\\/#breadcrumb\"},\"inLanguage\":\"pt-BR\",\"potentialAction\":[{\"@type\":\"ReadAction\",\"target\":[\"https:\\\/\\\/www.aceguarulhos.com.br\\\/blog\\\/a-represa-do-cabu%c3%a7u-em-guarulhos\\\/\"]}]},{\"@type\":\"BreadcrumbList\",\"@id\":\"https:\\\/\\\/www.aceguarulhos.com.br\\\/blog\\\/a-represa-do-cabu%c3%a7u-em-guarulhos\\\/#breadcrumb\",\"itemListElement\":[{\"@type\":\"ListItem\",\"position\":1,\"name\":\"In\u00edcio\",\"item\":\"https:\\\/\\\/www.aceguarulhos.com.br\\\/blog\\\/\"},{\"@type\":\"ListItem\",\"position\":2,\"name\":\"A represa do Cabu\u00e7u em Guarulhos\"}]},{\"@type\":\"WebSite\",\"@id\":\"https:\\\/\\\/www.aceguarulhos.com.br\\\/blog\\\/#website\",\"url\":\"https:\\\/\\\/www.aceguarulhos.com.br\\\/blog\\\/\",\"name\":\"ACE-Guarulhos\",\"description\":\"A ACE-Guarulhos \u00e9 uma associa\u00e7\u00e3o que ap\u00f3ia os empres\u00e1rios guarulhenses atrav\u00e9s da representa\u00e7\u00e3o, da gera\u00e7\u00e3o de neg\u00f3cios e presta\u00e7\u00e3o de servi\u00e7os.\",\"publisher\":{\"@id\":\"https:\\\/\\\/www.aceguarulhos.com.br\\\/blog\\\/#organization\"},\"potentialAction\":[{\"@type\":\"SearchAction\",\"target\":{\"@type\":\"EntryPoint\",\"urlTemplate\":\"https:\\\/\\\/www.aceguarulhos.com.br\\\/blog\\\/?s={search_term_string}\"},\"query-input\":{\"@type\":\"PropertyValueSpecification\",\"valueRequired\":true,\"valueName\":\"search_term_string\"}}],\"inLanguage\":\"pt-BR\"},{\"@type\":\"Organization\",\"@id\":\"https:\\\/\\\/www.aceguarulhos.com.br\\\/blog\\\/#organization\",\"name\":\"ACE-Guarulhos\",\"url\":\"https:\\\/\\\/www.aceguarulhos.com.br\\\/blog\\\/\",\"logo\":{\"@type\":\"ImageObject\",\"inLanguage\":\"pt-BR\",\"@id\":\"https:\\\/\\\/www.aceguarulhos.com.br\\\/blog\\\/#\\\/schema\\\/logo\\\/image\\\/\",\"url\":\"https:\\\/\\\/www.aceguarulhos.com.br\\\/blog\\\/wp-content\\\/uploads\\\/2017\\\/12\\\/logo-aceguarulhos-2018.png\",\"contentUrl\":\"https:\\\/\\\/www.aceguarulhos.com.br\\\/blog\\\/wp-content\\\/uploads\\\/2017\\\/12\\\/logo-aceguarulhos-2018.png\",\"width\":419,\"height\":76,\"caption\":\"ACE-Guarulhos\"},\"image\":{\"@id\":\"https:\\\/\\\/www.aceguarulhos.com.br\\\/blog\\\/#\\\/schema\\\/logo\\\/image\\\/\"},\"sameAs\":[\"https:\\\/\\\/www.facebook.com\\\/aceguarulhos\\\/\",\"https:\\\/\\\/br.linkedin.com\\\/in\\\/ace-guarulhos-b9a97093\",\"https:\\\/\\\/www.youtube.com\\\/user\\\/aceguarulhos\"]},{\"@type\":\"Person\",\"@id\":\"https:\\\/\\\/www.aceguarulhos.com.br\\\/blog\\\/#\\\/schema\\\/person\\\/6983b51bad37489989e4f09698c26237\",\"name\":\"Assessoria de Imprensa ACE-Guarulhos\",\"image\":{\"@type\":\"ImageObject\",\"inLanguage\":\"pt-BR\",\"@id\":\"https:\\\/\\\/secure.gravatar.com\\\/avatar\\\/707f3fadd6918afeb64173ab22d8a8cb0676953098a4f31ff36dc2b4c699ef6a?s=96&d=mm&r=g\",\"url\":\"https:\\\/\\\/secure.gravatar.com\\\/avatar\\\/707f3fadd6918afeb64173ab22d8a8cb0676953098a4f31ff36dc2b4c699ef6a?s=96&d=mm&r=g\",\"contentUrl\":\"https:\\\/\\\/secure.gravatar.com\\\/avatar\\\/707f3fadd6918afeb64173ab22d8a8cb0676953098a4f31ff36dc2b4c699ef6a?s=96&d=mm&r=g\",\"caption\":\"Assessoria de Imprensa ACE-Guarulhos\"},\"url\":\"https:\\\/\\\/www.aceguarulhos.com.br\\\/blog\\\/author\\\/assessoria-de-imprensa-ace-guarulhos\\\/\"}]}<\/script>\n<!-- \/ Yoast SEO plugin. -->","yoast_head_json":{"title":"A represa do Cabu\u00e7u em Guarulhos - ACE-Guarulhos","robots":{"index":"index","follow":"follow","max-snippet":"max-snippet:-1","max-image-preview":"max-image-preview:large","max-video-preview":"max-video-preview:-1"},"canonical":"https:\/\/www.aceguarulhos.com.br\/blog\/a-represa-do-cabu\u00e7u-em-guarulhos\/","og_locale":"pt_BR","og_type":"article","og_title":"A represa do Cabu\u00e7u em Guarulhos - ACE-Guarulhos","og_description":"A represa do Cabu\u00e7u teve suas obras iniciadas em 1905 e conclu\u00eddas em 1907. As represas do Cabu\u00e7u, Barrocada e Engordador formavam o","og_url":"https:\/\/www.aceguarulhos.com.br\/blog\/a-represa-do-cabu\u00e7u-em-guarulhos\/","og_site_name":"ACE-Guarulhos","article_publisher":"https:\/\/www.facebook.com\/aceguarulhos\/","article_published_time":"2006-04-12T21:11:20+00:00","author":"Assessoria de Imprensa ACE-Guarulhos","twitter_card":"summary_large_image","twitter_misc":{"Escrito por":"Assessoria de Imprensa ACE-Guarulhos","Est. tempo de leitura":"4 minutos"},"schema":{"@context":"https:\/\/schema.org","@graph":[{"@type":"Article","@id":"https:\/\/www.aceguarulhos.com.br\/blog\/a-represa-do-cabu%c3%a7u-em-guarulhos\/#article","isPartOf":{"@id":"https:\/\/www.aceguarulhos.com.br\/blog\/a-represa-do-cabu%c3%a7u-em-guarulhos\/"},"author":{"name":"Assessoria de Imprensa ACE-Guarulhos","@id":"https:\/\/www.aceguarulhos.com.br\/blog\/#\/schema\/person\/6983b51bad37489989e4f09698c26237"},"headline":"A represa do Cabu\u00e7u em Guarulhos","datePublished":"2006-04-12T21:11:20+00:00","mainEntityOfPage":{"@id":"https:\/\/www.aceguarulhos.com.br\/blog\/a-represa-do-cabu%c3%a7u-em-guarulhos\/"},"wordCount":727,"commentCount":0,"publisher":{"@id":"https:\/\/www.aceguarulhos.com.br\/blog\/#organization"},"articleSection":["Not\u00edcias"],"inLanguage":"pt-BR"},{"@type":"WebPage","@id":"https:\/\/www.aceguarulhos.com.br\/blog\/a-represa-do-cabu%c3%a7u-em-guarulhos\/","url":"https:\/\/www.aceguarulhos.com.br\/blog\/a-represa-do-cabu%c3%a7u-em-guarulhos\/","name":"A represa do Cabu\u00e7u em Guarulhos - ACE-Guarulhos","isPartOf":{"@id":"https:\/\/www.aceguarulhos.com.br\/blog\/#website"},"datePublished":"2006-04-12T21:11:20+00:00","breadcrumb":{"@id":"https:\/\/www.aceguarulhos.com.br\/blog\/a-represa-do-cabu%c3%a7u-em-guarulhos\/#breadcrumb"},"inLanguage":"pt-BR","potentialAction":[{"@type":"ReadAction","target":["https:\/\/www.aceguarulhos.com.br\/blog\/a-represa-do-cabu%c3%a7u-em-guarulhos\/"]}]},{"@type":"BreadcrumbList","@id":"https:\/\/www.aceguarulhos.com.br\/blog\/a-represa-do-cabu%c3%a7u-em-guarulhos\/#breadcrumb","itemListElement":[{"@type":"ListItem","position":1,"name":"In\u00edcio","item":"https:\/\/www.aceguarulhos.com.br\/blog\/"},{"@type":"ListItem","position":2,"name":"A represa do Cabu\u00e7u em Guarulhos"}]},{"@type":"WebSite","@id":"https:\/\/www.aceguarulhos.com.br\/blog\/#website","url":"https:\/\/www.aceguarulhos.com.br\/blog\/","name":"ACE-Guarulhos","description":"A ACE-Guarulhos \u00e9 uma associa\u00e7\u00e3o que ap\u00f3ia os empres\u00e1rios guarulhenses atrav\u00e9s da representa\u00e7\u00e3o, da gera\u00e7\u00e3o de neg\u00f3cios e presta\u00e7\u00e3o de servi\u00e7os.","publisher":{"@id":"https:\/\/www.aceguarulhos.com.br\/blog\/#organization"},"potentialAction":[{"@type":"SearchAction","target":{"@type":"EntryPoint","urlTemplate":"https:\/\/www.aceguarulhos.com.br\/blog\/?s={search_term_string}"},"query-input":{"@type":"PropertyValueSpecification","valueRequired":true,"valueName":"search_term_string"}}],"inLanguage":"pt-BR"},{"@type":"Organization","@id":"https:\/\/www.aceguarulhos.com.br\/blog\/#organization","name":"ACE-Guarulhos","url":"https:\/\/www.aceguarulhos.com.br\/blog\/","logo":{"@type":"ImageObject","inLanguage":"pt-BR","@id":"https:\/\/www.aceguarulhos.com.br\/blog\/#\/schema\/logo\/image\/","url":"https:\/\/www.aceguarulhos.com.br\/blog\/wp-content\/uploads\/2017\/12\/logo-aceguarulhos-2018.png","contentUrl":"https:\/\/www.aceguarulhos.com.br\/blog\/wp-content\/uploads\/2017\/12\/logo-aceguarulhos-2018.png","width":419,"height":76,"caption":"ACE-Guarulhos"},"image":{"@id":"https:\/\/www.aceguarulhos.com.br\/blog\/#\/schema\/logo\/image\/"},"sameAs":["https:\/\/www.facebook.com\/aceguarulhos\/","https:\/\/br.linkedin.com\/in\/ace-guarulhos-b9a97093","https:\/\/www.youtube.com\/user\/aceguarulhos"]},{"@type":"Person","@id":"https:\/\/www.aceguarulhos.com.br\/blog\/#\/schema\/person\/6983b51bad37489989e4f09698c26237","name":"Assessoria de Imprensa ACE-Guarulhos","image":{"@type":"ImageObject","inLanguage":"pt-BR","@id":"https:\/\/secure.gravatar.com\/avatar\/707f3fadd6918afeb64173ab22d8a8cb0676953098a4f31ff36dc2b4c699ef6a?s=96&d=mm&r=g","url":"https:\/\/secure.gravatar.com\/avatar\/707f3fadd6918afeb64173ab22d8a8cb0676953098a4f31ff36dc2b4c699ef6a?s=96&d=mm&r=g","contentUrl":"https:\/\/secure.gravatar.com\/avatar\/707f3fadd6918afeb64173ab22d8a8cb0676953098a4f31ff36dc2b4c699ef6a?s=96&d=mm&r=g","caption":"Assessoria de Imprensa ACE-Guarulhos"},"url":"https:\/\/www.aceguarulhos.com.br\/blog\/author\/assessoria-de-imprensa-ace-guarulhos\/"}]}},"wps_subtitle":"","amp_enabled":true,"_links":{"self":[{"href":"https:\/\/www.aceguarulhos.com.br\/blog\/wp-json\/wp\/v2\/posts\/30091","targetHints":{"allow":["GET"]}}],"collection":[{"href":"https:\/\/www.aceguarulhos.com.br\/blog\/wp-json\/wp\/v2\/posts"}],"about":[{"href":"https:\/\/www.aceguarulhos.com.br\/blog\/wp-json\/wp\/v2\/types\/post"}],"author":[{"embeddable":true,"href":"https:\/\/www.aceguarulhos.com.br\/blog\/wp-json\/wp\/v2\/users\/8"}],"replies":[{"embeddable":true,"href":"https:\/\/www.aceguarulhos.com.br\/blog\/wp-json\/wp\/v2\/comments?post=30091"}],"version-history":[{"count":0,"href":"https:\/\/www.aceguarulhos.com.br\/blog\/wp-json\/wp\/v2\/posts\/30091\/revisions"}],"wp:attachment":[{"href":"https:\/\/www.aceguarulhos.com.br\/blog\/wp-json\/wp\/v2\/media?parent=30091"}],"wp:term":[{"taxonomy":"category","embeddable":true,"href":"https:\/\/www.aceguarulhos.com.br\/blog\/wp-json\/wp\/v2\/categories?post=30091"},{"taxonomy":"post_tag","embeddable":true,"href":"https:\/\/www.aceguarulhos.com.br\/blog\/wp-json\/wp\/v2\/tags?post=30091"}],"curies":[{"name":"wp","href":"https:\/\/api.w.org\/{rel}","templated":true}]}}