{"id":29959,"date":"2006-01-13T07:31:36","date_gmt":"2006-01-13T07:31:36","guid":{"rendered":"http:\/\/www.aceguarulhos.com.br\/blog\/?p=29959"},"modified":"-0001-11-30T00:00:00","modified_gmt":"-0001-11-30T03:00:00","slug":"ace-inicia-quero-mais-brasil-em-guarulhos","status":"publish","type":"post","link":"https:\/\/www.aceguarulhos.com.br\/blog\/ace-inicia-quero-mais-brasil-em-guarulhos\/","title":{"rendered":"ACE inicia Quero Mais Brasil em Guarulhos"},"content":{"rendered":"<p><P><STRONG><EM>Movimento que tem car\u00e1ter nacional, quer conscientizar a popula\u00e7\u00e3o sobre a alta carga tribut\u00e1ria de nosso pa\u00eds<\/EM><\/STRONG><\/P><P><IMG alt=ACE src=\"\/blog\/wp-content\/uploads\/image.php?x=i&#038;i1=100&#038;i2=20020510150011\" align=left border=0><\/P><P><EM>O presidente da ACE, Decio Pomp\u00eao Junior, falou que Guarulhos far\u00e1 o seu papel no movimento<\/EM><\/P><P>Com a participa\u00e7\u00e3o de 15 entidades do munic\u00edpio e representantes do poder p\u00fablico, a Associa\u00e7\u00e3o Comercial e Empresarial de Guarulhos (ACE) e a FACESP &#8211; Federa\u00e7\u00e3o das Associa\u00e7\u00f5es Comerciais do Estado de S\u00e3o Paulo realizaram na manh\u00e3 de ter\u00e7a-feira (10\/01) na sede da Ordem dos Advogados do Brasil &#8211; Subsec\u00e7\u00e3o Guarulhos, a primeira reuni\u00e3o para o in\u00edcio do Movimento Quero Mais Brasil na cidade. O Movimento tem como objetivo conscientizar o cidad\u00e3o brasileiro, mostrando que ele paga impostos em todos os servi\u00e7os e produtos consumidos.<BR>\u00a0<BR>Entre os presentes estavam o presidente Decio Pomp\u00eao Junior; o vice-presidente da RA 03, Anunciato Thomeo Sobrinho; o vice-presidente de servi\u00e7os, Wilson Louren\u00e7o, o superintendente, Maurici Dias Gomes e diversos diretores da Associa\u00e7\u00e3o Comercial e Empresarial de Guarulhos; o presidente da OAB-Guarulhos, Airton Trevisan; o Secret\u00e1rio de Desenvolvimento Econ\u00f4mico da Prefeitura, Ant\u00f4nio Carlos de Almeida; o deputado estadual Sebasti\u00e3o Almeida (PT); a diretora regional do Sescon-Guarulhos, Roseli Gon\u00e7alves da Concei\u00e7\u00e3o; o representante do Ciesp-Guarulhos, Jos\u00e9 Roberto Lapettina; o coordenador estadual do Movimento Quero mais Brasil, Paulo Martelli; e o vice-presidente da Regional Administrativa 3 da FACESP, Anunciato Thomeo Sobrinho.<BR>\u00a0<BR>A reuni\u00e3o serviu para que as entidades conhecessem como ser\u00e1 desenvolvido o plano de a\u00e7\u00e3o do Movimento nas 17 Regionais da FACESP. Guarulhos faz parte da RA 3 que \u00e9 composta por 10 Associa\u00e7\u00f5es Comercias.<BR>\u00a0<BR>O Movimento Quero Mais Brasil teve in\u00edcio no dia 17 de janeiro na cidade de S\u00e3o Paulo e percorrer\u00e1 todo o Estado, entre os meses de janeiro e fevereiro, com o evento &#8220;De Olho no Imposto&#8221;.<BR>\u00a0<BR>A pr\u00f3xima reuni\u00e3o, com os dirigentes de entidades representativas e \u00f3rg\u00e3os de assessoria de imprensa de nossa cidade, acerca da realiza\u00e7\u00e3o do Movimento &#8220;Quero Mais Brasil&#8221; em Guarulhos, est\u00e1 agendada para o dia 07 de fevereiro de 2006, \u00e0s 10 horas, na OAB Guarulhos, Rua Luiz Faccini, 394 &#8211; Centro de Guarulhos.<\/p>\n<p>Este evento leva em sua bagagem uma programa\u00e7\u00e3o que prev\u00ea palestras sobre o tema e um show room com diversas atra\u00e7\u00f5es, dentre elas destacam-se: o imposto da fam\u00edlia, que ir\u00e1 mostrar o quanto uma fam\u00edlia paga de impostos; a calculadora de imposto, que ir\u00e1 permitir que qualquer pessoa calcule quantos meses ela trabalha para pagar seus impostos; o impost\u00f4metro, que ir\u00e1 mostra qual \u00e9 o valor real arrecadado pelo governo federal com impostos e o quanto deste valor fica para o munic\u00edpio. <BR>\u00a0<BR>O Movimento j\u00e1 conta com a ades\u00e3o de entidades de representa\u00e7\u00e3o estadual como OAB\/SP, FACESP, SESCON\/SP , CIESP e For\u00e7a Sindical\u00a0 entre outras,\u00a0\u00a0 atrav\u00e9s de importantes lideran\u00e7as como o presidente Guilherme Afif Domingos (FACESP\/ACSP); Luiz Fl\u00e1vio Borges D&#39;Urso (OAB\/SP); Antonio Marangon (presidente do SESCON\/SP) e Claudio Vaz (presidente do CIESP).<BR>\u00a0<BR>No dia 17 de fevereiro ser\u00e1 a vez de Guarulhos receber o evento que ser\u00e1 realizado em alguns lugares da cidade, como audit\u00f3rios e pra\u00e7as p\u00fablicas (ainda sem defini\u00e7\u00e3o). Neste dia, o presidente da Federa\u00e7\u00e3o das Associa\u00e7\u00f5es Comerciais do Estado de S\u00e3o Paulo, Guilherme Afif Domingos, al\u00e9m de outros representantes de entidades representativas do pa\u00eds vir\u00e3o ao munic\u00edpio.<BR>\u00a0<BR>O presidente da ACE-Guarulhos, Decio Pomp\u00eao Junior pediu a cada entidade presente na OAB, que se torne um catalisador do Movimento.<BR>\u00a0<BR>&#8220;\u00c9 muito bom come\u00e7ar o ano de 2006 com um evento t\u00e3o grandioso e que pretende mudar a consci\u00eancia do brasileiro em rela\u00e7\u00e3o \u00e0 carga tribut\u00e1ria. Por isso mesmo eu pe\u00e7o a ajuda dos meus amigos representantes de entidades t\u00e3o importantes de Guarulhos para que sejam catalisadores desta id\u00e9ia. Afinal esse \u00e9 o nosso papel de cidad\u00e3o brasileiro&#8221;, declarou.<BR>\u00a0<BR>Para a presidente do Sescon-Guarulhos, Roseli Gon\u00e7alves da Concei\u00e7\u00e3o, que lida diariamente com taxas de impostos pagas por empres\u00e1rios, o Movimento tem a grande miss\u00e3o de mostrar com mais clareza como a nossa carga tribut\u00e1ria \u00e9 alta.<BR>\u00a0<BR>&#8220;Sabemos que a carga tribut\u00e1ria no Brasil \u00e9 alta e que o empres\u00e1rio tem cada vez menos lucro. O Quero Mais Brasil \u00e9 importante para mostrar o quanto gastamos com impostos neste pa\u00eds e por isso temos que cobrar uma postura das autoridades&#8221;, disse.<BR>\u00a0<BR>J\u00e1 o Secret\u00e1rio de Desenvolvimento Econ\u00f4mico, Ant\u00f4nio Carlos de Almeida, afirmou que o poder p\u00fablico tem que se engajar em movimentos que t\u00eam como objetivo demonstrar a transpar\u00eancia do que \u00e9 feito com o dinheiro p\u00fablico.<BR>\u00a0<BR>&#8220;Se chegamos a este ponto de nos mobilizar \u00e9 porque queremos dar mais transpar\u00eancia ao dinheiro p\u00fablico. Sabemos que muitos governos t\u00eam grandes or\u00e7amentos, mas pouco investimento, uma equa\u00e7\u00e3o que n\u00e3o fecha. O poder p\u00fablico precisa se engajar sim neste movimento&#8221;, concluiu.<BR>\u00a0<BR><IMG alt=ACE src=\"\/blog\/wp-content\/uploads\/image.php?x=i&#038;i1=100&#038;i2=20020510145016\" align=left border=0><\/P><P><EM>Paulo Martelli, coordenador estadual\u00a0do movimento<\/EM><\/P><P>O coordenador estadual da FACESP do Movimento Quero Mais Brasil, Paulo Martelli disse que j\u00e1 percorreu mais de 8 regi\u00f5es do Estado e que conversou com aproximadamente 600 pessoas de 80 cidades diferentes, por acreditar no Movimento.<BR>\u00a0<BR>&#8220;Quero dizer que a cobran\u00e7a de impostos \u00e9 leg\u00edtima, desde que haja uma contrapartida do que \u00e9 arrecadado e n\u00e3o \u00e9 isto que estamos presenciando&#8221;, afirmou.<\/P><P><STRONG>Regulamenta\u00e7\u00e3o &#8211;<\/STRONG> O Movimento &#8220;Quero Mais Brasil&#8221; pretende mudar a cara do pa\u00eds por meio da consci\u00eancia tribut\u00e1ria, ou seja, mostrar a cada cidad\u00e3o que ele paga impostos em todos os servi\u00e7os e produtos que consome e que, por isso mesmo, tem o direito de saber o quanto sai do seu bolso, exigindo transpar\u00eancia por meio da demostra\u00e7\u00e3o de como esse dinheiro p\u00fablico \u00e9 usado pelo Estado em \u00e1reas como sa\u00fade, educa\u00e7\u00e3o, infra-estrutura e seguran\u00e7a.<\/P><P>Para mobilizar cada cidad\u00e3o como um protagonista dessa luta, o Movimento tem como meta colher pelo menos 1,5 milh\u00e3o de assinaturas em v\u00e1rios estados brasileiros com o objetivo final de enviar um projeto de lei popular ao Congresso Nacional, pedindo a regulamenta\u00e7\u00e3o do par\u00e1grafo 5\u00ba do artigo 150 da Constitui\u00e7\u00e3o Federal que determina que &#8220;todo cidad\u00e3o tem o direito de saber quanto paga de imposto na hora da compra de qualquer produto ou servi\u00e7o&#8221; e desta forma tornar obrigat\u00f3rio que o total dos impostos pagos sobre bens e servi\u00e7os apare\u00e7am na nota ou cupom fiscal.<\/P><P>Segundo dados da FACESP &#8211; Federa\u00e7\u00e3o das Associa\u00e7\u00f5es Comerciais, as 17 cidades que comp\u00f5e a Regional Administrativa 3 possuem juntas um total de 7,5 milh\u00f5es de habitantes e cerca de 5 milh\u00f5es de eleitores, o que facilita a coleta das assinaturas pretendidas. <\/P><P><IMG alt=ACE src=\"\/blog\/wp-content\/uploads\/image.php?x=i&#038;i1=100&#038;i2=20020510151139\" align=left border=0><\/P><P><EM>Entidades guarulhenses comprometem-se com o Quero mais Brasil<\/EM><\/P><P>Cada sede ir\u00e1 receber um kit que cont\u00e9m um cartaz, 100 folhetos explicativos e um bloco para arrecada\u00e7\u00e3o de 100 assinaturas. Os kits da Regional Administrativa 03 da FACESP, que compreendem as cidades de Guarulhos, Aruj\u00e1, Ferraz de Vasconcelos, Itaquaquecetuba, Guararema, Po\u00e1, Suzano, Mogi das Cruzes, Santa Izabel e Mairipor\u00e3 ser\u00e3o distribu\u00eddos pela ACE-Guarulhos. A entidade guarulhense tamb\u00e9m ser\u00e1 respons\u00e1vel pela distribui\u00e7\u00e3o do material jornal\u00edstico a ser divulgado nestas cidades.<\/P><P>Confira as entidades que participaram da reuni\u00e3o:<\/P><P>ACE-Guarulhos<BR>ACE-Ferraz de Vasconcelos<BR>ASEC- Associa\u00e7\u00e3o dos Empres\u00e1rios de Cumbica<br \/>OAB-Guarulhos<BR>OSC Viva Guarulhos<BR>Conseg Vila Galv\u00e3o<BR>Sindicato dos Metal\u00fargicos de Guarulhos e regi\u00e3o<BR>Ciesp<BR>Sindicato dos Vigilantes de Guarulhos<BR>CIEE<BR>AGENDE<BR>IDECON<BR>FIG<BR>UNG<BR>Sindicato dos Empregadores do Com\u00e9rcio de Guarulhos<BR>Prefeitura Municipal de Guarulhos<BR><\/P><\/p>\n","protected":false},"excerpt":{"rendered":"Movimento que tem car\u00e1ter nacional, quer conscientizar a popula\u00e7\u00e3o sobre a alta carga tribut\u00e1ria de nosso pa\u00edsO presidente da ACE, Decio Pomp\u00eao Junior, \n<a class=\"moretag\" href=\"https:\/\/www.aceguarulhos.com.br\/blog\/ace-inicia-quero-mais-brasil-em-guarulhos\/\"> [...]<\/a>","protected":false},"author":8,"featured_media":0,"comment_status":"open","ping_status":"open","sticky":false,"template":"","format":"standard","meta":{"footnotes":""},"categories":[2],"tags":[],"class_list":["post-29959","post","type-post","status-publish","format-standard","hentry","category-noticias"],"yoast_head":"<!-- This site is optimized with the Yoast SEO plugin v28.1 - https:\/\/yoast.com\/product\/yoast-seo-wordpress\/ -->\n<title>ACE inicia Quero Mais Brasil em Guarulhos - ACE-Guarulhos<\/title>\n<meta name=\"robots\" content=\"index, follow, max-snippet:-1, max-image-preview:large, max-video-preview:-1\" \/>\n<link rel=\"canonical\" href=\"https:\/\/www.aceguarulhos.com.br\/blog\/ace-inicia-quero-mais-brasil-em-guarulhos\/\" \/>\n<meta property=\"og:locale\" content=\"pt_BR\" \/>\n<meta property=\"og:type\" content=\"article\" \/>\n<meta property=\"og:title\" content=\"ACE inicia Quero Mais Brasil em Guarulhos - ACE-Guarulhos\" \/>\n<meta property=\"og:description\" content=\"Movimento que tem car\u00e1ter nacional, quer conscientizar a popula\u00e7\u00e3o sobre a alta carga tribut\u00e1ria de nosso pa\u00edsO presidente da ACE, Decio Pomp\u00eao Junior,\" \/>\n<meta property=\"og:url\" content=\"https:\/\/www.aceguarulhos.com.br\/blog\/ace-inicia-quero-mais-brasil-em-guarulhos\/\" \/>\n<meta property=\"og:site_name\" content=\"ACE-Guarulhos\" \/>\n<meta property=\"article:publisher\" content=\"https:\/\/www.facebook.com\/aceguarulhos\/\" \/>\n<meta property=\"article:published_time\" content=\"2006-01-13T07:31:36+00:00\" \/>\n<meta name=\"author\" content=\"Assessoria de Imprensa ACE-Guarulhos\" \/>\n<meta name=\"twitter:card\" content=\"summary_large_image\" \/>\n<meta name=\"twitter:label1\" content=\"Escrito por\" \/>\n\t<meta name=\"twitter:data1\" content=\"Assessoria de Imprensa ACE-Guarulhos\" \/>\n\t<meta name=\"twitter:label2\" content=\"Est. tempo de leitura\" \/>\n\t<meta name=\"twitter:data2\" content=\"6 minutos\" \/>\n<script type=\"application\/ld+json\" class=\"yoast-schema-graph\">{\"@context\":\"https:\\\/\\\/schema.org\",\"@graph\":[{\"@type\":\"Article\",\"@id\":\"https:\\\/\\\/www.aceguarulhos.com.br\\\/blog\\\/ace-inicia-quero-mais-brasil-em-guarulhos\\\/#article\",\"isPartOf\":{\"@id\":\"https:\\\/\\\/www.aceguarulhos.com.br\\\/blog\\\/ace-inicia-quero-mais-brasil-em-guarulhos\\\/\"},\"author\":{\"name\":\"Assessoria de Imprensa ACE-Guarulhos\",\"@id\":\"https:\\\/\\\/www.aceguarulhos.com.br\\\/blog\\\/#\\\/schema\\\/person\\\/6983b51bad37489989e4f09698c26237\"},\"headline\":\"ACE inicia Quero Mais Brasil em Guarulhos\",\"datePublished\":\"2006-01-13T07:31:36+00:00\",\"mainEntityOfPage\":{\"@id\":\"https:\\\/\\\/www.aceguarulhos.com.br\\\/blog\\\/ace-inicia-quero-mais-brasil-em-guarulhos\\\/\"},\"wordCount\":1276,\"commentCount\":0,\"publisher\":{\"@id\":\"https:\\\/\\\/www.aceguarulhos.com.br\\\/blog\\\/#organization\"},\"articleSection\":[\"Not\u00edcias\"],\"inLanguage\":\"pt-BR\"},{\"@type\":\"WebPage\",\"@id\":\"https:\\\/\\\/www.aceguarulhos.com.br\\\/blog\\\/ace-inicia-quero-mais-brasil-em-guarulhos\\\/\",\"url\":\"https:\\\/\\\/www.aceguarulhos.com.br\\\/blog\\\/ace-inicia-quero-mais-brasil-em-guarulhos\\\/\",\"name\":\"ACE inicia Quero Mais Brasil em Guarulhos - ACE-Guarulhos\",\"isPartOf\":{\"@id\":\"https:\\\/\\\/www.aceguarulhos.com.br\\\/blog\\\/#website\"},\"datePublished\":\"2006-01-13T07:31:36+00:00\",\"breadcrumb\":{\"@id\":\"https:\\\/\\\/www.aceguarulhos.com.br\\\/blog\\\/ace-inicia-quero-mais-brasil-em-guarulhos\\\/#breadcrumb\"},\"inLanguage\":\"pt-BR\",\"potentialAction\":[{\"@type\":\"ReadAction\",\"target\":[\"https:\\\/\\\/www.aceguarulhos.com.br\\\/blog\\\/ace-inicia-quero-mais-brasil-em-guarulhos\\\/\"]}]},{\"@type\":\"BreadcrumbList\",\"@id\":\"https:\\\/\\\/www.aceguarulhos.com.br\\\/blog\\\/ace-inicia-quero-mais-brasil-em-guarulhos\\\/#breadcrumb\",\"itemListElement\":[{\"@type\":\"ListItem\",\"position\":1,\"name\":\"In\u00edcio\",\"item\":\"https:\\\/\\\/www.aceguarulhos.com.br\\\/blog\\\/\"},{\"@type\":\"ListItem\",\"position\":2,\"name\":\"ACE inicia Quero Mais Brasil em Guarulhos\"}]},{\"@type\":\"WebSite\",\"@id\":\"https:\\\/\\\/www.aceguarulhos.com.br\\\/blog\\\/#website\",\"url\":\"https:\\\/\\\/www.aceguarulhos.com.br\\\/blog\\\/\",\"name\":\"ACE-Guarulhos\",\"description\":\"A ACE-Guarulhos \u00e9 uma associa\u00e7\u00e3o que ap\u00f3ia os empres\u00e1rios guarulhenses atrav\u00e9s da representa\u00e7\u00e3o, da gera\u00e7\u00e3o de neg\u00f3cios e presta\u00e7\u00e3o de servi\u00e7os.\",\"publisher\":{\"@id\":\"https:\\\/\\\/www.aceguarulhos.com.br\\\/blog\\\/#organization\"},\"potentialAction\":[{\"@type\":\"SearchAction\",\"target\":{\"@type\":\"EntryPoint\",\"urlTemplate\":\"https:\\\/\\\/www.aceguarulhos.com.br\\\/blog\\\/?s={search_term_string}\"},\"query-input\":{\"@type\":\"PropertyValueSpecification\",\"valueRequired\":true,\"valueName\":\"search_term_string\"}}],\"inLanguage\":\"pt-BR\"},{\"@type\":\"Organization\",\"@id\":\"https:\\\/\\\/www.aceguarulhos.com.br\\\/blog\\\/#organization\",\"name\":\"ACE-Guarulhos\",\"url\":\"https:\\\/\\\/www.aceguarulhos.com.br\\\/blog\\\/\",\"logo\":{\"@type\":\"ImageObject\",\"inLanguage\":\"pt-BR\",\"@id\":\"https:\\\/\\\/www.aceguarulhos.com.br\\\/blog\\\/#\\\/schema\\\/logo\\\/image\\\/\",\"url\":\"https:\\\/\\\/www.aceguarulhos.com.br\\\/blog\\\/wp-content\\\/uploads\\\/2017\\\/12\\\/logo-aceguarulhos-2018.png\",\"contentUrl\":\"https:\\\/\\\/www.aceguarulhos.com.br\\\/blog\\\/wp-content\\\/uploads\\\/2017\\\/12\\\/logo-aceguarulhos-2018.png\",\"width\":419,\"height\":76,\"caption\":\"ACE-Guarulhos\"},\"image\":{\"@id\":\"https:\\\/\\\/www.aceguarulhos.com.br\\\/blog\\\/#\\\/schema\\\/logo\\\/image\\\/\"},\"sameAs\":[\"https:\\\/\\\/www.facebook.com\\\/aceguarulhos\\\/\",\"https:\\\/\\\/br.linkedin.com\\\/in\\\/ace-guarulhos-b9a97093\",\"https:\\\/\\\/www.youtube.com\\\/user\\\/aceguarulhos\"]},{\"@type\":\"Person\",\"@id\":\"https:\\\/\\\/www.aceguarulhos.com.br\\\/blog\\\/#\\\/schema\\\/person\\\/6983b51bad37489989e4f09698c26237\",\"name\":\"Assessoria de Imprensa ACE-Guarulhos\",\"image\":{\"@type\":\"ImageObject\",\"inLanguage\":\"pt-BR\",\"@id\":\"https:\\\/\\\/secure.gravatar.com\\\/avatar\\\/707f3fadd6918afeb64173ab22d8a8cb0676953098a4f31ff36dc2b4c699ef6a?s=96&d=mm&r=g\",\"url\":\"https:\\\/\\\/secure.gravatar.com\\\/avatar\\\/707f3fadd6918afeb64173ab22d8a8cb0676953098a4f31ff36dc2b4c699ef6a?s=96&d=mm&r=g\",\"contentUrl\":\"https:\\\/\\\/secure.gravatar.com\\\/avatar\\\/707f3fadd6918afeb64173ab22d8a8cb0676953098a4f31ff36dc2b4c699ef6a?s=96&d=mm&r=g\",\"caption\":\"Assessoria de Imprensa ACE-Guarulhos\"},\"url\":\"https:\\\/\\\/www.aceguarulhos.com.br\\\/blog\\\/author\\\/assessoria-de-imprensa-ace-guarulhos\\\/\"}]}<\/script>\n<!-- \/ Yoast SEO plugin. -->","yoast_head_json":{"title":"ACE inicia Quero Mais Brasil em Guarulhos - ACE-Guarulhos","robots":{"index":"index","follow":"follow","max-snippet":"max-snippet:-1","max-image-preview":"max-image-preview:large","max-video-preview":"max-video-preview:-1"},"canonical":"https:\/\/www.aceguarulhos.com.br\/blog\/ace-inicia-quero-mais-brasil-em-guarulhos\/","og_locale":"pt_BR","og_type":"article","og_title":"ACE inicia Quero Mais Brasil em Guarulhos - ACE-Guarulhos","og_description":"Movimento que tem car\u00e1ter nacional, quer conscientizar a popula\u00e7\u00e3o sobre a alta carga tribut\u00e1ria de nosso pa\u00edsO presidente da ACE, Decio Pomp\u00eao Junior,","og_url":"https:\/\/www.aceguarulhos.com.br\/blog\/ace-inicia-quero-mais-brasil-em-guarulhos\/","og_site_name":"ACE-Guarulhos","article_publisher":"https:\/\/www.facebook.com\/aceguarulhos\/","article_published_time":"2006-01-13T07:31:36+00:00","author":"Assessoria de Imprensa ACE-Guarulhos","twitter_card":"summary_large_image","twitter_misc":{"Escrito por":"Assessoria de Imprensa ACE-Guarulhos","Est. tempo de leitura":"6 minutos"},"schema":{"@context":"https:\/\/schema.org","@graph":[{"@type":"Article","@id":"https:\/\/www.aceguarulhos.com.br\/blog\/ace-inicia-quero-mais-brasil-em-guarulhos\/#article","isPartOf":{"@id":"https:\/\/www.aceguarulhos.com.br\/blog\/ace-inicia-quero-mais-brasil-em-guarulhos\/"},"author":{"name":"Assessoria de Imprensa ACE-Guarulhos","@id":"https:\/\/www.aceguarulhos.com.br\/blog\/#\/schema\/person\/6983b51bad37489989e4f09698c26237"},"headline":"ACE inicia Quero Mais Brasil em Guarulhos","datePublished":"2006-01-13T07:31:36+00:00","mainEntityOfPage":{"@id":"https:\/\/www.aceguarulhos.com.br\/blog\/ace-inicia-quero-mais-brasil-em-guarulhos\/"},"wordCount":1276,"commentCount":0,"publisher":{"@id":"https:\/\/www.aceguarulhos.com.br\/blog\/#organization"},"articleSection":["Not\u00edcias"],"inLanguage":"pt-BR"},{"@type":"WebPage","@id":"https:\/\/www.aceguarulhos.com.br\/blog\/ace-inicia-quero-mais-brasil-em-guarulhos\/","url":"https:\/\/www.aceguarulhos.com.br\/blog\/ace-inicia-quero-mais-brasil-em-guarulhos\/","name":"ACE inicia Quero Mais Brasil em Guarulhos - ACE-Guarulhos","isPartOf":{"@id":"https:\/\/www.aceguarulhos.com.br\/blog\/#website"},"datePublished":"2006-01-13T07:31:36+00:00","breadcrumb":{"@id":"https:\/\/www.aceguarulhos.com.br\/blog\/ace-inicia-quero-mais-brasil-em-guarulhos\/#breadcrumb"},"inLanguage":"pt-BR","potentialAction":[{"@type":"ReadAction","target":["https:\/\/www.aceguarulhos.com.br\/blog\/ace-inicia-quero-mais-brasil-em-guarulhos\/"]}]},{"@type":"BreadcrumbList","@id":"https:\/\/www.aceguarulhos.com.br\/blog\/ace-inicia-quero-mais-brasil-em-guarulhos\/#breadcrumb","itemListElement":[{"@type":"ListItem","position":1,"name":"In\u00edcio","item":"https:\/\/www.aceguarulhos.com.br\/blog\/"},{"@type":"ListItem","position":2,"name":"ACE inicia Quero Mais Brasil em Guarulhos"}]},{"@type":"WebSite","@id":"https:\/\/www.aceguarulhos.com.br\/blog\/#website","url":"https:\/\/www.aceguarulhos.com.br\/blog\/","name":"ACE-Guarulhos","description":"A ACE-Guarulhos \u00e9 uma associa\u00e7\u00e3o que ap\u00f3ia os empres\u00e1rios guarulhenses atrav\u00e9s da representa\u00e7\u00e3o, da gera\u00e7\u00e3o de neg\u00f3cios e presta\u00e7\u00e3o de servi\u00e7os.","publisher":{"@id":"https:\/\/www.aceguarulhos.com.br\/blog\/#organization"},"potentialAction":[{"@type":"SearchAction","target":{"@type":"EntryPoint","urlTemplate":"https:\/\/www.aceguarulhos.com.br\/blog\/?s={search_term_string}"},"query-input":{"@type":"PropertyValueSpecification","valueRequired":true,"valueName":"search_term_string"}}],"inLanguage":"pt-BR"},{"@type":"Organization","@id":"https:\/\/www.aceguarulhos.com.br\/blog\/#organization","name":"ACE-Guarulhos","url":"https:\/\/www.aceguarulhos.com.br\/blog\/","logo":{"@type":"ImageObject","inLanguage":"pt-BR","@id":"https:\/\/www.aceguarulhos.com.br\/blog\/#\/schema\/logo\/image\/","url":"https:\/\/www.aceguarulhos.com.br\/blog\/wp-content\/uploads\/2017\/12\/logo-aceguarulhos-2018.png","contentUrl":"https:\/\/www.aceguarulhos.com.br\/blog\/wp-content\/uploads\/2017\/12\/logo-aceguarulhos-2018.png","width":419,"height":76,"caption":"ACE-Guarulhos"},"image":{"@id":"https:\/\/www.aceguarulhos.com.br\/blog\/#\/schema\/logo\/image\/"},"sameAs":["https:\/\/www.facebook.com\/aceguarulhos\/","https:\/\/br.linkedin.com\/in\/ace-guarulhos-b9a97093","https:\/\/www.youtube.com\/user\/aceguarulhos"]},{"@type":"Person","@id":"https:\/\/www.aceguarulhos.com.br\/blog\/#\/schema\/person\/6983b51bad37489989e4f09698c26237","name":"Assessoria de Imprensa ACE-Guarulhos","image":{"@type":"ImageObject","inLanguage":"pt-BR","@id":"https:\/\/secure.gravatar.com\/avatar\/707f3fadd6918afeb64173ab22d8a8cb0676953098a4f31ff36dc2b4c699ef6a?s=96&d=mm&r=g","url":"https:\/\/secure.gravatar.com\/avatar\/707f3fadd6918afeb64173ab22d8a8cb0676953098a4f31ff36dc2b4c699ef6a?s=96&d=mm&r=g","contentUrl":"https:\/\/secure.gravatar.com\/avatar\/707f3fadd6918afeb64173ab22d8a8cb0676953098a4f31ff36dc2b4c699ef6a?s=96&d=mm&r=g","caption":"Assessoria de Imprensa ACE-Guarulhos"},"url":"https:\/\/www.aceguarulhos.com.br\/blog\/author\/assessoria-de-imprensa-ace-guarulhos\/"}]}},"wps_subtitle":"","amp_enabled":true,"_links":{"self":[{"href":"https:\/\/www.aceguarulhos.com.br\/blog\/wp-json\/wp\/v2\/posts\/29959","targetHints":{"allow":["GET"]}}],"collection":[{"href":"https:\/\/www.aceguarulhos.com.br\/blog\/wp-json\/wp\/v2\/posts"}],"about":[{"href":"https:\/\/www.aceguarulhos.com.br\/blog\/wp-json\/wp\/v2\/types\/post"}],"author":[{"embeddable":true,"href":"https:\/\/www.aceguarulhos.com.br\/blog\/wp-json\/wp\/v2\/users\/8"}],"replies":[{"embeddable":true,"href":"https:\/\/www.aceguarulhos.com.br\/blog\/wp-json\/wp\/v2\/comments?post=29959"}],"version-history":[{"count":0,"href":"https:\/\/www.aceguarulhos.com.br\/blog\/wp-json\/wp\/v2\/posts\/29959\/revisions"}],"wp:attachment":[{"href":"https:\/\/www.aceguarulhos.com.br\/blog\/wp-json\/wp\/v2\/media?parent=29959"}],"wp:term":[{"taxonomy":"category","embeddable":true,"href":"https:\/\/www.aceguarulhos.com.br\/blog\/wp-json\/wp\/v2\/categories?post=29959"},{"taxonomy":"post_tag","embeddable":true,"href":"https:\/\/www.aceguarulhos.com.br\/blog\/wp-json\/wp\/v2\/tags?post=29959"}],"curies":[{"name":"wp","href":"https:\/\/api.w.org\/{rel}","templated":true}]}}