{"id":29940,"date":"2005-12-28T23:58:56","date_gmt":"2005-12-28T23:58:56","guid":{"rendered":"http:\/\/www.aceguarulhos.com.br\/blog\/?p=29940"},"modified":"-0001-11-30T00:00:00","modified_gmt":"-0001-11-30T03:00:00","slug":"guarulhos-se-enfeita-nos-festejos-de-natal-1","status":"publish","type":"post","link":"https:\/\/www.aceguarulhos.com.br\/blog\/guarulhos-se-enfeita-nos-festejos-de-natal-1\/","title":{"rendered":"Guarulhos se enfeita nos festejos de Natal"},"content":{"rendered":"<p><P><STRONG><EM>Em diversos bairros podem ser conferidas decora\u00e7\u00f5es natalinas<\/EM><\/STRONG><\/P><P><STRONG><EM><IMG alt=ACE src=\"\/blog\/wp-content\/uploads\/image.php?x=i&#038;i1=100&#038;i2=20011123103957\" align=left border=0><\/EM><\/STRONG><\/P><P><STRONG><EM><\/EM><\/STRONG>\u00a0<\/P><P><STRONG><EM><\/EM><\/STRONG>\u00a0<\/P><P><EM><\/EM>\u00a0<\/P><P><EM><\/EM>\u00a0<\/P><P><EM><\/EM>\u00a0<\/P><P><EM><\/EM>\u00a0<\/P><P><EM><\/EM>\u00a0<\/P><P><EM><\/EM>\u00a0<\/P><P><EM><\/EM>\u00a0<\/P><P><EM>Casa no Inocoop que foi toda decorada<\/EM><\/P><P>Com a chegada das festas de Natal algumas ruas de Guarulhos ganharam um brilho diferente. Gra\u00e7as ao empenho de moradores da cidade como Andressa Alvez Nieuwenhoff, da Vila Ros\u00e1lia, muitas casas s\u00e3o enfeitas com l\u00e2mpadas e outros ornamentos decorativos, num gesto que j\u00e1 virou tradi\u00e7\u00e3o e que faz o Natal ficar ainda mais bonito.<BR>\u00a0<BR><IMG alt=\"Andressa Alves\" src=\"\/blog\/wp-content\/uploads\/image.php?x=i&#038;i1=100&#038;i2=20011123094911\" align=left border=0><\/P><P><EM>Casa da fam\u00edlia Nieuwenhoff foi toda iluminada para o natal<\/EM><\/P><P>A casa desta moradora do bairro da Vila Ros\u00e1lia foi toda decorada. O trabalho de colocar mais de 10 mil l\u00e2mpadas, Papai Noel infl\u00e1vel e outras pe\u00e7as decorativas, j\u00e1 \u00e9 realizado h\u00e1 mais de seis anos consecutivos. O trabalho \u00e9 dividido entre todos da fam\u00edlia Nieuwenhoff e j\u00e1 foi reconhecido anteriormente com pr\u00eamios do concurso &#8220;Natal Iluminado&#8221;.<BR>\u00a0<BR>Mesmo sem a realiza\u00e7\u00e3o deste tradicional concurso na cidade, a fam\u00edlia n\u00e3o exitou em decorar a resid\u00eancia.<BR>\u00a0<BR>&#8220;Em casa todos s\u00e3o apaixonados pelo Natal, principalmente minha irm\u00e3 Mildryth, de sete anos. Gostamos de festejar a data. Se todos enfeitassem a sua casa a data ficaria mais bonita&#8221;, afirmou.<BR>\u00a0<BR><IMG alt=ACE src=\"\/blog\/wp-content\/uploads\/image.php?x=i&#038;i1=100&#038;i2=20020411134644\" align=left border=0><\/P><P><EM>Pra\u00e7a Santos Dumont na Vila Galv\u00e3o recebeu mais de 32 mil micro l\u00e2mpadas<\/EM><\/P><P>Em outros pontos de cidade \u00e9 poss\u00edvel conferir outras decora\u00e7\u00f5es. Na Vila Galv\u00e3o, ap\u00f3s o empenho dos comerciantes, foram instaladas 32 mil micro l\u00e2mpadas e 2.100 metros de uma mangueira iluminada na pra\u00e7a Santos Dumont e os moradores locais tamb\u00e9m fizeram bonito.<BR>\u00a0<BR>No Parque Cecap os festejos de Natal tamb\u00e9m n\u00e3o foram esquecidos. Os 10 condom\u00ednios n\u00e3o pouparam esfor\u00e7os e fizeram suas decora\u00e7\u00f5es, que podem ser conferidas nos apartamentos ou na \u00e1rea \u00fatil dos pr\u00e9dios.<\/P><\/p>\n","protected":false},"excerpt":{"rendered":"Em diversos bairros podem ser conferidas decora\u00e7\u00f5es natalinas\u00a0\u00a0\u00a0\u00a0\u00a0\u00a0\u00a0\u00a0\u00a0Casa no Inocoop que foi toda decoradaCom a chegada das festas de Natal algumas ruas de \n<a class=\"moretag\" href=\"https:\/\/www.aceguarulhos.com.br\/blog\/guarulhos-se-enfeita-nos-festejos-de-natal-1\/\"> [...]<\/a>","protected":false},"author":8,"featured_media":0,"comment_status":"open","ping_status":"open","sticky":false,"template":"","format":"standard","meta":{"footnotes":""},"categories":[2],"tags":[],"class_list":["post-29940","post","type-post","status-publish","format-standard","hentry","category-noticias"],"yoast_head":"<!-- This site is optimized with the Yoast SEO plugin v28.1 - https:\/\/yoast.com\/product\/yoast-seo-wordpress\/ -->\n<title>Guarulhos se enfeita nos festejos de Natal - ACE-Guarulhos<\/title>\n<meta name=\"robots\" content=\"index, follow, max-snippet:-1, max-image-preview:large, max-video-preview:-1\" \/>\n<link rel=\"canonical\" href=\"https:\/\/www.aceguarulhos.com.br\/blog\/guarulhos-se-enfeita-nos-festejos-de-natal-1\/\" \/>\n<meta property=\"og:locale\" content=\"pt_BR\" \/>\n<meta property=\"og:type\" content=\"article\" \/>\n<meta property=\"og:title\" content=\"Guarulhos se enfeita nos festejos de Natal - ACE-Guarulhos\" \/>\n<meta property=\"og:description\" content=\"Em diversos bairros podem ser conferidas decora\u00e7\u00f5es natalinas\u00a0\u00a0\u00a0\u00a0\u00a0\u00a0\u00a0\u00a0\u00a0Casa no Inocoop que foi toda decoradaCom a chegada das festas de Natal algumas ruas de\" \/>\n<meta property=\"og:url\" content=\"https:\/\/www.aceguarulhos.com.br\/blog\/guarulhos-se-enfeita-nos-festejos-de-natal-1\/\" \/>\n<meta property=\"og:site_name\" content=\"ACE-Guarulhos\" \/>\n<meta property=\"article:publisher\" content=\"https:\/\/www.facebook.com\/aceguarulhos\/\" \/>\n<meta property=\"article:published_time\" content=\"2005-12-28T23:58:56+00:00\" \/>\n<meta name=\"author\" content=\"Assessoria de Imprensa ACE-Guarulhos\" \/>\n<meta name=\"twitter:card\" content=\"summary_large_image\" \/>\n<meta name=\"twitter:label1\" content=\"Escrito por\" \/>\n\t<meta name=\"twitter:data1\" content=\"Assessoria de Imprensa ACE-Guarulhos\" \/>\n\t<meta name=\"twitter:label2\" content=\"Est. tempo de leitura\" \/>\n\t<meta name=\"twitter:data2\" content=\"1 minuto\" \/>\n<script type=\"application\/ld+json\" class=\"yoast-schema-graph\">{\"@context\":\"https:\\\/\\\/schema.org\",\"@graph\":[{\"@type\":\"Article\",\"@id\":\"https:\\\/\\\/www.aceguarulhos.com.br\\\/blog\\\/guarulhos-se-enfeita-nos-festejos-de-natal-1\\\/#article\",\"isPartOf\":{\"@id\":\"https:\\\/\\\/www.aceguarulhos.com.br\\\/blog\\\/guarulhos-se-enfeita-nos-festejos-de-natal-1\\\/\"},\"author\":{\"name\":\"Assessoria de Imprensa ACE-Guarulhos\",\"@id\":\"https:\\\/\\\/www.aceguarulhos.com.br\\\/blog\\\/#\\\/schema\\\/person\\\/6983b51bad37489989e4f09698c26237\"},\"headline\":\"Guarulhos se enfeita nos festejos de Natal\",\"datePublished\":\"2005-12-28T23:58:56+00:00\",\"mainEntityOfPage\":{\"@id\":\"https:\\\/\\\/www.aceguarulhos.com.br\\\/blog\\\/guarulhos-se-enfeita-nos-festejos-de-natal-1\\\/\"},\"wordCount\":306,\"commentCount\":0,\"publisher\":{\"@id\":\"https:\\\/\\\/www.aceguarulhos.com.br\\\/blog\\\/#organization\"},\"articleSection\":[\"Not\u00edcias\"],\"inLanguage\":\"pt-BR\"},{\"@type\":\"WebPage\",\"@id\":\"https:\\\/\\\/www.aceguarulhos.com.br\\\/blog\\\/guarulhos-se-enfeita-nos-festejos-de-natal-1\\\/\",\"url\":\"https:\\\/\\\/www.aceguarulhos.com.br\\\/blog\\\/guarulhos-se-enfeita-nos-festejos-de-natal-1\\\/\",\"name\":\"Guarulhos se enfeita nos festejos de Natal - ACE-Guarulhos\",\"isPartOf\":{\"@id\":\"https:\\\/\\\/www.aceguarulhos.com.br\\\/blog\\\/#website\"},\"datePublished\":\"2005-12-28T23:58:56+00:00\",\"breadcrumb\":{\"@id\":\"https:\\\/\\\/www.aceguarulhos.com.br\\\/blog\\\/guarulhos-se-enfeita-nos-festejos-de-natal-1\\\/#breadcrumb\"},\"inLanguage\":\"pt-BR\",\"potentialAction\":[{\"@type\":\"ReadAction\",\"target\":[\"https:\\\/\\\/www.aceguarulhos.com.br\\\/blog\\\/guarulhos-se-enfeita-nos-festejos-de-natal-1\\\/\"]}]},{\"@type\":\"BreadcrumbList\",\"@id\":\"https:\\\/\\\/www.aceguarulhos.com.br\\\/blog\\\/guarulhos-se-enfeita-nos-festejos-de-natal-1\\\/#breadcrumb\",\"itemListElement\":[{\"@type\":\"ListItem\",\"position\":1,\"name\":\"In\u00edcio\",\"item\":\"https:\\\/\\\/www.aceguarulhos.com.br\\\/blog\\\/\"},{\"@type\":\"ListItem\",\"position\":2,\"name\":\"Guarulhos se enfeita nos festejos de Natal\"}]},{\"@type\":\"WebSite\",\"@id\":\"https:\\\/\\\/www.aceguarulhos.com.br\\\/blog\\\/#website\",\"url\":\"https:\\\/\\\/www.aceguarulhos.com.br\\\/blog\\\/\",\"name\":\"ACE-Guarulhos\",\"description\":\"A ACE-Guarulhos \u00e9 uma associa\u00e7\u00e3o que ap\u00f3ia os empres\u00e1rios guarulhenses atrav\u00e9s da representa\u00e7\u00e3o, da gera\u00e7\u00e3o de neg\u00f3cios e presta\u00e7\u00e3o de servi\u00e7os.\",\"publisher\":{\"@id\":\"https:\\\/\\\/www.aceguarulhos.com.br\\\/blog\\\/#organization\"},\"potentialAction\":[{\"@type\":\"SearchAction\",\"target\":{\"@type\":\"EntryPoint\",\"urlTemplate\":\"https:\\\/\\\/www.aceguarulhos.com.br\\\/blog\\\/?s={search_term_string}\"},\"query-input\":{\"@type\":\"PropertyValueSpecification\",\"valueRequired\":true,\"valueName\":\"search_term_string\"}}],\"inLanguage\":\"pt-BR\"},{\"@type\":\"Organization\",\"@id\":\"https:\\\/\\\/www.aceguarulhos.com.br\\\/blog\\\/#organization\",\"name\":\"ACE-Guarulhos\",\"url\":\"https:\\\/\\\/www.aceguarulhos.com.br\\\/blog\\\/\",\"logo\":{\"@type\":\"ImageObject\",\"inLanguage\":\"pt-BR\",\"@id\":\"https:\\\/\\\/www.aceguarulhos.com.br\\\/blog\\\/#\\\/schema\\\/logo\\\/image\\\/\",\"url\":\"https:\\\/\\\/www.aceguarulhos.com.br\\\/blog\\\/wp-content\\\/uploads\\\/2017\\\/12\\\/logo-aceguarulhos-2018.png\",\"contentUrl\":\"https:\\\/\\\/www.aceguarulhos.com.br\\\/blog\\\/wp-content\\\/uploads\\\/2017\\\/12\\\/logo-aceguarulhos-2018.png\",\"width\":419,\"height\":76,\"caption\":\"ACE-Guarulhos\"},\"image\":{\"@id\":\"https:\\\/\\\/www.aceguarulhos.com.br\\\/blog\\\/#\\\/schema\\\/logo\\\/image\\\/\"},\"sameAs\":[\"https:\\\/\\\/www.facebook.com\\\/aceguarulhos\\\/\",\"https:\\\/\\\/br.linkedin.com\\\/in\\\/ace-guarulhos-b9a97093\",\"https:\\\/\\\/www.youtube.com\\\/user\\\/aceguarulhos\"]},{\"@type\":\"Person\",\"@id\":\"https:\\\/\\\/www.aceguarulhos.com.br\\\/blog\\\/#\\\/schema\\\/person\\\/6983b51bad37489989e4f09698c26237\",\"name\":\"Assessoria de Imprensa ACE-Guarulhos\",\"image\":{\"@type\":\"ImageObject\",\"inLanguage\":\"pt-BR\",\"@id\":\"https:\\\/\\\/secure.gravatar.com\\\/avatar\\\/707f3fadd6918afeb64173ab22d8a8cb0676953098a4f31ff36dc2b4c699ef6a?s=96&d=mm&r=g\",\"url\":\"https:\\\/\\\/secure.gravatar.com\\\/avatar\\\/707f3fadd6918afeb64173ab22d8a8cb0676953098a4f31ff36dc2b4c699ef6a?s=96&d=mm&r=g\",\"contentUrl\":\"https:\\\/\\\/secure.gravatar.com\\\/avatar\\\/707f3fadd6918afeb64173ab22d8a8cb0676953098a4f31ff36dc2b4c699ef6a?s=96&d=mm&r=g\",\"caption\":\"Assessoria de Imprensa ACE-Guarulhos\"},\"url\":\"https:\\\/\\\/www.aceguarulhos.com.br\\\/blog\\\/author\\\/assessoria-de-imprensa-ace-guarulhos\\\/\"}]}<\/script>\n<!-- \/ Yoast SEO plugin. -->","yoast_head_json":{"title":"Guarulhos se enfeita nos festejos de Natal - ACE-Guarulhos","robots":{"index":"index","follow":"follow","max-snippet":"max-snippet:-1","max-image-preview":"max-image-preview:large","max-video-preview":"max-video-preview:-1"},"canonical":"https:\/\/www.aceguarulhos.com.br\/blog\/guarulhos-se-enfeita-nos-festejos-de-natal-1\/","og_locale":"pt_BR","og_type":"article","og_title":"Guarulhos se enfeita nos festejos de Natal - ACE-Guarulhos","og_description":"Em diversos bairros podem ser conferidas decora\u00e7\u00f5es natalinas\u00a0\u00a0\u00a0\u00a0\u00a0\u00a0\u00a0\u00a0\u00a0Casa no Inocoop que foi toda decoradaCom a chegada das festas de Natal algumas ruas de","og_url":"https:\/\/www.aceguarulhos.com.br\/blog\/guarulhos-se-enfeita-nos-festejos-de-natal-1\/","og_site_name":"ACE-Guarulhos","article_publisher":"https:\/\/www.facebook.com\/aceguarulhos\/","article_published_time":"2005-12-28T23:58:56+00:00","author":"Assessoria de Imprensa ACE-Guarulhos","twitter_card":"summary_large_image","twitter_misc":{"Escrito por":"Assessoria de Imprensa ACE-Guarulhos","Est. tempo de leitura":"1 minuto"},"schema":{"@context":"https:\/\/schema.org","@graph":[{"@type":"Article","@id":"https:\/\/www.aceguarulhos.com.br\/blog\/guarulhos-se-enfeita-nos-festejos-de-natal-1\/#article","isPartOf":{"@id":"https:\/\/www.aceguarulhos.com.br\/blog\/guarulhos-se-enfeita-nos-festejos-de-natal-1\/"},"author":{"name":"Assessoria de Imprensa ACE-Guarulhos","@id":"https:\/\/www.aceguarulhos.com.br\/blog\/#\/schema\/person\/6983b51bad37489989e4f09698c26237"},"headline":"Guarulhos se enfeita nos festejos de Natal","datePublished":"2005-12-28T23:58:56+00:00","mainEntityOfPage":{"@id":"https:\/\/www.aceguarulhos.com.br\/blog\/guarulhos-se-enfeita-nos-festejos-de-natal-1\/"},"wordCount":306,"commentCount":0,"publisher":{"@id":"https:\/\/www.aceguarulhos.com.br\/blog\/#organization"},"articleSection":["Not\u00edcias"],"inLanguage":"pt-BR"},{"@type":"WebPage","@id":"https:\/\/www.aceguarulhos.com.br\/blog\/guarulhos-se-enfeita-nos-festejos-de-natal-1\/","url":"https:\/\/www.aceguarulhos.com.br\/blog\/guarulhos-se-enfeita-nos-festejos-de-natal-1\/","name":"Guarulhos se enfeita nos festejos de Natal - ACE-Guarulhos","isPartOf":{"@id":"https:\/\/www.aceguarulhos.com.br\/blog\/#website"},"datePublished":"2005-12-28T23:58:56+00:00","breadcrumb":{"@id":"https:\/\/www.aceguarulhos.com.br\/blog\/guarulhos-se-enfeita-nos-festejos-de-natal-1\/#breadcrumb"},"inLanguage":"pt-BR","potentialAction":[{"@type":"ReadAction","target":["https:\/\/www.aceguarulhos.com.br\/blog\/guarulhos-se-enfeita-nos-festejos-de-natal-1\/"]}]},{"@type":"BreadcrumbList","@id":"https:\/\/www.aceguarulhos.com.br\/blog\/guarulhos-se-enfeita-nos-festejos-de-natal-1\/#breadcrumb","itemListElement":[{"@type":"ListItem","position":1,"name":"In\u00edcio","item":"https:\/\/www.aceguarulhos.com.br\/blog\/"},{"@type":"ListItem","position":2,"name":"Guarulhos se enfeita nos festejos de Natal"}]},{"@type":"WebSite","@id":"https:\/\/www.aceguarulhos.com.br\/blog\/#website","url":"https:\/\/www.aceguarulhos.com.br\/blog\/","name":"ACE-Guarulhos","description":"A ACE-Guarulhos \u00e9 uma associa\u00e7\u00e3o que ap\u00f3ia os empres\u00e1rios guarulhenses atrav\u00e9s da representa\u00e7\u00e3o, da gera\u00e7\u00e3o de neg\u00f3cios e presta\u00e7\u00e3o de servi\u00e7os.","publisher":{"@id":"https:\/\/www.aceguarulhos.com.br\/blog\/#organization"},"potentialAction":[{"@type":"SearchAction","target":{"@type":"EntryPoint","urlTemplate":"https:\/\/www.aceguarulhos.com.br\/blog\/?s={search_term_string}"},"query-input":{"@type":"PropertyValueSpecification","valueRequired":true,"valueName":"search_term_string"}}],"inLanguage":"pt-BR"},{"@type":"Organization","@id":"https:\/\/www.aceguarulhos.com.br\/blog\/#organization","name":"ACE-Guarulhos","url":"https:\/\/www.aceguarulhos.com.br\/blog\/","logo":{"@type":"ImageObject","inLanguage":"pt-BR","@id":"https:\/\/www.aceguarulhos.com.br\/blog\/#\/schema\/logo\/image\/","url":"https:\/\/www.aceguarulhos.com.br\/blog\/wp-content\/uploads\/2017\/12\/logo-aceguarulhos-2018.png","contentUrl":"https:\/\/www.aceguarulhos.com.br\/blog\/wp-content\/uploads\/2017\/12\/logo-aceguarulhos-2018.png","width":419,"height":76,"caption":"ACE-Guarulhos"},"image":{"@id":"https:\/\/www.aceguarulhos.com.br\/blog\/#\/schema\/logo\/image\/"},"sameAs":["https:\/\/www.facebook.com\/aceguarulhos\/","https:\/\/br.linkedin.com\/in\/ace-guarulhos-b9a97093","https:\/\/www.youtube.com\/user\/aceguarulhos"]},{"@type":"Person","@id":"https:\/\/www.aceguarulhos.com.br\/blog\/#\/schema\/person\/6983b51bad37489989e4f09698c26237","name":"Assessoria de Imprensa ACE-Guarulhos","image":{"@type":"ImageObject","inLanguage":"pt-BR","@id":"https:\/\/secure.gravatar.com\/avatar\/707f3fadd6918afeb64173ab22d8a8cb0676953098a4f31ff36dc2b4c699ef6a?s=96&d=mm&r=g","url":"https:\/\/secure.gravatar.com\/avatar\/707f3fadd6918afeb64173ab22d8a8cb0676953098a4f31ff36dc2b4c699ef6a?s=96&d=mm&r=g","contentUrl":"https:\/\/secure.gravatar.com\/avatar\/707f3fadd6918afeb64173ab22d8a8cb0676953098a4f31ff36dc2b4c699ef6a?s=96&d=mm&r=g","caption":"Assessoria de Imprensa ACE-Guarulhos"},"url":"https:\/\/www.aceguarulhos.com.br\/blog\/author\/assessoria-de-imprensa-ace-guarulhos\/"}]}},"wps_subtitle":"","amp_enabled":true,"_links":{"self":[{"href":"https:\/\/www.aceguarulhos.com.br\/blog\/wp-json\/wp\/v2\/posts\/29940","targetHints":{"allow":["GET"]}}],"collection":[{"href":"https:\/\/www.aceguarulhos.com.br\/blog\/wp-json\/wp\/v2\/posts"}],"about":[{"href":"https:\/\/www.aceguarulhos.com.br\/blog\/wp-json\/wp\/v2\/types\/post"}],"author":[{"embeddable":true,"href":"https:\/\/www.aceguarulhos.com.br\/blog\/wp-json\/wp\/v2\/users\/8"}],"replies":[{"embeddable":true,"href":"https:\/\/www.aceguarulhos.com.br\/blog\/wp-json\/wp\/v2\/comments?post=29940"}],"version-history":[{"count":0,"href":"https:\/\/www.aceguarulhos.com.br\/blog\/wp-json\/wp\/v2\/posts\/29940\/revisions"}],"wp:attachment":[{"href":"https:\/\/www.aceguarulhos.com.br\/blog\/wp-json\/wp\/v2\/media?parent=29940"}],"wp:term":[{"taxonomy":"category","embeddable":true,"href":"https:\/\/www.aceguarulhos.com.br\/blog\/wp-json\/wp\/v2\/categories?post=29940"},{"taxonomy":"post_tag","embeddable":true,"href":"https:\/\/www.aceguarulhos.com.br\/blog\/wp-json\/wp\/v2\/tags?post=29940"}],"curies":[{"name":"wp","href":"https:\/\/api.w.org\/{rel}","templated":true}]}}