{"id":29891,"date":"2005-12-02T17:00:53","date_gmt":"2005-12-02T17:00:53","guid":{"rendered":"http:\/\/www.aceguarulhos.com.br\/blog\/?p=29891"},"modified":"-0001-11-30T00:00:00","modified_gmt":"-0001-11-30T03:00:00","slug":"show-abrir%c3%a3o-festejos-dos-445-anos-de-guarulhos","status":"publish","type":"post","link":"https:\/\/www.aceguarulhos.com.br\/blog\/show-abrir%c3%a3o-festejos-dos-445-anos-de-guarulhos\/","title":{"rendered":"Show abrir\u00e3o festejos dos 445 anos de Guarulhos"},"content":{"rendered":"<p><P><STRONG><EM>Programa\u00e7\u00e3o inclui o primeiro Feir\u00e3o do Im\u00f3vel Popular do PAR, shows com\u00a0 Felipe Dylon, Negritude J\u00fanior,\u00a0 Royce do Cavaco, Bicho de P\u00e9 e Katinguel\u00ea<\/EM><\/STRONG><\/P><P><IMG alt=PMG src=\"\/blog\/wp-content\/uploads\/image.php?x=i&#038;i1=100&#038;i2=20020611091044\" align=left border=0><\/P><P><EM>Apresenta\u00e7\u00e3o da Orquestra Jovem da Cidade<\/EM><\/P><P>Com repert\u00f3rio que vai do erudito, passando pelo jazz at\u00e9 a m\u00fasica popular brasileira, a Orquestra Jovem da cidade e a Big Band do Conservat\u00f3rio Municipal de Artes abrir\u00e3o as comemora\u00e7\u00f5es do 445\u00ba anivers\u00e1rio de Guarulhos nesta sexta-feira (02), \u00e0s 19h30, no teatro do Centro Municipal de Educa\u00e7\u00e3o Adamastor (avenida Monteiro Lobato, 690, Macedo). Os festejos prosseguir\u00e3o durante todo o m\u00eas de dezembro, com entrega de cinco Unidades B\u00e1sicas de Sa\u00fade, creches e escolas, a Prova Pedestre e Caminhada &#8220;Cidade de Guarulhos&#8221;, inaugura\u00e7\u00e3o de mais uma unidade do F\u00e1cil-Central de Atendimento ao Cidad\u00e3o na Vila Galv\u00e3o, realiza\u00e7\u00e3o do primeiro Feir\u00e3o do Im\u00f3vel Popular do Programa de Arrendamento Residencial (PAR), shows, entre outros. <\/P><P>No dia 8 &#8211; data oficial do anivers\u00e1rio da cidade &#8211; ser\u00e1 celebrada a missa da padroeira, \u00e0s 8 horas, na Catedral Nossa Senhora da Concei\u00e7\u00e3o (Igreja Matriz, pra\u00e7a Tereza Cristina, n\u00ba1, Centro), e, a partir do meio-dia, ser\u00e1 realizado o mega Feir\u00e3o do Im\u00f3vel Popular PAR onde ser\u00e3o disponibilizados 3.196 im\u00f3veis para arrendamento, com mensalidades a partir de R$ 145, na rua Ven\u00e2ncio Aires, Parque Uirapuru.\u00a0 <\/P><P>Na seq\u00fc\u00eancia, acontece o show com Katinguel\u00ea, Swing do Par\u00e1 (estilo musical tipo Calypso) e Cowboy F\u00e9lix na avenida Caminho Velho, ao lado da Unidade 2 da Prefeitura, no Pimentas. Ainda durante o hor\u00e1rio do almo\u00e7o,\u00a0 haver\u00e1 a entrega de obras de recapeamento, cal\u00e7adas, guias e sarjetas na Estrada do Cap\u00e3o Bonito (trecho entre a Estrada do Sacramento e a Rodovia Ayrton Senna).<\/P><P>J\u00e1 a partir das 15 horas, a comunidade do Jardim Nova Cidade ganha a UBS Nova Cidade (rua \u00c2ngelo Roberto Orsomarso, n\u00ba1). J\u00e1 no final da tarde, \u00e0s 19h30, haver\u00e1 exibi\u00e7\u00e3o gratuita do filme &#8220;Os Doutores da Alegria&#8221;, no Centro Municipal de Educa\u00e7\u00e3o Adamastor.<\/P><P>O m\u00eas de anivers\u00e1rio termina com a grande festa de R\u00e9veillon, dia 31, no Parque Transguarulhense (av. Transguarulhense, Parque Continental). A partir do meio-dia, haver\u00e1 recrea\u00e7\u00e3o para crian\u00e7as, brincadeiras, apresenta\u00e7\u00e3o de artistas e conjuntos musicais da cidade, inaugura\u00e7\u00e3o do mirante do parque. A partir das 19 horas, est\u00e1 programado o grande show com as presen\u00e7as de T\u00e2nia e Kadu, C\u00e9sar do Acordeon, Bolado B, Sambad\u00e1, Cowboy F\u00e9lix, Bateria da X-9 Paulistana e Jeito Moleque, al\u00e9m da queima de fogos.<\/P><P><STRONG>Veja abaixo a programa\u00e7\u00e3o completa:<\/STRONG><\/P><P>02\/12\u00a0 &#8211; 19h30 &#8211; Abertura &#8211; concerto Orquestra Jovem de Guarulhos e Big Band do Conservat\u00f3rio Municipal de Artes &#8211; Centro Municipal de Educa\u00e7\u00e3o Adamastor (av. Monteiro Lobato, 690, Macedo)<\/P><P>04\/12 &#8211; 7h30 &#8211; Prova Pedestre e Caminhada &#8220;Cidade de Guarulhos&#8221; &#8211; largada no Bosque Maia<BR>19h &#8211; Inaugura\u00e7\u00e3o das UBS do Jardim Cumbica I\u00a0 &#8221; Dr. Jorge Lu\u00eds da Costa Lopes&#8221; (av. Venturosa, 20\/26) e do Jardim Cumbica II (rua Sena Madureira, 360 &#8211; Jd. Cumbica) <BR>Shows: C\u00e9sar do Acordeon, Cowboy F\u00e9lix e Casa Nossa &#8211; local: av. Venturosa esquina com rua Santa Efig\u00eania de Minas, ao lado da UBS<\/P><P>05\/12 &#8211; 19h30 &#8211; Lan\u00e7amento da Escola de Administra\u00e7\u00e3o P\u00fablica Municipal (ESAP) &#8211; local: Centro Municipal de Educa\u00e7\u00e3o Adamastor (av. Monteiro Lobato, 690, Macedo)<\/P><P>07\/12 &#8211; 19h &#8211; Entrega do asfalto na Estrada Mato das Cobras II &#8211; liga\u00e7\u00e3o do Jardim Santa Paula com a Ponte Alta<BR>\u00a0Shows: Kataia, Willian e Mackenzie e Negritude J\u00fanior &#8211; local: rua Tr\u00eas, esquina com a rua Um &#8211; Jd. Santa Paula<\/P><P>08\/12 &#8211; 8h &#8211; Missa da Padroeira &#8211; local: Catedral Nossa Senhora da Concei\u00e7\u00e3o (Igreja Matriz, p\u00e7a. Tereza Cristina, 1, centro)<BR>\u00a012h &#8211; Feir\u00e3o do Im\u00f3vel Popular e entrega dos apartamentos do PAR Uirapuru (rua Ven\u00e2ncio Aires, s\/n\u00ba, Pq. Uirapuru)<BR>\u00a015h &#8211; Inaugura\u00e7\u00e3o da Unidade de Sa\u00fade Nova Cidade (rua \u00c2ngelo Roberto Orsomarso, 1, Jd. Nova Cidade)<BR>\u00a0Shows: Cowboy F\u00e9lix, Swing do Par\u00e1 e Katinguel\u00ea &#8211; local: av. Caminho Velho, pr\u00f3ximo \u00e0 Unidade 2 da Prefeitura, Pimentas.<BR>\u00a019h30 &#8211; Posse dos membros dos Conselhos Gestores de Sa\u00fade &#8211; Centro Municipal de Educa\u00e7\u00e3o Adamastor (av. Monteiro Lobato, 690, Macedo) e exibi\u00e7\u00e3o do filme &#8220;Os Doutores da Alegria&#8221;<\/P><P>09\/12 &#8211; 19h &#8211; Inaugura\u00e7\u00e3o da creche do Jardim Munhoz (rua Bar\u00e3o de Cotegipe, s\/n, Jd. Munhoz)<BR>\u00a0Shows: Toque de Letra, Sodr\u00e9 e Alexandre e Bicho de P\u00e9 &#8211; local: rua Prof. Jos\u00e9 Munhoz esquina com rua Visconde de Cairu<\/P><P>10\/12 &#8211; 9h &#8211; Culto de A\u00e7\u00e3o de Gra\u00e7as &#8211; local: Igreja Adventista 7\u00ba Dia (rua Diogo de Farias, 100, Centro)<BR>\u00a019h &#8211; Inaugura\u00e7\u00e3o da Escola Infantil e da Creche do Jd. Presidente Dutra (rua Itaparantim, s\/n) e Baile da Melhor Idade com anima\u00e7\u00e3o da tradicional Banda Lira<BR>\u00a019h30 &#8211; Entrega do asfalto da rua Anag\u00e9s &#8211; Jd. Presidente Dutra<BR>\u00a0Shows: Chic\u00e3o Potiguar, Willian e Mackenzie e Katinguel\u00ea &#8211; local: p\u00e7a. Orob\u00f3, Jd. Presidente Dutra<\/P><P>11\/12 &#8211; 19h &#8211; Inaugura\u00e7\u00e3o da Escola do Jd. Triunfo (rua Santa Cruz do Descalvado, s\/n)<BR>19h30 &#8211; Inaugura\u00e7\u00e3o da Central de Triagem de Material Reciclado (rua Maracan\u00e3, 100, Bonsucesso)<BR>Shows: Chic\u00e3o Potiguar, Sambaketo e Banda Steel &#8211; local: rua Santa Cruz do Descalvado (ao lado da escola)<\/P><P>14\/12 &#8211; 19h &#8211; Inaugura\u00e7\u00e3o da Escola do Jardim Bondan\u00e7a (rua Ivan Edmundo Scaramelli, s\/n\u00ba)<BR>\u00a0Shows: Eder e Everton, Os 4 Mensageiros e Royce do Cavaco<\/P><P>16\/12 &#8211; 9h &#8211; Entrega da Nova Liga\u00e7\u00e3o da av. Monteiro Lobato com a av. Tancredo Neves &#8211; local: rua Kida, Macedo<BR>\u00a019h &#8211; Inaugura\u00e7\u00e3o da Escola do Jardim Guaracy (av. da Granja, s\/n\u00ba)<BR>\u00a019h30 &#8211; Entrega de asfalto das ruas Nova Ol\u00edmpia, Rio Pardo, Piraju\u00ed, Santa F\u00e9 de Minas e Lucian\u00f3polis &#8211; Jd. Jacy)<BR>\u00a020h &#8211; Entrega de asfalto das ruas Luiz da Cruz Pedroso, Luiz Antonio da Silva e Antonieta de Souza Santana &#8211; Jd. Sandra<BR>\u00a0Shows: Sambad\u00e1, \u00c9der e Everton e Bicho de P\u00e9 &#8211; local: rua Rio Pardo esquina com Estrada do Itaim &#8211; Jd. Jacy<\/P><P>17\/12 &#8211; 10h &#8211; Festa de Natal das Crian\u00e7as &#8211; local: Parque Municipal Bom Clima JB Maciel, Bom Clima<BR>\u00a019h &#8211; Entrega da \u00e1rea de lazer no Jd. dos Cardosos (av. Cabu\u00e7u &#8211; em frente \u00e0 E.E. Maria Helena)<BR>\u00a019h30 &#8211; Inaugura\u00e7\u00e3o dos Reservat\u00f3rios de \u00c1gua do Cabu\u00e7u (rua Ciz\u00e2nea, s\/n\u00ba)<BR>\u00a0Shows: Kataia, Cowboy F\u00e9lix e Negritude J\u00fanior &#8211; local: Estrada do Cabu\u00e7u, altura do n\u00ba 7.800)<\/P><P>18\/12 &#8211; 9h &#8211; Entrega de T\u00edtulos de Posse de Moradia &#8211; local: Centro Municipal de Educa\u00e7\u00e3o Adamastor (av. Monteiro Lobato, 690, Macedo)<BR>\u00a010h30 &#8211; Festa de Natal das Crian\u00e7as &#8211; local: av. Joaquina de Jesus, Tabo\u00e3o<BR>\u00a018h &#8211; Culto de A\u00e7\u00e3o de Gra\u00e7as -local: Primeira Igreja Batista de Cumbica (rua Jo\u00e3o Veloso da Silva)<BR>\u00a019h &#8211; Inaugura\u00e7\u00e3o da Creche do Jd. Bela Vista \/ Jd. Santa Maria (rua Mediterr\u00e2neo, s\/n\u00ba)<BR>\u00a019h30 &#8211; Inaugura\u00e7\u00e3o da nova escola do Jd. Santa Em\u00edlia (rua \u00c1guas Vermelhas, 71-A)<BR>\u00a0Shows: Os 4 Mensageiros, Sodr\u00e9 e Alexandre e Royce do Cavaco &#8211; local: rua Mediterr\u00e2neo, esquina com rua Alabama, Jd. Bela Vista)<\/P><P>19\/12 &#8211; 20h &#8211; Culto de A\u00e7\u00e3o de Gra\u00e7as &#8211; local: Igreja Evang\u00e9lica Apost\u00f3lica Renascer em Cristo (av. Papa Pio XII, 857, Macedo)<\/P><P>20\/12 &#8211; 19h &#8211; Culto de A\u00e7\u00e3o de Gra\u00e7as &#8211; local: Igreja Evang\u00e9lica O Brasil para Cristo (rua Abelardo Abronhosa, 8, Jd. Ipanema)<\/P><P>21\/12 &#8211; 16h &#8211; Entrega de asfalto na Cidade Sat\u00e9lite Industrial de Cumbica &#8211; ruas Dom Pedrito, Merc\u00eas, Arthur Carl Schimidt, Cec\u00edlia Roizen, Gon\u00e7alves, da Lagoa e Viela M\u00f4nica<BR>\u00a019h-Inaugura\u00e7\u00e3o da Unidade B\u00e1sica de Sa\u00fade Santos Dumont (rua Rafael Fernandes, 11-A, Pq. Santos Dumont)<BR>Shows: Toque de Letra, Sodr\u00e9 e Alexandre e Bicho de P\u00e9 &#8211; local: rua Rafael Fernandes esquina com rua S\u00e3o Fernando, Pq. Santos Dumont)<\/P><P>22\/12 &#8211; 18h &#8211; Inaugura\u00e7\u00e3o do F\u00e1cil &#8211; Central de Atendimento ao Cidad\u00e3o em Vila Galv\u00e3o (rua Caixa D`\u00c1gua, 14, V. Galv\u00e3o)<BR>18h30 &#8211; Entrega do novo pr\u00e9dio da Unidade B\u00e1sica de Sa\u00fade Rosa de Fran\u00e7a (rua Wilson de Souza, 48, Jd. Rosa de Fran\u00e7a)<BR>\u00a0Show: Felipe Dylon &#8211; local: Lago dos Patos &#8211; Vila Galv\u00e3o<\/P><P>28\/12- 19h30 &#8211; Culto de A\u00e7\u00e3o de Gra\u00e7as &#8211; local: Igreja Evang\u00e9lica Assembl\u00e9ia de Deus Bel\u00e9m (rua Jacob, 493, Tranq\u00fcilidade) <\/P><P>30\/12 &#8211; 19h30 &#8211; Culto de A\u00e7\u00e3o de Gra\u00e7as &#8211; local: Igreja Assembl\u00e9ia de Deus Madureira (av.\u00a0 Dr. Nilo Pe\u00e7anha, 164, Centro)<\/P><P>31\/12 &#8211; Reveillon &#8211; Inaugura\u00e7\u00e3o do Mirante do Parque Transguarulhense<BR>\u00a0Shows: T\u00e2nia e Kadu, C\u00e9sar do Acordeon, Bolado B, Sambada, Cowboy F\u00e9lix, Bateria da X-9 Paulistana e Jeito Moleque &#8211; local: Parque Transguarulhense (av. Transguarulhense, Parque Continental)<BR><\/P><\/p>\n","protected":false},"excerpt":{"rendered":"Programa\u00e7\u00e3o inclui o primeiro Feir\u00e3o do Im\u00f3vel Popular do PAR, shows com\u00a0 Felipe Dylon, Negritude J\u00fanior,\u00a0 Royce do Cavaco, Bicho de P\u00e9 e \n<a class=\"moretag\" href=\"https:\/\/www.aceguarulhos.com.br\/blog\/show-abrir%c3%a3o-festejos-dos-445-anos-de-guarulhos\/\"> [...]<\/a>","protected":false},"author":8,"featured_media":0,"comment_status":"open","ping_status":"open","sticky":false,"template":"","format":"standard","meta":{"footnotes":""},"categories":[2],"tags":[],"class_list":["post-29891","post","type-post","status-publish","format-standard","hentry","category-noticias"],"yoast_head":"<!-- This site is optimized with the Yoast SEO plugin v28.1 - https:\/\/yoast.com\/product\/yoast-seo-wordpress\/ -->\n<title>Show abrir\u00e3o festejos dos 445 anos de Guarulhos - ACE-Guarulhos<\/title>\n<meta name=\"robots\" content=\"index, follow, max-snippet:-1, max-image-preview:large, max-video-preview:-1\" \/>\n<link rel=\"canonical\" href=\"https:\/\/www.aceguarulhos.com.br\/blog\/show-abrir\u00e3o-festejos-dos-445-anos-de-guarulhos\/\" \/>\n<meta property=\"og:locale\" content=\"pt_BR\" \/>\n<meta property=\"og:type\" content=\"article\" \/>\n<meta property=\"og:title\" content=\"Show abrir\u00e3o festejos dos 445 anos de Guarulhos - ACE-Guarulhos\" \/>\n<meta property=\"og:description\" content=\"Programa\u00e7\u00e3o inclui o primeiro Feir\u00e3o do Im\u00f3vel Popular do PAR, shows com\u00a0 Felipe Dylon, Negritude J\u00fanior,\u00a0 Royce do Cavaco, Bicho de P\u00e9 e\" \/>\n<meta property=\"og:url\" content=\"https:\/\/www.aceguarulhos.com.br\/blog\/show-abrir\u00e3o-festejos-dos-445-anos-de-guarulhos\/\" \/>\n<meta property=\"og:site_name\" content=\"ACE-Guarulhos\" \/>\n<meta property=\"article:publisher\" content=\"https:\/\/www.facebook.com\/aceguarulhos\/\" \/>\n<meta property=\"article:published_time\" content=\"2005-12-02T17:00:53+00:00\" \/>\n<meta name=\"author\" content=\"Assessoria de Imprensa ACE-Guarulhos\" \/>\n<meta name=\"twitter:card\" content=\"summary_large_image\" \/>\n<meta name=\"twitter:label1\" content=\"Escrito por\" \/>\n\t<meta name=\"twitter:data1\" content=\"Assessoria de Imprensa ACE-Guarulhos\" \/>\n\t<meta name=\"twitter:label2\" content=\"Est. tempo de leitura\" \/>\n\t<meta name=\"twitter:data2\" content=\"8 minutos\" \/>\n<script type=\"application\/ld+json\" class=\"yoast-schema-graph\">{\"@context\":\"https:\\\/\\\/schema.org\",\"@graph\":[{\"@type\":\"Article\",\"@id\":\"https:\\\/\\\/www.aceguarulhos.com.br\\\/blog\\\/show-abrir%c3%a3o-festejos-dos-445-anos-de-guarulhos\\\/#article\",\"isPartOf\":{\"@id\":\"https:\\\/\\\/www.aceguarulhos.com.br\\\/blog\\\/show-abrir%c3%a3o-festejos-dos-445-anos-de-guarulhos\\\/\"},\"author\":{\"name\":\"Assessoria de Imprensa ACE-Guarulhos\",\"@id\":\"https:\\\/\\\/www.aceguarulhos.com.br\\\/blog\\\/#\\\/schema\\\/person\\\/6983b51bad37489989e4f09698c26237\"},\"headline\":\"Show abrir\u00e3o festejos dos 445 anos de Guarulhos\",\"datePublished\":\"2005-12-02T17:00:53+00:00\",\"mainEntityOfPage\":{\"@id\":\"https:\\\/\\\/www.aceguarulhos.com.br\\\/blog\\\/show-abrir%c3%a3o-festejos-dos-445-anos-de-guarulhos\\\/\"},\"wordCount\":1509,\"commentCount\":0,\"publisher\":{\"@id\":\"https:\\\/\\\/www.aceguarulhos.com.br\\\/blog\\\/#organization\"},\"articleSection\":[\"Not\u00edcias\"],\"inLanguage\":\"pt-BR\"},{\"@type\":\"WebPage\",\"@id\":\"https:\\\/\\\/www.aceguarulhos.com.br\\\/blog\\\/show-abrir%c3%a3o-festejos-dos-445-anos-de-guarulhos\\\/\",\"url\":\"https:\\\/\\\/www.aceguarulhos.com.br\\\/blog\\\/show-abrir%c3%a3o-festejos-dos-445-anos-de-guarulhos\\\/\",\"name\":\"Show abrir\u00e3o festejos dos 445 anos de Guarulhos - ACE-Guarulhos\",\"isPartOf\":{\"@id\":\"https:\\\/\\\/www.aceguarulhos.com.br\\\/blog\\\/#website\"},\"datePublished\":\"2005-12-02T17:00:53+00:00\",\"breadcrumb\":{\"@id\":\"https:\\\/\\\/www.aceguarulhos.com.br\\\/blog\\\/show-abrir%c3%a3o-festejos-dos-445-anos-de-guarulhos\\\/#breadcrumb\"},\"inLanguage\":\"pt-BR\",\"potentialAction\":[{\"@type\":\"ReadAction\",\"target\":[\"https:\\\/\\\/www.aceguarulhos.com.br\\\/blog\\\/show-abrir%c3%a3o-festejos-dos-445-anos-de-guarulhos\\\/\"]}]},{\"@type\":\"BreadcrumbList\",\"@id\":\"https:\\\/\\\/www.aceguarulhos.com.br\\\/blog\\\/show-abrir%c3%a3o-festejos-dos-445-anos-de-guarulhos\\\/#breadcrumb\",\"itemListElement\":[{\"@type\":\"ListItem\",\"position\":1,\"name\":\"In\u00edcio\",\"item\":\"https:\\\/\\\/www.aceguarulhos.com.br\\\/blog\\\/\"},{\"@type\":\"ListItem\",\"position\":2,\"name\":\"Show abrir\u00e3o festejos dos 445 anos de Guarulhos\"}]},{\"@type\":\"WebSite\",\"@id\":\"https:\\\/\\\/www.aceguarulhos.com.br\\\/blog\\\/#website\",\"url\":\"https:\\\/\\\/www.aceguarulhos.com.br\\\/blog\\\/\",\"name\":\"ACE-Guarulhos\",\"description\":\"A ACE-Guarulhos \u00e9 uma associa\u00e7\u00e3o que ap\u00f3ia os empres\u00e1rios guarulhenses atrav\u00e9s da representa\u00e7\u00e3o, da gera\u00e7\u00e3o de neg\u00f3cios e presta\u00e7\u00e3o de servi\u00e7os.\",\"publisher\":{\"@id\":\"https:\\\/\\\/www.aceguarulhos.com.br\\\/blog\\\/#organization\"},\"potentialAction\":[{\"@type\":\"SearchAction\",\"target\":{\"@type\":\"EntryPoint\",\"urlTemplate\":\"https:\\\/\\\/www.aceguarulhos.com.br\\\/blog\\\/?s={search_term_string}\"},\"query-input\":{\"@type\":\"PropertyValueSpecification\",\"valueRequired\":true,\"valueName\":\"search_term_string\"}}],\"inLanguage\":\"pt-BR\"},{\"@type\":\"Organization\",\"@id\":\"https:\\\/\\\/www.aceguarulhos.com.br\\\/blog\\\/#organization\",\"name\":\"ACE-Guarulhos\",\"url\":\"https:\\\/\\\/www.aceguarulhos.com.br\\\/blog\\\/\",\"logo\":{\"@type\":\"ImageObject\",\"inLanguage\":\"pt-BR\",\"@id\":\"https:\\\/\\\/www.aceguarulhos.com.br\\\/blog\\\/#\\\/schema\\\/logo\\\/image\\\/\",\"url\":\"https:\\\/\\\/www.aceguarulhos.com.br\\\/blog\\\/wp-content\\\/uploads\\\/2017\\\/12\\\/logo-aceguarulhos-2018.png\",\"contentUrl\":\"https:\\\/\\\/www.aceguarulhos.com.br\\\/blog\\\/wp-content\\\/uploads\\\/2017\\\/12\\\/logo-aceguarulhos-2018.png\",\"width\":419,\"height\":76,\"caption\":\"ACE-Guarulhos\"},\"image\":{\"@id\":\"https:\\\/\\\/www.aceguarulhos.com.br\\\/blog\\\/#\\\/schema\\\/logo\\\/image\\\/\"},\"sameAs\":[\"https:\\\/\\\/www.facebook.com\\\/aceguarulhos\\\/\",\"https:\\\/\\\/br.linkedin.com\\\/in\\\/ace-guarulhos-b9a97093\",\"https:\\\/\\\/www.youtube.com\\\/user\\\/aceguarulhos\"]},{\"@type\":\"Person\",\"@id\":\"https:\\\/\\\/www.aceguarulhos.com.br\\\/blog\\\/#\\\/schema\\\/person\\\/6983b51bad37489989e4f09698c26237\",\"name\":\"Assessoria de Imprensa ACE-Guarulhos\",\"image\":{\"@type\":\"ImageObject\",\"inLanguage\":\"pt-BR\",\"@id\":\"https:\\\/\\\/secure.gravatar.com\\\/avatar\\\/707f3fadd6918afeb64173ab22d8a8cb0676953098a4f31ff36dc2b4c699ef6a?s=96&d=mm&r=g\",\"url\":\"https:\\\/\\\/secure.gravatar.com\\\/avatar\\\/707f3fadd6918afeb64173ab22d8a8cb0676953098a4f31ff36dc2b4c699ef6a?s=96&d=mm&r=g\",\"contentUrl\":\"https:\\\/\\\/secure.gravatar.com\\\/avatar\\\/707f3fadd6918afeb64173ab22d8a8cb0676953098a4f31ff36dc2b4c699ef6a?s=96&d=mm&r=g\",\"caption\":\"Assessoria de Imprensa ACE-Guarulhos\"},\"url\":\"https:\\\/\\\/www.aceguarulhos.com.br\\\/blog\\\/author\\\/assessoria-de-imprensa-ace-guarulhos\\\/\"}]}<\/script>\n<!-- \/ Yoast SEO plugin. -->","yoast_head_json":{"title":"Show abrir\u00e3o festejos dos 445 anos de Guarulhos - ACE-Guarulhos","robots":{"index":"index","follow":"follow","max-snippet":"max-snippet:-1","max-image-preview":"max-image-preview:large","max-video-preview":"max-video-preview:-1"},"canonical":"https:\/\/www.aceguarulhos.com.br\/blog\/show-abrir\u00e3o-festejos-dos-445-anos-de-guarulhos\/","og_locale":"pt_BR","og_type":"article","og_title":"Show abrir\u00e3o festejos dos 445 anos de Guarulhos - ACE-Guarulhos","og_description":"Programa\u00e7\u00e3o inclui o primeiro Feir\u00e3o do Im\u00f3vel Popular do PAR, shows com\u00a0 Felipe Dylon, Negritude J\u00fanior,\u00a0 Royce do Cavaco, Bicho de P\u00e9 e","og_url":"https:\/\/www.aceguarulhos.com.br\/blog\/show-abrir\u00e3o-festejos-dos-445-anos-de-guarulhos\/","og_site_name":"ACE-Guarulhos","article_publisher":"https:\/\/www.facebook.com\/aceguarulhos\/","article_published_time":"2005-12-02T17:00:53+00:00","author":"Assessoria de Imprensa ACE-Guarulhos","twitter_card":"summary_large_image","twitter_misc":{"Escrito por":"Assessoria de Imprensa ACE-Guarulhos","Est. tempo de leitura":"8 minutos"},"schema":{"@context":"https:\/\/schema.org","@graph":[{"@type":"Article","@id":"https:\/\/www.aceguarulhos.com.br\/blog\/show-abrir%c3%a3o-festejos-dos-445-anos-de-guarulhos\/#article","isPartOf":{"@id":"https:\/\/www.aceguarulhos.com.br\/blog\/show-abrir%c3%a3o-festejos-dos-445-anos-de-guarulhos\/"},"author":{"name":"Assessoria de Imprensa ACE-Guarulhos","@id":"https:\/\/www.aceguarulhos.com.br\/blog\/#\/schema\/person\/6983b51bad37489989e4f09698c26237"},"headline":"Show abrir\u00e3o festejos dos 445 anos de Guarulhos","datePublished":"2005-12-02T17:00:53+00:00","mainEntityOfPage":{"@id":"https:\/\/www.aceguarulhos.com.br\/blog\/show-abrir%c3%a3o-festejos-dos-445-anos-de-guarulhos\/"},"wordCount":1509,"commentCount":0,"publisher":{"@id":"https:\/\/www.aceguarulhos.com.br\/blog\/#organization"},"articleSection":["Not\u00edcias"],"inLanguage":"pt-BR"},{"@type":"WebPage","@id":"https:\/\/www.aceguarulhos.com.br\/blog\/show-abrir%c3%a3o-festejos-dos-445-anos-de-guarulhos\/","url":"https:\/\/www.aceguarulhos.com.br\/blog\/show-abrir%c3%a3o-festejos-dos-445-anos-de-guarulhos\/","name":"Show abrir\u00e3o festejos dos 445 anos de Guarulhos - ACE-Guarulhos","isPartOf":{"@id":"https:\/\/www.aceguarulhos.com.br\/blog\/#website"},"datePublished":"2005-12-02T17:00:53+00:00","breadcrumb":{"@id":"https:\/\/www.aceguarulhos.com.br\/blog\/show-abrir%c3%a3o-festejos-dos-445-anos-de-guarulhos\/#breadcrumb"},"inLanguage":"pt-BR","potentialAction":[{"@type":"ReadAction","target":["https:\/\/www.aceguarulhos.com.br\/blog\/show-abrir%c3%a3o-festejos-dos-445-anos-de-guarulhos\/"]}]},{"@type":"BreadcrumbList","@id":"https:\/\/www.aceguarulhos.com.br\/blog\/show-abrir%c3%a3o-festejos-dos-445-anos-de-guarulhos\/#breadcrumb","itemListElement":[{"@type":"ListItem","position":1,"name":"In\u00edcio","item":"https:\/\/www.aceguarulhos.com.br\/blog\/"},{"@type":"ListItem","position":2,"name":"Show abrir\u00e3o festejos dos 445 anos de Guarulhos"}]},{"@type":"WebSite","@id":"https:\/\/www.aceguarulhos.com.br\/blog\/#website","url":"https:\/\/www.aceguarulhos.com.br\/blog\/","name":"ACE-Guarulhos","description":"A ACE-Guarulhos \u00e9 uma associa\u00e7\u00e3o que ap\u00f3ia os empres\u00e1rios guarulhenses atrav\u00e9s da representa\u00e7\u00e3o, da gera\u00e7\u00e3o de neg\u00f3cios e presta\u00e7\u00e3o de servi\u00e7os.","publisher":{"@id":"https:\/\/www.aceguarulhos.com.br\/blog\/#organization"},"potentialAction":[{"@type":"SearchAction","target":{"@type":"EntryPoint","urlTemplate":"https:\/\/www.aceguarulhos.com.br\/blog\/?s={search_term_string}"},"query-input":{"@type":"PropertyValueSpecification","valueRequired":true,"valueName":"search_term_string"}}],"inLanguage":"pt-BR"},{"@type":"Organization","@id":"https:\/\/www.aceguarulhos.com.br\/blog\/#organization","name":"ACE-Guarulhos","url":"https:\/\/www.aceguarulhos.com.br\/blog\/","logo":{"@type":"ImageObject","inLanguage":"pt-BR","@id":"https:\/\/www.aceguarulhos.com.br\/blog\/#\/schema\/logo\/image\/","url":"https:\/\/www.aceguarulhos.com.br\/blog\/wp-content\/uploads\/2017\/12\/logo-aceguarulhos-2018.png","contentUrl":"https:\/\/www.aceguarulhos.com.br\/blog\/wp-content\/uploads\/2017\/12\/logo-aceguarulhos-2018.png","width":419,"height":76,"caption":"ACE-Guarulhos"},"image":{"@id":"https:\/\/www.aceguarulhos.com.br\/blog\/#\/schema\/logo\/image\/"},"sameAs":["https:\/\/www.facebook.com\/aceguarulhos\/","https:\/\/br.linkedin.com\/in\/ace-guarulhos-b9a97093","https:\/\/www.youtube.com\/user\/aceguarulhos"]},{"@type":"Person","@id":"https:\/\/www.aceguarulhos.com.br\/blog\/#\/schema\/person\/6983b51bad37489989e4f09698c26237","name":"Assessoria de Imprensa ACE-Guarulhos","image":{"@type":"ImageObject","inLanguage":"pt-BR","@id":"https:\/\/secure.gravatar.com\/avatar\/707f3fadd6918afeb64173ab22d8a8cb0676953098a4f31ff36dc2b4c699ef6a?s=96&d=mm&r=g","url":"https:\/\/secure.gravatar.com\/avatar\/707f3fadd6918afeb64173ab22d8a8cb0676953098a4f31ff36dc2b4c699ef6a?s=96&d=mm&r=g","contentUrl":"https:\/\/secure.gravatar.com\/avatar\/707f3fadd6918afeb64173ab22d8a8cb0676953098a4f31ff36dc2b4c699ef6a?s=96&d=mm&r=g","caption":"Assessoria de Imprensa ACE-Guarulhos"},"url":"https:\/\/www.aceguarulhos.com.br\/blog\/author\/assessoria-de-imprensa-ace-guarulhos\/"}]}},"wps_subtitle":"","amp_enabled":true,"_links":{"self":[{"href":"https:\/\/www.aceguarulhos.com.br\/blog\/wp-json\/wp\/v2\/posts\/29891","targetHints":{"allow":["GET"]}}],"collection":[{"href":"https:\/\/www.aceguarulhos.com.br\/blog\/wp-json\/wp\/v2\/posts"}],"about":[{"href":"https:\/\/www.aceguarulhos.com.br\/blog\/wp-json\/wp\/v2\/types\/post"}],"author":[{"embeddable":true,"href":"https:\/\/www.aceguarulhos.com.br\/blog\/wp-json\/wp\/v2\/users\/8"}],"replies":[{"embeddable":true,"href":"https:\/\/www.aceguarulhos.com.br\/blog\/wp-json\/wp\/v2\/comments?post=29891"}],"version-history":[{"count":0,"href":"https:\/\/www.aceguarulhos.com.br\/blog\/wp-json\/wp\/v2\/posts\/29891\/revisions"}],"wp:attachment":[{"href":"https:\/\/www.aceguarulhos.com.br\/blog\/wp-json\/wp\/v2\/media?parent=29891"}],"wp:term":[{"taxonomy":"category","embeddable":true,"href":"https:\/\/www.aceguarulhos.com.br\/blog\/wp-json\/wp\/v2\/categories?post=29891"},{"taxonomy":"post_tag","embeddable":true,"href":"https:\/\/www.aceguarulhos.com.br\/blog\/wp-json\/wp\/v2\/tags?post=29891"}],"curies":[{"name":"wp","href":"https:\/\/api.w.org\/{rel}","templated":true}]}}