{"id":29890,"date":"2005-12-02T16:44:16","date_gmt":"2005-12-02T16:44:16","guid":{"rendered":"http:\/\/www.aceguarulhos.com.br\/blog\/?p=29890"},"modified":"-0001-11-30T00:00:00","modified_gmt":"-0001-11-30T03:00:00","slug":"ace-realiza-reuni%c3%a3o-do-jovem-empreendedor","status":"publish","type":"post","link":"https:\/\/www.aceguarulhos.com.br\/blog\/ace-realiza-reuni%c3%a3o-do-jovem-empreendedor\/","title":{"rendered":"ACE realiza reuni\u00e3o do Jovem Empreendedor"},"content":{"rendered":"<p><P><STRONG><EM>O projeto, que \u00e9 coordenado pelo diretor de relacionamento da ACE, Rodrigo Barros, quer fortalecer e despertar jovens lideran\u00e7as no munic\u00edpio<\/EM><\/STRONG><BR>\u00a0<BR><IMG alt=ACE src=\"\/blog\/wp-content\/uploads\/image.php?x=i&#038;i1=100&#038;i2=20020424111505\" align=left border=0><\/P><P><EM>Reuni\u00e3o contou com a presen\u00e7a de jovens empreendedores<\/EM><\/P><P>Com a participa\u00e7\u00e3o de 10 jovens empreendedores, foi realizada no final de novembro, na sede da Associa\u00e7\u00e3o Comercial e Empresarial de Guarulhos, a primeira reuni\u00e3o para implanta\u00e7\u00e3o do F\u00f3rum do Jovem Empreendedor na cidade. O projeto consiste em reunir jovens empres\u00e1rios que queiram contribuir com o desenvolvimento do pa\u00eds, gerando equil\u00edbrio social, cultural e econ\u00f4mico. Em Guarulhos o projeto est\u00e1 sob o comando do diretor de relacionamento da ACE, Rodrigo Barros.<BR>\u00a0<BR>A reuni\u00e3o contou com a presen\u00e7a do Superintendente da ACE, Maurici Dias Gomes, do Gerente do Sebrae-Guarulhos, Evandro Morales Saturi e do consultor do programa Empreender, Wagner Antico Salgado.<BR>\u00a0<BR>Segundo o Gerente do Sebrae, Evandro Morales Saturi, a implanta\u00e7\u00e3o do F\u00f3rum em Guarulhos ir\u00e1 facilitar a realiza\u00e7\u00e3o de neg\u00f3cios entre jovens empres\u00e1rios.<BR>\u00a0<BR>&#8220;A implanta\u00e7\u00e3o do F\u00f3rum gera uma perspectiva positiva, o que ir\u00e1 facilitar a implanta\u00e7\u00e3o de uma rede de neg\u00f3cios&#8221;, afirmou.<BR>\u00a0<BR>Participando a mais de um ano do F\u00f3rum do Jovem Empreendedor desenvolvido pela Associa\u00e7\u00e3o Comercial de S\u00e3o Paulo, o empres\u00e1rio Roberto J\u00fanior disse que o in\u00edcio do projeto em Guarulhos \u00e9 de suma import\u00e2ncia.<BR>\u00a0<BR>J\u00e1 para o Diretor de Relacionamento da ACE, Rodrigo Barros, todo trabalho ser\u00e1 recompensado. <BR>\u00a0<BR>&#8220;Queremos valorizar e defender a livre iniciativa. Despertar e fortalecer jovens lideran\u00e7as. Promover o associativismo e buscar o aperfei\u00e7oamento profissional e pessoal.\u00a0 Desta forma estaremos incentivando o interc\u00e2mbio empresarial, norteado pelos princ\u00edpios \u00e9ticos e democr\u00e1ticos, visando contribuir decisivamente para o desenvolvimento pol\u00edtico, econ\u00f4mico e s\u00f3cio-cultural do Brasil&#8221;, declarou.<BR>\u00a0<BR>Na reuni\u00e3o tamb\u00e9m ficou acertada uma parceria com o Sebrae-SP, escrit\u00f3rio regional de Guarulhos, que ir\u00e1 disponibilizar o espa\u00e7o para a realiza\u00e7\u00e3o das reuni\u00f5es, al\u00e9m de oferecer uma oficina de planejamento participativo aos integrantes do F\u00f3rum.<BR>\u00a0<BR>A oficina est\u00e1 marcada para ocorrer no dia 14 de dezembro. Os interessados devem confirmar presen\u00e7a na ACE pelo telefone 6463-9311 com Daniela. As vagas s\u00e3o limitadas.<BR>\u00a0<BR>O F\u00f3rum do Jovem Empreendedor trabalha em tr\u00eas a\u00e7\u00f5es importantes: Capacita\u00e7\u00e3o do Jovem Empreendedor, Network (Empresarial) e Representatividade &#8211; participa\u00e7\u00e3o e vis\u00e3o pol\u00edtica (Debates\/An\u00e1lises Conjunturais).<BR>\u00a0<BR>A Associa\u00e7\u00e3o Comercial de S\u00e3o Paulo criou o F\u00f3rum do Jovem Empreendedor em 1984, com objetivo de reunir jovens empres\u00e1rios e empreendedores para promover debates, discutir problemas sociais, pol\u00edticos e econ\u00f4micos, sempre sob o ponto de vista da nova gera\u00e7\u00e3o de l\u00edderes. Os jovens empreendedores se comprometem com o trabalho de conciliar interesses privado e p\u00fablico, capital e trabalho, sempre em total harmonia. A iniciativa em Guarulhos vem dar continuidade ao F\u00f3rum do Jovem Empreendedor da Associa\u00e7\u00e3o Comercial de S\u00e3o Paulo.<BR>\u00a0<BR>Est\u00e1 previsto para janeiro o evento de posse e lan\u00e7amento do F\u00f3rum em Guarulhos, que contar\u00e1 com todo apoio da ACE e Sebrae-SP, bem como com a presen\u00e7a de diversas autoridades e personalidades. Neste evento ser\u00e1 feita a apresenta\u00e7\u00e3o do 10\u00ba Congresso Mundial do Jovem Empreendedor, que ser\u00e1 realizado em mar\u00e7o de 2006 em S\u00e3o Paulo, o qual ter\u00e1 a chancelada ONU.<BR><\/P><\/p>\n","protected":false},"excerpt":{"rendered":"O projeto, que \u00e9 coordenado pelo diretor de relacionamento da ACE, Rodrigo Barros, quer fortalecer e despertar jovens lideran\u00e7as no munic\u00edpio\u00a0Reuni\u00e3o contou com \n<a class=\"moretag\" href=\"https:\/\/www.aceguarulhos.com.br\/blog\/ace-realiza-reuni%c3%a3o-do-jovem-empreendedor\/\"> [...]<\/a>","protected":false},"author":8,"featured_media":0,"comment_status":"open","ping_status":"open","sticky":false,"template":"","format":"standard","meta":{"footnotes":""},"categories":[2],"tags":[],"class_list":["post-29890","post","type-post","status-publish","format-standard","hentry","category-noticias"],"yoast_head":"<!-- This site is optimized with the Yoast SEO plugin v28.1 - https:\/\/yoast.com\/product\/yoast-seo-wordpress\/ -->\n<title>ACE realiza reuni\u00e3o do Jovem Empreendedor - ACE-Guarulhos<\/title>\n<meta name=\"robots\" content=\"index, follow, max-snippet:-1, max-image-preview:large, max-video-preview:-1\" \/>\n<link rel=\"canonical\" href=\"https:\/\/www.aceguarulhos.com.br\/blog\/ace-realiza-reuni\u00e3o-do-jovem-empreendedor\/\" \/>\n<meta property=\"og:locale\" content=\"pt_BR\" \/>\n<meta property=\"og:type\" content=\"article\" \/>\n<meta property=\"og:title\" content=\"ACE realiza reuni\u00e3o do Jovem Empreendedor - ACE-Guarulhos\" \/>\n<meta property=\"og:description\" content=\"O projeto, que \u00e9 coordenado pelo diretor de relacionamento da ACE, Rodrigo Barros, quer fortalecer e despertar jovens lideran\u00e7as no munic\u00edpio\u00a0Reuni\u00e3o contou com\" \/>\n<meta property=\"og:url\" content=\"https:\/\/www.aceguarulhos.com.br\/blog\/ace-realiza-reuni\u00e3o-do-jovem-empreendedor\/\" \/>\n<meta property=\"og:site_name\" content=\"ACE-Guarulhos\" \/>\n<meta property=\"article:publisher\" content=\"https:\/\/www.facebook.com\/aceguarulhos\/\" \/>\n<meta property=\"article:published_time\" content=\"2005-12-02T16:44:16+00:00\" \/>\n<meta name=\"author\" content=\"Assessoria de Imprensa ACE-Guarulhos\" \/>\n<meta name=\"twitter:card\" content=\"summary_large_image\" \/>\n<meta name=\"twitter:label1\" content=\"Escrito por\" \/>\n\t<meta name=\"twitter:data1\" content=\"Assessoria de Imprensa ACE-Guarulhos\" \/>\n\t<meta name=\"twitter:label2\" content=\"Est. tempo de leitura\" \/>\n\t<meta name=\"twitter:data2\" content=\"3 minutos\" \/>\n<script type=\"application\/ld+json\" class=\"yoast-schema-graph\">{\"@context\":\"https:\\\/\\\/schema.org\",\"@graph\":[{\"@type\":\"Article\",\"@id\":\"https:\\\/\\\/www.aceguarulhos.com.br\\\/blog\\\/ace-realiza-reuni%c3%a3o-do-jovem-empreendedor\\\/#article\",\"isPartOf\":{\"@id\":\"https:\\\/\\\/www.aceguarulhos.com.br\\\/blog\\\/ace-realiza-reuni%c3%a3o-do-jovem-empreendedor\\\/\"},\"author\":{\"name\":\"Assessoria de Imprensa ACE-Guarulhos\",\"@id\":\"https:\\\/\\\/www.aceguarulhos.com.br\\\/blog\\\/#\\\/schema\\\/person\\\/6983b51bad37489989e4f09698c26237\"},\"headline\":\"ACE realiza reuni\u00e3o do Jovem Empreendedor\",\"datePublished\":\"2005-12-02T16:44:16+00:00\",\"mainEntityOfPage\":{\"@id\":\"https:\\\/\\\/www.aceguarulhos.com.br\\\/blog\\\/ace-realiza-reuni%c3%a3o-do-jovem-empreendedor\\\/\"},\"wordCount\":575,\"commentCount\":0,\"publisher\":{\"@id\":\"https:\\\/\\\/www.aceguarulhos.com.br\\\/blog\\\/#organization\"},\"articleSection\":[\"Not\u00edcias\"],\"inLanguage\":\"pt-BR\"},{\"@type\":\"WebPage\",\"@id\":\"https:\\\/\\\/www.aceguarulhos.com.br\\\/blog\\\/ace-realiza-reuni%c3%a3o-do-jovem-empreendedor\\\/\",\"url\":\"https:\\\/\\\/www.aceguarulhos.com.br\\\/blog\\\/ace-realiza-reuni%c3%a3o-do-jovem-empreendedor\\\/\",\"name\":\"ACE realiza reuni\u00e3o do Jovem Empreendedor - ACE-Guarulhos\",\"isPartOf\":{\"@id\":\"https:\\\/\\\/www.aceguarulhos.com.br\\\/blog\\\/#website\"},\"datePublished\":\"2005-12-02T16:44:16+00:00\",\"breadcrumb\":{\"@id\":\"https:\\\/\\\/www.aceguarulhos.com.br\\\/blog\\\/ace-realiza-reuni%c3%a3o-do-jovem-empreendedor\\\/#breadcrumb\"},\"inLanguage\":\"pt-BR\",\"potentialAction\":[{\"@type\":\"ReadAction\",\"target\":[\"https:\\\/\\\/www.aceguarulhos.com.br\\\/blog\\\/ace-realiza-reuni%c3%a3o-do-jovem-empreendedor\\\/\"]}]},{\"@type\":\"BreadcrumbList\",\"@id\":\"https:\\\/\\\/www.aceguarulhos.com.br\\\/blog\\\/ace-realiza-reuni%c3%a3o-do-jovem-empreendedor\\\/#breadcrumb\",\"itemListElement\":[{\"@type\":\"ListItem\",\"position\":1,\"name\":\"In\u00edcio\",\"item\":\"https:\\\/\\\/www.aceguarulhos.com.br\\\/blog\\\/\"},{\"@type\":\"ListItem\",\"position\":2,\"name\":\"ACE realiza reuni\u00e3o do Jovem Empreendedor\"}]},{\"@type\":\"WebSite\",\"@id\":\"https:\\\/\\\/www.aceguarulhos.com.br\\\/blog\\\/#website\",\"url\":\"https:\\\/\\\/www.aceguarulhos.com.br\\\/blog\\\/\",\"name\":\"ACE-Guarulhos\",\"description\":\"A ACE-Guarulhos \u00e9 uma associa\u00e7\u00e3o que ap\u00f3ia os empres\u00e1rios guarulhenses atrav\u00e9s da representa\u00e7\u00e3o, da gera\u00e7\u00e3o de neg\u00f3cios e presta\u00e7\u00e3o de servi\u00e7os.\",\"publisher\":{\"@id\":\"https:\\\/\\\/www.aceguarulhos.com.br\\\/blog\\\/#organization\"},\"potentialAction\":[{\"@type\":\"SearchAction\",\"target\":{\"@type\":\"EntryPoint\",\"urlTemplate\":\"https:\\\/\\\/www.aceguarulhos.com.br\\\/blog\\\/?s={search_term_string}\"},\"query-input\":{\"@type\":\"PropertyValueSpecification\",\"valueRequired\":true,\"valueName\":\"search_term_string\"}}],\"inLanguage\":\"pt-BR\"},{\"@type\":\"Organization\",\"@id\":\"https:\\\/\\\/www.aceguarulhos.com.br\\\/blog\\\/#organization\",\"name\":\"ACE-Guarulhos\",\"url\":\"https:\\\/\\\/www.aceguarulhos.com.br\\\/blog\\\/\",\"logo\":{\"@type\":\"ImageObject\",\"inLanguage\":\"pt-BR\",\"@id\":\"https:\\\/\\\/www.aceguarulhos.com.br\\\/blog\\\/#\\\/schema\\\/logo\\\/image\\\/\",\"url\":\"https:\\\/\\\/www.aceguarulhos.com.br\\\/blog\\\/wp-content\\\/uploads\\\/2017\\\/12\\\/logo-aceguarulhos-2018.png\",\"contentUrl\":\"https:\\\/\\\/www.aceguarulhos.com.br\\\/blog\\\/wp-content\\\/uploads\\\/2017\\\/12\\\/logo-aceguarulhos-2018.png\",\"width\":419,\"height\":76,\"caption\":\"ACE-Guarulhos\"},\"image\":{\"@id\":\"https:\\\/\\\/www.aceguarulhos.com.br\\\/blog\\\/#\\\/schema\\\/logo\\\/image\\\/\"},\"sameAs\":[\"https:\\\/\\\/www.facebook.com\\\/aceguarulhos\\\/\",\"https:\\\/\\\/br.linkedin.com\\\/in\\\/ace-guarulhos-b9a97093\",\"https:\\\/\\\/www.youtube.com\\\/user\\\/aceguarulhos\"]},{\"@type\":\"Person\",\"@id\":\"https:\\\/\\\/www.aceguarulhos.com.br\\\/blog\\\/#\\\/schema\\\/person\\\/6983b51bad37489989e4f09698c26237\",\"name\":\"Assessoria de Imprensa ACE-Guarulhos\",\"image\":{\"@type\":\"ImageObject\",\"inLanguage\":\"pt-BR\",\"@id\":\"https:\\\/\\\/secure.gravatar.com\\\/avatar\\\/707f3fadd6918afeb64173ab22d8a8cb0676953098a4f31ff36dc2b4c699ef6a?s=96&d=mm&r=g\",\"url\":\"https:\\\/\\\/secure.gravatar.com\\\/avatar\\\/707f3fadd6918afeb64173ab22d8a8cb0676953098a4f31ff36dc2b4c699ef6a?s=96&d=mm&r=g\",\"contentUrl\":\"https:\\\/\\\/secure.gravatar.com\\\/avatar\\\/707f3fadd6918afeb64173ab22d8a8cb0676953098a4f31ff36dc2b4c699ef6a?s=96&d=mm&r=g\",\"caption\":\"Assessoria de Imprensa ACE-Guarulhos\"},\"url\":\"https:\\\/\\\/www.aceguarulhos.com.br\\\/blog\\\/author\\\/assessoria-de-imprensa-ace-guarulhos\\\/\"}]}<\/script>\n<!-- \/ Yoast SEO plugin. -->","yoast_head_json":{"title":"ACE realiza reuni\u00e3o do Jovem Empreendedor - ACE-Guarulhos","robots":{"index":"index","follow":"follow","max-snippet":"max-snippet:-1","max-image-preview":"max-image-preview:large","max-video-preview":"max-video-preview:-1"},"canonical":"https:\/\/www.aceguarulhos.com.br\/blog\/ace-realiza-reuni\u00e3o-do-jovem-empreendedor\/","og_locale":"pt_BR","og_type":"article","og_title":"ACE realiza reuni\u00e3o do Jovem Empreendedor - ACE-Guarulhos","og_description":"O projeto, que \u00e9 coordenado pelo diretor de relacionamento da ACE, Rodrigo Barros, quer fortalecer e despertar jovens lideran\u00e7as no munic\u00edpio\u00a0Reuni\u00e3o contou com","og_url":"https:\/\/www.aceguarulhos.com.br\/blog\/ace-realiza-reuni\u00e3o-do-jovem-empreendedor\/","og_site_name":"ACE-Guarulhos","article_publisher":"https:\/\/www.facebook.com\/aceguarulhos\/","article_published_time":"2005-12-02T16:44:16+00:00","author":"Assessoria de Imprensa ACE-Guarulhos","twitter_card":"summary_large_image","twitter_misc":{"Escrito por":"Assessoria de Imprensa ACE-Guarulhos","Est. tempo de leitura":"3 minutos"},"schema":{"@context":"https:\/\/schema.org","@graph":[{"@type":"Article","@id":"https:\/\/www.aceguarulhos.com.br\/blog\/ace-realiza-reuni%c3%a3o-do-jovem-empreendedor\/#article","isPartOf":{"@id":"https:\/\/www.aceguarulhos.com.br\/blog\/ace-realiza-reuni%c3%a3o-do-jovem-empreendedor\/"},"author":{"name":"Assessoria de Imprensa ACE-Guarulhos","@id":"https:\/\/www.aceguarulhos.com.br\/blog\/#\/schema\/person\/6983b51bad37489989e4f09698c26237"},"headline":"ACE realiza reuni\u00e3o do Jovem Empreendedor","datePublished":"2005-12-02T16:44:16+00:00","mainEntityOfPage":{"@id":"https:\/\/www.aceguarulhos.com.br\/blog\/ace-realiza-reuni%c3%a3o-do-jovem-empreendedor\/"},"wordCount":575,"commentCount":0,"publisher":{"@id":"https:\/\/www.aceguarulhos.com.br\/blog\/#organization"},"articleSection":["Not\u00edcias"],"inLanguage":"pt-BR"},{"@type":"WebPage","@id":"https:\/\/www.aceguarulhos.com.br\/blog\/ace-realiza-reuni%c3%a3o-do-jovem-empreendedor\/","url":"https:\/\/www.aceguarulhos.com.br\/blog\/ace-realiza-reuni%c3%a3o-do-jovem-empreendedor\/","name":"ACE realiza reuni\u00e3o do Jovem Empreendedor - ACE-Guarulhos","isPartOf":{"@id":"https:\/\/www.aceguarulhos.com.br\/blog\/#website"},"datePublished":"2005-12-02T16:44:16+00:00","breadcrumb":{"@id":"https:\/\/www.aceguarulhos.com.br\/blog\/ace-realiza-reuni%c3%a3o-do-jovem-empreendedor\/#breadcrumb"},"inLanguage":"pt-BR","potentialAction":[{"@type":"ReadAction","target":["https:\/\/www.aceguarulhos.com.br\/blog\/ace-realiza-reuni%c3%a3o-do-jovem-empreendedor\/"]}]},{"@type":"BreadcrumbList","@id":"https:\/\/www.aceguarulhos.com.br\/blog\/ace-realiza-reuni%c3%a3o-do-jovem-empreendedor\/#breadcrumb","itemListElement":[{"@type":"ListItem","position":1,"name":"In\u00edcio","item":"https:\/\/www.aceguarulhos.com.br\/blog\/"},{"@type":"ListItem","position":2,"name":"ACE realiza reuni\u00e3o do Jovem Empreendedor"}]},{"@type":"WebSite","@id":"https:\/\/www.aceguarulhos.com.br\/blog\/#website","url":"https:\/\/www.aceguarulhos.com.br\/blog\/","name":"ACE-Guarulhos","description":"A ACE-Guarulhos \u00e9 uma associa\u00e7\u00e3o que ap\u00f3ia os empres\u00e1rios guarulhenses atrav\u00e9s da representa\u00e7\u00e3o, da gera\u00e7\u00e3o de neg\u00f3cios e presta\u00e7\u00e3o de servi\u00e7os.","publisher":{"@id":"https:\/\/www.aceguarulhos.com.br\/blog\/#organization"},"potentialAction":[{"@type":"SearchAction","target":{"@type":"EntryPoint","urlTemplate":"https:\/\/www.aceguarulhos.com.br\/blog\/?s={search_term_string}"},"query-input":{"@type":"PropertyValueSpecification","valueRequired":true,"valueName":"search_term_string"}}],"inLanguage":"pt-BR"},{"@type":"Organization","@id":"https:\/\/www.aceguarulhos.com.br\/blog\/#organization","name":"ACE-Guarulhos","url":"https:\/\/www.aceguarulhos.com.br\/blog\/","logo":{"@type":"ImageObject","inLanguage":"pt-BR","@id":"https:\/\/www.aceguarulhos.com.br\/blog\/#\/schema\/logo\/image\/","url":"https:\/\/www.aceguarulhos.com.br\/blog\/wp-content\/uploads\/2017\/12\/logo-aceguarulhos-2018.png","contentUrl":"https:\/\/www.aceguarulhos.com.br\/blog\/wp-content\/uploads\/2017\/12\/logo-aceguarulhos-2018.png","width":419,"height":76,"caption":"ACE-Guarulhos"},"image":{"@id":"https:\/\/www.aceguarulhos.com.br\/blog\/#\/schema\/logo\/image\/"},"sameAs":["https:\/\/www.facebook.com\/aceguarulhos\/","https:\/\/br.linkedin.com\/in\/ace-guarulhos-b9a97093","https:\/\/www.youtube.com\/user\/aceguarulhos"]},{"@type":"Person","@id":"https:\/\/www.aceguarulhos.com.br\/blog\/#\/schema\/person\/6983b51bad37489989e4f09698c26237","name":"Assessoria de Imprensa ACE-Guarulhos","image":{"@type":"ImageObject","inLanguage":"pt-BR","@id":"https:\/\/secure.gravatar.com\/avatar\/707f3fadd6918afeb64173ab22d8a8cb0676953098a4f31ff36dc2b4c699ef6a?s=96&d=mm&r=g","url":"https:\/\/secure.gravatar.com\/avatar\/707f3fadd6918afeb64173ab22d8a8cb0676953098a4f31ff36dc2b4c699ef6a?s=96&d=mm&r=g","contentUrl":"https:\/\/secure.gravatar.com\/avatar\/707f3fadd6918afeb64173ab22d8a8cb0676953098a4f31ff36dc2b4c699ef6a?s=96&d=mm&r=g","caption":"Assessoria de Imprensa ACE-Guarulhos"},"url":"https:\/\/www.aceguarulhos.com.br\/blog\/author\/assessoria-de-imprensa-ace-guarulhos\/"}]}},"wps_subtitle":"","amp_enabled":true,"_links":{"self":[{"href":"https:\/\/www.aceguarulhos.com.br\/blog\/wp-json\/wp\/v2\/posts\/29890","targetHints":{"allow":["GET"]}}],"collection":[{"href":"https:\/\/www.aceguarulhos.com.br\/blog\/wp-json\/wp\/v2\/posts"}],"about":[{"href":"https:\/\/www.aceguarulhos.com.br\/blog\/wp-json\/wp\/v2\/types\/post"}],"author":[{"embeddable":true,"href":"https:\/\/www.aceguarulhos.com.br\/blog\/wp-json\/wp\/v2\/users\/8"}],"replies":[{"embeddable":true,"href":"https:\/\/www.aceguarulhos.com.br\/blog\/wp-json\/wp\/v2\/comments?post=29890"}],"version-history":[{"count":0,"href":"https:\/\/www.aceguarulhos.com.br\/blog\/wp-json\/wp\/v2\/posts\/29890\/revisions"}],"wp:attachment":[{"href":"https:\/\/www.aceguarulhos.com.br\/blog\/wp-json\/wp\/v2\/media?parent=29890"}],"wp:term":[{"taxonomy":"category","embeddable":true,"href":"https:\/\/www.aceguarulhos.com.br\/blog\/wp-json\/wp\/v2\/categories?post=29890"},{"taxonomy":"post_tag","embeddable":true,"href":"https:\/\/www.aceguarulhos.com.br\/blog\/wp-json\/wp\/v2\/tags?post=29890"}],"curies":[{"name":"wp","href":"https:\/\/api.w.org\/{rel}","templated":true}]}}