{"id":29878,"date":"2005-11-28T22:51:59","date_gmt":"2005-11-28T22:51:59","guid":{"rendered":"http:\/\/www.aceguarulhos.com.br\/blog\/?p=29878"},"modified":"-0001-11-30T00:00:00","modified_gmt":"-0001-11-30T03:00:00","slug":"f%c3%b3rum-de-com%c3%a9rcio-exterior-tem-inscri%c3%a7%c3%b5es-abertas","status":"publish","type":"post","link":"https:\/\/www.aceguarulhos.com.br\/blog\/f%c3%b3rum-de-com%c3%a9rcio-exterior-tem-inscri%c3%a7%c3%b5es-abertas\/","title":{"rendered":"F\u00f3rum de Com\u00e9rcio Exterior tem inscri\u00e7\u00f5es abertas"},"content":{"rendered":"<p><P><STRONG><EM>Os interessados em participar podem se inscrever pelo site da Prefeitura at\u00e9 o dia 29 de novembro<\/EM><\/STRONG><BR>\u00a0<BR>A Secretaria de Desenvolvimento Econ\u00f4mico de Guarulhos realizar\u00e1 no dia 30 de novembro, das 8h \u00e0s 13h, no M\u00f4naco Convention &#038; Hotel, o &#8220;1\u00ba F\u00f3rum Regional de Com\u00e9rcio Exterior&#8221;. <\/P><P>O\u00a0objetivo \u00e9 possibilitar uma maior articula\u00e7\u00e3o entre o poder p\u00fablico da cidade, as prefeituras que comp\u00f5em o Alto Tiet\u00ea e o eixo Fern\u00e3o Dias, e empresas da \u00e1rea de importa\u00e7\u00e3o e exporta\u00e7\u00e3o, ampliando a discuss\u00e3o sobre o tema. O evento \u00e9 gratuito, mas as vagas s\u00e3o limitadas.<\/P><P>No dia 30, das 8 \u00e0s 9 horas, haver\u00e1 a recep\u00e7\u00e3o e o credenciamento dos participantes. Logo ap\u00f3s, ser\u00e1 feita a abertura oficial que contar\u00e1 com a presen\u00e7a do prefeito de Guarulhos, El\u00f3i Piet\u00e1, e de representantes do poder p\u00fablico das cidades convidadas e de entidades e associa\u00e7\u00f5es locais.<\/P><P>&#8220;Diagn\u00f3stico do Com\u00e9rcio Exterior em Guarulhos e Pol\u00edticas P\u00fablicas Municipais de Apoio \u00e0s Exporta\u00e7\u00f5es&#8221; \u00e9 o tema da primeira palestra, que ser\u00e1 ministrada pelo secret\u00e1rio municipal de Desenvolvimento Econ\u00f4mico, Ant\u00f4nio Carlos de Almeida. Em seguida, o representante do Minist\u00e9rio do Desenvolvimento, Ind\u00fastria e Com\u00e9rcio Exterior, F\u00e1bio Martins Faria, falar\u00e1 sobre a &#8220;Evolu\u00e7\u00e3o do Com\u00e9rcio Exterior Brasileiro, Perspectivas e Oportunidades no Mercado Internacional&#8221;.<\/P><P>A terceira palestra, &#8220;Modelos de Apoio \u00e0 decis\u00e3o em Log\u00edstica: Desafios e Oportunidades&#8221;, ser\u00e1 proferida por Cl\u00e1udio Barbieri da Cunha, do Departamento de Engenharia de Transportes da Poli (USP). E, para encerrar as explana\u00e7\u00f5es do dia, M\u00e1rio Salerno, diretor da Ag\u00eancia Brasileira de Desenvolvimento Industrial (ABDI), abordar\u00e1 o tema &#8220;A Inova\u00e7\u00e3o Tecnol\u00f3gica como Fator de Fomento \u00e0s Exporta\u00e7\u00f5es&#8221;. A atividade ser\u00e1 seguida de uma rodada de perguntas e considera\u00e7\u00f5es finais.<\/P><P>Os interessados em participar do f\u00f3rum devem se inscrever pelo site <A href=\"http:\/\/www.guarulhos.sp.gov.br\">www.guarulhos.sp.gov.br<\/A> at\u00e9 o dia 29 de novembro. Mais informa\u00e7\u00f5es pelos telefones 6409-8107 e 6409-7143.<BR><\/P><\/p>\n","protected":false},"excerpt":{"rendered":"Os interessados em participar podem se inscrever pelo site da Prefeitura at\u00e9 o dia 29 de novembro\u00a0A Secretaria de Desenvolvimento Econ\u00f4mico de Guarulhos \n<a class=\"moretag\" href=\"https:\/\/www.aceguarulhos.com.br\/blog\/f%c3%b3rum-de-com%c3%a9rcio-exterior-tem-inscri%c3%a7%c3%b5es-abertas\/\"> [...]<\/a>","protected":false},"author":8,"featured_media":0,"comment_status":"open","ping_status":"open","sticky":false,"template":"","format":"standard","meta":{"footnotes":""},"categories":[2],"tags":[],"class_list":["post-29878","post","type-post","status-publish","format-standard","hentry","category-noticias"],"yoast_head":"<!-- This site is optimized with the Yoast SEO plugin v28.1 - https:\/\/yoast.com\/product\/yoast-seo-wordpress\/ -->\n<title>F\u00f3rum de Com\u00e9rcio Exterior tem inscri\u00e7\u00f5es abertas - ACE-Guarulhos<\/title>\n<meta name=\"robots\" content=\"index, follow, max-snippet:-1, max-image-preview:large, max-video-preview:-1\" \/>\n<link rel=\"canonical\" href=\"https:\/\/www.aceguarulhos.com.br\/blog\/f\u00f3rum-de-com\u00e9rcio-exterior-tem-inscri\u00e7\u00f5es-abertas\/\" \/>\n<meta property=\"og:locale\" content=\"pt_BR\" \/>\n<meta property=\"og:type\" content=\"article\" \/>\n<meta property=\"og:title\" content=\"F\u00f3rum de Com\u00e9rcio Exterior tem inscri\u00e7\u00f5es abertas - ACE-Guarulhos\" \/>\n<meta property=\"og:description\" content=\"Os interessados em participar podem se inscrever pelo site da Prefeitura at\u00e9 o dia 29 de novembro\u00a0A Secretaria de Desenvolvimento Econ\u00f4mico de Guarulhos\" \/>\n<meta property=\"og:url\" content=\"https:\/\/www.aceguarulhos.com.br\/blog\/f\u00f3rum-de-com\u00e9rcio-exterior-tem-inscri\u00e7\u00f5es-abertas\/\" \/>\n<meta property=\"og:site_name\" content=\"ACE-Guarulhos\" \/>\n<meta property=\"article:publisher\" content=\"https:\/\/www.facebook.com\/aceguarulhos\/\" \/>\n<meta property=\"article:published_time\" content=\"2005-11-28T22:51:59+00:00\" \/>\n<meta name=\"author\" content=\"Assessoria de Imprensa ACE-Guarulhos\" \/>\n<meta name=\"twitter:card\" content=\"summary_large_image\" \/>\n<meta name=\"twitter:label1\" content=\"Escrito por\" \/>\n\t<meta name=\"twitter:data1\" content=\"Assessoria de Imprensa ACE-Guarulhos\" \/>\n\t<meta name=\"twitter:label2\" content=\"Est. tempo de leitura\" \/>\n\t<meta name=\"twitter:data2\" content=\"2 minutos\" \/>\n<script type=\"application\/ld+json\" class=\"yoast-schema-graph\">{\"@context\":\"https:\\\/\\\/schema.org\",\"@graph\":[{\"@type\":\"Article\",\"@id\":\"https:\\\/\\\/www.aceguarulhos.com.br\\\/blog\\\/f%c3%b3rum-de-com%c3%a9rcio-exterior-tem-inscri%c3%a7%c3%b5es-abertas\\\/#article\",\"isPartOf\":{\"@id\":\"https:\\\/\\\/www.aceguarulhos.com.br\\\/blog\\\/f%c3%b3rum-de-com%c3%a9rcio-exterior-tem-inscri%c3%a7%c3%b5es-abertas\\\/\"},\"author\":{\"name\":\"Assessoria de Imprensa ACE-Guarulhos\",\"@id\":\"https:\\\/\\\/www.aceguarulhos.com.br\\\/blog\\\/#\\\/schema\\\/person\\\/6983b51bad37489989e4f09698c26237\"},\"headline\":\"F\u00f3rum de Com\u00e9rcio Exterior tem inscri\u00e7\u00f5es abertas\",\"datePublished\":\"2005-11-28T22:51:59+00:00\",\"mainEntityOfPage\":{\"@id\":\"https:\\\/\\\/www.aceguarulhos.com.br\\\/blog\\\/f%c3%b3rum-de-com%c3%a9rcio-exterior-tem-inscri%c3%a7%c3%b5es-abertas\\\/\"},\"wordCount\":346,\"commentCount\":0,\"publisher\":{\"@id\":\"https:\\\/\\\/www.aceguarulhos.com.br\\\/blog\\\/#organization\"},\"articleSection\":[\"Not\u00edcias\"],\"inLanguage\":\"pt-BR\"},{\"@type\":\"WebPage\",\"@id\":\"https:\\\/\\\/www.aceguarulhos.com.br\\\/blog\\\/f%c3%b3rum-de-com%c3%a9rcio-exterior-tem-inscri%c3%a7%c3%b5es-abertas\\\/\",\"url\":\"https:\\\/\\\/www.aceguarulhos.com.br\\\/blog\\\/f%c3%b3rum-de-com%c3%a9rcio-exterior-tem-inscri%c3%a7%c3%b5es-abertas\\\/\",\"name\":\"F\u00f3rum de Com\u00e9rcio Exterior tem inscri\u00e7\u00f5es abertas - ACE-Guarulhos\",\"isPartOf\":{\"@id\":\"https:\\\/\\\/www.aceguarulhos.com.br\\\/blog\\\/#website\"},\"datePublished\":\"2005-11-28T22:51:59+00:00\",\"breadcrumb\":{\"@id\":\"https:\\\/\\\/www.aceguarulhos.com.br\\\/blog\\\/f%c3%b3rum-de-com%c3%a9rcio-exterior-tem-inscri%c3%a7%c3%b5es-abertas\\\/#breadcrumb\"},\"inLanguage\":\"pt-BR\",\"potentialAction\":[{\"@type\":\"ReadAction\",\"target\":[\"https:\\\/\\\/www.aceguarulhos.com.br\\\/blog\\\/f%c3%b3rum-de-com%c3%a9rcio-exterior-tem-inscri%c3%a7%c3%b5es-abertas\\\/\"]}]},{\"@type\":\"BreadcrumbList\",\"@id\":\"https:\\\/\\\/www.aceguarulhos.com.br\\\/blog\\\/f%c3%b3rum-de-com%c3%a9rcio-exterior-tem-inscri%c3%a7%c3%b5es-abertas\\\/#breadcrumb\",\"itemListElement\":[{\"@type\":\"ListItem\",\"position\":1,\"name\":\"In\u00edcio\",\"item\":\"https:\\\/\\\/www.aceguarulhos.com.br\\\/blog\\\/\"},{\"@type\":\"ListItem\",\"position\":2,\"name\":\"F\u00f3rum de Com\u00e9rcio Exterior tem inscri\u00e7\u00f5es abertas\"}]},{\"@type\":\"WebSite\",\"@id\":\"https:\\\/\\\/www.aceguarulhos.com.br\\\/blog\\\/#website\",\"url\":\"https:\\\/\\\/www.aceguarulhos.com.br\\\/blog\\\/\",\"name\":\"ACE-Guarulhos\",\"description\":\"A ACE-Guarulhos \u00e9 uma associa\u00e7\u00e3o que ap\u00f3ia os empres\u00e1rios guarulhenses atrav\u00e9s da representa\u00e7\u00e3o, da gera\u00e7\u00e3o de neg\u00f3cios e presta\u00e7\u00e3o de servi\u00e7os.\",\"publisher\":{\"@id\":\"https:\\\/\\\/www.aceguarulhos.com.br\\\/blog\\\/#organization\"},\"potentialAction\":[{\"@type\":\"SearchAction\",\"target\":{\"@type\":\"EntryPoint\",\"urlTemplate\":\"https:\\\/\\\/www.aceguarulhos.com.br\\\/blog\\\/?s={search_term_string}\"},\"query-input\":{\"@type\":\"PropertyValueSpecification\",\"valueRequired\":true,\"valueName\":\"search_term_string\"}}],\"inLanguage\":\"pt-BR\"},{\"@type\":\"Organization\",\"@id\":\"https:\\\/\\\/www.aceguarulhos.com.br\\\/blog\\\/#organization\",\"name\":\"ACE-Guarulhos\",\"url\":\"https:\\\/\\\/www.aceguarulhos.com.br\\\/blog\\\/\",\"logo\":{\"@type\":\"ImageObject\",\"inLanguage\":\"pt-BR\",\"@id\":\"https:\\\/\\\/www.aceguarulhos.com.br\\\/blog\\\/#\\\/schema\\\/logo\\\/image\\\/\",\"url\":\"https:\\\/\\\/www.aceguarulhos.com.br\\\/blog\\\/wp-content\\\/uploads\\\/2017\\\/12\\\/logo-aceguarulhos-2018.png\",\"contentUrl\":\"https:\\\/\\\/www.aceguarulhos.com.br\\\/blog\\\/wp-content\\\/uploads\\\/2017\\\/12\\\/logo-aceguarulhos-2018.png\",\"width\":419,\"height\":76,\"caption\":\"ACE-Guarulhos\"},\"image\":{\"@id\":\"https:\\\/\\\/www.aceguarulhos.com.br\\\/blog\\\/#\\\/schema\\\/logo\\\/image\\\/\"},\"sameAs\":[\"https:\\\/\\\/www.facebook.com\\\/aceguarulhos\\\/\",\"https:\\\/\\\/br.linkedin.com\\\/in\\\/ace-guarulhos-b9a97093\",\"https:\\\/\\\/www.youtube.com\\\/user\\\/aceguarulhos\"]},{\"@type\":\"Person\",\"@id\":\"https:\\\/\\\/www.aceguarulhos.com.br\\\/blog\\\/#\\\/schema\\\/person\\\/6983b51bad37489989e4f09698c26237\",\"name\":\"Assessoria de Imprensa ACE-Guarulhos\",\"image\":{\"@type\":\"ImageObject\",\"inLanguage\":\"pt-BR\",\"@id\":\"https:\\\/\\\/secure.gravatar.com\\\/avatar\\\/707f3fadd6918afeb64173ab22d8a8cb0676953098a4f31ff36dc2b4c699ef6a?s=96&d=mm&r=g\",\"url\":\"https:\\\/\\\/secure.gravatar.com\\\/avatar\\\/707f3fadd6918afeb64173ab22d8a8cb0676953098a4f31ff36dc2b4c699ef6a?s=96&d=mm&r=g\",\"contentUrl\":\"https:\\\/\\\/secure.gravatar.com\\\/avatar\\\/707f3fadd6918afeb64173ab22d8a8cb0676953098a4f31ff36dc2b4c699ef6a?s=96&d=mm&r=g\",\"caption\":\"Assessoria de Imprensa ACE-Guarulhos\"},\"url\":\"https:\\\/\\\/www.aceguarulhos.com.br\\\/blog\\\/author\\\/assessoria-de-imprensa-ace-guarulhos\\\/\"}]}<\/script>\n<!-- \/ Yoast SEO plugin. -->","yoast_head_json":{"title":"F\u00f3rum de Com\u00e9rcio Exterior tem inscri\u00e7\u00f5es abertas - ACE-Guarulhos","robots":{"index":"index","follow":"follow","max-snippet":"max-snippet:-1","max-image-preview":"max-image-preview:large","max-video-preview":"max-video-preview:-1"},"canonical":"https:\/\/www.aceguarulhos.com.br\/blog\/f\u00f3rum-de-com\u00e9rcio-exterior-tem-inscri\u00e7\u00f5es-abertas\/","og_locale":"pt_BR","og_type":"article","og_title":"F\u00f3rum de Com\u00e9rcio Exterior tem inscri\u00e7\u00f5es abertas - ACE-Guarulhos","og_description":"Os interessados em participar podem se inscrever pelo site da Prefeitura at\u00e9 o dia 29 de novembro\u00a0A Secretaria de Desenvolvimento Econ\u00f4mico de Guarulhos","og_url":"https:\/\/www.aceguarulhos.com.br\/blog\/f\u00f3rum-de-com\u00e9rcio-exterior-tem-inscri\u00e7\u00f5es-abertas\/","og_site_name":"ACE-Guarulhos","article_publisher":"https:\/\/www.facebook.com\/aceguarulhos\/","article_published_time":"2005-11-28T22:51:59+00:00","author":"Assessoria de Imprensa ACE-Guarulhos","twitter_card":"summary_large_image","twitter_misc":{"Escrito por":"Assessoria de Imprensa ACE-Guarulhos","Est. tempo de leitura":"2 minutos"},"schema":{"@context":"https:\/\/schema.org","@graph":[{"@type":"Article","@id":"https:\/\/www.aceguarulhos.com.br\/blog\/f%c3%b3rum-de-com%c3%a9rcio-exterior-tem-inscri%c3%a7%c3%b5es-abertas\/#article","isPartOf":{"@id":"https:\/\/www.aceguarulhos.com.br\/blog\/f%c3%b3rum-de-com%c3%a9rcio-exterior-tem-inscri%c3%a7%c3%b5es-abertas\/"},"author":{"name":"Assessoria de Imprensa ACE-Guarulhos","@id":"https:\/\/www.aceguarulhos.com.br\/blog\/#\/schema\/person\/6983b51bad37489989e4f09698c26237"},"headline":"F\u00f3rum de Com\u00e9rcio Exterior tem inscri\u00e7\u00f5es abertas","datePublished":"2005-11-28T22:51:59+00:00","mainEntityOfPage":{"@id":"https:\/\/www.aceguarulhos.com.br\/blog\/f%c3%b3rum-de-com%c3%a9rcio-exterior-tem-inscri%c3%a7%c3%b5es-abertas\/"},"wordCount":346,"commentCount":0,"publisher":{"@id":"https:\/\/www.aceguarulhos.com.br\/blog\/#organization"},"articleSection":["Not\u00edcias"],"inLanguage":"pt-BR"},{"@type":"WebPage","@id":"https:\/\/www.aceguarulhos.com.br\/blog\/f%c3%b3rum-de-com%c3%a9rcio-exterior-tem-inscri%c3%a7%c3%b5es-abertas\/","url":"https:\/\/www.aceguarulhos.com.br\/blog\/f%c3%b3rum-de-com%c3%a9rcio-exterior-tem-inscri%c3%a7%c3%b5es-abertas\/","name":"F\u00f3rum de Com\u00e9rcio Exterior tem inscri\u00e7\u00f5es abertas - ACE-Guarulhos","isPartOf":{"@id":"https:\/\/www.aceguarulhos.com.br\/blog\/#website"},"datePublished":"2005-11-28T22:51:59+00:00","breadcrumb":{"@id":"https:\/\/www.aceguarulhos.com.br\/blog\/f%c3%b3rum-de-com%c3%a9rcio-exterior-tem-inscri%c3%a7%c3%b5es-abertas\/#breadcrumb"},"inLanguage":"pt-BR","potentialAction":[{"@type":"ReadAction","target":["https:\/\/www.aceguarulhos.com.br\/blog\/f%c3%b3rum-de-com%c3%a9rcio-exterior-tem-inscri%c3%a7%c3%b5es-abertas\/"]}]},{"@type":"BreadcrumbList","@id":"https:\/\/www.aceguarulhos.com.br\/blog\/f%c3%b3rum-de-com%c3%a9rcio-exterior-tem-inscri%c3%a7%c3%b5es-abertas\/#breadcrumb","itemListElement":[{"@type":"ListItem","position":1,"name":"In\u00edcio","item":"https:\/\/www.aceguarulhos.com.br\/blog\/"},{"@type":"ListItem","position":2,"name":"F\u00f3rum de Com\u00e9rcio Exterior tem inscri\u00e7\u00f5es abertas"}]},{"@type":"WebSite","@id":"https:\/\/www.aceguarulhos.com.br\/blog\/#website","url":"https:\/\/www.aceguarulhos.com.br\/blog\/","name":"ACE-Guarulhos","description":"A ACE-Guarulhos \u00e9 uma associa\u00e7\u00e3o que ap\u00f3ia os empres\u00e1rios guarulhenses atrav\u00e9s da representa\u00e7\u00e3o, da gera\u00e7\u00e3o de neg\u00f3cios e presta\u00e7\u00e3o de servi\u00e7os.","publisher":{"@id":"https:\/\/www.aceguarulhos.com.br\/blog\/#organization"},"potentialAction":[{"@type":"SearchAction","target":{"@type":"EntryPoint","urlTemplate":"https:\/\/www.aceguarulhos.com.br\/blog\/?s={search_term_string}"},"query-input":{"@type":"PropertyValueSpecification","valueRequired":true,"valueName":"search_term_string"}}],"inLanguage":"pt-BR"},{"@type":"Organization","@id":"https:\/\/www.aceguarulhos.com.br\/blog\/#organization","name":"ACE-Guarulhos","url":"https:\/\/www.aceguarulhos.com.br\/blog\/","logo":{"@type":"ImageObject","inLanguage":"pt-BR","@id":"https:\/\/www.aceguarulhos.com.br\/blog\/#\/schema\/logo\/image\/","url":"https:\/\/www.aceguarulhos.com.br\/blog\/wp-content\/uploads\/2017\/12\/logo-aceguarulhos-2018.png","contentUrl":"https:\/\/www.aceguarulhos.com.br\/blog\/wp-content\/uploads\/2017\/12\/logo-aceguarulhos-2018.png","width":419,"height":76,"caption":"ACE-Guarulhos"},"image":{"@id":"https:\/\/www.aceguarulhos.com.br\/blog\/#\/schema\/logo\/image\/"},"sameAs":["https:\/\/www.facebook.com\/aceguarulhos\/","https:\/\/br.linkedin.com\/in\/ace-guarulhos-b9a97093","https:\/\/www.youtube.com\/user\/aceguarulhos"]},{"@type":"Person","@id":"https:\/\/www.aceguarulhos.com.br\/blog\/#\/schema\/person\/6983b51bad37489989e4f09698c26237","name":"Assessoria de Imprensa ACE-Guarulhos","image":{"@type":"ImageObject","inLanguage":"pt-BR","@id":"https:\/\/secure.gravatar.com\/avatar\/707f3fadd6918afeb64173ab22d8a8cb0676953098a4f31ff36dc2b4c699ef6a?s=96&d=mm&r=g","url":"https:\/\/secure.gravatar.com\/avatar\/707f3fadd6918afeb64173ab22d8a8cb0676953098a4f31ff36dc2b4c699ef6a?s=96&d=mm&r=g","contentUrl":"https:\/\/secure.gravatar.com\/avatar\/707f3fadd6918afeb64173ab22d8a8cb0676953098a4f31ff36dc2b4c699ef6a?s=96&d=mm&r=g","caption":"Assessoria de Imprensa ACE-Guarulhos"},"url":"https:\/\/www.aceguarulhos.com.br\/blog\/author\/assessoria-de-imprensa-ace-guarulhos\/"}]}},"wps_subtitle":"","amp_enabled":true,"_links":{"self":[{"href":"https:\/\/www.aceguarulhos.com.br\/blog\/wp-json\/wp\/v2\/posts\/29878","targetHints":{"allow":["GET"]}}],"collection":[{"href":"https:\/\/www.aceguarulhos.com.br\/blog\/wp-json\/wp\/v2\/posts"}],"about":[{"href":"https:\/\/www.aceguarulhos.com.br\/blog\/wp-json\/wp\/v2\/types\/post"}],"author":[{"embeddable":true,"href":"https:\/\/www.aceguarulhos.com.br\/blog\/wp-json\/wp\/v2\/users\/8"}],"replies":[{"embeddable":true,"href":"https:\/\/www.aceguarulhos.com.br\/blog\/wp-json\/wp\/v2\/comments?post=29878"}],"version-history":[{"count":0,"href":"https:\/\/www.aceguarulhos.com.br\/blog\/wp-json\/wp\/v2\/posts\/29878\/revisions"}],"wp:attachment":[{"href":"https:\/\/www.aceguarulhos.com.br\/blog\/wp-json\/wp\/v2\/media?parent=29878"}],"wp:term":[{"taxonomy":"category","embeddable":true,"href":"https:\/\/www.aceguarulhos.com.br\/blog\/wp-json\/wp\/v2\/categories?post=29878"},{"taxonomy":"post_tag","embeddable":true,"href":"https:\/\/www.aceguarulhos.com.br\/blog\/wp-json\/wp\/v2\/tags?post=29878"}],"curies":[{"name":"wp","href":"https:\/\/api.w.org\/{rel}","templated":true}]}}