{"id":29848,"date":"2005-11-17T10:52:24","date_gmt":"2005-11-17T10:52:24","guid":{"rendered":"http:\/\/www.aceguarulhos.com.br\/blog\/?p=29848"},"modified":"-0001-11-30T00:00:00","modified_gmt":"-0001-11-30T03:00:00","slug":"1%c2%ba-f%c3%b3rum-regional-de-com%c3%a9rcio-exterior","status":"publish","type":"post","link":"https:\/\/www.aceguarulhos.com.br\/blog\/1%c2%ba-f%c3%b3rum-regional-de-com%c3%a9rcio-exterior\/","title":{"rendered":"1\u00ba F\u00f3rum Regional de Com\u00e9rcio Exterior"},"content":{"rendered":"<p><P><IMG alt=\"Prefeitura de Guarulhos\" src=\"\/blog\/wp-content\/uploads\/image.php?x=i&#038;i1=100&#038;i2=20020411135748\" align=left border=0>A\u00a0Prefeitura de Guarulhos, atrav\u00e9s da Secretaria de Desenvolvimento Econ\u00f4mico, realizar\u00e1 o &#8220;1\u00ba F\u00f3rum Regional de Com\u00e9rcio Exterior&#8221; que tem como objetivo possibilitar maior articula\u00e7\u00e3o entre o poder p\u00fablico municipal e as demais prefeituras da regi\u00e3o, propondo a participa\u00e7\u00e3o de empresas e participantes do poder p\u00fablico local e entidades empresariais destas cidades, ampliando a discuss\u00e3o sobre a tem\u00e1tica de com\u00e9rcio exterior na regi\u00e3o.<BR>O evento permitir\u00e1 ainda a integra\u00e7\u00e3o entre as empresas participantes, criando inclusive a expectativa de gera\u00e7\u00e3o de neg\u00f3cios e parcerias entre empresas, fornecendo subs\u00eddios para uma discuss\u00e3o qualificada acerca do tema, e, por conseq\u00fc\u00eancia, permitindo maior inser\u00e7\u00e3o das empresas, sobretudo de micro e pequeno porte, no cen\u00e1rio internacional.<\/P><P><STRONG>PARCEIROS INSTITUCIONAIS<\/STRONG><\/P><P>&#8211; Monaco Convention &#038; Hotel &#8211; Guarulhos<BR>&#8211; Prefeituras Municipais: Aruj\u00e1 , Atibaia, Biritiba-Mirim, Bom Jesus dos Perd\u00f5es, Bragan\u00e7a Paulista, Ferraz de Vasconcelos, Itaquaquecetuba,\u00a0 Joan\u00f3polis, Mairipor\u00e3,\u00a0 Mogi das Cruzes, Nazar\u00e9 Paulista,\u00a0 Piracaia, Po\u00e1, Sales\u00f3polis, Santa Isabel, Suzano e Vargem.<BR>&#8211; Associa\u00e7\u00e3o Comercial e Empresarial de Guarulhos.<BR>&#8211; CIESP &#8211; Regional Guarulhos.<BR>&#8211; SEBRAE &#8211; Escrit\u00f3rio Regional de Guarulhos<BR>&#8211; INFRAERO<BR>&#8211; Minist\u00e9rio de Rela\u00e7\u00f5es Exteriores<BR>&#8211; Caixa Econ\u00f4mica Federal<BR>&#8211; Editora Aduaneiras<BR>&#8211; Guarulhos Convention &#038; Visitors Bureau<BR>&#8211; Instituto de Coopera\u00e7\u00e3o Internacional &#8211; ICOOI<\/P><P><STRONG>PROGRAMA\u00c7\u00c3O<BR><\/STRONG>Local: M\u00f4naco Convention &#038; Hotel &#8211; Guarulhos <BR>Data: 30 DE NOVEMBRO DE 2005 <BR>Hor\u00e1rio: 8h \u00e0s 13h<\/P><P><STRONG>Cronograma:<BR>8 \u00e0s 09h<BR>Caf\u00e9 da manh\u00e3<\/STRONG> &#8211; recep\u00e7\u00e3o e credenciamento.<\/P><P><STRONG>9h \u00e0s 09h30 <BR>Abertura Oficial:<\/STRONG> Exmo. Senhor Prefeito Municipal El\u00f3i Piet\u00e1, representantes do poder p\u00fablico das cidades convidadas e representantes de entidades e associa\u00e7\u00f5es locais.<\/P><P><STRONG>9h30 \u00e0s 10h<\/STRONG><BR><STRONG>Tema:<\/STRONG> DIAGN\u00d3STICO DO COM\u00c9RCIO EXTERIOR EM GUARULHOS E POL\u00cdTICAS P\u00daBLICAS MUNICIPAIS DE APOIO \u00c0S <STRONG>EXPORTA\u00c7\u00d5ES<BR>Palestrante:<\/STRONG> Ant\u00f4nio Carlos de Almeida &#8211; Secret\u00e1rio Municipal de Desenvolvimento Econ\u00f4mico de Guarulhos<\/P><P><STRONG>10h \u00e0s 10h45<BR>Tema:<\/STRONG> EVOLU\u00c7\u00c3O DO COM\u00c9RCIO EXTERIOR BRASILEIRO, PERSPECTIVAS E OPORTUNIDADES NO MERCADO INTERNACIONAL<BR><STRONG>Palestrante:<\/STRONG> Sr. Fabio Martins Faria &#8211; Diretor do Departamento de Planejamento e Desenvolvimento do Com\u00e9rcio Exterior &#8211; SECEX\/ MDIC <\/P><P><STRONG>10h45 h \u00e0s 11h30<BR>Tema:<\/STRONG> MODELOS DE APOIO \u00c0 DECIS\u00c3O EM LOG\u00cdSTICA: DESAFIOS E OPORTUNIDADES <BR><STRONG>Palestrante:<\/STRONG> Prof. Dr. Cl\u00e1udio Barbieri da Cunha &#8211; Departamento de Engenharia de Produ\u00e7\u00e3o Poli &#8211; USP \/ Coordenador do CELOG (Curso de Especializa\u00e7\u00e3o de Log\u00edstica &#8211; USP). <\/P><P><STRONG>11h30 h \u00e0s 12h15<\/STRONG>\u00a0 <BR><STRONG>Tema:<\/STRONG> A INOVA\u00c7\u00c3O TECNOL\u00d3GICA COMO FATOR DE FOMENTO \u00c0S EXPORTA\u00c7\u00d5ES.<BR><STRONG>Palestrante:<\/STRONG> Mario Salerno &#8211; Diretor da ABDI (Ag\u00eancia Brasileira de Desenvolvimento Industrial).<\/P><P><STRONG>12h15 \u00e0s 13h:<\/STRONG> Rodada de Perguntas e considera\u00e7\u00f5es finais<\/P><P><STRONG>13h<\/STRONG> &#8211; SDE: Encerramento<\/P><P><STRONG>INFORMA\u00c7\u00d5ES:<\/STRONG> 6463-9311<\/P><\/p>\n","protected":false},"excerpt":{"rendered":"A\u00a0Prefeitura de Guarulhos, atrav\u00e9s da Secretaria de Desenvolvimento Econ\u00f4mico, realizar\u00e1 o &#8220;1\u00ba F\u00f3rum Regional de Com\u00e9rcio Exterior&#8221; que tem como objetivo possibilitar maior \n<a class=\"moretag\" href=\"https:\/\/www.aceguarulhos.com.br\/blog\/1%c2%ba-f%c3%b3rum-regional-de-com%c3%a9rcio-exterior\/\"> [...]<\/a>","protected":false},"author":8,"featured_media":0,"comment_status":"open","ping_status":"open","sticky":false,"template":"","format":"standard","meta":{"footnotes":""},"categories":[2],"tags":[],"class_list":["post-29848","post","type-post","status-publish","format-standard","hentry","category-noticias"],"yoast_head":"<!-- This site is optimized with the Yoast SEO plugin v28.1 - https:\/\/yoast.com\/product\/yoast-seo-wordpress\/ -->\n<title>1\u00ba F\u00f3rum Regional de Com\u00e9rcio Exterior - ACE-Guarulhos<\/title>\n<meta name=\"robots\" content=\"index, follow, max-snippet:-1, max-image-preview:large, max-video-preview:-1\" \/>\n<link rel=\"canonical\" href=\"https:\/\/www.aceguarulhos.com.br\/blog\/1\u00ba-f\u00f3rum-regional-de-com\u00e9rcio-exterior\/\" \/>\n<meta property=\"og:locale\" content=\"pt_BR\" \/>\n<meta property=\"og:type\" content=\"article\" \/>\n<meta property=\"og:title\" content=\"1\u00ba F\u00f3rum Regional de Com\u00e9rcio Exterior - ACE-Guarulhos\" \/>\n<meta property=\"og:description\" content=\"A\u00a0Prefeitura de Guarulhos, atrav\u00e9s da Secretaria de Desenvolvimento Econ\u00f4mico, realizar\u00e1 o &#8220;1\u00ba F\u00f3rum Regional de Com\u00e9rcio Exterior&#8221; que tem como objetivo possibilitar maior\" \/>\n<meta property=\"og:url\" content=\"https:\/\/www.aceguarulhos.com.br\/blog\/1\u00ba-f\u00f3rum-regional-de-com\u00e9rcio-exterior\/\" \/>\n<meta property=\"og:site_name\" content=\"ACE-Guarulhos\" \/>\n<meta property=\"article:publisher\" content=\"https:\/\/www.facebook.com\/aceguarulhos\/\" \/>\n<meta property=\"article:published_time\" content=\"2005-11-17T10:52:24+00:00\" \/>\n<meta name=\"author\" content=\"Assessoria de Imprensa ACE-Guarulhos\" \/>\n<meta name=\"twitter:card\" content=\"summary_large_image\" \/>\n<meta name=\"twitter:label1\" content=\"Escrito por\" \/>\n\t<meta name=\"twitter:data1\" content=\"Assessoria de Imprensa ACE-Guarulhos\" \/>\n\t<meta name=\"twitter:label2\" content=\"Est. tempo de leitura\" \/>\n\t<meta name=\"twitter:data2\" content=\"2 minutos\" \/>\n<script type=\"application\/ld+json\" class=\"yoast-schema-graph\">{\"@context\":\"https:\\\/\\\/schema.org\",\"@graph\":[{\"@type\":\"Article\",\"@id\":\"https:\\\/\\\/www.aceguarulhos.com.br\\\/blog\\\/1%c2%ba-f%c3%b3rum-regional-de-com%c3%a9rcio-exterior\\\/#article\",\"isPartOf\":{\"@id\":\"https:\\\/\\\/www.aceguarulhos.com.br\\\/blog\\\/1%c2%ba-f%c3%b3rum-regional-de-com%c3%a9rcio-exterior\\\/\"},\"author\":{\"name\":\"Assessoria de Imprensa ACE-Guarulhos\",\"@id\":\"https:\\\/\\\/www.aceguarulhos.com.br\\\/blog\\\/#\\\/schema\\\/person\\\/6983b51bad37489989e4f09698c26237\"},\"headline\":\"1\u00ba F\u00f3rum Regional de Com\u00e9rcio Exterior\",\"datePublished\":\"2005-11-17T10:52:24+00:00\",\"mainEntityOfPage\":{\"@id\":\"https:\\\/\\\/www.aceguarulhos.com.br\\\/blog\\\/1%c2%ba-f%c3%b3rum-regional-de-com%c3%a9rcio-exterior\\\/\"},\"wordCount\":449,\"commentCount\":0,\"publisher\":{\"@id\":\"https:\\\/\\\/www.aceguarulhos.com.br\\\/blog\\\/#organization\"},\"articleSection\":[\"Not\u00edcias\"],\"inLanguage\":\"pt-BR\"},{\"@type\":\"WebPage\",\"@id\":\"https:\\\/\\\/www.aceguarulhos.com.br\\\/blog\\\/1%c2%ba-f%c3%b3rum-regional-de-com%c3%a9rcio-exterior\\\/\",\"url\":\"https:\\\/\\\/www.aceguarulhos.com.br\\\/blog\\\/1%c2%ba-f%c3%b3rum-regional-de-com%c3%a9rcio-exterior\\\/\",\"name\":\"1\u00ba F\u00f3rum Regional de Com\u00e9rcio Exterior - ACE-Guarulhos\",\"isPartOf\":{\"@id\":\"https:\\\/\\\/www.aceguarulhos.com.br\\\/blog\\\/#website\"},\"datePublished\":\"2005-11-17T10:52:24+00:00\",\"breadcrumb\":{\"@id\":\"https:\\\/\\\/www.aceguarulhos.com.br\\\/blog\\\/1%c2%ba-f%c3%b3rum-regional-de-com%c3%a9rcio-exterior\\\/#breadcrumb\"},\"inLanguage\":\"pt-BR\",\"potentialAction\":[{\"@type\":\"ReadAction\",\"target\":[\"https:\\\/\\\/www.aceguarulhos.com.br\\\/blog\\\/1%c2%ba-f%c3%b3rum-regional-de-com%c3%a9rcio-exterior\\\/\"]}]},{\"@type\":\"BreadcrumbList\",\"@id\":\"https:\\\/\\\/www.aceguarulhos.com.br\\\/blog\\\/1%c2%ba-f%c3%b3rum-regional-de-com%c3%a9rcio-exterior\\\/#breadcrumb\",\"itemListElement\":[{\"@type\":\"ListItem\",\"position\":1,\"name\":\"In\u00edcio\",\"item\":\"https:\\\/\\\/www.aceguarulhos.com.br\\\/blog\\\/\"},{\"@type\":\"ListItem\",\"position\":2,\"name\":\"1\u00ba F\u00f3rum Regional de Com\u00e9rcio Exterior\"}]},{\"@type\":\"WebSite\",\"@id\":\"https:\\\/\\\/www.aceguarulhos.com.br\\\/blog\\\/#website\",\"url\":\"https:\\\/\\\/www.aceguarulhos.com.br\\\/blog\\\/\",\"name\":\"ACE-Guarulhos\",\"description\":\"A ACE-Guarulhos \u00e9 uma associa\u00e7\u00e3o que ap\u00f3ia os empres\u00e1rios guarulhenses atrav\u00e9s da representa\u00e7\u00e3o, da gera\u00e7\u00e3o de neg\u00f3cios e presta\u00e7\u00e3o de servi\u00e7os.\",\"publisher\":{\"@id\":\"https:\\\/\\\/www.aceguarulhos.com.br\\\/blog\\\/#organization\"},\"potentialAction\":[{\"@type\":\"SearchAction\",\"target\":{\"@type\":\"EntryPoint\",\"urlTemplate\":\"https:\\\/\\\/www.aceguarulhos.com.br\\\/blog\\\/?s={search_term_string}\"},\"query-input\":{\"@type\":\"PropertyValueSpecification\",\"valueRequired\":true,\"valueName\":\"search_term_string\"}}],\"inLanguage\":\"pt-BR\"},{\"@type\":\"Organization\",\"@id\":\"https:\\\/\\\/www.aceguarulhos.com.br\\\/blog\\\/#organization\",\"name\":\"ACE-Guarulhos\",\"url\":\"https:\\\/\\\/www.aceguarulhos.com.br\\\/blog\\\/\",\"logo\":{\"@type\":\"ImageObject\",\"inLanguage\":\"pt-BR\",\"@id\":\"https:\\\/\\\/www.aceguarulhos.com.br\\\/blog\\\/#\\\/schema\\\/logo\\\/image\\\/\",\"url\":\"https:\\\/\\\/www.aceguarulhos.com.br\\\/blog\\\/wp-content\\\/uploads\\\/2017\\\/12\\\/logo-aceguarulhos-2018.png\",\"contentUrl\":\"https:\\\/\\\/www.aceguarulhos.com.br\\\/blog\\\/wp-content\\\/uploads\\\/2017\\\/12\\\/logo-aceguarulhos-2018.png\",\"width\":419,\"height\":76,\"caption\":\"ACE-Guarulhos\"},\"image\":{\"@id\":\"https:\\\/\\\/www.aceguarulhos.com.br\\\/blog\\\/#\\\/schema\\\/logo\\\/image\\\/\"},\"sameAs\":[\"https:\\\/\\\/www.facebook.com\\\/aceguarulhos\\\/\",\"https:\\\/\\\/br.linkedin.com\\\/in\\\/ace-guarulhos-b9a97093\",\"https:\\\/\\\/www.youtube.com\\\/user\\\/aceguarulhos\"]},{\"@type\":\"Person\",\"@id\":\"https:\\\/\\\/www.aceguarulhos.com.br\\\/blog\\\/#\\\/schema\\\/person\\\/6983b51bad37489989e4f09698c26237\",\"name\":\"Assessoria de Imprensa ACE-Guarulhos\",\"image\":{\"@type\":\"ImageObject\",\"inLanguage\":\"pt-BR\",\"@id\":\"https:\\\/\\\/secure.gravatar.com\\\/avatar\\\/707f3fadd6918afeb64173ab22d8a8cb0676953098a4f31ff36dc2b4c699ef6a?s=96&d=mm&r=g\",\"url\":\"https:\\\/\\\/secure.gravatar.com\\\/avatar\\\/707f3fadd6918afeb64173ab22d8a8cb0676953098a4f31ff36dc2b4c699ef6a?s=96&d=mm&r=g\",\"contentUrl\":\"https:\\\/\\\/secure.gravatar.com\\\/avatar\\\/707f3fadd6918afeb64173ab22d8a8cb0676953098a4f31ff36dc2b4c699ef6a?s=96&d=mm&r=g\",\"caption\":\"Assessoria de Imprensa ACE-Guarulhos\"},\"url\":\"https:\\\/\\\/www.aceguarulhos.com.br\\\/blog\\\/author\\\/assessoria-de-imprensa-ace-guarulhos\\\/\"}]}<\/script>\n<!-- \/ Yoast SEO plugin. -->","yoast_head_json":{"title":"1\u00ba F\u00f3rum Regional de Com\u00e9rcio Exterior - ACE-Guarulhos","robots":{"index":"index","follow":"follow","max-snippet":"max-snippet:-1","max-image-preview":"max-image-preview:large","max-video-preview":"max-video-preview:-1"},"canonical":"https:\/\/www.aceguarulhos.com.br\/blog\/1\u00ba-f\u00f3rum-regional-de-com\u00e9rcio-exterior\/","og_locale":"pt_BR","og_type":"article","og_title":"1\u00ba F\u00f3rum Regional de Com\u00e9rcio Exterior - ACE-Guarulhos","og_description":"A\u00a0Prefeitura de Guarulhos, atrav\u00e9s da Secretaria de Desenvolvimento Econ\u00f4mico, realizar\u00e1 o &#8220;1\u00ba F\u00f3rum Regional de Com\u00e9rcio Exterior&#8221; que tem como objetivo possibilitar maior","og_url":"https:\/\/www.aceguarulhos.com.br\/blog\/1\u00ba-f\u00f3rum-regional-de-com\u00e9rcio-exterior\/","og_site_name":"ACE-Guarulhos","article_publisher":"https:\/\/www.facebook.com\/aceguarulhos\/","article_published_time":"2005-11-17T10:52:24+00:00","author":"Assessoria de Imprensa ACE-Guarulhos","twitter_card":"summary_large_image","twitter_misc":{"Escrito por":"Assessoria de Imprensa ACE-Guarulhos","Est. tempo de leitura":"2 minutos"},"schema":{"@context":"https:\/\/schema.org","@graph":[{"@type":"Article","@id":"https:\/\/www.aceguarulhos.com.br\/blog\/1%c2%ba-f%c3%b3rum-regional-de-com%c3%a9rcio-exterior\/#article","isPartOf":{"@id":"https:\/\/www.aceguarulhos.com.br\/blog\/1%c2%ba-f%c3%b3rum-regional-de-com%c3%a9rcio-exterior\/"},"author":{"name":"Assessoria de Imprensa ACE-Guarulhos","@id":"https:\/\/www.aceguarulhos.com.br\/blog\/#\/schema\/person\/6983b51bad37489989e4f09698c26237"},"headline":"1\u00ba F\u00f3rum Regional de Com\u00e9rcio Exterior","datePublished":"2005-11-17T10:52:24+00:00","mainEntityOfPage":{"@id":"https:\/\/www.aceguarulhos.com.br\/blog\/1%c2%ba-f%c3%b3rum-regional-de-com%c3%a9rcio-exterior\/"},"wordCount":449,"commentCount":0,"publisher":{"@id":"https:\/\/www.aceguarulhos.com.br\/blog\/#organization"},"articleSection":["Not\u00edcias"],"inLanguage":"pt-BR"},{"@type":"WebPage","@id":"https:\/\/www.aceguarulhos.com.br\/blog\/1%c2%ba-f%c3%b3rum-regional-de-com%c3%a9rcio-exterior\/","url":"https:\/\/www.aceguarulhos.com.br\/blog\/1%c2%ba-f%c3%b3rum-regional-de-com%c3%a9rcio-exterior\/","name":"1\u00ba F\u00f3rum Regional de Com\u00e9rcio Exterior - ACE-Guarulhos","isPartOf":{"@id":"https:\/\/www.aceguarulhos.com.br\/blog\/#website"},"datePublished":"2005-11-17T10:52:24+00:00","breadcrumb":{"@id":"https:\/\/www.aceguarulhos.com.br\/blog\/1%c2%ba-f%c3%b3rum-regional-de-com%c3%a9rcio-exterior\/#breadcrumb"},"inLanguage":"pt-BR","potentialAction":[{"@type":"ReadAction","target":["https:\/\/www.aceguarulhos.com.br\/blog\/1%c2%ba-f%c3%b3rum-regional-de-com%c3%a9rcio-exterior\/"]}]},{"@type":"BreadcrumbList","@id":"https:\/\/www.aceguarulhos.com.br\/blog\/1%c2%ba-f%c3%b3rum-regional-de-com%c3%a9rcio-exterior\/#breadcrumb","itemListElement":[{"@type":"ListItem","position":1,"name":"In\u00edcio","item":"https:\/\/www.aceguarulhos.com.br\/blog\/"},{"@type":"ListItem","position":2,"name":"1\u00ba F\u00f3rum Regional de Com\u00e9rcio Exterior"}]},{"@type":"WebSite","@id":"https:\/\/www.aceguarulhos.com.br\/blog\/#website","url":"https:\/\/www.aceguarulhos.com.br\/blog\/","name":"ACE-Guarulhos","description":"A ACE-Guarulhos \u00e9 uma associa\u00e7\u00e3o que ap\u00f3ia os empres\u00e1rios guarulhenses atrav\u00e9s da representa\u00e7\u00e3o, da gera\u00e7\u00e3o de neg\u00f3cios e presta\u00e7\u00e3o de servi\u00e7os.","publisher":{"@id":"https:\/\/www.aceguarulhos.com.br\/blog\/#organization"},"potentialAction":[{"@type":"SearchAction","target":{"@type":"EntryPoint","urlTemplate":"https:\/\/www.aceguarulhos.com.br\/blog\/?s={search_term_string}"},"query-input":{"@type":"PropertyValueSpecification","valueRequired":true,"valueName":"search_term_string"}}],"inLanguage":"pt-BR"},{"@type":"Organization","@id":"https:\/\/www.aceguarulhos.com.br\/blog\/#organization","name":"ACE-Guarulhos","url":"https:\/\/www.aceguarulhos.com.br\/blog\/","logo":{"@type":"ImageObject","inLanguage":"pt-BR","@id":"https:\/\/www.aceguarulhos.com.br\/blog\/#\/schema\/logo\/image\/","url":"https:\/\/www.aceguarulhos.com.br\/blog\/wp-content\/uploads\/2017\/12\/logo-aceguarulhos-2018.png","contentUrl":"https:\/\/www.aceguarulhos.com.br\/blog\/wp-content\/uploads\/2017\/12\/logo-aceguarulhos-2018.png","width":419,"height":76,"caption":"ACE-Guarulhos"},"image":{"@id":"https:\/\/www.aceguarulhos.com.br\/blog\/#\/schema\/logo\/image\/"},"sameAs":["https:\/\/www.facebook.com\/aceguarulhos\/","https:\/\/br.linkedin.com\/in\/ace-guarulhos-b9a97093","https:\/\/www.youtube.com\/user\/aceguarulhos"]},{"@type":"Person","@id":"https:\/\/www.aceguarulhos.com.br\/blog\/#\/schema\/person\/6983b51bad37489989e4f09698c26237","name":"Assessoria de Imprensa ACE-Guarulhos","image":{"@type":"ImageObject","inLanguage":"pt-BR","@id":"https:\/\/secure.gravatar.com\/avatar\/707f3fadd6918afeb64173ab22d8a8cb0676953098a4f31ff36dc2b4c699ef6a?s=96&d=mm&r=g","url":"https:\/\/secure.gravatar.com\/avatar\/707f3fadd6918afeb64173ab22d8a8cb0676953098a4f31ff36dc2b4c699ef6a?s=96&d=mm&r=g","contentUrl":"https:\/\/secure.gravatar.com\/avatar\/707f3fadd6918afeb64173ab22d8a8cb0676953098a4f31ff36dc2b4c699ef6a?s=96&d=mm&r=g","caption":"Assessoria de Imprensa ACE-Guarulhos"},"url":"https:\/\/www.aceguarulhos.com.br\/blog\/author\/assessoria-de-imprensa-ace-guarulhos\/"}]}},"wps_subtitle":"","amp_enabled":true,"_links":{"self":[{"href":"https:\/\/www.aceguarulhos.com.br\/blog\/wp-json\/wp\/v2\/posts\/29848","targetHints":{"allow":["GET"]}}],"collection":[{"href":"https:\/\/www.aceguarulhos.com.br\/blog\/wp-json\/wp\/v2\/posts"}],"about":[{"href":"https:\/\/www.aceguarulhos.com.br\/blog\/wp-json\/wp\/v2\/types\/post"}],"author":[{"embeddable":true,"href":"https:\/\/www.aceguarulhos.com.br\/blog\/wp-json\/wp\/v2\/users\/8"}],"replies":[{"embeddable":true,"href":"https:\/\/www.aceguarulhos.com.br\/blog\/wp-json\/wp\/v2\/comments?post=29848"}],"version-history":[{"count":0,"href":"https:\/\/www.aceguarulhos.com.br\/blog\/wp-json\/wp\/v2\/posts\/29848\/revisions"}],"wp:attachment":[{"href":"https:\/\/www.aceguarulhos.com.br\/blog\/wp-json\/wp\/v2\/media?parent=29848"}],"wp:term":[{"taxonomy":"category","embeddable":true,"href":"https:\/\/www.aceguarulhos.com.br\/blog\/wp-json\/wp\/v2\/categories?post=29848"},{"taxonomy":"post_tag","embeddable":true,"href":"https:\/\/www.aceguarulhos.com.br\/blog\/wp-json\/wp\/v2\/tags?post=29848"}],"curies":[{"name":"wp","href":"https:\/\/api.w.org\/{rel}","templated":true}]}}