{"id":29832,"date":"2005-11-07T14:15:21","date_gmt":"2005-11-07T14:15:21","guid":{"rendered":"http:\/\/www.aceguarulhos.com.br\/blog\/?p=29832"},"modified":"-0001-11-30T00:00:00","modified_gmt":"-0001-11-30T03:00:00","slug":"aut%c3%b4nomo-pode-acionar-justi%c3%a7a-do-trabalho","status":"publish","type":"post","link":"https:\/\/www.aceguarulhos.com.br\/blog\/aut%c3%b4nomo-pode-acionar-justi%c3%a7a-do-trabalho\/","title":{"rendered":"Aut\u00f4nomo pode acionar Justi\u00e7a do Trabalho"},"content":{"rendered":"<p><P>A Emenda Constitucional n\u00b0 45 &#8211; Reforma do Judici\u00e1rio &#8211; ampliou a compet\u00eancia da Justi\u00e7a do Trabalho para apreciar e decidir mat\u00e9rias referentes \u00e0s rela\u00e7\u00f5es de trabalho, n\u00e3o apenas sobre os conflitos origin\u00e1rios nas rela\u00e7\u00f5es de emprego. Esta nova compet\u00eancia n\u00e3o atinge apenas novos processos, mas tamb\u00e9m aqueles em curso.<\/P><P>Este \u00e9 o entendimento dos ju\u00edzes da 4\u00aa Turma do Tribunal Regional do Trabalho da 2\u00aa Regi\u00e3o (TRT-SP), firmado no julgamento do processo que um especialista em demarca\u00e7\u00e3o de terras move contra um empreendimento imobili\u00e1rio.<\/P><P>O especialista foi contratado verbalmente pelo empreendimento para fazer o levantamento topogr\u00e1fico de uma fazenda, elaborando documento com as curvas de n\u00edvel e o cadastro das matas e dos recursos h\u00eddricos no im\u00f3vel. Pelo servi\u00e7o, ele receberia R$ 30 mil. Como a empresa pagou-lhe somente R$ 1.500, o demarcador entrou com processo na 69\u00aa Vara do Trabalho de S\u00e3o Paulo.<\/P><P>A empresa confirmou que contratou o especialista para poder regularizar as terras e incorporar um loteamento no local. Contudo, a empresa alegou que o servi\u00e7o n\u00e3o foi conclu\u00eddo, sendo obrigada a contratar outros especialistas para refazer o servi\u00e7o, o que justificaria a supress\u00e3o do restante dos honor\u00e1rios.<\/P><P>Por entender que, se estivesse insatisfeita com o resultado, empresa poderia ter exigido que o pr\u00f3prio reclamante refizesse o estudo, a vara condenou o reclamado a pagar os R$ 28.500 devidos.<\/P><P>Inconformada com a senten\u00e7a, a empreendedora recorreu ao TRT-SP sustentando que a Justi\u00e7a do Trabalho n\u00e3o seria a competente para julgar processo que envolve um contrato de presta\u00e7\u00e3o de servi\u00e7os por um aut\u00f4nomo.<\/P><P>Para o juiz Ricardo Artur Costa e Trigueiros, est\u00e1 &#8220;completamente afastada a controv\u00e9rsia acerca da compet\u00eancia da Justi\u00e7a do Trabalho para apreciar a presente demanda, com o advento da nova ordem constitucional atrav\u00e9s da Emenda n\u00b0 45 de 08 de dezembro de 2004, vez que o legislador constituinte houve por bem alterar o artigo 114 da CF\/88, atribuindo a esta Justi\u00e7a Especializada a compet\u00eancia ampliada para apreciar e decidir mat\u00e9rias referentes \u00e0s rela\u00e7\u00f5es de trabalho e n\u00e3o apenas os conflitos oriundos das rela\u00e7\u00f5es de emprego&#8221;.<\/P><P>Segundo o relator, &#8220;o novo texto constitucional, em mat\u00e9ria de compet\u00eancia, alcan\u00e7a os processos em curso, a teor do disposto no artigo 87 do C\u00f3digo de Processo Civil&#8221;, que disp\u00f5e que &#8220;s\u00e3o irrelevantes as modifica\u00e7\u00f5es do estado de fato ou de direito ocorridas posteriormente, salvo quando suprimirem o \u00f3rg\u00e3o judici\u00e1rio ou alterarem a compet\u00eancia em raz\u00e3o da mat\u00e9ria ou da hierarquia&#8221;.<\/P><P>&#8220;N\u00e3o h\u00e1 a menor d\u00favida que a presente controv\u00e9rsia, ainda que n\u00e3o trate de conflito no \u00e2mbito de rela\u00e7\u00e3o de emprego, versa sobre inadimplemento de obriga\u00e7\u00e3o dentro de uma rela\u00e7\u00e3o de trabalho, de sorte que, sob qualquer \u00f3ptica que se possa examinar o argumento, a Justi\u00e7a do Trabalho \u00e9 absolutamente competente para apreciar o lit\u00edgio em exame&#8221;, decidiu o juiz Trigueiros.<\/P><P>No m\u00e9rito, por unanimidade, a 4\u00aa Turma determinou que a Pinhal Empreendimentos Imobili\u00e1rios pague os R$ 28.500 restantes dos honor\u00e1rios do especialista.<\/P><P>RO 02617.2002.069.02.00-0<\/P><\/p>\n","protected":false},"excerpt":{"rendered":"A Emenda Constitucional n\u00b0 45 &#8211; Reforma do Judici\u00e1rio &#8211; ampliou a compet\u00eancia da Justi\u00e7a do Trabalho para apreciar e decidir mat\u00e9rias referentes \n<a class=\"moretag\" href=\"https:\/\/www.aceguarulhos.com.br\/blog\/aut%c3%b4nomo-pode-acionar-justi%c3%a7a-do-trabalho\/\"> [...]<\/a>","protected":false},"author":8,"featured_media":0,"comment_status":"open","ping_status":"open","sticky":false,"template":"","format":"standard","meta":{"footnotes":""},"categories":[2],"tags":[],"class_list":["post-29832","post","type-post","status-publish","format-standard","hentry","category-noticias"],"yoast_head":"<!-- This site is optimized with the Yoast SEO plugin v28.1 - https:\/\/yoast.com\/product\/yoast-seo-wordpress\/ -->\n<title>Aut\u00f4nomo pode acionar Justi\u00e7a do Trabalho - ACE-Guarulhos<\/title>\n<meta name=\"robots\" content=\"index, follow, max-snippet:-1, max-image-preview:large, max-video-preview:-1\" \/>\n<link rel=\"canonical\" href=\"https:\/\/www.aceguarulhos.com.br\/blog\/aut\u00f4nomo-pode-acionar-justi\u00e7a-do-trabalho\/\" \/>\n<meta property=\"og:locale\" content=\"pt_BR\" \/>\n<meta property=\"og:type\" content=\"article\" \/>\n<meta property=\"og:title\" content=\"Aut\u00f4nomo pode acionar Justi\u00e7a do Trabalho - ACE-Guarulhos\" \/>\n<meta property=\"og:description\" content=\"A Emenda Constitucional n\u00b0 45 &#8211; Reforma do Judici\u00e1rio &#8211; ampliou a compet\u00eancia da Justi\u00e7a do Trabalho para apreciar e decidir mat\u00e9rias referentes\" \/>\n<meta property=\"og:url\" content=\"https:\/\/www.aceguarulhos.com.br\/blog\/aut\u00f4nomo-pode-acionar-justi\u00e7a-do-trabalho\/\" \/>\n<meta property=\"og:site_name\" content=\"ACE-Guarulhos\" \/>\n<meta property=\"article:publisher\" content=\"https:\/\/www.facebook.com\/aceguarulhos\/\" \/>\n<meta property=\"article:published_time\" content=\"2005-11-07T14:15:21+00:00\" \/>\n<meta name=\"author\" content=\"Assessoria de Imprensa ACE-Guarulhos\" \/>\n<meta name=\"twitter:card\" content=\"summary_large_image\" \/>\n<meta name=\"twitter:label1\" content=\"Escrito por\" \/>\n\t<meta name=\"twitter:data1\" content=\"Assessoria de Imprensa ACE-Guarulhos\" \/>\n\t<meta name=\"twitter:label2\" content=\"Est. tempo de leitura\" \/>\n\t<meta name=\"twitter:data2\" content=\"3 minutos\" \/>\n<script type=\"application\/ld+json\" class=\"yoast-schema-graph\">{\"@context\":\"https:\\\/\\\/schema.org\",\"@graph\":[{\"@type\":\"Article\",\"@id\":\"https:\\\/\\\/www.aceguarulhos.com.br\\\/blog\\\/aut%c3%b4nomo-pode-acionar-justi%c3%a7a-do-trabalho\\\/#article\",\"isPartOf\":{\"@id\":\"https:\\\/\\\/www.aceguarulhos.com.br\\\/blog\\\/aut%c3%b4nomo-pode-acionar-justi%c3%a7a-do-trabalho\\\/\"},\"author\":{\"name\":\"Assessoria de Imprensa ACE-Guarulhos\",\"@id\":\"https:\\\/\\\/www.aceguarulhos.com.br\\\/blog\\\/#\\\/schema\\\/person\\\/6983b51bad37489989e4f09698c26237\"},\"headline\":\"Aut\u00f4nomo pode acionar Justi\u00e7a do Trabalho\",\"datePublished\":\"2005-11-07T14:15:21+00:00\",\"mainEntityOfPage\":{\"@id\":\"https:\\\/\\\/www.aceguarulhos.com.br\\\/blog\\\/aut%c3%b4nomo-pode-acionar-justi%c3%a7a-do-trabalho\\\/\"},\"wordCount\":547,\"commentCount\":0,\"publisher\":{\"@id\":\"https:\\\/\\\/www.aceguarulhos.com.br\\\/blog\\\/#organization\"},\"articleSection\":[\"Not\u00edcias\"],\"inLanguage\":\"pt-BR\"},{\"@type\":\"WebPage\",\"@id\":\"https:\\\/\\\/www.aceguarulhos.com.br\\\/blog\\\/aut%c3%b4nomo-pode-acionar-justi%c3%a7a-do-trabalho\\\/\",\"url\":\"https:\\\/\\\/www.aceguarulhos.com.br\\\/blog\\\/aut%c3%b4nomo-pode-acionar-justi%c3%a7a-do-trabalho\\\/\",\"name\":\"Aut\u00f4nomo pode acionar Justi\u00e7a do Trabalho - ACE-Guarulhos\",\"isPartOf\":{\"@id\":\"https:\\\/\\\/www.aceguarulhos.com.br\\\/blog\\\/#website\"},\"datePublished\":\"2005-11-07T14:15:21+00:00\",\"breadcrumb\":{\"@id\":\"https:\\\/\\\/www.aceguarulhos.com.br\\\/blog\\\/aut%c3%b4nomo-pode-acionar-justi%c3%a7a-do-trabalho\\\/#breadcrumb\"},\"inLanguage\":\"pt-BR\",\"potentialAction\":[{\"@type\":\"ReadAction\",\"target\":[\"https:\\\/\\\/www.aceguarulhos.com.br\\\/blog\\\/aut%c3%b4nomo-pode-acionar-justi%c3%a7a-do-trabalho\\\/\"]}]},{\"@type\":\"BreadcrumbList\",\"@id\":\"https:\\\/\\\/www.aceguarulhos.com.br\\\/blog\\\/aut%c3%b4nomo-pode-acionar-justi%c3%a7a-do-trabalho\\\/#breadcrumb\",\"itemListElement\":[{\"@type\":\"ListItem\",\"position\":1,\"name\":\"In\u00edcio\",\"item\":\"https:\\\/\\\/www.aceguarulhos.com.br\\\/blog\\\/\"},{\"@type\":\"ListItem\",\"position\":2,\"name\":\"Aut\u00f4nomo pode acionar Justi\u00e7a do Trabalho\"}]},{\"@type\":\"WebSite\",\"@id\":\"https:\\\/\\\/www.aceguarulhos.com.br\\\/blog\\\/#website\",\"url\":\"https:\\\/\\\/www.aceguarulhos.com.br\\\/blog\\\/\",\"name\":\"ACE-Guarulhos\",\"description\":\"A ACE-Guarulhos \u00e9 uma associa\u00e7\u00e3o que ap\u00f3ia os empres\u00e1rios guarulhenses atrav\u00e9s da representa\u00e7\u00e3o, da gera\u00e7\u00e3o de neg\u00f3cios e presta\u00e7\u00e3o de servi\u00e7os.\",\"publisher\":{\"@id\":\"https:\\\/\\\/www.aceguarulhos.com.br\\\/blog\\\/#organization\"},\"potentialAction\":[{\"@type\":\"SearchAction\",\"target\":{\"@type\":\"EntryPoint\",\"urlTemplate\":\"https:\\\/\\\/www.aceguarulhos.com.br\\\/blog\\\/?s={search_term_string}\"},\"query-input\":{\"@type\":\"PropertyValueSpecification\",\"valueRequired\":true,\"valueName\":\"search_term_string\"}}],\"inLanguage\":\"pt-BR\"},{\"@type\":\"Organization\",\"@id\":\"https:\\\/\\\/www.aceguarulhos.com.br\\\/blog\\\/#organization\",\"name\":\"ACE-Guarulhos\",\"url\":\"https:\\\/\\\/www.aceguarulhos.com.br\\\/blog\\\/\",\"logo\":{\"@type\":\"ImageObject\",\"inLanguage\":\"pt-BR\",\"@id\":\"https:\\\/\\\/www.aceguarulhos.com.br\\\/blog\\\/#\\\/schema\\\/logo\\\/image\\\/\",\"url\":\"https:\\\/\\\/www.aceguarulhos.com.br\\\/blog\\\/wp-content\\\/uploads\\\/2017\\\/12\\\/logo-aceguarulhos-2018.png\",\"contentUrl\":\"https:\\\/\\\/www.aceguarulhos.com.br\\\/blog\\\/wp-content\\\/uploads\\\/2017\\\/12\\\/logo-aceguarulhos-2018.png\",\"width\":419,\"height\":76,\"caption\":\"ACE-Guarulhos\"},\"image\":{\"@id\":\"https:\\\/\\\/www.aceguarulhos.com.br\\\/blog\\\/#\\\/schema\\\/logo\\\/image\\\/\"},\"sameAs\":[\"https:\\\/\\\/www.facebook.com\\\/aceguarulhos\\\/\",\"https:\\\/\\\/br.linkedin.com\\\/in\\\/ace-guarulhos-b9a97093\",\"https:\\\/\\\/www.youtube.com\\\/user\\\/aceguarulhos\"]},{\"@type\":\"Person\",\"@id\":\"https:\\\/\\\/www.aceguarulhos.com.br\\\/blog\\\/#\\\/schema\\\/person\\\/6983b51bad37489989e4f09698c26237\",\"name\":\"Assessoria de Imprensa ACE-Guarulhos\",\"image\":{\"@type\":\"ImageObject\",\"inLanguage\":\"pt-BR\",\"@id\":\"https:\\\/\\\/secure.gravatar.com\\\/avatar\\\/707f3fadd6918afeb64173ab22d8a8cb0676953098a4f31ff36dc2b4c699ef6a?s=96&d=mm&r=g\",\"url\":\"https:\\\/\\\/secure.gravatar.com\\\/avatar\\\/707f3fadd6918afeb64173ab22d8a8cb0676953098a4f31ff36dc2b4c699ef6a?s=96&d=mm&r=g\",\"contentUrl\":\"https:\\\/\\\/secure.gravatar.com\\\/avatar\\\/707f3fadd6918afeb64173ab22d8a8cb0676953098a4f31ff36dc2b4c699ef6a?s=96&d=mm&r=g\",\"caption\":\"Assessoria de Imprensa ACE-Guarulhos\"},\"url\":\"https:\\\/\\\/www.aceguarulhos.com.br\\\/blog\\\/author\\\/assessoria-de-imprensa-ace-guarulhos\\\/\"}]}<\/script>\n<!-- \/ Yoast SEO plugin. -->","yoast_head_json":{"title":"Aut\u00f4nomo pode acionar Justi\u00e7a do Trabalho - ACE-Guarulhos","robots":{"index":"index","follow":"follow","max-snippet":"max-snippet:-1","max-image-preview":"max-image-preview:large","max-video-preview":"max-video-preview:-1"},"canonical":"https:\/\/www.aceguarulhos.com.br\/blog\/aut\u00f4nomo-pode-acionar-justi\u00e7a-do-trabalho\/","og_locale":"pt_BR","og_type":"article","og_title":"Aut\u00f4nomo pode acionar Justi\u00e7a do Trabalho - ACE-Guarulhos","og_description":"A Emenda Constitucional n\u00b0 45 &#8211; Reforma do Judici\u00e1rio &#8211; ampliou a compet\u00eancia da Justi\u00e7a do Trabalho para apreciar e decidir mat\u00e9rias referentes","og_url":"https:\/\/www.aceguarulhos.com.br\/blog\/aut\u00f4nomo-pode-acionar-justi\u00e7a-do-trabalho\/","og_site_name":"ACE-Guarulhos","article_publisher":"https:\/\/www.facebook.com\/aceguarulhos\/","article_published_time":"2005-11-07T14:15:21+00:00","author":"Assessoria de Imprensa ACE-Guarulhos","twitter_card":"summary_large_image","twitter_misc":{"Escrito por":"Assessoria de Imprensa ACE-Guarulhos","Est. tempo de leitura":"3 minutos"},"schema":{"@context":"https:\/\/schema.org","@graph":[{"@type":"Article","@id":"https:\/\/www.aceguarulhos.com.br\/blog\/aut%c3%b4nomo-pode-acionar-justi%c3%a7a-do-trabalho\/#article","isPartOf":{"@id":"https:\/\/www.aceguarulhos.com.br\/blog\/aut%c3%b4nomo-pode-acionar-justi%c3%a7a-do-trabalho\/"},"author":{"name":"Assessoria de Imprensa ACE-Guarulhos","@id":"https:\/\/www.aceguarulhos.com.br\/blog\/#\/schema\/person\/6983b51bad37489989e4f09698c26237"},"headline":"Aut\u00f4nomo pode acionar Justi\u00e7a do Trabalho","datePublished":"2005-11-07T14:15:21+00:00","mainEntityOfPage":{"@id":"https:\/\/www.aceguarulhos.com.br\/blog\/aut%c3%b4nomo-pode-acionar-justi%c3%a7a-do-trabalho\/"},"wordCount":547,"commentCount":0,"publisher":{"@id":"https:\/\/www.aceguarulhos.com.br\/blog\/#organization"},"articleSection":["Not\u00edcias"],"inLanguage":"pt-BR"},{"@type":"WebPage","@id":"https:\/\/www.aceguarulhos.com.br\/blog\/aut%c3%b4nomo-pode-acionar-justi%c3%a7a-do-trabalho\/","url":"https:\/\/www.aceguarulhos.com.br\/blog\/aut%c3%b4nomo-pode-acionar-justi%c3%a7a-do-trabalho\/","name":"Aut\u00f4nomo pode acionar Justi\u00e7a do Trabalho - ACE-Guarulhos","isPartOf":{"@id":"https:\/\/www.aceguarulhos.com.br\/blog\/#website"},"datePublished":"2005-11-07T14:15:21+00:00","breadcrumb":{"@id":"https:\/\/www.aceguarulhos.com.br\/blog\/aut%c3%b4nomo-pode-acionar-justi%c3%a7a-do-trabalho\/#breadcrumb"},"inLanguage":"pt-BR","potentialAction":[{"@type":"ReadAction","target":["https:\/\/www.aceguarulhos.com.br\/blog\/aut%c3%b4nomo-pode-acionar-justi%c3%a7a-do-trabalho\/"]}]},{"@type":"BreadcrumbList","@id":"https:\/\/www.aceguarulhos.com.br\/blog\/aut%c3%b4nomo-pode-acionar-justi%c3%a7a-do-trabalho\/#breadcrumb","itemListElement":[{"@type":"ListItem","position":1,"name":"In\u00edcio","item":"https:\/\/www.aceguarulhos.com.br\/blog\/"},{"@type":"ListItem","position":2,"name":"Aut\u00f4nomo pode acionar Justi\u00e7a do Trabalho"}]},{"@type":"WebSite","@id":"https:\/\/www.aceguarulhos.com.br\/blog\/#website","url":"https:\/\/www.aceguarulhos.com.br\/blog\/","name":"ACE-Guarulhos","description":"A ACE-Guarulhos \u00e9 uma associa\u00e7\u00e3o que ap\u00f3ia os empres\u00e1rios guarulhenses atrav\u00e9s da representa\u00e7\u00e3o, da gera\u00e7\u00e3o de neg\u00f3cios e presta\u00e7\u00e3o de servi\u00e7os.","publisher":{"@id":"https:\/\/www.aceguarulhos.com.br\/blog\/#organization"},"potentialAction":[{"@type":"SearchAction","target":{"@type":"EntryPoint","urlTemplate":"https:\/\/www.aceguarulhos.com.br\/blog\/?s={search_term_string}"},"query-input":{"@type":"PropertyValueSpecification","valueRequired":true,"valueName":"search_term_string"}}],"inLanguage":"pt-BR"},{"@type":"Organization","@id":"https:\/\/www.aceguarulhos.com.br\/blog\/#organization","name":"ACE-Guarulhos","url":"https:\/\/www.aceguarulhos.com.br\/blog\/","logo":{"@type":"ImageObject","inLanguage":"pt-BR","@id":"https:\/\/www.aceguarulhos.com.br\/blog\/#\/schema\/logo\/image\/","url":"https:\/\/www.aceguarulhos.com.br\/blog\/wp-content\/uploads\/2017\/12\/logo-aceguarulhos-2018.png","contentUrl":"https:\/\/www.aceguarulhos.com.br\/blog\/wp-content\/uploads\/2017\/12\/logo-aceguarulhos-2018.png","width":419,"height":76,"caption":"ACE-Guarulhos"},"image":{"@id":"https:\/\/www.aceguarulhos.com.br\/blog\/#\/schema\/logo\/image\/"},"sameAs":["https:\/\/www.facebook.com\/aceguarulhos\/","https:\/\/br.linkedin.com\/in\/ace-guarulhos-b9a97093","https:\/\/www.youtube.com\/user\/aceguarulhos"]},{"@type":"Person","@id":"https:\/\/www.aceguarulhos.com.br\/blog\/#\/schema\/person\/6983b51bad37489989e4f09698c26237","name":"Assessoria de Imprensa ACE-Guarulhos","image":{"@type":"ImageObject","inLanguage":"pt-BR","@id":"https:\/\/secure.gravatar.com\/avatar\/707f3fadd6918afeb64173ab22d8a8cb0676953098a4f31ff36dc2b4c699ef6a?s=96&d=mm&r=g","url":"https:\/\/secure.gravatar.com\/avatar\/707f3fadd6918afeb64173ab22d8a8cb0676953098a4f31ff36dc2b4c699ef6a?s=96&d=mm&r=g","contentUrl":"https:\/\/secure.gravatar.com\/avatar\/707f3fadd6918afeb64173ab22d8a8cb0676953098a4f31ff36dc2b4c699ef6a?s=96&d=mm&r=g","caption":"Assessoria de Imprensa ACE-Guarulhos"},"url":"https:\/\/www.aceguarulhos.com.br\/blog\/author\/assessoria-de-imprensa-ace-guarulhos\/"}]}},"wps_subtitle":"","amp_enabled":true,"_links":{"self":[{"href":"https:\/\/www.aceguarulhos.com.br\/blog\/wp-json\/wp\/v2\/posts\/29832","targetHints":{"allow":["GET"]}}],"collection":[{"href":"https:\/\/www.aceguarulhos.com.br\/blog\/wp-json\/wp\/v2\/posts"}],"about":[{"href":"https:\/\/www.aceguarulhos.com.br\/blog\/wp-json\/wp\/v2\/types\/post"}],"author":[{"embeddable":true,"href":"https:\/\/www.aceguarulhos.com.br\/blog\/wp-json\/wp\/v2\/users\/8"}],"replies":[{"embeddable":true,"href":"https:\/\/www.aceguarulhos.com.br\/blog\/wp-json\/wp\/v2\/comments?post=29832"}],"version-history":[{"count":0,"href":"https:\/\/www.aceguarulhos.com.br\/blog\/wp-json\/wp\/v2\/posts\/29832\/revisions"}],"wp:attachment":[{"href":"https:\/\/www.aceguarulhos.com.br\/blog\/wp-json\/wp\/v2\/media?parent=29832"}],"wp:term":[{"taxonomy":"category","embeddable":true,"href":"https:\/\/www.aceguarulhos.com.br\/blog\/wp-json\/wp\/v2\/categories?post=29832"},{"taxonomy":"post_tag","embeddable":true,"href":"https:\/\/www.aceguarulhos.com.br\/blog\/wp-json\/wp\/v2\/tags?post=29832"}],"curies":[{"name":"wp","href":"https:\/\/api.w.org\/{rel}","templated":true}]}}