{"id":29823,"date":"2005-11-01T13:47:00","date_gmt":"2005-11-01T13:47:00","guid":{"rendered":"http:\/\/www.aceguarulhos.com.br\/blog\/?p=29823"},"modified":"-0001-11-30T00:00:00","modified_gmt":"-0001-11-30T03:00:00","slug":"aces-querem-discrimina%c3%a7%c3%a3o-de-impostos","status":"publish","type":"post","link":"https:\/\/www.aceguarulhos.com.br\/blog\/aces-querem-discrimina%c3%a7%c3%a3o-de-impostos\/","title":{"rendered":"ACE&#8221;s querem discrimina\u00e7\u00e3o de impostos"},"content":{"rendered":"<p><P><EM><STRONG>Associa\u00e7\u00f5es Comerciais anunciaram mobiliza\u00e7\u00e3o no 6\u00b0 Congresso da Facesp<\/STRONG><\/EM><BR>\u00a0<BR>Durante o 6\u00ba Congresso Estadual da Facesp, realizado em \u00c1guas de Lind\u00f3ia, o presidente da entidade, Guilherme Afif Domingos, lan\u00e7ou um desafio aos empres\u00e1rios paulistas. <BR>\u00a0<BR>&#8220;Vamos come\u00e7ar em janeiro de 2006 uma grande campanha para obter 1,5 milh\u00e3o de assinaturas e enviar um Projeto de Lei Popular ao Congresso Nacional, que torne obrigat\u00f3ria a discrimina\u00e7\u00e3o, na nota ou no cupom fiscal, dos impostos pagos pelo consumidor na compra de todos os produtos ou servi\u00e7os&#8221;, declarou.<BR>\u00a0<BR>A convoca\u00e7\u00e3o ao empresariado paulista foi feita aos 1,6 mil l\u00edderes de Associa\u00e7\u00f5es Comerciais (ACE&#39;s) que participaram do 6\u00ba Congresso Estadual da Facesp, realizado em \u00c1guas de Lind\u00f3ia, interior de S\u00e3o Paulo, entre os dias 20 e 22 de outubro. Guilherme Afif enfatizou que a burocracia continua mais viva e atuante do que nunca, e um movimento de conscientiza\u00e7\u00e3o do contribuinte \u00e9 o grande tema para a cria\u00e7\u00e3o de uma nova cidadania no Brasil. <BR>\u00a0<BR>Para Decio Pomp\u00eao Junior, presidente da ACE-Guarulhos, as Associa\u00e7\u00f5es Comerciais j\u00e1 mostraram sua for\u00e7a em lutas importantes.<BR>\u00a0<BR>&#8220;Se n\u00e3o fosse a uni\u00e3o das Associa\u00e7\u00f5es Comerciais com outras entidades representativas do pa\u00eds, certamente a MP 232 teria sido aprovada. Somente com esta uni\u00e3o \u00e9 que poderemos nos conscientizar e exigir a obrigatoriedade da discrimina\u00e7\u00e3o dos impostos&#8221;, afirmou.<BR>\u00a0<BR>Ao falar para os representantes de Associa\u00e7\u00f5es Comerciais de todo o estado de S\u00e3o Paulo, Guilherme Afif lembrou que a busca dessa consci\u00eancia de &#8220;tax payer&#8221; (pagador de impostos) avan\u00e7ou muito este ano, durante a luta que derrubou a MP 232 &#8211; que aumentava o valor dos impostos para o setor de servi\u00e7os.\u00a0<\/P><P>&#8220;Em janeiro pr\u00f3ximo, um novo e decisivo passo vai ser dado com o esfor\u00e7o das 413 Associa\u00e7\u00f5es Comerciais, para a busca das 1,5 milh\u00e3o de assinaturas&#8221;, anunciou.<BR>\u00a0<BR>Al\u00e9m de uma campanha publicit\u00e1ria, a Caravana da Cidadania, como ser\u00e1 chamada, vai percorrer as principais cidades do Estado de S\u00e3o Paulo, mostrando o tamanho da carga tribut\u00e1ria com instrumentos como o Feir\u00e3o do Imposto, a Calculadora do Imposto e o Impost\u00f4metro. <BR>\u00a0<BR>&#8220;Vamos aproveitar o v\u00e1cuo pol\u00edtico e a falta de propostas de mudan\u00e7a para levar nossa mensagem&#8221;, finalizou.<BR><\/P><\/p>\n","protected":false},"excerpt":{"rendered":"Associa\u00e7\u00f5es Comerciais anunciaram mobiliza\u00e7\u00e3o no 6\u00b0 Congresso da Facesp\u00a0Durante o 6\u00ba Congresso Estadual da Facesp, realizado em \u00c1guas de Lind\u00f3ia, o presidente da \n<a class=\"moretag\" href=\"https:\/\/www.aceguarulhos.com.br\/blog\/aces-querem-discrimina%c3%a7%c3%a3o-de-impostos\/\"> [...]<\/a>","protected":false},"author":8,"featured_media":0,"comment_status":"open","ping_status":"open","sticky":false,"template":"","format":"standard","meta":{"footnotes":""},"categories":[2],"tags":[],"class_list":["post-29823","post","type-post","status-publish","format-standard","hentry","category-noticias"],"yoast_head":"<!-- This site is optimized with the Yoast SEO plugin v28.1 - https:\/\/yoast.com\/product\/yoast-seo-wordpress\/ -->\n<title>ACE&quot;s querem discrimina\u00e7\u00e3o de impostos - ACE-Guarulhos<\/title>\n<meta name=\"robots\" content=\"index, follow, max-snippet:-1, max-image-preview:large, max-video-preview:-1\" \/>\n<link rel=\"canonical\" href=\"https:\/\/www.aceguarulhos.com.br\/blog\/aces-querem-discrimina\u00e7\u00e3o-de-impostos\/\" \/>\n<meta property=\"og:locale\" content=\"pt_BR\" \/>\n<meta property=\"og:type\" content=\"article\" \/>\n<meta property=\"og:title\" content=\"ACE&quot;s querem discrimina\u00e7\u00e3o de impostos - ACE-Guarulhos\" \/>\n<meta property=\"og:description\" content=\"Associa\u00e7\u00f5es Comerciais anunciaram mobiliza\u00e7\u00e3o no 6\u00b0 Congresso da Facesp\u00a0Durante o 6\u00ba Congresso Estadual da Facesp, realizado em \u00c1guas de Lind\u00f3ia, o presidente da\" \/>\n<meta property=\"og:url\" content=\"https:\/\/www.aceguarulhos.com.br\/blog\/aces-querem-discrimina\u00e7\u00e3o-de-impostos\/\" \/>\n<meta property=\"og:site_name\" content=\"ACE-Guarulhos\" \/>\n<meta property=\"article:publisher\" content=\"https:\/\/www.facebook.com\/aceguarulhos\/\" \/>\n<meta property=\"article:published_time\" content=\"2005-11-01T13:47:00+00:00\" \/>\n<meta name=\"author\" content=\"Assessoria de Imprensa ACE-Guarulhos\" \/>\n<meta name=\"twitter:card\" content=\"summary_large_image\" \/>\n<meta name=\"twitter:label1\" content=\"Escrito por\" \/>\n\t<meta name=\"twitter:data1\" content=\"Assessoria de Imprensa ACE-Guarulhos\" \/>\n\t<meta name=\"twitter:label2\" content=\"Est. tempo de leitura\" \/>\n\t<meta name=\"twitter:data2\" content=\"2 minutos\" \/>\n<script type=\"application\/ld+json\" class=\"yoast-schema-graph\">{\"@context\":\"https:\\\/\\\/schema.org\",\"@graph\":[{\"@type\":\"Article\",\"@id\":\"https:\\\/\\\/www.aceguarulhos.com.br\\\/blog\\\/aces-querem-discrimina%c3%a7%c3%a3o-de-impostos\\\/#article\",\"isPartOf\":{\"@id\":\"https:\\\/\\\/www.aceguarulhos.com.br\\\/blog\\\/aces-querem-discrimina%c3%a7%c3%a3o-de-impostos\\\/\"},\"author\":{\"name\":\"Assessoria de Imprensa ACE-Guarulhos\",\"@id\":\"https:\\\/\\\/www.aceguarulhos.com.br\\\/blog\\\/#\\\/schema\\\/person\\\/6983b51bad37489989e4f09698c26237\"},\"headline\":\"ACE&#8221;s querem discrimina\u00e7\u00e3o de impostos\",\"datePublished\":\"2005-11-01T13:47:00+00:00\",\"mainEntityOfPage\":{\"@id\":\"https:\\\/\\\/www.aceguarulhos.com.br\\\/blog\\\/aces-querem-discrimina%c3%a7%c3%a3o-de-impostos\\\/\"},\"wordCount\":391,\"commentCount\":0,\"publisher\":{\"@id\":\"https:\\\/\\\/www.aceguarulhos.com.br\\\/blog\\\/#organization\"},\"articleSection\":[\"Not\u00edcias\"],\"inLanguage\":\"pt-BR\"},{\"@type\":\"WebPage\",\"@id\":\"https:\\\/\\\/www.aceguarulhos.com.br\\\/blog\\\/aces-querem-discrimina%c3%a7%c3%a3o-de-impostos\\\/\",\"url\":\"https:\\\/\\\/www.aceguarulhos.com.br\\\/blog\\\/aces-querem-discrimina%c3%a7%c3%a3o-de-impostos\\\/\",\"name\":\"ACE\\\"s querem discrimina\u00e7\u00e3o de impostos - ACE-Guarulhos\",\"isPartOf\":{\"@id\":\"https:\\\/\\\/www.aceguarulhos.com.br\\\/blog\\\/#website\"},\"datePublished\":\"2005-11-01T13:47:00+00:00\",\"breadcrumb\":{\"@id\":\"https:\\\/\\\/www.aceguarulhos.com.br\\\/blog\\\/aces-querem-discrimina%c3%a7%c3%a3o-de-impostos\\\/#breadcrumb\"},\"inLanguage\":\"pt-BR\",\"potentialAction\":[{\"@type\":\"ReadAction\",\"target\":[\"https:\\\/\\\/www.aceguarulhos.com.br\\\/blog\\\/aces-querem-discrimina%c3%a7%c3%a3o-de-impostos\\\/\"]}]},{\"@type\":\"BreadcrumbList\",\"@id\":\"https:\\\/\\\/www.aceguarulhos.com.br\\\/blog\\\/aces-querem-discrimina%c3%a7%c3%a3o-de-impostos\\\/#breadcrumb\",\"itemListElement\":[{\"@type\":\"ListItem\",\"position\":1,\"name\":\"In\u00edcio\",\"item\":\"https:\\\/\\\/www.aceguarulhos.com.br\\\/blog\\\/\"},{\"@type\":\"ListItem\",\"position\":2,\"name\":\"ACE&#8221;s querem discrimina\u00e7\u00e3o de impostos\"}]},{\"@type\":\"WebSite\",\"@id\":\"https:\\\/\\\/www.aceguarulhos.com.br\\\/blog\\\/#website\",\"url\":\"https:\\\/\\\/www.aceguarulhos.com.br\\\/blog\\\/\",\"name\":\"ACE-Guarulhos\",\"description\":\"A ACE-Guarulhos \u00e9 uma associa\u00e7\u00e3o que ap\u00f3ia os empres\u00e1rios guarulhenses atrav\u00e9s da representa\u00e7\u00e3o, da gera\u00e7\u00e3o de neg\u00f3cios e presta\u00e7\u00e3o de servi\u00e7os.\",\"publisher\":{\"@id\":\"https:\\\/\\\/www.aceguarulhos.com.br\\\/blog\\\/#organization\"},\"potentialAction\":[{\"@type\":\"SearchAction\",\"target\":{\"@type\":\"EntryPoint\",\"urlTemplate\":\"https:\\\/\\\/www.aceguarulhos.com.br\\\/blog\\\/?s={search_term_string}\"},\"query-input\":{\"@type\":\"PropertyValueSpecification\",\"valueRequired\":true,\"valueName\":\"search_term_string\"}}],\"inLanguage\":\"pt-BR\"},{\"@type\":\"Organization\",\"@id\":\"https:\\\/\\\/www.aceguarulhos.com.br\\\/blog\\\/#organization\",\"name\":\"ACE-Guarulhos\",\"url\":\"https:\\\/\\\/www.aceguarulhos.com.br\\\/blog\\\/\",\"logo\":{\"@type\":\"ImageObject\",\"inLanguage\":\"pt-BR\",\"@id\":\"https:\\\/\\\/www.aceguarulhos.com.br\\\/blog\\\/#\\\/schema\\\/logo\\\/image\\\/\",\"url\":\"https:\\\/\\\/www.aceguarulhos.com.br\\\/blog\\\/wp-content\\\/uploads\\\/2017\\\/12\\\/logo-aceguarulhos-2018.png\",\"contentUrl\":\"https:\\\/\\\/www.aceguarulhos.com.br\\\/blog\\\/wp-content\\\/uploads\\\/2017\\\/12\\\/logo-aceguarulhos-2018.png\",\"width\":419,\"height\":76,\"caption\":\"ACE-Guarulhos\"},\"image\":{\"@id\":\"https:\\\/\\\/www.aceguarulhos.com.br\\\/blog\\\/#\\\/schema\\\/logo\\\/image\\\/\"},\"sameAs\":[\"https:\\\/\\\/www.facebook.com\\\/aceguarulhos\\\/\",\"https:\\\/\\\/br.linkedin.com\\\/in\\\/ace-guarulhos-b9a97093\",\"https:\\\/\\\/www.youtube.com\\\/user\\\/aceguarulhos\"]},{\"@type\":\"Person\",\"@id\":\"https:\\\/\\\/www.aceguarulhos.com.br\\\/blog\\\/#\\\/schema\\\/person\\\/6983b51bad37489989e4f09698c26237\",\"name\":\"Assessoria de Imprensa ACE-Guarulhos\",\"image\":{\"@type\":\"ImageObject\",\"inLanguage\":\"pt-BR\",\"@id\":\"https:\\\/\\\/secure.gravatar.com\\\/avatar\\\/707f3fadd6918afeb64173ab22d8a8cb0676953098a4f31ff36dc2b4c699ef6a?s=96&d=mm&r=g\",\"url\":\"https:\\\/\\\/secure.gravatar.com\\\/avatar\\\/707f3fadd6918afeb64173ab22d8a8cb0676953098a4f31ff36dc2b4c699ef6a?s=96&d=mm&r=g\",\"contentUrl\":\"https:\\\/\\\/secure.gravatar.com\\\/avatar\\\/707f3fadd6918afeb64173ab22d8a8cb0676953098a4f31ff36dc2b4c699ef6a?s=96&d=mm&r=g\",\"caption\":\"Assessoria de Imprensa ACE-Guarulhos\"},\"url\":\"https:\\\/\\\/www.aceguarulhos.com.br\\\/blog\\\/author\\\/assessoria-de-imprensa-ace-guarulhos\\\/\"}]}<\/script>\n<!-- \/ Yoast SEO plugin. -->","yoast_head_json":{"title":"ACE\"s querem discrimina\u00e7\u00e3o de impostos - ACE-Guarulhos","robots":{"index":"index","follow":"follow","max-snippet":"max-snippet:-1","max-image-preview":"max-image-preview:large","max-video-preview":"max-video-preview:-1"},"canonical":"https:\/\/www.aceguarulhos.com.br\/blog\/aces-querem-discrimina\u00e7\u00e3o-de-impostos\/","og_locale":"pt_BR","og_type":"article","og_title":"ACE\"s querem discrimina\u00e7\u00e3o de impostos - ACE-Guarulhos","og_description":"Associa\u00e7\u00f5es Comerciais anunciaram mobiliza\u00e7\u00e3o no 6\u00b0 Congresso da Facesp\u00a0Durante o 6\u00ba Congresso Estadual da Facesp, realizado em \u00c1guas de Lind\u00f3ia, o presidente da","og_url":"https:\/\/www.aceguarulhos.com.br\/blog\/aces-querem-discrimina\u00e7\u00e3o-de-impostos\/","og_site_name":"ACE-Guarulhos","article_publisher":"https:\/\/www.facebook.com\/aceguarulhos\/","article_published_time":"2005-11-01T13:47:00+00:00","author":"Assessoria de Imprensa ACE-Guarulhos","twitter_card":"summary_large_image","twitter_misc":{"Escrito por":"Assessoria de Imprensa ACE-Guarulhos","Est. tempo de leitura":"2 minutos"},"schema":{"@context":"https:\/\/schema.org","@graph":[{"@type":"Article","@id":"https:\/\/www.aceguarulhos.com.br\/blog\/aces-querem-discrimina%c3%a7%c3%a3o-de-impostos\/#article","isPartOf":{"@id":"https:\/\/www.aceguarulhos.com.br\/blog\/aces-querem-discrimina%c3%a7%c3%a3o-de-impostos\/"},"author":{"name":"Assessoria de Imprensa ACE-Guarulhos","@id":"https:\/\/www.aceguarulhos.com.br\/blog\/#\/schema\/person\/6983b51bad37489989e4f09698c26237"},"headline":"ACE&#8221;s querem discrimina\u00e7\u00e3o de impostos","datePublished":"2005-11-01T13:47:00+00:00","mainEntityOfPage":{"@id":"https:\/\/www.aceguarulhos.com.br\/blog\/aces-querem-discrimina%c3%a7%c3%a3o-de-impostos\/"},"wordCount":391,"commentCount":0,"publisher":{"@id":"https:\/\/www.aceguarulhos.com.br\/blog\/#organization"},"articleSection":["Not\u00edcias"],"inLanguage":"pt-BR"},{"@type":"WebPage","@id":"https:\/\/www.aceguarulhos.com.br\/blog\/aces-querem-discrimina%c3%a7%c3%a3o-de-impostos\/","url":"https:\/\/www.aceguarulhos.com.br\/blog\/aces-querem-discrimina%c3%a7%c3%a3o-de-impostos\/","name":"ACE\"s querem discrimina\u00e7\u00e3o de impostos - ACE-Guarulhos","isPartOf":{"@id":"https:\/\/www.aceguarulhos.com.br\/blog\/#website"},"datePublished":"2005-11-01T13:47:00+00:00","breadcrumb":{"@id":"https:\/\/www.aceguarulhos.com.br\/blog\/aces-querem-discrimina%c3%a7%c3%a3o-de-impostos\/#breadcrumb"},"inLanguage":"pt-BR","potentialAction":[{"@type":"ReadAction","target":["https:\/\/www.aceguarulhos.com.br\/blog\/aces-querem-discrimina%c3%a7%c3%a3o-de-impostos\/"]}]},{"@type":"BreadcrumbList","@id":"https:\/\/www.aceguarulhos.com.br\/blog\/aces-querem-discrimina%c3%a7%c3%a3o-de-impostos\/#breadcrumb","itemListElement":[{"@type":"ListItem","position":1,"name":"In\u00edcio","item":"https:\/\/www.aceguarulhos.com.br\/blog\/"},{"@type":"ListItem","position":2,"name":"ACE&#8221;s querem discrimina\u00e7\u00e3o de impostos"}]},{"@type":"WebSite","@id":"https:\/\/www.aceguarulhos.com.br\/blog\/#website","url":"https:\/\/www.aceguarulhos.com.br\/blog\/","name":"ACE-Guarulhos","description":"A ACE-Guarulhos \u00e9 uma associa\u00e7\u00e3o que ap\u00f3ia os empres\u00e1rios guarulhenses atrav\u00e9s da representa\u00e7\u00e3o, da gera\u00e7\u00e3o de neg\u00f3cios e presta\u00e7\u00e3o de servi\u00e7os.","publisher":{"@id":"https:\/\/www.aceguarulhos.com.br\/blog\/#organization"},"potentialAction":[{"@type":"SearchAction","target":{"@type":"EntryPoint","urlTemplate":"https:\/\/www.aceguarulhos.com.br\/blog\/?s={search_term_string}"},"query-input":{"@type":"PropertyValueSpecification","valueRequired":true,"valueName":"search_term_string"}}],"inLanguage":"pt-BR"},{"@type":"Organization","@id":"https:\/\/www.aceguarulhos.com.br\/blog\/#organization","name":"ACE-Guarulhos","url":"https:\/\/www.aceguarulhos.com.br\/blog\/","logo":{"@type":"ImageObject","inLanguage":"pt-BR","@id":"https:\/\/www.aceguarulhos.com.br\/blog\/#\/schema\/logo\/image\/","url":"https:\/\/www.aceguarulhos.com.br\/blog\/wp-content\/uploads\/2017\/12\/logo-aceguarulhos-2018.png","contentUrl":"https:\/\/www.aceguarulhos.com.br\/blog\/wp-content\/uploads\/2017\/12\/logo-aceguarulhos-2018.png","width":419,"height":76,"caption":"ACE-Guarulhos"},"image":{"@id":"https:\/\/www.aceguarulhos.com.br\/blog\/#\/schema\/logo\/image\/"},"sameAs":["https:\/\/www.facebook.com\/aceguarulhos\/","https:\/\/br.linkedin.com\/in\/ace-guarulhos-b9a97093","https:\/\/www.youtube.com\/user\/aceguarulhos"]},{"@type":"Person","@id":"https:\/\/www.aceguarulhos.com.br\/blog\/#\/schema\/person\/6983b51bad37489989e4f09698c26237","name":"Assessoria de Imprensa ACE-Guarulhos","image":{"@type":"ImageObject","inLanguage":"pt-BR","@id":"https:\/\/secure.gravatar.com\/avatar\/707f3fadd6918afeb64173ab22d8a8cb0676953098a4f31ff36dc2b4c699ef6a?s=96&d=mm&r=g","url":"https:\/\/secure.gravatar.com\/avatar\/707f3fadd6918afeb64173ab22d8a8cb0676953098a4f31ff36dc2b4c699ef6a?s=96&d=mm&r=g","contentUrl":"https:\/\/secure.gravatar.com\/avatar\/707f3fadd6918afeb64173ab22d8a8cb0676953098a4f31ff36dc2b4c699ef6a?s=96&d=mm&r=g","caption":"Assessoria de Imprensa ACE-Guarulhos"},"url":"https:\/\/www.aceguarulhos.com.br\/blog\/author\/assessoria-de-imprensa-ace-guarulhos\/"}]}},"wps_subtitle":"","amp_enabled":true,"_links":{"self":[{"href":"https:\/\/www.aceguarulhos.com.br\/blog\/wp-json\/wp\/v2\/posts\/29823","targetHints":{"allow":["GET"]}}],"collection":[{"href":"https:\/\/www.aceguarulhos.com.br\/blog\/wp-json\/wp\/v2\/posts"}],"about":[{"href":"https:\/\/www.aceguarulhos.com.br\/blog\/wp-json\/wp\/v2\/types\/post"}],"author":[{"embeddable":true,"href":"https:\/\/www.aceguarulhos.com.br\/blog\/wp-json\/wp\/v2\/users\/8"}],"replies":[{"embeddable":true,"href":"https:\/\/www.aceguarulhos.com.br\/blog\/wp-json\/wp\/v2\/comments?post=29823"}],"version-history":[{"count":0,"href":"https:\/\/www.aceguarulhos.com.br\/blog\/wp-json\/wp\/v2\/posts\/29823\/revisions"}],"wp:attachment":[{"href":"https:\/\/www.aceguarulhos.com.br\/blog\/wp-json\/wp\/v2\/media?parent=29823"}],"wp:term":[{"taxonomy":"category","embeddable":true,"href":"https:\/\/www.aceguarulhos.com.br\/blog\/wp-json\/wp\/v2\/categories?post=29823"},{"taxonomy":"post_tag","embeddable":true,"href":"https:\/\/www.aceguarulhos.com.br\/blog\/wp-json\/wp\/v2\/tags?post=29823"}],"curies":[{"name":"wp","href":"https:\/\/api.w.org\/{rel}","templated":true}]}}