{"id":29811,"date":"2005-10-25T16:45:29","date_gmt":"2005-10-25T16:45:29","guid":{"rendered":"http:\/\/www.aceguarulhos.com.br\/blog\/?p=29811"},"modified":"-0001-11-30T00:00:00","modified_gmt":"-0001-11-30T03:00:00","slug":"pr%c3%aamio-destaque-empresarial-j%c3%a1-tem-indicados","status":"publish","type":"post","link":"https:\/\/www.aceguarulhos.com.br\/blog\/pr%c3%aamio-destaque-empresarial-j%c3%a1-tem-indicados\/","title":{"rendered":"Pr\u00eamio Destaque Empresarial j\u00e1 tem indicados"},"content":{"rendered":"<p><P align=left><STRONG><EM>Tradicional premia\u00e7\u00e3o ser\u00e1 realizada no dia 27 de outubro, no Open Hall, com show de Guilherme Arantes<\/EM><\/STRONG> <\/P><P align=center><IMG alt=ACE src=\"\/blog\/wp-content\/uploads\/image.php?x=i&#038;i1=100&#038;i2=20020408140438\" align=left border=0><\/P><P><EM>O cantor e compositor Guilherme Arantes ser\u00e1 a atra\u00e7\u00e3o doi Pr\u00eamio Destaque Empresarial<\/EM><\/P><P>Ap\u00f3s dois meses de indica\u00e7\u00f5es, a Associa\u00e7\u00e3o Comercial e Empresarial de Guarulhos (ACE), j\u00e1 possui os indicados ao Pr\u00eamio Destaque Empresarial, que acontece na quinta-feira, dia 27 de outubro. Os internautas do Portal da ACE indicaram diversas empresas e ap\u00f3s uma avalia\u00e7\u00e3o foram selecionadas 5 empresas de cada segmento e levadas a uma vota\u00e7\u00e3o que selecionou 3 empresas finalistas nas categorias Ind\u00fastria, Com\u00e9rcio, Presta\u00e7\u00e3o de Servi\u00e7os e Terceiro Setor do munic\u00edpio.<\/P><P>A empresas selecionas foram:<\/P><P><STRONG>Com\u00e9rcio:<\/STRONG> Decora\u00e7\u00f5es Veruska, C\u00e9sar Reis e Ponto Ka<BR><STRONG>Ind\u00fastria:<\/STRONG> Fitas Met\u00e1licas, CRW e Bristol e Pivaudran<BR><STRONG>Servi\u00e7os:<\/STRONG> Unimed, BigTV e Faculdades Torricelli<BR><STRONG>Terceiro Setor:<\/STRONG> Viva Guarulhos, Guarulhos Off Roaders e Diet<\/P><P>O pr\u00eamio representa o reconhecimento da comunidade empresarial ao trabalho em prol do desenvolvimento s\u00f3cio-econ\u00f4mico do munic\u00edpio. Na categoria terceiro setor, a premia\u00e7\u00e3o tem o intuito de identificar e prestigiar aqueles que promovem a\u00e7\u00f5es e atividades de interesse social e que contribuem para o efetivo exerc\u00edcio da cidadania.<\/P><P>Uma comiss\u00e3o est\u00e1 avaliando as empresas indicadas. Como crit\u00e9rio de escolha, a comiss\u00e3o avalia o crescimento, a representatividade e a responsabilidade social das empresas. <\/P><P>Este ano, os vencedores s\u00f3 ser\u00e3o conhecidos na hora do evento.<\/P><P>O trof\u00e9u &#8220;Destaque Empresarial ACE-Guarulhos&#8221; foi criado exclusivamente para o evento pela premiada escultora brasileira Yone Di Alerigi. A escultura tem o reconhecimento da Organiza\u00e7\u00e3o das Na\u00e7\u00f5es Unidas para a Educa\u00e7\u00e3o, a Ci\u00eancia e a Cultura (UNESCO).<\/P><P>O cantor e compositor Guilherme Arantes ser\u00e1 a atra\u00e7\u00e3o da edi\u00e7\u00e3o do Pr\u00eamio Destaque 2005.<\/P><P><STRONG>Servi\u00e7o:<\/STRONG><BR>Data: 27 de outubro de 2005<BR>Hor\u00e1rio: 19h<BR>Local: Open Hall Convention Center &#8211; Av. Antonio de Souza, 715 &#8211; Centro<BR>Coquetel, Jantar e show do Guilherme Arantes<BR>Valor do convite: R$ 80,00<BR>\u00a0<BR>Adquira seu convite: 6463-9333<\/P><\/p>\n","protected":false},"excerpt":{"rendered":"Tradicional premia\u00e7\u00e3o ser\u00e1 realizada no dia 27 de outubro, no Open Hall, com show de Guilherme Arantes O cantor e compositor Guilherme Arantes \n<a class=\"moretag\" href=\"https:\/\/www.aceguarulhos.com.br\/blog\/pr%c3%aamio-destaque-empresarial-j%c3%a1-tem-indicados\/\"> [...]<\/a>","protected":false},"author":8,"featured_media":0,"comment_status":"open","ping_status":"open","sticky":false,"template":"","format":"standard","meta":{"footnotes":""},"categories":[2],"tags":[],"class_list":["post-29811","post","type-post","status-publish","format-standard","hentry","category-noticias"],"yoast_head":"<!-- This site is optimized with the Yoast SEO plugin v28.1 - https:\/\/yoast.com\/product\/yoast-seo-wordpress\/ -->\n<title>Pr\u00eamio Destaque Empresarial j\u00e1 tem indicados - ACE-Guarulhos<\/title>\n<meta name=\"robots\" content=\"index, follow, max-snippet:-1, max-image-preview:large, max-video-preview:-1\" \/>\n<link rel=\"canonical\" href=\"https:\/\/www.aceguarulhos.com.br\/blog\/pr\u00eamio-destaque-empresarial-j\u00e1-tem-indicados\/\" \/>\n<meta property=\"og:locale\" content=\"pt_BR\" \/>\n<meta property=\"og:type\" content=\"article\" \/>\n<meta property=\"og:title\" content=\"Pr\u00eamio Destaque Empresarial j\u00e1 tem indicados - ACE-Guarulhos\" \/>\n<meta property=\"og:description\" content=\"Tradicional premia\u00e7\u00e3o ser\u00e1 realizada no dia 27 de outubro, no Open Hall, com show de Guilherme Arantes O cantor e compositor Guilherme Arantes\" \/>\n<meta property=\"og:url\" content=\"https:\/\/www.aceguarulhos.com.br\/blog\/pr\u00eamio-destaque-empresarial-j\u00e1-tem-indicados\/\" \/>\n<meta property=\"og:site_name\" content=\"ACE-Guarulhos\" \/>\n<meta property=\"article:publisher\" content=\"https:\/\/www.facebook.com\/aceguarulhos\/\" \/>\n<meta property=\"article:published_time\" content=\"2005-10-25T16:45:29+00:00\" \/>\n<meta name=\"author\" content=\"Assessoria de Imprensa ACE-Guarulhos\" \/>\n<meta name=\"twitter:card\" content=\"summary_large_image\" \/>\n<meta name=\"twitter:label1\" content=\"Escrito por\" \/>\n\t<meta name=\"twitter:data1\" content=\"Assessoria de Imprensa ACE-Guarulhos\" \/>\n\t<meta name=\"twitter:label2\" content=\"Est. tempo de leitura\" \/>\n\t<meta name=\"twitter:data2\" content=\"2 minutos\" \/>\n<script type=\"application\/ld+json\" class=\"yoast-schema-graph\">{\"@context\":\"https:\\\/\\\/schema.org\",\"@graph\":[{\"@type\":\"Article\",\"@id\":\"https:\\\/\\\/www.aceguarulhos.com.br\\\/blog\\\/pr%c3%aamio-destaque-empresarial-j%c3%a1-tem-indicados\\\/#article\",\"isPartOf\":{\"@id\":\"https:\\\/\\\/www.aceguarulhos.com.br\\\/blog\\\/pr%c3%aamio-destaque-empresarial-j%c3%a1-tem-indicados\\\/\"},\"author\":{\"name\":\"Assessoria de Imprensa ACE-Guarulhos\",\"@id\":\"https:\\\/\\\/www.aceguarulhos.com.br\\\/blog\\\/#\\\/schema\\\/person\\\/6983b51bad37489989e4f09698c26237\"},\"headline\":\"Pr\u00eamio Destaque Empresarial j\u00e1 tem indicados\",\"datePublished\":\"2005-10-25T16:45:29+00:00\",\"mainEntityOfPage\":{\"@id\":\"https:\\\/\\\/www.aceguarulhos.com.br\\\/blog\\\/pr%c3%aamio-destaque-empresarial-j%c3%a1-tem-indicados\\\/\"},\"wordCount\":346,\"commentCount\":0,\"publisher\":{\"@id\":\"https:\\\/\\\/www.aceguarulhos.com.br\\\/blog\\\/#organization\"},\"articleSection\":[\"Not\u00edcias\"],\"inLanguage\":\"pt-BR\"},{\"@type\":\"WebPage\",\"@id\":\"https:\\\/\\\/www.aceguarulhos.com.br\\\/blog\\\/pr%c3%aamio-destaque-empresarial-j%c3%a1-tem-indicados\\\/\",\"url\":\"https:\\\/\\\/www.aceguarulhos.com.br\\\/blog\\\/pr%c3%aamio-destaque-empresarial-j%c3%a1-tem-indicados\\\/\",\"name\":\"Pr\u00eamio Destaque Empresarial j\u00e1 tem indicados - ACE-Guarulhos\",\"isPartOf\":{\"@id\":\"https:\\\/\\\/www.aceguarulhos.com.br\\\/blog\\\/#website\"},\"datePublished\":\"2005-10-25T16:45:29+00:00\",\"breadcrumb\":{\"@id\":\"https:\\\/\\\/www.aceguarulhos.com.br\\\/blog\\\/pr%c3%aamio-destaque-empresarial-j%c3%a1-tem-indicados\\\/#breadcrumb\"},\"inLanguage\":\"pt-BR\",\"potentialAction\":[{\"@type\":\"ReadAction\",\"target\":[\"https:\\\/\\\/www.aceguarulhos.com.br\\\/blog\\\/pr%c3%aamio-destaque-empresarial-j%c3%a1-tem-indicados\\\/\"]}]},{\"@type\":\"BreadcrumbList\",\"@id\":\"https:\\\/\\\/www.aceguarulhos.com.br\\\/blog\\\/pr%c3%aamio-destaque-empresarial-j%c3%a1-tem-indicados\\\/#breadcrumb\",\"itemListElement\":[{\"@type\":\"ListItem\",\"position\":1,\"name\":\"In\u00edcio\",\"item\":\"https:\\\/\\\/www.aceguarulhos.com.br\\\/blog\\\/\"},{\"@type\":\"ListItem\",\"position\":2,\"name\":\"Pr\u00eamio Destaque Empresarial j\u00e1 tem indicados\"}]},{\"@type\":\"WebSite\",\"@id\":\"https:\\\/\\\/www.aceguarulhos.com.br\\\/blog\\\/#website\",\"url\":\"https:\\\/\\\/www.aceguarulhos.com.br\\\/blog\\\/\",\"name\":\"ACE-Guarulhos\",\"description\":\"A ACE-Guarulhos \u00e9 uma associa\u00e7\u00e3o que ap\u00f3ia os empres\u00e1rios guarulhenses atrav\u00e9s da representa\u00e7\u00e3o, da gera\u00e7\u00e3o de neg\u00f3cios e presta\u00e7\u00e3o de servi\u00e7os.\",\"publisher\":{\"@id\":\"https:\\\/\\\/www.aceguarulhos.com.br\\\/blog\\\/#organization\"},\"potentialAction\":[{\"@type\":\"SearchAction\",\"target\":{\"@type\":\"EntryPoint\",\"urlTemplate\":\"https:\\\/\\\/www.aceguarulhos.com.br\\\/blog\\\/?s={search_term_string}\"},\"query-input\":{\"@type\":\"PropertyValueSpecification\",\"valueRequired\":true,\"valueName\":\"search_term_string\"}}],\"inLanguage\":\"pt-BR\"},{\"@type\":\"Organization\",\"@id\":\"https:\\\/\\\/www.aceguarulhos.com.br\\\/blog\\\/#organization\",\"name\":\"ACE-Guarulhos\",\"url\":\"https:\\\/\\\/www.aceguarulhos.com.br\\\/blog\\\/\",\"logo\":{\"@type\":\"ImageObject\",\"inLanguage\":\"pt-BR\",\"@id\":\"https:\\\/\\\/www.aceguarulhos.com.br\\\/blog\\\/#\\\/schema\\\/logo\\\/image\\\/\",\"url\":\"https:\\\/\\\/www.aceguarulhos.com.br\\\/blog\\\/wp-content\\\/uploads\\\/2017\\\/12\\\/logo-aceguarulhos-2018.png\",\"contentUrl\":\"https:\\\/\\\/www.aceguarulhos.com.br\\\/blog\\\/wp-content\\\/uploads\\\/2017\\\/12\\\/logo-aceguarulhos-2018.png\",\"width\":419,\"height\":76,\"caption\":\"ACE-Guarulhos\"},\"image\":{\"@id\":\"https:\\\/\\\/www.aceguarulhos.com.br\\\/blog\\\/#\\\/schema\\\/logo\\\/image\\\/\"},\"sameAs\":[\"https:\\\/\\\/www.facebook.com\\\/aceguarulhos\\\/\",\"https:\\\/\\\/br.linkedin.com\\\/in\\\/ace-guarulhos-b9a97093\",\"https:\\\/\\\/www.youtube.com\\\/user\\\/aceguarulhos\"]},{\"@type\":\"Person\",\"@id\":\"https:\\\/\\\/www.aceguarulhos.com.br\\\/blog\\\/#\\\/schema\\\/person\\\/6983b51bad37489989e4f09698c26237\",\"name\":\"Assessoria de Imprensa ACE-Guarulhos\",\"image\":{\"@type\":\"ImageObject\",\"inLanguage\":\"pt-BR\",\"@id\":\"https:\\\/\\\/secure.gravatar.com\\\/avatar\\\/707f3fadd6918afeb64173ab22d8a8cb0676953098a4f31ff36dc2b4c699ef6a?s=96&d=mm&r=g\",\"url\":\"https:\\\/\\\/secure.gravatar.com\\\/avatar\\\/707f3fadd6918afeb64173ab22d8a8cb0676953098a4f31ff36dc2b4c699ef6a?s=96&d=mm&r=g\",\"contentUrl\":\"https:\\\/\\\/secure.gravatar.com\\\/avatar\\\/707f3fadd6918afeb64173ab22d8a8cb0676953098a4f31ff36dc2b4c699ef6a?s=96&d=mm&r=g\",\"caption\":\"Assessoria de Imprensa ACE-Guarulhos\"},\"url\":\"https:\\\/\\\/www.aceguarulhos.com.br\\\/blog\\\/author\\\/assessoria-de-imprensa-ace-guarulhos\\\/\"}]}<\/script>\n<!-- \/ Yoast SEO plugin. -->","yoast_head_json":{"title":"Pr\u00eamio Destaque Empresarial j\u00e1 tem indicados - ACE-Guarulhos","robots":{"index":"index","follow":"follow","max-snippet":"max-snippet:-1","max-image-preview":"max-image-preview:large","max-video-preview":"max-video-preview:-1"},"canonical":"https:\/\/www.aceguarulhos.com.br\/blog\/pr\u00eamio-destaque-empresarial-j\u00e1-tem-indicados\/","og_locale":"pt_BR","og_type":"article","og_title":"Pr\u00eamio Destaque Empresarial j\u00e1 tem indicados - ACE-Guarulhos","og_description":"Tradicional premia\u00e7\u00e3o ser\u00e1 realizada no dia 27 de outubro, no Open Hall, com show de Guilherme Arantes O cantor e compositor Guilherme Arantes","og_url":"https:\/\/www.aceguarulhos.com.br\/blog\/pr\u00eamio-destaque-empresarial-j\u00e1-tem-indicados\/","og_site_name":"ACE-Guarulhos","article_publisher":"https:\/\/www.facebook.com\/aceguarulhos\/","article_published_time":"2005-10-25T16:45:29+00:00","author":"Assessoria de Imprensa ACE-Guarulhos","twitter_card":"summary_large_image","twitter_misc":{"Escrito por":"Assessoria de Imprensa ACE-Guarulhos","Est. tempo de leitura":"2 minutos"},"schema":{"@context":"https:\/\/schema.org","@graph":[{"@type":"Article","@id":"https:\/\/www.aceguarulhos.com.br\/blog\/pr%c3%aamio-destaque-empresarial-j%c3%a1-tem-indicados\/#article","isPartOf":{"@id":"https:\/\/www.aceguarulhos.com.br\/blog\/pr%c3%aamio-destaque-empresarial-j%c3%a1-tem-indicados\/"},"author":{"name":"Assessoria de Imprensa ACE-Guarulhos","@id":"https:\/\/www.aceguarulhos.com.br\/blog\/#\/schema\/person\/6983b51bad37489989e4f09698c26237"},"headline":"Pr\u00eamio Destaque Empresarial j\u00e1 tem indicados","datePublished":"2005-10-25T16:45:29+00:00","mainEntityOfPage":{"@id":"https:\/\/www.aceguarulhos.com.br\/blog\/pr%c3%aamio-destaque-empresarial-j%c3%a1-tem-indicados\/"},"wordCount":346,"commentCount":0,"publisher":{"@id":"https:\/\/www.aceguarulhos.com.br\/blog\/#organization"},"articleSection":["Not\u00edcias"],"inLanguage":"pt-BR"},{"@type":"WebPage","@id":"https:\/\/www.aceguarulhos.com.br\/blog\/pr%c3%aamio-destaque-empresarial-j%c3%a1-tem-indicados\/","url":"https:\/\/www.aceguarulhos.com.br\/blog\/pr%c3%aamio-destaque-empresarial-j%c3%a1-tem-indicados\/","name":"Pr\u00eamio Destaque Empresarial j\u00e1 tem indicados - ACE-Guarulhos","isPartOf":{"@id":"https:\/\/www.aceguarulhos.com.br\/blog\/#website"},"datePublished":"2005-10-25T16:45:29+00:00","breadcrumb":{"@id":"https:\/\/www.aceguarulhos.com.br\/blog\/pr%c3%aamio-destaque-empresarial-j%c3%a1-tem-indicados\/#breadcrumb"},"inLanguage":"pt-BR","potentialAction":[{"@type":"ReadAction","target":["https:\/\/www.aceguarulhos.com.br\/blog\/pr%c3%aamio-destaque-empresarial-j%c3%a1-tem-indicados\/"]}]},{"@type":"BreadcrumbList","@id":"https:\/\/www.aceguarulhos.com.br\/blog\/pr%c3%aamio-destaque-empresarial-j%c3%a1-tem-indicados\/#breadcrumb","itemListElement":[{"@type":"ListItem","position":1,"name":"In\u00edcio","item":"https:\/\/www.aceguarulhos.com.br\/blog\/"},{"@type":"ListItem","position":2,"name":"Pr\u00eamio Destaque Empresarial j\u00e1 tem indicados"}]},{"@type":"WebSite","@id":"https:\/\/www.aceguarulhos.com.br\/blog\/#website","url":"https:\/\/www.aceguarulhos.com.br\/blog\/","name":"ACE-Guarulhos","description":"A ACE-Guarulhos \u00e9 uma associa\u00e7\u00e3o que ap\u00f3ia os empres\u00e1rios guarulhenses atrav\u00e9s da representa\u00e7\u00e3o, da gera\u00e7\u00e3o de neg\u00f3cios e presta\u00e7\u00e3o de servi\u00e7os.","publisher":{"@id":"https:\/\/www.aceguarulhos.com.br\/blog\/#organization"},"potentialAction":[{"@type":"SearchAction","target":{"@type":"EntryPoint","urlTemplate":"https:\/\/www.aceguarulhos.com.br\/blog\/?s={search_term_string}"},"query-input":{"@type":"PropertyValueSpecification","valueRequired":true,"valueName":"search_term_string"}}],"inLanguage":"pt-BR"},{"@type":"Organization","@id":"https:\/\/www.aceguarulhos.com.br\/blog\/#organization","name":"ACE-Guarulhos","url":"https:\/\/www.aceguarulhos.com.br\/blog\/","logo":{"@type":"ImageObject","inLanguage":"pt-BR","@id":"https:\/\/www.aceguarulhos.com.br\/blog\/#\/schema\/logo\/image\/","url":"https:\/\/www.aceguarulhos.com.br\/blog\/wp-content\/uploads\/2017\/12\/logo-aceguarulhos-2018.png","contentUrl":"https:\/\/www.aceguarulhos.com.br\/blog\/wp-content\/uploads\/2017\/12\/logo-aceguarulhos-2018.png","width":419,"height":76,"caption":"ACE-Guarulhos"},"image":{"@id":"https:\/\/www.aceguarulhos.com.br\/blog\/#\/schema\/logo\/image\/"},"sameAs":["https:\/\/www.facebook.com\/aceguarulhos\/","https:\/\/br.linkedin.com\/in\/ace-guarulhos-b9a97093","https:\/\/www.youtube.com\/user\/aceguarulhos"]},{"@type":"Person","@id":"https:\/\/www.aceguarulhos.com.br\/blog\/#\/schema\/person\/6983b51bad37489989e4f09698c26237","name":"Assessoria de Imprensa ACE-Guarulhos","image":{"@type":"ImageObject","inLanguage":"pt-BR","@id":"https:\/\/secure.gravatar.com\/avatar\/707f3fadd6918afeb64173ab22d8a8cb0676953098a4f31ff36dc2b4c699ef6a?s=96&d=mm&r=g","url":"https:\/\/secure.gravatar.com\/avatar\/707f3fadd6918afeb64173ab22d8a8cb0676953098a4f31ff36dc2b4c699ef6a?s=96&d=mm&r=g","contentUrl":"https:\/\/secure.gravatar.com\/avatar\/707f3fadd6918afeb64173ab22d8a8cb0676953098a4f31ff36dc2b4c699ef6a?s=96&d=mm&r=g","caption":"Assessoria de Imprensa ACE-Guarulhos"},"url":"https:\/\/www.aceguarulhos.com.br\/blog\/author\/assessoria-de-imprensa-ace-guarulhos\/"}]}},"wps_subtitle":"","amp_enabled":true,"_links":{"self":[{"href":"https:\/\/www.aceguarulhos.com.br\/blog\/wp-json\/wp\/v2\/posts\/29811","targetHints":{"allow":["GET"]}}],"collection":[{"href":"https:\/\/www.aceguarulhos.com.br\/blog\/wp-json\/wp\/v2\/posts"}],"about":[{"href":"https:\/\/www.aceguarulhos.com.br\/blog\/wp-json\/wp\/v2\/types\/post"}],"author":[{"embeddable":true,"href":"https:\/\/www.aceguarulhos.com.br\/blog\/wp-json\/wp\/v2\/users\/8"}],"replies":[{"embeddable":true,"href":"https:\/\/www.aceguarulhos.com.br\/blog\/wp-json\/wp\/v2\/comments?post=29811"}],"version-history":[{"count":0,"href":"https:\/\/www.aceguarulhos.com.br\/blog\/wp-json\/wp\/v2\/posts\/29811\/revisions"}],"wp:attachment":[{"href":"https:\/\/www.aceguarulhos.com.br\/blog\/wp-json\/wp\/v2\/media?parent=29811"}],"wp:term":[{"taxonomy":"category","embeddable":true,"href":"https:\/\/www.aceguarulhos.com.br\/blog\/wp-json\/wp\/v2\/categories?post=29811"},{"taxonomy":"post_tag","embeddable":true,"href":"https:\/\/www.aceguarulhos.com.br\/blog\/wp-json\/wp\/v2\/tags?post=29811"}],"curies":[{"name":"wp","href":"https:\/\/api.w.org\/{rel}","templated":true}]}}