{"id":29749,"date":"2005-09-23T09:59:13","date_gmt":"2005-09-23T09:59:13","guid":{"rendered":"http:\/\/www.aceguarulhos.com.br\/blog\/?p=29749"},"modified":"-0001-11-30T00:00:00","modified_gmt":"-0001-11-30T03:00:00","slug":"senado-deve-votar-mp-do-bem-at%c3%a9-outubro","status":"publish","type":"post","link":"https:\/\/www.aceguarulhos.com.br\/blog\/senado-deve-votar-mp-do-bem-at%c3%a9-outubro\/","title":{"rendered":"Senado deve votar MP do Bem at\u00e9 outubro"},"content":{"rendered":"<p><P>O secret\u00e1rio-adjunto da Receita Federal do Brasil, Ricardo Pinheiro, avalia que o Senado deve votar at\u00e9 o dia 13 de outubro a Medida Provis\u00f3ria 252, que reduz a carga tribut\u00e1ria em alguns setores, a chamada MP do Bem. <\/P><P>Ap\u00f3s quase tr\u00eas meses de discuss\u00e3o na C\u00e2mara dos Deputados, o texto enviado pelo Executivo foi aprovado com modifica\u00e7\u00f5es propostas pelo relator Cust\u00f3dio Mattos (PSDB-MG), depois de negociar com a equipe econ\u00f4mica do governo e empres\u00e1rios. <\/P><P>O texto da MP prev\u00ea benef\u00edcios como a redu\u00e7\u00e3o de 50% do Imposto sobre Produtos Industriais (IPI) sobre m\u00e1quinas e equipamentos destinados \u00e0 pesquisa e desenvolvimento tecnol\u00f3gico, bem como isen\u00e7\u00e3o total do PIS\/Pasep e Cofins na importa\u00e7\u00e3o de bens e servi\u00e7os para desenvolvimento de tecnologia da informa\u00e7\u00e3o, realizada por empresas que exportem pelo menos 80% de sua produ\u00e7\u00e3o.<\/P><P>A MP do Bem tamb\u00e9m isenta da al\u00edquota de 15% do Imposto de Renda cobrada nas vendas de im\u00f3veis residenciais, desde que o benefici\u00e1rio compre im\u00f3vel semelhante no prazo de seis meses. Mas s\u00f3 poder\u00e1 haver uma opera\u00e7\u00e3o dessas a cada cinco anos. A aliena\u00e7\u00e3o de bens cujo valor n\u00e3o exceda R$ 35 mil n\u00e3o ser\u00e1 mais considerada ganho de capital para efeito de Imposto de Renda.<\/P><P>Mas o projeto de lei de convers\u00e3o do relator tamb\u00e9m apresentou mudan\u00e7as. Caso da corre\u00e7\u00e3o dos limites de enquadramento das micro e pequenas empresas no Simples (regime simplificado de tributa\u00e7\u00e3o). O limite hoje de R$ 120 mil foi ampliado para R$ 240 mil. Portanto, todas as microempresas com faturamento bruto at\u00e9 esse limite podem optar pelo Simples. Acima disso e at\u00e9 R$ 2,4 milh\u00f5es de receita bruta ser\u00e3o consideradas empresas de pequeno porte.<\/P><P>O relator tamb\u00e9m conseguiu incluir as distribuidoras de energia el\u00e9trica no sistema cumulativo de cobran\u00e7a do PIS\/Pasep e da Cofins, relativo ao consumo de energia residencial, rural, ilumina\u00e7\u00e3o p\u00fablica e servi\u00e7os p\u00fablicos em geral. Esse ponto foi aprovado por acordo de lideran\u00e7as, e sua manuten\u00e7\u00e3o vai depender de entendimento dos senadores.<\/P><\/p>\n","protected":false},"excerpt":{"rendered":"O secret\u00e1rio-adjunto da Receita Federal do Brasil, Ricardo Pinheiro, avalia que o Senado deve votar at\u00e9 o dia 13 de outubro a Medida \n<a class=\"moretag\" href=\"https:\/\/www.aceguarulhos.com.br\/blog\/senado-deve-votar-mp-do-bem-at%c3%a9-outubro\/\"> [...]<\/a>","protected":false},"author":8,"featured_media":0,"comment_status":"open","ping_status":"open","sticky":false,"template":"","format":"standard","meta":{"footnotes":""},"categories":[2],"tags":[],"class_list":["post-29749","post","type-post","status-publish","format-standard","hentry","category-noticias"],"yoast_head":"<!-- This site is optimized with the Yoast SEO plugin v28.1 - https:\/\/yoast.com\/product\/yoast-seo-wordpress\/ -->\n<title>Senado deve votar MP do Bem at\u00e9 outubro - ACE-Guarulhos<\/title>\n<meta name=\"robots\" content=\"index, follow, max-snippet:-1, max-image-preview:large, max-video-preview:-1\" \/>\n<link rel=\"canonical\" href=\"https:\/\/www.aceguarulhos.com.br\/blog\/senado-deve-votar-mp-do-bem-at\u00e9-outubro\/\" \/>\n<meta property=\"og:locale\" content=\"pt_BR\" \/>\n<meta property=\"og:type\" content=\"article\" \/>\n<meta property=\"og:title\" content=\"Senado deve votar MP do Bem at\u00e9 outubro - ACE-Guarulhos\" \/>\n<meta property=\"og:description\" content=\"O secret\u00e1rio-adjunto da Receita Federal do Brasil, Ricardo Pinheiro, avalia que o Senado deve votar at\u00e9 o dia 13 de outubro a Medida\" \/>\n<meta property=\"og:url\" content=\"https:\/\/www.aceguarulhos.com.br\/blog\/senado-deve-votar-mp-do-bem-at\u00e9-outubro\/\" \/>\n<meta property=\"og:site_name\" content=\"ACE-Guarulhos\" \/>\n<meta property=\"article:publisher\" content=\"https:\/\/www.facebook.com\/aceguarulhos\/\" \/>\n<meta property=\"article:published_time\" content=\"2005-09-23T09:59:13+00:00\" \/>\n<meta name=\"author\" content=\"Assessoria de Imprensa ACE-Guarulhos\" \/>\n<meta name=\"twitter:card\" content=\"summary_large_image\" \/>\n<meta name=\"twitter:label1\" content=\"Escrito por\" \/>\n\t<meta name=\"twitter:data1\" content=\"Assessoria de Imprensa ACE-Guarulhos\" \/>\n\t<meta name=\"twitter:label2\" content=\"Est. tempo de leitura\" \/>\n\t<meta name=\"twitter:data2\" content=\"2 minutos\" \/>\n<script type=\"application\/ld+json\" class=\"yoast-schema-graph\">{\"@context\":\"https:\\\/\\\/schema.org\",\"@graph\":[{\"@type\":\"Article\",\"@id\":\"https:\\\/\\\/www.aceguarulhos.com.br\\\/blog\\\/senado-deve-votar-mp-do-bem-at%c3%a9-outubro\\\/#article\",\"isPartOf\":{\"@id\":\"https:\\\/\\\/www.aceguarulhos.com.br\\\/blog\\\/senado-deve-votar-mp-do-bem-at%c3%a9-outubro\\\/\"},\"author\":{\"name\":\"Assessoria de Imprensa ACE-Guarulhos\",\"@id\":\"https:\\\/\\\/www.aceguarulhos.com.br\\\/blog\\\/#\\\/schema\\\/person\\\/6983b51bad37489989e4f09698c26237\"},\"headline\":\"Senado deve votar MP do Bem at\u00e9 outubro\",\"datePublished\":\"2005-09-23T09:59:13+00:00\",\"mainEntityOfPage\":{\"@id\":\"https:\\\/\\\/www.aceguarulhos.com.br\\\/blog\\\/senado-deve-votar-mp-do-bem-at%c3%a9-outubro\\\/\"},\"wordCount\":368,\"commentCount\":0,\"publisher\":{\"@id\":\"https:\\\/\\\/www.aceguarulhos.com.br\\\/blog\\\/#organization\"},\"articleSection\":[\"Not\u00edcias\"],\"inLanguage\":\"pt-BR\"},{\"@type\":\"WebPage\",\"@id\":\"https:\\\/\\\/www.aceguarulhos.com.br\\\/blog\\\/senado-deve-votar-mp-do-bem-at%c3%a9-outubro\\\/\",\"url\":\"https:\\\/\\\/www.aceguarulhos.com.br\\\/blog\\\/senado-deve-votar-mp-do-bem-at%c3%a9-outubro\\\/\",\"name\":\"Senado deve votar MP do Bem at\u00e9 outubro - ACE-Guarulhos\",\"isPartOf\":{\"@id\":\"https:\\\/\\\/www.aceguarulhos.com.br\\\/blog\\\/#website\"},\"datePublished\":\"2005-09-23T09:59:13+00:00\",\"breadcrumb\":{\"@id\":\"https:\\\/\\\/www.aceguarulhos.com.br\\\/blog\\\/senado-deve-votar-mp-do-bem-at%c3%a9-outubro\\\/#breadcrumb\"},\"inLanguage\":\"pt-BR\",\"potentialAction\":[{\"@type\":\"ReadAction\",\"target\":[\"https:\\\/\\\/www.aceguarulhos.com.br\\\/blog\\\/senado-deve-votar-mp-do-bem-at%c3%a9-outubro\\\/\"]}]},{\"@type\":\"BreadcrumbList\",\"@id\":\"https:\\\/\\\/www.aceguarulhos.com.br\\\/blog\\\/senado-deve-votar-mp-do-bem-at%c3%a9-outubro\\\/#breadcrumb\",\"itemListElement\":[{\"@type\":\"ListItem\",\"position\":1,\"name\":\"In\u00edcio\",\"item\":\"https:\\\/\\\/www.aceguarulhos.com.br\\\/blog\\\/\"},{\"@type\":\"ListItem\",\"position\":2,\"name\":\"Senado deve votar MP do Bem at\u00e9 outubro\"}]},{\"@type\":\"WebSite\",\"@id\":\"https:\\\/\\\/www.aceguarulhos.com.br\\\/blog\\\/#website\",\"url\":\"https:\\\/\\\/www.aceguarulhos.com.br\\\/blog\\\/\",\"name\":\"ACE-Guarulhos\",\"description\":\"A ACE-Guarulhos \u00e9 uma associa\u00e7\u00e3o que ap\u00f3ia os empres\u00e1rios guarulhenses atrav\u00e9s da representa\u00e7\u00e3o, da gera\u00e7\u00e3o de neg\u00f3cios e presta\u00e7\u00e3o de servi\u00e7os.\",\"publisher\":{\"@id\":\"https:\\\/\\\/www.aceguarulhos.com.br\\\/blog\\\/#organization\"},\"potentialAction\":[{\"@type\":\"SearchAction\",\"target\":{\"@type\":\"EntryPoint\",\"urlTemplate\":\"https:\\\/\\\/www.aceguarulhos.com.br\\\/blog\\\/?s={search_term_string}\"},\"query-input\":{\"@type\":\"PropertyValueSpecification\",\"valueRequired\":true,\"valueName\":\"search_term_string\"}}],\"inLanguage\":\"pt-BR\"},{\"@type\":\"Organization\",\"@id\":\"https:\\\/\\\/www.aceguarulhos.com.br\\\/blog\\\/#organization\",\"name\":\"ACE-Guarulhos\",\"url\":\"https:\\\/\\\/www.aceguarulhos.com.br\\\/blog\\\/\",\"logo\":{\"@type\":\"ImageObject\",\"inLanguage\":\"pt-BR\",\"@id\":\"https:\\\/\\\/www.aceguarulhos.com.br\\\/blog\\\/#\\\/schema\\\/logo\\\/image\\\/\",\"url\":\"https:\\\/\\\/www.aceguarulhos.com.br\\\/blog\\\/wp-content\\\/uploads\\\/2017\\\/12\\\/logo-aceguarulhos-2018.png\",\"contentUrl\":\"https:\\\/\\\/www.aceguarulhos.com.br\\\/blog\\\/wp-content\\\/uploads\\\/2017\\\/12\\\/logo-aceguarulhos-2018.png\",\"width\":419,\"height\":76,\"caption\":\"ACE-Guarulhos\"},\"image\":{\"@id\":\"https:\\\/\\\/www.aceguarulhos.com.br\\\/blog\\\/#\\\/schema\\\/logo\\\/image\\\/\"},\"sameAs\":[\"https:\\\/\\\/www.facebook.com\\\/aceguarulhos\\\/\",\"https:\\\/\\\/br.linkedin.com\\\/in\\\/ace-guarulhos-b9a97093\",\"https:\\\/\\\/www.youtube.com\\\/user\\\/aceguarulhos\"]},{\"@type\":\"Person\",\"@id\":\"https:\\\/\\\/www.aceguarulhos.com.br\\\/blog\\\/#\\\/schema\\\/person\\\/6983b51bad37489989e4f09698c26237\",\"name\":\"Assessoria de Imprensa ACE-Guarulhos\",\"image\":{\"@type\":\"ImageObject\",\"inLanguage\":\"pt-BR\",\"@id\":\"https:\\\/\\\/secure.gravatar.com\\\/avatar\\\/707f3fadd6918afeb64173ab22d8a8cb0676953098a4f31ff36dc2b4c699ef6a?s=96&d=mm&r=g\",\"url\":\"https:\\\/\\\/secure.gravatar.com\\\/avatar\\\/707f3fadd6918afeb64173ab22d8a8cb0676953098a4f31ff36dc2b4c699ef6a?s=96&d=mm&r=g\",\"contentUrl\":\"https:\\\/\\\/secure.gravatar.com\\\/avatar\\\/707f3fadd6918afeb64173ab22d8a8cb0676953098a4f31ff36dc2b4c699ef6a?s=96&d=mm&r=g\",\"caption\":\"Assessoria de Imprensa ACE-Guarulhos\"},\"url\":\"https:\\\/\\\/www.aceguarulhos.com.br\\\/blog\\\/author\\\/assessoria-de-imprensa-ace-guarulhos\\\/\"}]}<\/script>\n<!-- \/ Yoast SEO plugin. -->","yoast_head_json":{"title":"Senado deve votar MP do Bem at\u00e9 outubro - ACE-Guarulhos","robots":{"index":"index","follow":"follow","max-snippet":"max-snippet:-1","max-image-preview":"max-image-preview:large","max-video-preview":"max-video-preview:-1"},"canonical":"https:\/\/www.aceguarulhos.com.br\/blog\/senado-deve-votar-mp-do-bem-at\u00e9-outubro\/","og_locale":"pt_BR","og_type":"article","og_title":"Senado deve votar MP do Bem at\u00e9 outubro - ACE-Guarulhos","og_description":"O secret\u00e1rio-adjunto da Receita Federal do Brasil, Ricardo Pinheiro, avalia que o Senado deve votar at\u00e9 o dia 13 de outubro a Medida","og_url":"https:\/\/www.aceguarulhos.com.br\/blog\/senado-deve-votar-mp-do-bem-at\u00e9-outubro\/","og_site_name":"ACE-Guarulhos","article_publisher":"https:\/\/www.facebook.com\/aceguarulhos\/","article_published_time":"2005-09-23T09:59:13+00:00","author":"Assessoria de Imprensa ACE-Guarulhos","twitter_card":"summary_large_image","twitter_misc":{"Escrito por":"Assessoria de Imprensa ACE-Guarulhos","Est. tempo de leitura":"2 minutos"},"schema":{"@context":"https:\/\/schema.org","@graph":[{"@type":"Article","@id":"https:\/\/www.aceguarulhos.com.br\/blog\/senado-deve-votar-mp-do-bem-at%c3%a9-outubro\/#article","isPartOf":{"@id":"https:\/\/www.aceguarulhos.com.br\/blog\/senado-deve-votar-mp-do-bem-at%c3%a9-outubro\/"},"author":{"name":"Assessoria de Imprensa ACE-Guarulhos","@id":"https:\/\/www.aceguarulhos.com.br\/blog\/#\/schema\/person\/6983b51bad37489989e4f09698c26237"},"headline":"Senado deve votar MP do Bem at\u00e9 outubro","datePublished":"2005-09-23T09:59:13+00:00","mainEntityOfPage":{"@id":"https:\/\/www.aceguarulhos.com.br\/blog\/senado-deve-votar-mp-do-bem-at%c3%a9-outubro\/"},"wordCount":368,"commentCount":0,"publisher":{"@id":"https:\/\/www.aceguarulhos.com.br\/blog\/#organization"},"articleSection":["Not\u00edcias"],"inLanguage":"pt-BR"},{"@type":"WebPage","@id":"https:\/\/www.aceguarulhos.com.br\/blog\/senado-deve-votar-mp-do-bem-at%c3%a9-outubro\/","url":"https:\/\/www.aceguarulhos.com.br\/blog\/senado-deve-votar-mp-do-bem-at%c3%a9-outubro\/","name":"Senado deve votar MP do Bem at\u00e9 outubro - ACE-Guarulhos","isPartOf":{"@id":"https:\/\/www.aceguarulhos.com.br\/blog\/#website"},"datePublished":"2005-09-23T09:59:13+00:00","breadcrumb":{"@id":"https:\/\/www.aceguarulhos.com.br\/blog\/senado-deve-votar-mp-do-bem-at%c3%a9-outubro\/#breadcrumb"},"inLanguage":"pt-BR","potentialAction":[{"@type":"ReadAction","target":["https:\/\/www.aceguarulhos.com.br\/blog\/senado-deve-votar-mp-do-bem-at%c3%a9-outubro\/"]}]},{"@type":"BreadcrumbList","@id":"https:\/\/www.aceguarulhos.com.br\/blog\/senado-deve-votar-mp-do-bem-at%c3%a9-outubro\/#breadcrumb","itemListElement":[{"@type":"ListItem","position":1,"name":"In\u00edcio","item":"https:\/\/www.aceguarulhos.com.br\/blog\/"},{"@type":"ListItem","position":2,"name":"Senado deve votar MP do Bem at\u00e9 outubro"}]},{"@type":"WebSite","@id":"https:\/\/www.aceguarulhos.com.br\/blog\/#website","url":"https:\/\/www.aceguarulhos.com.br\/blog\/","name":"ACE-Guarulhos","description":"A ACE-Guarulhos \u00e9 uma associa\u00e7\u00e3o que ap\u00f3ia os empres\u00e1rios guarulhenses atrav\u00e9s da representa\u00e7\u00e3o, da gera\u00e7\u00e3o de neg\u00f3cios e presta\u00e7\u00e3o de servi\u00e7os.","publisher":{"@id":"https:\/\/www.aceguarulhos.com.br\/blog\/#organization"},"potentialAction":[{"@type":"SearchAction","target":{"@type":"EntryPoint","urlTemplate":"https:\/\/www.aceguarulhos.com.br\/blog\/?s={search_term_string}"},"query-input":{"@type":"PropertyValueSpecification","valueRequired":true,"valueName":"search_term_string"}}],"inLanguage":"pt-BR"},{"@type":"Organization","@id":"https:\/\/www.aceguarulhos.com.br\/blog\/#organization","name":"ACE-Guarulhos","url":"https:\/\/www.aceguarulhos.com.br\/blog\/","logo":{"@type":"ImageObject","inLanguage":"pt-BR","@id":"https:\/\/www.aceguarulhos.com.br\/blog\/#\/schema\/logo\/image\/","url":"https:\/\/www.aceguarulhos.com.br\/blog\/wp-content\/uploads\/2017\/12\/logo-aceguarulhos-2018.png","contentUrl":"https:\/\/www.aceguarulhos.com.br\/blog\/wp-content\/uploads\/2017\/12\/logo-aceguarulhos-2018.png","width":419,"height":76,"caption":"ACE-Guarulhos"},"image":{"@id":"https:\/\/www.aceguarulhos.com.br\/blog\/#\/schema\/logo\/image\/"},"sameAs":["https:\/\/www.facebook.com\/aceguarulhos\/","https:\/\/br.linkedin.com\/in\/ace-guarulhos-b9a97093","https:\/\/www.youtube.com\/user\/aceguarulhos"]},{"@type":"Person","@id":"https:\/\/www.aceguarulhos.com.br\/blog\/#\/schema\/person\/6983b51bad37489989e4f09698c26237","name":"Assessoria de Imprensa ACE-Guarulhos","image":{"@type":"ImageObject","inLanguage":"pt-BR","@id":"https:\/\/secure.gravatar.com\/avatar\/707f3fadd6918afeb64173ab22d8a8cb0676953098a4f31ff36dc2b4c699ef6a?s=96&d=mm&r=g","url":"https:\/\/secure.gravatar.com\/avatar\/707f3fadd6918afeb64173ab22d8a8cb0676953098a4f31ff36dc2b4c699ef6a?s=96&d=mm&r=g","contentUrl":"https:\/\/secure.gravatar.com\/avatar\/707f3fadd6918afeb64173ab22d8a8cb0676953098a4f31ff36dc2b4c699ef6a?s=96&d=mm&r=g","caption":"Assessoria de Imprensa ACE-Guarulhos"},"url":"https:\/\/www.aceguarulhos.com.br\/blog\/author\/assessoria-de-imprensa-ace-guarulhos\/"}]}},"wps_subtitle":"","amp_enabled":true,"_links":{"self":[{"href":"https:\/\/www.aceguarulhos.com.br\/blog\/wp-json\/wp\/v2\/posts\/29749","targetHints":{"allow":["GET"]}}],"collection":[{"href":"https:\/\/www.aceguarulhos.com.br\/blog\/wp-json\/wp\/v2\/posts"}],"about":[{"href":"https:\/\/www.aceguarulhos.com.br\/blog\/wp-json\/wp\/v2\/types\/post"}],"author":[{"embeddable":true,"href":"https:\/\/www.aceguarulhos.com.br\/blog\/wp-json\/wp\/v2\/users\/8"}],"replies":[{"embeddable":true,"href":"https:\/\/www.aceguarulhos.com.br\/blog\/wp-json\/wp\/v2\/comments?post=29749"}],"version-history":[{"count":0,"href":"https:\/\/www.aceguarulhos.com.br\/blog\/wp-json\/wp\/v2\/posts\/29749\/revisions"}],"wp:attachment":[{"href":"https:\/\/www.aceguarulhos.com.br\/blog\/wp-json\/wp\/v2\/media?parent=29749"}],"wp:term":[{"taxonomy":"category","embeddable":true,"href":"https:\/\/www.aceguarulhos.com.br\/blog\/wp-json\/wp\/v2\/categories?post=29749"},{"taxonomy":"post_tag","embeddable":true,"href":"https:\/\/www.aceguarulhos.com.br\/blog\/wp-json\/wp\/v2\/tags?post=29749"}],"curies":[{"name":"wp","href":"https:\/\/api.w.org\/{rel}","templated":true}]}}