{"id":29710,"date":"2005-09-12T07:25:54","date_gmt":"2005-09-12T07:25:54","guid":{"rendered":"http:\/\/www.aceguarulhos.com.br\/blog\/?p=29710"},"modified":"-0001-11-30T00:00:00","modified_gmt":"-0001-11-30T03:00:00","slug":"pm-confirma-15-mil-na-passeata-grito-do-sil%c3%aancio","status":"publish","type":"post","link":"https:\/\/www.aceguarulhos.com.br\/blog\/pm-confirma-15-mil-na-passeata-grito-do-sil%c3%aancio\/","title":{"rendered":"PM confirma 15 mil na passeata Grito do Sil\u00eancio"},"content":{"rendered":"<p><P><EM>A Pol\u00edcia Militar confirmou: 15 mil pessoas participaram da passeata Grito do Sil\u00eancio, realizada na ter\u00e7a-feira no centro de S\u00e3o Paulo, e que deu in\u00edcio aos protestos do Dia da Independ\u00eancia. Organizada por 40 entidades, entre elas a Associa\u00e7\u00e3o Comercial de S\u00e3o Paulo, a manifesta\u00e7\u00e3o reuniu uma multid\u00e3o indignada com a corrup\u00e7\u00e3o.<\/EM> <\/P><P>Se houve consenso entre os participantes da passeata quanto \u00e0 lentid\u00e3o das tr\u00eas CPIs para apurar as den\u00fancias no governo Lula, faltou sintonia nas informa\u00e7\u00f5es publicadas por jornais brasileiros quanto ao n\u00famero de pessoas na manifesta\u00e7\u00e3o. New York Times , Washington Post , Miami Herald e o Di\u00e1rio do Com\u00e9rcio informaram seus leitores com exatid\u00e3o. A passeata reuniu 15 mil pessoas. J\u00e1 a Folha de S. Paulo informou que apenas duas mil pessoas estiveram presentes, enquanto que o O Estado de S. Paulo publicou que 2.500 manifestantes foram \u00e0 passeata. Para alguns sites, a participa\u00e7\u00e3o foi de seis mil pessoas. <\/P><P>Momento &#8211; Para colocar um ponto final na guerra dos n\u00fameros, o Di\u00e1rio do Com\u00e9rcio procurou a Pol\u00edcia Militar. As explica\u00e7\u00f5es foram dadas pelo capit\u00e3o F\u00e1bio Leite, do setor de Comunica\u00e7\u00e3o Social da corpora\u00e7\u00e3o. &#8220;Depende do momento em que cada rep\u00f3rter solicitou a informa\u00e7\u00e3o. Quem publicou que a passeata reuniu dois mil ou 2 mil e 500 pessoas deve ter obtido a informa\u00e7\u00e3o no final da passeata, quando milhares de pessoas j\u00e1 haviam sa\u00eddo da manifesta\u00e7\u00e3o. Posso garantir que na pra\u00e7a da S\u00e9, local do in\u00edcio da passeata, a passeata reuniu 15 mil pessoas. <\/P><P>Pelas explica\u00e7\u00f5es do capit\u00e3o, por volta das 10 horas, quando a multid\u00e3o estava reunida na pra\u00e7a da S\u00e9, esperando o momento de sair em passeata at\u00e9 a pra\u00e7a Ramos de Azevedo, cada metro quadrado estava tomado por quatro pessoas. Na rua Boa Vista, no in\u00edcio da passeata, a multid\u00e3o aumentou e continuou numerosa at\u00e9 a rua L\u00edbero Badar\u00f3. Quando come\u00e7ou a chover, no in\u00edcio do viaduto do Ch\u00e1, houve uma dispers\u00e3o. <\/P><P>Quando a passeata chegou \u00e0s escadarias do Teatro Municipal, j\u00e1 contava com um n\u00famero reduzido. &#8220;As consultas da imprensa ocorrem em diversos hor\u00e1rios e momentos. Isto justifica a informa\u00e7\u00e3o da Folha , do Estado e dos sites quanto ao n\u00famero de manifestantes&#8221;, explicou o capit\u00e3o F\u00e1bio Leite.<\/P><\/p>\n","protected":false},"excerpt":{"rendered":"A Pol\u00edcia Militar confirmou: 15 mil pessoas participaram da passeata Grito do Sil\u00eancio, realizada na ter\u00e7a-feira no centro de S\u00e3o Paulo, e que \n<a class=\"moretag\" href=\"https:\/\/www.aceguarulhos.com.br\/blog\/pm-confirma-15-mil-na-passeata-grito-do-sil%c3%aancio\/\"> [...]<\/a>","protected":false},"author":8,"featured_media":0,"comment_status":"open","ping_status":"open","sticky":false,"template":"","format":"standard","meta":{"footnotes":""},"categories":[2],"tags":[],"class_list":["post-29710","post","type-post","status-publish","format-standard","hentry","category-noticias"],"yoast_head":"<!-- This site is optimized with the Yoast SEO plugin v28.1 - https:\/\/yoast.com\/product\/yoast-seo-wordpress\/ -->\n<title>PM confirma 15 mil na passeata Grito do Sil\u00eancio - ACE-Guarulhos<\/title>\n<meta name=\"robots\" content=\"index, follow, max-snippet:-1, max-image-preview:large, max-video-preview:-1\" \/>\n<link rel=\"canonical\" href=\"https:\/\/www.aceguarulhos.com.br\/blog\/pm-confirma-15-mil-na-passeata-grito-do-sil\u00eancio\/\" \/>\n<meta property=\"og:locale\" content=\"pt_BR\" \/>\n<meta property=\"og:type\" content=\"article\" \/>\n<meta property=\"og:title\" content=\"PM confirma 15 mil na passeata Grito do Sil\u00eancio - ACE-Guarulhos\" \/>\n<meta property=\"og:description\" content=\"A Pol\u00edcia Militar confirmou: 15 mil pessoas participaram da passeata Grito do Sil\u00eancio, realizada na ter\u00e7a-feira no centro de S\u00e3o Paulo, e que\" \/>\n<meta property=\"og:url\" content=\"https:\/\/www.aceguarulhos.com.br\/blog\/pm-confirma-15-mil-na-passeata-grito-do-sil\u00eancio\/\" \/>\n<meta property=\"og:site_name\" content=\"ACE-Guarulhos\" \/>\n<meta property=\"article:publisher\" content=\"https:\/\/www.facebook.com\/aceguarulhos\/\" \/>\n<meta property=\"article:published_time\" content=\"2005-09-12T07:25:54+00:00\" \/>\n<meta name=\"author\" content=\"Assessoria de Imprensa ACE-Guarulhos\" \/>\n<meta name=\"twitter:card\" content=\"summary_large_image\" \/>\n<meta name=\"twitter:label1\" content=\"Escrito por\" \/>\n\t<meta name=\"twitter:data1\" content=\"Assessoria de Imprensa ACE-Guarulhos\" \/>\n\t<meta name=\"twitter:label2\" content=\"Est. tempo de leitura\" \/>\n\t<meta name=\"twitter:data2\" content=\"2 minutos\" \/>\n<script type=\"application\/ld+json\" class=\"yoast-schema-graph\">{\"@context\":\"https:\\\/\\\/schema.org\",\"@graph\":[{\"@type\":\"Article\",\"@id\":\"https:\\\/\\\/www.aceguarulhos.com.br\\\/blog\\\/pm-confirma-15-mil-na-passeata-grito-do-sil%c3%aancio\\\/#article\",\"isPartOf\":{\"@id\":\"https:\\\/\\\/www.aceguarulhos.com.br\\\/blog\\\/pm-confirma-15-mil-na-passeata-grito-do-sil%c3%aancio\\\/\"},\"author\":{\"name\":\"Assessoria de Imprensa ACE-Guarulhos\",\"@id\":\"https:\\\/\\\/www.aceguarulhos.com.br\\\/blog\\\/#\\\/schema\\\/person\\\/6983b51bad37489989e4f09698c26237\"},\"headline\":\"PM confirma 15 mil na passeata Grito do Sil\u00eancio\",\"datePublished\":\"2005-09-12T07:25:54+00:00\",\"mainEntityOfPage\":{\"@id\":\"https:\\\/\\\/www.aceguarulhos.com.br\\\/blog\\\/pm-confirma-15-mil-na-passeata-grito-do-sil%c3%aancio\\\/\"},\"wordCount\":414,\"commentCount\":0,\"publisher\":{\"@id\":\"https:\\\/\\\/www.aceguarulhos.com.br\\\/blog\\\/#organization\"},\"articleSection\":[\"Not\u00edcias\"],\"inLanguage\":\"pt-BR\"},{\"@type\":\"WebPage\",\"@id\":\"https:\\\/\\\/www.aceguarulhos.com.br\\\/blog\\\/pm-confirma-15-mil-na-passeata-grito-do-sil%c3%aancio\\\/\",\"url\":\"https:\\\/\\\/www.aceguarulhos.com.br\\\/blog\\\/pm-confirma-15-mil-na-passeata-grito-do-sil%c3%aancio\\\/\",\"name\":\"PM confirma 15 mil na passeata Grito do Sil\u00eancio - ACE-Guarulhos\",\"isPartOf\":{\"@id\":\"https:\\\/\\\/www.aceguarulhos.com.br\\\/blog\\\/#website\"},\"datePublished\":\"2005-09-12T07:25:54+00:00\",\"breadcrumb\":{\"@id\":\"https:\\\/\\\/www.aceguarulhos.com.br\\\/blog\\\/pm-confirma-15-mil-na-passeata-grito-do-sil%c3%aancio\\\/#breadcrumb\"},\"inLanguage\":\"pt-BR\",\"potentialAction\":[{\"@type\":\"ReadAction\",\"target\":[\"https:\\\/\\\/www.aceguarulhos.com.br\\\/blog\\\/pm-confirma-15-mil-na-passeata-grito-do-sil%c3%aancio\\\/\"]}]},{\"@type\":\"BreadcrumbList\",\"@id\":\"https:\\\/\\\/www.aceguarulhos.com.br\\\/blog\\\/pm-confirma-15-mil-na-passeata-grito-do-sil%c3%aancio\\\/#breadcrumb\",\"itemListElement\":[{\"@type\":\"ListItem\",\"position\":1,\"name\":\"In\u00edcio\",\"item\":\"https:\\\/\\\/www.aceguarulhos.com.br\\\/blog\\\/\"},{\"@type\":\"ListItem\",\"position\":2,\"name\":\"PM confirma 15 mil na passeata Grito do Sil\u00eancio\"}]},{\"@type\":\"WebSite\",\"@id\":\"https:\\\/\\\/www.aceguarulhos.com.br\\\/blog\\\/#website\",\"url\":\"https:\\\/\\\/www.aceguarulhos.com.br\\\/blog\\\/\",\"name\":\"ACE-Guarulhos\",\"description\":\"A ACE-Guarulhos \u00e9 uma associa\u00e7\u00e3o que ap\u00f3ia os empres\u00e1rios guarulhenses atrav\u00e9s da representa\u00e7\u00e3o, da gera\u00e7\u00e3o de neg\u00f3cios e presta\u00e7\u00e3o de servi\u00e7os.\",\"publisher\":{\"@id\":\"https:\\\/\\\/www.aceguarulhos.com.br\\\/blog\\\/#organization\"},\"potentialAction\":[{\"@type\":\"SearchAction\",\"target\":{\"@type\":\"EntryPoint\",\"urlTemplate\":\"https:\\\/\\\/www.aceguarulhos.com.br\\\/blog\\\/?s={search_term_string}\"},\"query-input\":{\"@type\":\"PropertyValueSpecification\",\"valueRequired\":true,\"valueName\":\"search_term_string\"}}],\"inLanguage\":\"pt-BR\"},{\"@type\":\"Organization\",\"@id\":\"https:\\\/\\\/www.aceguarulhos.com.br\\\/blog\\\/#organization\",\"name\":\"ACE-Guarulhos\",\"url\":\"https:\\\/\\\/www.aceguarulhos.com.br\\\/blog\\\/\",\"logo\":{\"@type\":\"ImageObject\",\"inLanguage\":\"pt-BR\",\"@id\":\"https:\\\/\\\/www.aceguarulhos.com.br\\\/blog\\\/#\\\/schema\\\/logo\\\/image\\\/\",\"url\":\"https:\\\/\\\/www.aceguarulhos.com.br\\\/blog\\\/wp-content\\\/uploads\\\/2017\\\/12\\\/logo-aceguarulhos-2018.png\",\"contentUrl\":\"https:\\\/\\\/www.aceguarulhos.com.br\\\/blog\\\/wp-content\\\/uploads\\\/2017\\\/12\\\/logo-aceguarulhos-2018.png\",\"width\":419,\"height\":76,\"caption\":\"ACE-Guarulhos\"},\"image\":{\"@id\":\"https:\\\/\\\/www.aceguarulhos.com.br\\\/blog\\\/#\\\/schema\\\/logo\\\/image\\\/\"},\"sameAs\":[\"https:\\\/\\\/www.facebook.com\\\/aceguarulhos\\\/\",\"https:\\\/\\\/br.linkedin.com\\\/in\\\/ace-guarulhos-b9a97093\",\"https:\\\/\\\/www.youtube.com\\\/user\\\/aceguarulhos\"]},{\"@type\":\"Person\",\"@id\":\"https:\\\/\\\/www.aceguarulhos.com.br\\\/blog\\\/#\\\/schema\\\/person\\\/6983b51bad37489989e4f09698c26237\",\"name\":\"Assessoria de Imprensa ACE-Guarulhos\",\"image\":{\"@type\":\"ImageObject\",\"inLanguage\":\"pt-BR\",\"@id\":\"https:\\\/\\\/secure.gravatar.com\\\/avatar\\\/707f3fadd6918afeb64173ab22d8a8cb0676953098a4f31ff36dc2b4c699ef6a?s=96&d=mm&r=g\",\"url\":\"https:\\\/\\\/secure.gravatar.com\\\/avatar\\\/707f3fadd6918afeb64173ab22d8a8cb0676953098a4f31ff36dc2b4c699ef6a?s=96&d=mm&r=g\",\"contentUrl\":\"https:\\\/\\\/secure.gravatar.com\\\/avatar\\\/707f3fadd6918afeb64173ab22d8a8cb0676953098a4f31ff36dc2b4c699ef6a?s=96&d=mm&r=g\",\"caption\":\"Assessoria de Imprensa ACE-Guarulhos\"},\"url\":\"https:\\\/\\\/www.aceguarulhos.com.br\\\/blog\\\/author\\\/assessoria-de-imprensa-ace-guarulhos\\\/\"}]}<\/script>\n<!-- \/ Yoast SEO plugin. -->","yoast_head_json":{"title":"PM confirma 15 mil na passeata Grito do Sil\u00eancio - ACE-Guarulhos","robots":{"index":"index","follow":"follow","max-snippet":"max-snippet:-1","max-image-preview":"max-image-preview:large","max-video-preview":"max-video-preview:-1"},"canonical":"https:\/\/www.aceguarulhos.com.br\/blog\/pm-confirma-15-mil-na-passeata-grito-do-sil\u00eancio\/","og_locale":"pt_BR","og_type":"article","og_title":"PM confirma 15 mil na passeata Grito do Sil\u00eancio - ACE-Guarulhos","og_description":"A Pol\u00edcia Militar confirmou: 15 mil pessoas participaram da passeata Grito do Sil\u00eancio, realizada na ter\u00e7a-feira no centro de S\u00e3o Paulo, e que","og_url":"https:\/\/www.aceguarulhos.com.br\/blog\/pm-confirma-15-mil-na-passeata-grito-do-sil\u00eancio\/","og_site_name":"ACE-Guarulhos","article_publisher":"https:\/\/www.facebook.com\/aceguarulhos\/","article_published_time":"2005-09-12T07:25:54+00:00","author":"Assessoria de Imprensa ACE-Guarulhos","twitter_card":"summary_large_image","twitter_misc":{"Escrito por":"Assessoria de Imprensa ACE-Guarulhos","Est. tempo de leitura":"2 minutos"},"schema":{"@context":"https:\/\/schema.org","@graph":[{"@type":"Article","@id":"https:\/\/www.aceguarulhos.com.br\/blog\/pm-confirma-15-mil-na-passeata-grito-do-sil%c3%aancio\/#article","isPartOf":{"@id":"https:\/\/www.aceguarulhos.com.br\/blog\/pm-confirma-15-mil-na-passeata-grito-do-sil%c3%aancio\/"},"author":{"name":"Assessoria de Imprensa ACE-Guarulhos","@id":"https:\/\/www.aceguarulhos.com.br\/blog\/#\/schema\/person\/6983b51bad37489989e4f09698c26237"},"headline":"PM confirma 15 mil na passeata Grito do Sil\u00eancio","datePublished":"2005-09-12T07:25:54+00:00","mainEntityOfPage":{"@id":"https:\/\/www.aceguarulhos.com.br\/blog\/pm-confirma-15-mil-na-passeata-grito-do-sil%c3%aancio\/"},"wordCount":414,"commentCount":0,"publisher":{"@id":"https:\/\/www.aceguarulhos.com.br\/blog\/#organization"},"articleSection":["Not\u00edcias"],"inLanguage":"pt-BR"},{"@type":"WebPage","@id":"https:\/\/www.aceguarulhos.com.br\/blog\/pm-confirma-15-mil-na-passeata-grito-do-sil%c3%aancio\/","url":"https:\/\/www.aceguarulhos.com.br\/blog\/pm-confirma-15-mil-na-passeata-grito-do-sil%c3%aancio\/","name":"PM confirma 15 mil na passeata Grito do Sil\u00eancio - ACE-Guarulhos","isPartOf":{"@id":"https:\/\/www.aceguarulhos.com.br\/blog\/#website"},"datePublished":"2005-09-12T07:25:54+00:00","breadcrumb":{"@id":"https:\/\/www.aceguarulhos.com.br\/blog\/pm-confirma-15-mil-na-passeata-grito-do-sil%c3%aancio\/#breadcrumb"},"inLanguage":"pt-BR","potentialAction":[{"@type":"ReadAction","target":["https:\/\/www.aceguarulhos.com.br\/blog\/pm-confirma-15-mil-na-passeata-grito-do-sil%c3%aancio\/"]}]},{"@type":"BreadcrumbList","@id":"https:\/\/www.aceguarulhos.com.br\/blog\/pm-confirma-15-mil-na-passeata-grito-do-sil%c3%aancio\/#breadcrumb","itemListElement":[{"@type":"ListItem","position":1,"name":"In\u00edcio","item":"https:\/\/www.aceguarulhos.com.br\/blog\/"},{"@type":"ListItem","position":2,"name":"PM confirma 15 mil na passeata Grito do Sil\u00eancio"}]},{"@type":"WebSite","@id":"https:\/\/www.aceguarulhos.com.br\/blog\/#website","url":"https:\/\/www.aceguarulhos.com.br\/blog\/","name":"ACE-Guarulhos","description":"A ACE-Guarulhos \u00e9 uma associa\u00e7\u00e3o que ap\u00f3ia os empres\u00e1rios guarulhenses atrav\u00e9s da representa\u00e7\u00e3o, da gera\u00e7\u00e3o de neg\u00f3cios e presta\u00e7\u00e3o de servi\u00e7os.","publisher":{"@id":"https:\/\/www.aceguarulhos.com.br\/blog\/#organization"},"potentialAction":[{"@type":"SearchAction","target":{"@type":"EntryPoint","urlTemplate":"https:\/\/www.aceguarulhos.com.br\/blog\/?s={search_term_string}"},"query-input":{"@type":"PropertyValueSpecification","valueRequired":true,"valueName":"search_term_string"}}],"inLanguage":"pt-BR"},{"@type":"Organization","@id":"https:\/\/www.aceguarulhos.com.br\/blog\/#organization","name":"ACE-Guarulhos","url":"https:\/\/www.aceguarulhos.com.br\/blog\/","logo":{"@type":"ImageObject","inLanguage":"pt-BR","@id":"https:\/\/www.aceguarulhos.com.br\/blog\/#\/schema\/logo\/image\/","url":"https:\/\/www.aceguarulhos.com.br\/blog\/wp-content\/uploads\/2017\/12\/logo-aceguarulhos-2018.png","contentUrl":"https:\/\/www.aceguarulhos.com.br\/blog\/wp-content\/uploads\/2017\/12\/logo-aceguarulhos-2018.png","width":419,"height":76,"caption":"ACE-Guarulhos"},"image":{"@id":"https:\/\/www.aceguarulhos.com.br\/blog\/#\/schema\/logo\/image\/"},"sameAs":["https:\/\/www.facebook.com\/aceguarulhos\/","https:\/\/br.linkedin.com\/in\/ace-guarulhos-b9a97093","https:\/\/www.youtube.com\/user\/aceguarulhos"]},{"@type":"Person","@id":"https:\/\/www.aceguarulhos.com.br\/blog\/#\/schema\/person\/6983b51bad37489989e4f09698c26237","name":"Assessoria de Imprensa ACE-Guarulhos","image":{"@type":"ImageObject","inLanguage":"pt-BR","@id":"https:\/\/secure.gravatar.com\/avatar\/707f3fadd6918afeb64173ab22d8a8cb0676953098a4f31ff36dc2b4c699ef6a?s=96&d=mm&r=g","url":"https:\/\/secure.gravatar.com\/avatar\/707f3fadd6918afeb64173ab22d8a8cb0676953098a4f31ff36dc2b4c699ef6a?s=96&d=mm&r=g","contentUrl":"https:\/\/secure.gravatar.com\/avatar\/707f3fadd6918afeb64173ab22d8a8cb0676953098a4f31ff36dc2b4c699ef6a?s=96&d=mm&r=g","caption":"Assessoria de Imprensa ACE-Guarulhos"},"url":"https:\/\/www.aceguarulhos.com.br\/blog\/author\/assessoria-de-imprensa-ace-guarulhos\/"}]}},"wps_subtitle":"","amp_enabled":true,"_links":{"self":[{"href":"https:\/\/www.aceguarulhos.com.br\/blog\/wp-json\/wp\/v2\/posts\/29710","targetHints":{"allow":["GET"]}}],"collection":[{"href":"https:\/\/www.aceguarulhos.com.br\/blog\/wp-json\/wp\/v2\/posts"}],"about":[{"href":"https:\/\/www.aceguarulhos.com.br\/blog\/wp-json\/wp\/v2\/types\/post"}],"author":[{"embeddable":true,"href":"https:\/\/www.aceguarulhos.com.br\/blog\/wp-json\/wp\/v2\/users\/8"}],"replies":[{"embeddable":true,"href":"https:\/\/www.aceguarulhos.com.br\/blog\/wp-json\/wp\/v2\/comments?post=29710"}],"version-history":[{"count":0,"href":"https:\/\/www.aceguarulhos.com.br\/blog\/wp-json\/wp\/v2\/posts\/29710\/revisions"}],"wp:attachment":[{"href":"https:\/\/www.aceguarulhos.com.br\/blog\/wp-json\/wp\/v2\/media?parent=29710"}],"wp:term":[{"taxonomy":"category","embeddable":true,"href":"https:\/\/www.aceguarulhos.com.br\/blog\/wp-json\/wp\/v2\/categories?post=29710"},{"taxonomy":"post_tag","embeddable":true,"href":"https:\/\/www.aceguarulhos.com.br\/blog\/wp-json\/wp\/v2\/tags?post=29710"}],"curies":[{"name":"wp","href":"https:\/\/api.w.org\/{rel}","templated":true}]}}