{"id":29656,"date":"2005-08-17T09:28:14","date_gmt":"2005-08-17T09:28:14","guid":{"rendered":"http:\/\/www.aceguarulhos.com.br\/blog\/?p=29656"},"modified":"-0001-11-30T00:00:00","modified_gmt":"-0001-11-30T03:00:00","slug":"alckmin-anuncia-primavera-tribut%c3%a1ria","status":"publish","type":"post","link":"https:\/\/www.aceguarulhos.com.br\/blog\/alckmin-anuncia-primavera-tribut%c3%a1ria\/","title":{"rendered":"Alckmin anuncia Primavera Tribut\u00e1ria"},"content":{"rendered":"<p><P><IMG alt=NetComex src=\"\/blog\/wp-content\/uploads\/image.php?x=i&#038;i1=100&#038;i2=20010927162423\" align=left border=0>O governador de S\u00e3o Paulo, Geraldo Alckmin, anunciou na segunda-feira (15), durante o encerramento do III Semin\u00e1rio S\u00e3o Paulo ExportA\u00e7\u00e3o, que no pr\u00f3ximo dia 15 de setembro, o estado ir\u00e1 lan\u00e7ar a segunda Primavera Tribut\u00e1ria para reduzir al\u00edquotas de ICMS para diversas cadeias produtivas. <\/P><P>Segundo o governador, S\u00e3o Paulo est\u00e1 se consolidando como a grande plataforma exportadora do Pa\u00eds. S\u00f3 neste ano entre janeiro e julho o Estado exportou US$ 34 bilh\u00f5es, j\u00e1 superando a marca de todo o ano de 2004, quando foram exportados US$ 31 bilh\u00f5es.<\/P><P>&#39;Estamos vivendo um bom momento no cen\u00e1rio internacional. A economia do mundo est\u00e1 crescendo enormemente e o Brasil n\u00e3o pode perder a oportunidade de tamb\u00e9m crescer&#39;, alertou Alckmin.<\/P><P>Com rela\u00e7\u00e3o a infra-estrutura do Estado, o governador lembrou que est\u00e3o sendo aplicados recursos para melhorarias do acesso do interior paulista ao Porto de S\u00e3o Sebasti\u00e3o, onde tamb\u00e9m est\u00e1 sendo constru\u00eddo um segundo pier em \u00e1guas profundas. Os aeroportos tamb\u00e9m est\u00e3o sendo ampliados. <\/P><P>Ainda segundo Alckmin, as obras do trecho Sul do Rodoanel poder\u00e3o come\u00e7ar em breve. &#8220;Estamos com recursos or\u00e7ament\u00e1rios reservados para a obra, assim que sair a licen\u00e7a ambiental come\u00e7aremos simultaneamente os trabalhos pelas duas pontas desse trecho.&#39;<\/P><P>Alckmin finalizou sua palestra solicitando ao Governo Federal o repasse de R$ 900 milh\u00f5es referente a Lei Kandir que est\u00e3o contigenciados, apesar da alta arrecada\u00e7\u00e3o da Uni\u00e3o. <\/P><P>&#8220;Com esses recursos poder\u00edamos devolver mais rapidamente o cr\u00e9dido de ICMS das empresas que reinvestem dentro do Estado de S\u00e3o Paulo&#8221;, concluiu.<\/P><P>Furlan &#8211; O Brasil vai continuar a conduzir uma pol\u00edtica agressiva de crescimento de exporta\u00e7\u00f5es, disse o ministro do Desenvolvimento, Ind\u00fastria e Com\u00e9rcio Exterior, Luiz Fernando Furlan, durante o evento.<\/P><P>Os n\u00fameros do segundo semestre, de acordo com Furlan, continuam firmes, e o minist\u00e9rio manter\u00e1 o trabalho de procurar abrir portas para os empres\u00e1rios. &#8220;Sem d\u00favida, o que estamos colhendo hoje, de aumento de produ\u00e7\u00e3o, de moderniza\u00e7\u00e3o da economia, de ganhos de qualidade e produtividade, tem muito a ver com a pol\u00edtica de desonera\u00e7\u00e3o de investimento e a pol\u00edtica industrial tra\u00e7ada pelo presidente Lula&#8221;, afirmou. <\/P><P>Furlan comentou que &#8220;as empresas est\u00e3o apresentando balan\u00e7os semestrais extraordin\u00e1rios&#8221; e acrescentou: &#8220;A serenidade demonstrada pelos mercados financeiros \u00e9 um reflexo da solidez dos princ\u00edpios da nossa economia&#8221;. Destacou a contribui\u00e7\u00e3o, para essa solidez, do crescimento das exporta\u00e7\u00f5es e do saldo da balan\u00e7a comercial.<\/P><P>O ministro disse acreditar que o Brasil vai sair &#8220;ainda melhor da atual crise pol\u00edtica&#8221; e recomendou aos empres\u00e1rios que olhem os n\u00fameros de suas empresas, de seu setor, de sua regi\u00e3o e do pa\u00eds, que s\u00e3o &#8220;positivos e consistentes&#8221;. Para ele, quem n\u00e3o acompanhar esse crescimento da economia vai perder espa\u00e7o para os concorrentes.<\/P><P>Da agenda econ\u00f4mica do governo, Furlan ressaltou o encaminhamento do projeto de lei para pequenas e micro empresas, que segundo ele ser\u00e3o beneficiadas com a simplifica\u00e7\u00e3o legal e fiscal, e novos est\u00edmulos \u00e0 exporta\u00e7\u00e3o. &#8220;Vamos continuar lutando para que haja n\u00e3o s\u00f3 desonera\u00e7\u00e3o, mas tamb\u00e9m a possibilidade de se inovar fazendo a nota fiscal de exporta\u00e7\u00e3o para que a burocracia seja reduzida&#8221;, explicou. <\/P><\/p>\n","protected":false},"excerpt":{"rendered":"O governador de S\u00e3o Paulo, Geraldo Alckmin, anunciou na segunda-feira (15), durante o encerramento do III Semin\u00e1rio S\u00e3o Paulo ExportA\u00e7\u00e3o, que no pr\u00f3ximo \n<a class=\"moretag\" href=\"https:\/\/www.aceguarulhos.com.br\/blog\/alckmin-anuncia-primavera-tribut%c3%a1ria\/\"> [...]<\/a>","protected":false},"author":8,"featured_media":0,"comment_status":"open","ping_status":"open","sticky":false,"template":"","format":"standard","meta":{"footnotes":""},"categories":[2],"tags":[],"class_list":["post-29656","post","type-post","status-publish","format-standard","hentry","category-noticias"],"yoast_head":"<!-- This site is optimized with the Yoast SEO plugin v28.1 - https:\/\/yoast.com\/product\/yoast-seo-wordpress\/ -->\n<title>Alckmin anuncia Primavera Tribut\u00e1ria - ACE-Guarulhos<\/title>\n<meta name=\"robots\" content=\"index, follow, max-snippet:-1, max-image-preview:large, max-video-preview:-1\" \/>\n<link rel=\"canonical\" href=\"https:\/\/www.aceguarulhos.com.br\/blog\/alckmin-anuncia-primavera-tribut\u00e1ria\/\" \/>\n<meta property=\"og:locale\" content=\"pt_BR\" \/>\n<meta property=\"og:type\" content=\"article\" \/>\n<meta property=\"og:title\" content=\"Alckmin anuncia Primavera Tribut\u00e1ria - ACE-Guarulhos\" \/>\n<meta property=\"og:description\" content=\"O governador de S\u00e3o Paulo, Geraldo Alckmin, anunciou na segunda-feira (15), durante o encerramento do III Semin\u00e1rio S\u00e3o Paulo ExportA\u00e7\u00e3o, que no pr\u00f3ximo\" \/>\n<meta property=\"og:url\" content=\"https:\/\/www.aceguarulhos.com.br\/blog\/alckmin-anuncia-primavera-tribut\u00e1ria\/\" \/>\n<meta property=\"og:site_name\" content=\"ACE-Guarulhos\" \/>\n<meta property=\"article:publisher\" content=\"https:\/\/www.facebook.com\/aceguarulhos\/\" \/>\n<meta property=\"article:published_time\" content=\"2005-08-17T09:28:14+00:00\" \/>\n<meta name=\"author\" content=\"Assessoria de Imprensa ACE-Guarulhos\" \/>\n<meta name=\"twitter:card\" content=\"summary_large_image\" \/>\n<meta name=\"twitter:label1\" content=\"Escrito por\" \/>\n\t<meta name=\"twitter:data1\" content=\"Assessoria de Imprensa ACE-Guarulhos\" \/>\n\t<meta name=\"twitter:label2\" content=\"Est. tempo de leitura\" \/>\n\t<meta name=\"twitter:data2\" content=\"3 minutos\" \/>\n<script type=\"application\/ld+json\" class=\"yoast-schema-graph\">{\"@context\":\"https:\\\/\\\/schema.org\",\"@graph\":[{\"@type\":\"Article\",\"@id\":\"https:\\\/\\\/www.aceguarulhos.com.br\\\/blog\\\/alckmin-anuncia-primavera-tribut%c3%a1ria\\\/#article\",\"isPartOf\":{\"@id\":\"https:\\\/\\\/www.aceguarulhos.com.br\\\/blog\\\/alckmin-anuncia-primavera-tribut%c3%a1ria\\\/\"},\"author\":{\"name\":\"Assessoria de Imprensa ACE-Guarulhos\",\"@id\":\"https:\\\/\\\/www.aceguarulhos.com.br\\\/blog\\\/#\\\/schema\\\/person\\\/6983b51bad37489989e4f09698c26237\"},\"headline\":\"Alckmin anuncia Primavera Tribut\u00e1ria\",\"datePublished\":\"2005-08-17T09:28:14+00:00\",\"mainEntityOfPage\":{\"@id\":\"https:\\\/\\\/www.aceguarulhos.com.br\\\/blog\\\/alckmin-anuncia-primavera-tribut%c3%a1ria\\\/\"},\"wordCount\":573,\"commentCount\":0,\"publisher\":{\"@id\":\"https:\\\/\\\/www.aceguarulhos.com.br\\\/blog\\\/#organization\"},\"articleSection\":[\"Not\u00edcias\"],\"inLanguage\":\"pt-BR\"},{\"@type\":\"WebPage\",\"@id\":\"https:\\\/\\\/www.aceguarulhos.com.br\\\/blog\\\/alckmin-anuncia-primavera-tribut%c3%a1ria\\\/\",\"url\":\"https:\\\/\\\/www.aceguarulhos.com.br\\\/blog\\\/alckmin-anuncia-primavera-tribut%c3%a1ria\\\/\",\"name\":\"Alckmin anuncia Primavera Tribut\u00e1ria - ACE-Guarulhos\",\"isPartOf\":{\"@id\":\"https:\\\/\\\/www.aceguarulhos.com.br\\\/blog\\\/#website\"},\"datePublished\":\"2005-08-17T09:28:14+00:00\",\"breadcrumb\":{\"@id\":\"https:\\\/\\\/www.aceguarulhos.com.br\\\/blog\\\/alckmin-anuncia-primavera-tribut%c3%a1ria\\\/#breadcrumb\"},\"inLanguage\":\"pt-BR\",\"potentialAction\":[{\"@type\":\"ReadAction\",\"target\":[\"https:\\\/\\\/www.aceguarulhos.com.br\\\/blog\\\/alckmin-anuncia-primavera-tribut%c3%a1ria\\\/\"]}]},{\"@type\":\"BreadcrumbList\",\"@id\":\"https:\\\/\\\/www.aceguarulhos.com.br\\\/blog\\\/alckmin-anuncia-primavera-tribut%c3%a1ria\\\/#breadcrumb\",\"itemListElement\":[{\"@type\":\"ListItem\",\"position\":1,\"name\":\"In\u00edcio\",\"item\":\"https:\\\/\\\/www.aceguarulhos.com.br\\\/blog\\\/\"},{\"@type\":\"ListItem\",\"position\":2,\"name\":\"Alckmin anuncia Primavera Tribut\u00e1ria\"}]},{\"@type\":\"WebSite\",\"@id\":\"https:\\\/\\\/www.aceguarulhos.com.br\\\/blog\\\/#website\",\"url\":\"https:\\\/\\\/www.aceguarulhos.com.br\\\/blog\\\/\",\"name\":\"ACE-Guarulhos\",\"description\":\"A ACE-Guarulhos \u00e9 uma associa\u00e7\u00e3o que ap\u00f3ia os empres\u00e1rios guarulhenses atrav\u00e9s da representa\u00e7\u00e3o, da gera\u00e7\u00e3o de neg\u00f3cios e presta\u00e7\u00e3o de servi\u00e7os.\",\"publisher\":{\"@id\":\"https:\\\/\\\/www.aceguarulhos.com.br\\\/blog\\\/#organization\"},\"potentialAction\":[{\"@type\":\"SearchAction\",\"target\":{\"@type\":\"EntryPoint\",\"urlTemplate\":\"https:\\\/\\\/www.aceguarulhos.com.br\\\/blog\\\/?s={search_term_string}\"},\"query-input\":{\"@type\":\"PropertyValueSpecification\",\"valueRequired\":true,\"valueName\":\"search_term_string\"}}],\"inLanguage\":\"pt-BR\"},{\"@type\":\"Organization\",\"@id\":\"https:\\\/\\\/www.aceguarulhos.com.br\\\/blog\\\/#organization\",\"name\":\"ACE-Guarulhos\",\"url\":\"https:\\\/\\\/www.aceguarulhos.com.br\\\/blog\\\/\",\"logo\":{\"@type\":\"ImageObject\",\"inLanguage\":\"pt-BR\",\"@id\":\"https:\\\/\\\/www.aceguarulhos.com.br\\\/blog\\\/#\\\/schema\\\/logo\\\/image\\\/\",\"url\":\"https:\\\/\\\/www.aceguarulhos.com.br\\\/blog\\\/wp-content\\\/uploads\\\/2017\\\/12\\\/logo-aceguarulhos-2018.png\",\"contentUrl\":\"https:\\\/\\\/www.aceguarulhos.com.br\\\/blog\\\/wp-content\\\/uploads\\\/2017\\\/12\\\/logo-aceguarulhos-2018.png\",\"width\":419,\"height\":76,\"caption\":\"ACE-Guarulhos\"},\"image\":{\"@id\":\"https:\\\/\\\/www.aceguarulhos.com.br\\\/blog\\\/#\\\/schema\\\/logo\\\/image\\\/\"},\"sameAs\":[\"https:\\\/\\\/www.facebook.com\\\/aceguarulhos\\\/\",\"https:\\\/\\\/br.linkedin.com\\\/in\\\/ace-guarulhos-b9a97093\",\"https:\\\/\\\/www.youtube.com\\\/user\\\/aceguarulhos\"]},{\"@type\":\"Person\",\"@id\":\"https:\\\/\\\/www.aceguarulhos.com.br\\\/blog\\\/#\\\/schema\\\/person\\\/6983b51bad37489989e4f09698c26237\",\"name\":\"Assessoria de Imprensa ACE-Guarulhos\",\"image\":{\"@type\":\"ImageObject\",\"inLanguage\":\"pt-BR\",\"@id\":\"https:\\\/\\\/secure.gravatar.com\\\/avatar\\\/707f3fadd6918afeb64173ab22d8a8cb0676953098a4f31ff36dc2b4c699ef6a?s=96&d=mm&r=g\",\"url\":\"https:\\\/\\\/secure.gravatar.com\\\/avatar\\\/707f3fadd6918afeb64173ab22d8a8cb0676953098a4f31ff36dc2b4c699ef6a?s=96&d=mm&r=g\",\"contentUrl\":\"https:\\\/\\\/secure.gravatar.com\\\/avatar\\\/707f3fadd6918afeb64173ab22d8a8cb0676953098a4f31ff36dc2b4c699ef6a?s=96&d=mm&r=g\",\"caption\":\"Assessoria de Imprensa ACE-Guarulhos\"},\"url\":\"https:\\\/\\\/www.aceguarulhos.com.br\\\/blog\\\/author\\\/assessoria-de-imprensa-ace-guarulhos\\\/\"}]}<\/script>\n<!-- \/ Yoast SEO plugin. -->","yoast_head_json":{"title":"Alckmin anuncia Primavera Tribut\u00e1ria - ACE-Guarulhos","robots":{"index":"index","follow":"follow","max-snippet":"max-snippet:-1","max-image-preview":"max-image-preview:large","max-video-preview":"max-video-preview:-1"},"canonical":"https:\/\/www.aceguarulhos.com.br\/blog\/alckmin-anuncia-primavera-tribut\u00e1ria\/","og_locale":"pt_BR","og_type":"article","og_title":"Alckmin anuncia Primavera Tribut\u00e1ria - ACE-Guarulhos","og_description":"O governador de S\u00e3o Paulo, Geraldo Alckmin, anunciou na segunda-feira (15), durante o encerramento do III Semin\u00e1rio S\u00e3o Paulo ExportA\u00e7\u00e3o, que no pr\u00f3ximo","og_url":"https:\/\/www.aceguarulhos.com.br\/blog\/alckmin-anuncia-primavera-tribut\u00e1ria\/","og_site_name":"ACE-Guarulhos","article_publisher":"https:\/\/www.facebook.com\/aceguarulhos\/","article_published_time":"2005-08-17T09:28:14+00:00","author":"Assessoria de Imprensa ACE-Guarulhos","twitter_card":"summary_large_image","twitter_misc":{"Escrito por":"Assessoria de Imprensa ACE-Guarulhos","Est. tempo de leitura":"3 minutos"},"schema":{"@context":"https:\/\/schema.org","@graph":[{"@type":"Article","@id":"https:\/\/www.aceguarulhos.com.br\/blog\/alckmin-anuncia-primavera-tribut%c3%a1ria\/#article","isPartOf":{"@id":"https:\/\/www.aceguarulhos.com.br\/blog\/alckmin-anuncia-primavera-tribut%c3%a1ria\/"},"author":{"name":"Assessoria de Imprensa ACE-Guarulhos","@id":"https:\/\/www.aceguarulhos.com.br\/blog\/#\/schema\/person\/6983b51bad37489989e4f09698c26237"},"headline":"Alckmin anuncia Primavera Tribut\u00e1ria","datePublished":"2005-08-17T09:28:14+00:00","mainEntityOfPage":{"@id":"https:\/\/www.aceguarulhos.com.br\/blog\/alckmin-anuncia-primavera-tribut%c3%a1ria\/"},"wordCount":573,"commentCount":0,"publisher":{"@id":"https:\/\/www.aceguarulhos.com.br\/blog\/#organization"},"articleSection":["Not\u00edcias"],"inLanguage":"pt-BR"},{"@type":"WebPage","@id":"https:\/\/www.aceguarulhos.com.br\/blog\/alckmin-anuncia-primavera-tribut%c3%a1ria\/","url":"https:\/\/www.aceguarulhos.com.br\/blog\/alckmin-anuncia-primavera-tribut%c3%a1ria\/","name":"Alckmin anuncia Primavera Tribut\u00e1ria - ACE-Guarulhos","isPartOf":{"@id":"https:\/\/www.aceguarulhos.com.br\/blog\/#website"},"datePublished":"2005-08-17T09:28:14+00:00","breadcrumb":{"@id":"https:\/\/www.aceguarulhos.com.br\/blog\/alckmin-anuncia-primavera-tribut%c3%a1ria\/#breadcrumb"},"inLanguage":"pt-BR","potentialAction":[{"@type":"ReadAction","target":["https:\/\/www.aceguarulhos.com.br\/blog\/alckmin-anuncia-primavera-tribut%c3%a1ria\/"]}]},{"@type":"BreadcrumbList","@id":"https:\/\/www.aceguarulhos.com.br\/blog\/alckmin-anuncia-primavera-tribut%c3%a1ria\/#breadcrumb","itemListElement":[{"@type":"ListItem","position":1,"name":"In\u00edcio","item":"https:\/\/www.aceguarulhos.com.br\/blog\/"},{"@type":"ListItem","position":2,"name":"Alckmin anuncia Primavera Tribut\u00e1ria"}]},{"@type":"WebSite","@id":"https:\/\/www.aceguarulhos.com.br\/blog\/#website","url":"https:\/\/www.aceguarulhos.com.br\/blog\/","name":"ACE-Guarulhos","description":"A ACE-Guarulhos \u00e9 uma associa\u00e7\u00e3o que ap\u00f3ia os empres\u00e1rios guarulhenses atrav\u00e9s da representa\u00e7\u00e3o, da gera\u00e7\u00e3o de neg\u00f3cios e presta\u00e7\u00e3o de servi\u00e7os.","publisher":{"@id":"https:\/\/www.aceguarulhos.com.br\/blog\/#organization"},"potentialAction":[{"@type":"SearchAction","target":{"@type":"EntryPoint","urlTemplate":"https:\/\/www.aceguarulhos.com.br\/blog\/?s={search_term_string}"},"query-input":{"@type":"PropertyValueSpecification","valueRequired":true,"valueName":"search_term_string"}}],"inLanguage":"pt-BR"},{"@type":"Organization","@id":"https:\/\/www.aceguarulhos.com.br\/blog\/#organization","name":"ACE-Guarulhos","url":"https:\/\/www.aceguarulhos.com.br\/blog\/","logo":{"@type":"ImageObject","inLanguage":"pt-BR","@id":"https:\/\/www.aceguarulhos.com.br\/blog\/#\/schema\/logo\/image\/","url":"https:\/\/www.aceguarulhos.com.br\/blog\/wp-content\/uploads\/2017\/12\/logo-aceguarulhos-2018.png","contentUrl":"https:\/\/www.aceguarulhos.com.br\/blog\/wp-content\/uploads\/2017\/12\/logo-aceguarulhos-2018.png","width":419,"height":76,"caption":"ACE-Guarulhos"},"image":{"@id":"https:\/\/www.aceguarulhos.com.br\/blog\/#\/schema\/logo\/image\/"},"sameAs":["https:\/\/www.facebook.com\/aceguarulhos\/","https:\/\/br.linkedin.com\/in\/ace-guarulhos-b9a97093","https:\/\/www.youtube.com\/user\/aceguarulhos"]},{"@type":"Person","@id":"https:\/\/www.aceguarulhos.com.br\/blog\/#\/schema\/person\/6983b51bad37489989e4f09698c26237","name":"Assessoria de Imprensa ACE-Guarulhos","image":{"@type":"ImageObject","inLanguage":"pt-BR","@id":"https:\/\/secure.gravatar.com\/avatar\/707f3fadd6918afeb64173ab22d8a8cb0676953098a4f31ff36dc2b4c699ef6a?s=96&d=mm&r=g","url":"https:\/\/secure.gravatar.com\/avatar\/707f3fadd6918afeb64173ab22d8a8cb0676953098a4f31ff36dc2b4c699ef6a?s=96&d=mm&r=g","contentUrl":"https:\/\/secure.gravatar.com\/avatar\/707f3fadd6918afeb64173ab22d8a8cb0676953098a4f31ff36dc2b4c699ef6a?s=96&d=mm&r=g","caption":"Assessoria de Imprensa ACE-Guarulhos"},"url":"https:\/\/www.aceguarulhos.com.br\/blog\/author\/assessoria-de-imprensa-ace-guarulhos\/"}]}},"wps_subtitle":"","amp_enabled":true,"_links":{"self":[{"href":"https:\/\/www.aceguarulhos.com.br\/blog\/wp-json\/wp\/v2\/posts\/29656","targetHints":{"allow":["GET"]}}],"collection":[{"href":"https:\/\/www.aceguarulhos.com.br\/blog\/wp-json\/wp\/v2\/posts"}],"about":[{"href":"https:\/\/www.aceguarulhos.com.br\/blog\/wp-json\/wp\/v2\/types\/post"}],"author":[{"embeddable":true,"href":"https:\/\/www.aceguarulhos.com.br\/blog\/wp-json\/wp\/v2\/users\/8"}],"replies":[{"embeddable":true,"href":"https:\/\/www.aceguarulhos.com.br\/blog\/wp-json\/wp\/v2\/comments?post=29656"}],"version-history":[{"count":0,"href":"https:\/\/www.aceguarulhos.com.br\/blog\/wp-json\/wp\/v2\/posts\/29656\/revisions"}],"wp:attachment":[{"href":"https:\/\/www.aceguarulhos.com.br\/blog\/wp-json\/wp\/v2\/media?parent=29656"}],"wp:term":[{"taxonomy":"category","embeddable":true,"href":"https:\/\/www.aceguarulhos.com.br\/blog\/wp-json\/wp\/v2\/categories?post=29656"},{"taxonomy":"post_tag","embeddable":true,"href":"https:\/\/www.aceguarulhos.com.br\/blog\/wp-json\/wp\/v2\/tags?post=29656"}],"curies":[{"name":"wp","href":"https:\/\/api.w.org\/{rel}","templated":true}]}}