{"id":29647,"date":"2005-08-15T10:33:15","date_gmt":"2005-08-15T10:33:15","guid":{"rendered":"http:\/\/www.aceguarulhos.com.br\/blog\/?p=29647"},"modified":"-0001-11-30T00:00:00","modified_gmt":"-0001-11-30T03:00:00","slug":"exporta%c3%a7%c3%b5es-crescem-no-setor-de-manufaturados","status":"publish","type":"post","link":"https:\/\/www.aceguarulhos.com.br\/blog\/exporta%c3%a7%c3%b5es-crescem-no-setor-de-manufaturados\/","title":{"rendered":"Exporta\u00e7\u00f5es crescem no setor de manufaturados"},"content":{"rendered":"<p><FONT size=2><P>As exporta\u00e7\u00f5es de manufaturados tiveram aumento de 32,8% no acumulado de 12 meses, os semimanufaturados 26,4% e os b\u00e1sicos 18,3%, segundo dados divulgados nesta segunda-feira (1) pelo Minist\u00e9rio do Desenvolvimento, Ind\u00fastria e Com\u00e9rcio.<\/P><P>Em julho de 2005 os produtos b\u00e1sicos renderam US$ 3.8 bilh\u00f5es, recorde mensal hist\u00f3rico. O principal item nessa conta foi o petr\u00f3leo em bruto, que alcan\u00e7ou US$ 850 milh\u00f5es, com aumento substancial de volumes embarcados.<\/P><P>Foram acrescentados tamb\u00e9m na balan\u00e7a de julho US$ 300 milh\u00f5es de exporta\u00e7\u00f5es de petr\u00f3leo feitas em junho e que n\u00e3o estavam ainda contabilizadas. Tamb\u00e9m min\u00e9rio de ferro, carnes su\u00edna e bovina tiveram alta de pre\u00e7o expressiva no exterior no m\u00eas que terminou, conforme Ivan Ramalho. Na compara\u00e7\u00e3o com julho de 2004, as vendas de b\u00e1sicos cresceram 45,1% na m\u00e9dia di\u00e1ria. Os manufaturados cresceram 23,6% e os semimanufaturados 9,7%. <\/P><P>As exporta\u00e7\u00f5es dever\u00e3o continuar crescendo no segundo semestre, segundo previs\u00e3o do secret\u00e1rio de Com\u00e9rcio Exterior do Minist\u00e9rio do Desenvolvimento, Ivan Ramalho, que deixou o cargo nesta segunda-feira para assumir a Secretaria Executiva da pasta. Ele deu entrevista coletiva para falar sobre os n\u00fameros recorde de exporta\u00e7\u00e3o, importa\u00e7\u00e3o e super\u00e1vit no m\u00eas de julho, destacando que nos \u00faltimos 12 meses o Brasil exportou cerca de US$ 109 bilh\u00f5es. &#8220;S\u00f3 faltam US$ 3 bilh\u00f5es para chegarmos em 12 meses \u00e0 meta tra\u00e7ada para o ano, de US$ 112 bilh\u00f5es, e que ser\u00e1 atingida com certeza&#8221;, destacou Ramalho.<\/P><P>O m\u00eas de julho registrou crescimento recorde hist\u00f3rico de vendas, tanto em produtos manufaturados, semimanufaturados e b\u00e1sicos. Cresceram tamb\u00e9m de forma expressiva as vendas para regi\u00f5es n\u00e3o tradicionais sendo tamb\u00e9m grande o n\u00famero de estados do Brasil que v\u00eam exportando acima da m\u00e9dia brasileira. H\u00e1 tamb\u00e9m diversifica\u00e7\u00e3o da pauta (novos produtos) que vem contribuindo para a garantia de crescimento em percentual t\u00e3o expressivo, disse Ramalho.<\/P><P>Ao mesmo tempo a balan\u00e7a comercial foi beneficiada especialmente em julho pelo aumento substancial de pre\u00e7os de produtos importantes, no mercado internacional, tendo tamb\u00e9m crescido o volume de produtos exportados, conforme o secret\u00e1rio. As exporta\u00e7\u00f5es cresceram 30% em julho e as importa\u00e7\u00f5es ficaram mais 15% em rela\u00e7\u00e3o a junho. Os produtos b\u00e1sicos em especial foram beneficiados em julho pelo aumento deu volume e essa tend\u00eancia dever\u00e1 continuar nos pr\u00f3ximos meses, devendo os pre\u00e7os no entanto permanecerem est\u00e1veis, &#8220;j\u00e1 que os \u00faltimos aumentos verificados no exterior j\u00e1 foram muito grandes&#8221;.<\/P><\/p>\n","protected":false},"excerpt":{"rendered":"As exporta\u00e7\u00f5es de manufaturados tiveram aumento de 32,8% no acumulado de 12 meses, os semimanufaturados 26,4% e os b\u00e1sicos 18,3%, segundo dados divulgados \n<a class=\"moretag\" href=\"https:\/\/www.aceguarulhos.com.br\/blog\/exporta%c3%a7%c3%b5es-crescem-no-setor-de-manufaturados\/\"> [...]<\/a>","protected":false},"author":8,"featured_media":0,"comment_status":"open","ping_status":"open","sticky":false,"template":"","format":"standard","meta":{"footnotes":""},"categories":[2],"tags":[],"class_list":["post-29647","post","type-post","status-publish","format-standard","hentry","category-noticias"],"yoast_head":"<!-- This site is optimized with the Yoast SEO plugin v28.1 - https:\/\/yoast.com\/product\/yoast-seo-wordpress\/ -->\n<title>Exporta\u00e7\u00f5es crescem no setor de manufaturados - ACE-Guarulhos<\/title>\n<meta name=\"robots\" content=\"index, follow, max-snippet:-1, max-image-preview:large, max-video-preview:-1\" \/>\n<link rel=\"canonical\" href=\"https:\/\/www.aceguarulhos.com.br\/blog\/exporta\u00e7\u00f5es-crescem-no-setor-de-manufaturados\/\" \/>\n<meta property=\"og:locale\" content=\"pt_BR\" \/>\n<meta property=\"og:type\" content=\"article\" \/>\n<meta property=\"og:title\" content=\"Exporta\u00e7\u00f5es crescem no setor de manufaturados - ACE-Guarulhos\" \/>\n<meta property=\"og:description\" content=\"As exporta\u00e7\u00f5es de manufaturados tiveram aumento de 32,8% no acumulado de 12 meses, os semimanufaturados 26,4% e os b\u00e1sicos 18,3%, segundo dados divulgados\" \/>\n<meta property=\"og:url\" content=\"https:\/\/www.aceguarulhos.com.br\/blog\/exporta\u00e7\u00f5es-crescem-no-setor-de-manufaturados\/\" \/>\n<meta property=\"og:site_name\" content=\"ACE-Guarulhos\" \/>\n<meta property=\"article:publisher\" content=\"https:\/\/www.facebook.com\/aceguarulhos\/\" \/>\n<meta property=\"article:published_time\" content=\"2005-08-15T10:33:15+00:00\" \/>\n<meta name=\"author\" content=\"Assessoria de Imprensa ACE-Guarulhos\" \/>\n<meta name=\"twitter:card\" content=\"summary_large_image\" \/>\n<meta name=\"twitter:label1\" content=\"Escrito por\" \/>\n\t<meta name=\"twitter:data1\" content=\"Assessoria de Imprensa ACE-Guarulhos\" \/>\n\t<meta name=\"twitter:label2\" content=\"Est. tempo de leitura\" \/>\n\t<meta name=\"twitter:data2\" content=\"2 minutos\" \/>\n<script type=\"application\/ld+json\" class=\"yoast-schema-graph\">{\"@context\":\"https:\\\/\\\/schema.org\",\"@graph\":[{\"@type\":\"Article\",\"@id\":\"https:\\\/\\\/www.aceguarulhos.com.br\\\/blog\\\/exporta%c3%a7%c3%b5es-crescem-no-setor-de-manufaturados\\\/#article\",\"isPartOf\":{\"@id\":\"https:\\\/\\\/www.aceguarulhos.com.br\\\/blog\\\/exporta%c3%a7%c3%b5es-crescem-no-setor-de-manufaturados\\\/\"},\"author\":{\"name\":\"Assessoria de Imprensa ACE-Guarulhos\",\"@id\":\"https:\\\/\\\/www.aceguarulhos.com.br\\\/blog\\\/#\\\/schema\\\/person\\\/6983b51bad37489989e4f09698c26237\"},\"headline\":\"Exporta\u00e7\u00f5es crescem no setor de manufaturados\",\"datePublished\":\"2005-08-15T10:33:15+00:00\",\"mainEntityOfPage\":{\"@id\":\"https:\\\/\\\/www.aceguarulhos.com.br\\\/blog\\\/exporta%c3%a7%c3%b5es-crescem-no-setor-de-manufaturados\\\/\"},\"wordCount\":437,\"commentCount\":0,\"publisher\":{\"@id\":\"https:\\\/\\\/www.aceguarulhos.com.br\\\/blog\\\/#organization\"},\"articleSection\":[\"Not\u00edcias\"],\"inLanguage\":\"pt-BR\"},{\"@type\":\"WebPage\",\"@id\":\"https:\\\/\\\/www.aceguarulhos.com.br\\\/blog\\\/exporta%c3%a7%c3%b5es-crescem-no-setor-de-manufaturados\\\/\",\"url\":\"https:\\\/\\\/www.aceguarulhos.com.br\\\/blog\\\/exporta%c3%a7%c3%b5es-crescem-no-setor-de-manufaturados\\\/\",\"name\":\"Exporta\u00e7\u00f5es crescem no setor de manufaturados - ACE-Guarulhos\",\"isPartOf\":{\"@id\":\"https:\\\/\\\/www.aceguarulhos.com.br\\\/blog\\\/#website\"},\"datePublished\":\"2005-08-15T10:33:15+00:00\",\"breadcrumb\":{\"@id\":\"https:\\\/\\\/www.aceguarulhos.com.br\\\/blog\\\/exporta%c3%a7%c3%b5es-crescem-no-setor-de-manufaturados\\\/#breadcrumb\"},\"inLanguage\":\"pt-BR\",\"potentialAction\":[{\"@type\":\"ReadAction\",\"target\":[\"https:\\\/\\\/www.aceguarulhos.com.br\\\/blog\\\/exporta%c3%a7%c3%b5es-crescem-no-setor-de-manufaturados\\\/\"]}]},{\"@type\":\"BreadcrumbList\",\"@id\":\"https:\\\/\\\/www.aceguarulhos.com.br\\\/blog\\\/exporta%c3%a7%c3%b5es-crescem-no-setor-de-manufaturados\\\/#breadcrumb\",\"itemListElement\":[{\"@type\":\"ListItem\",\"position\":1,\"name\":\"In\u00edcio\",\"item\":\"https:\\\/\\\/www.aceguarulhos.com.br\\\/blog\\\/\"},{\"@type\":\"ListItem\",\"position\":2,\"name\":\"Exporta\u00e7\u00f5es crescem no setor de manufaturados\"}]},{\"@type\":\"WebSite\",\"@id\":\"https:\\\/\\\/www.aceguarulhos.com.br\\\/blog\\\/#website\",\"url\":\"https:\\\/\\\/www.aceguarulhos.com.br\\\/blog\\\/\",\"name\":\"ACE-Guarulhos\",\"description\":\"A ACE-Guarulhos \u00e9 uma associa\u00e7\u00e3o que ap\u00f3ia os empres\u00e1rios guarulhenses atrav\u00e9s da representa\u00e7\u00e3o, da gera\u00e7\u00e3o de neg\u00f3cios e presta\u00e7\u00e3o de servi\u00e7os.\",\"publisher\":{\"@id\":\"https:\\\/\\\/www.aceguarulhos.com.br\\\/blog\\\/#organization\"},\"potentialAction\":[{\"@type\":\"SearchAction\",\"target\":{\"@type\":\"EntryPoint\",\"urlTemplate\":\"https:\\\/\\\/www.aceguarulhos.com.br\\\/blog\\\/?s={search_term_string}\"},\"query-input\":{\"@type\":\"PropertyValueSpecification\",\"valueRequired\":true,\"valueName\":\"search_term_string\"}}],\"inLanguage\":\"pt-BR\"},{\"@type\":\"Organization\",\"@id\":\"https:\\\/\\\/www.aceguarulhos.com.br\\\/blog\\\/#organization\",\"name\":\"ACE-Guarulhos\",\"url\":\"https:\\\/\\\/www.aceguarulhos.com.br\\\/blog\\\/\",\"logo\":{\"@type\":\"ImageObject\",\"inLanguage\":\"pt-BR\",\"@id\":\"https:\\\/\\\/www.aceguarulhos.com.br\\\/blog\\\/#\\\/schema\\\/logo\\\/image\\\/\",\"url\":\"https:\\\/\\\/www.aceguarulhos.com.br\\\/blog\\\/wp-content\\\/uploads\\\/2017\\\/12\\\/logo-aceguarulhos-2018.png\",\"contentUrl\":\"https:\\\/\\\/www.aceguarulhos.com.br\\\/blog\\\/wp-content\\\/uploads\\\/2017\\\/12\\\/logo-aceguarulhos-2018.png\",\"width\":419,\"height\":76,\"caption\":\"ACE-Guarulhos\"},\"image\":{\"@id\":\"https:\\\/\\\/www.aceguarulhos.com.br\\\/blog\\\/#\\\/schema\\\/logo\\\/image\\\/\"},\"sameAs\":[\"https:\\\/\\\/www.facebook.com\\\/aceguarulhos\\\/\",\"https:\\\/\\\/br.linkedin.com\\\/in\\\/ace-guarulhos-b9a97093\",\"https:\\\/\\\/www.youtube.com\\\/user\\\/aceguarulhos\"]},{\"@type\":\"Person\",\"@id\":\"https:\\\/\\\/www.aceguarulhos.com.br\\\/blog\\\/#\\\/schema\\\/person\\\/6983b51bad37489989e4f09698c26237\",\"name\":\"Assessoria de Imprensa ACE-Guarulhos\",\"image\":{\"@type\":\"ImageObject\",\"inLanguage\":\"pt-BR\",\"@id\":\"https:\\\/\\\/secure.gravatar.com\\\/avatar\\\/707f3fadd6918afeb64173ab22d8a8cb0676953098a4f31ff36dc2b4c699ef6a?s=96&d=mm&r=g\",\"url\":\"https:\\\/\\\/secure.gravatar.com\\\/avatar\\\/707f3fadd6918afeb64173ab22d8a8cb0676953098a4f31ff36dc2b4c699ef6a?s=96&d=mm&r=g\",\"contentUrl\":\"https:\\\/\\\/secure.gravatar.com\\\/avatar\\\/707f3fadd6918afeb64173ab22d8a8cb0676953098a4f31ff36dc2b4c699ef6a?s=96&d=mm&r=g\",\"caption\":\"Assessoria de Imprensa ACE-Guarulhos\"},\"url\":\"https:\\\/\\\/www.aceguarulhos.com.br\\\/blog\\\/author\\\/assessoria-de-imprensa-ace-guarulhos\\\/\"}]}<\/script>\n<!-- \/ Yoast SEO plugin. -->","yoast_head_json":{"title":"Exporta\u00e7\u00f5es crescem no setor de manufaturados - ACE-Guarulhos","robots":{"index":"index","follow":"follow","max-snippet":"max-snippet:-1","max-image-preview":"max-image-preview:large","max-video-preview":"max-video-preview:-1"},"canonical":"https:\/\/www.aceguarulhos.com.br\/blog\/exporta\u00e7\u00f5es-crescem-no-setor-de-manufaturados\/","og_locale":"pt_BR","og_type":"article","og_title":"Exporta\u00e7\u00f5es crescem no setor de manufaturados - ACE-Guarulhos","og_description":"As exporta\u00e7\u00f5es de manufaturados tiveram aumento de 32,8% no acumulado de 12 meses, os semimanufaturados 26,4% e os b\u00e1sicos 18,3%, segundo dados divulgados","og_url":"https:\/\/www.aceguarulhos.com.br\/blog\/exporta\u00e7\u00f5es-crescem-no-setor-de-manufaturados\/","og_site_name":"ACE-Guarulhos","article_publisher":"https:\/\/www.facebook.com\/aceguarulhos\/","article_published_time":"2005-08-15T10:33:15+00:00","author":"Assessoria de Imprensa ACE-Guarulhos","twitter_card":"summary_large_image","twitter_misc":{"Escrito por":"Assessoria de Imprensa ACE-Guarulhos","Est. tempo de leitura":"2 minutos"},"schema":{"@context":"https:\/\/schema.org","@graph":[{"@type":"Article","@id":"https:\/\/www.aceguarulhos.com.br\/blog\/exporta%c3%a7%c3%b5es-crescem-no-setor-de-manufaturados\/#article","isPartOf":{"@id":"https:\/\/www.aceguarulhos.com.br\/blog\/exporta%c3%a7%c3%b5es-crescem-no-setor-de-manufaturados\/"},"author":{"name":"Assessoria de Imprensa ACE-Guarulhos","@id":"https:\/\/www.aceguarulhos.com.br\/blog\/#\/schema\/person\/6983b51bad37489989e4f09698c26237"},"headline":"Exporta\u00e7\u00f5es crescem no setor de manufaturados","datePublished":"2005-08-15T10:33:15+00:00","mainEntityOfPage":{"@id":"https:\/\/www.aceguarulhos.com.br\/blog\/exporta%c3%a7%c3%b5es-crescem-no-setor-de-manufaturados\/"},"wordCount":437,"commentCount":0,"publisher":{"@id":"https:\/\/www.aceguarulhos.com.br\/blog\/#organization"},"articleSection":["Not\u00edcias"],"inLanguage":"pt-BR"},{"@type":"WebPage","@id":"https:\/\/www.aceguarulhos.com.br\/blog\/exporta%c3%a7%c3%b5es-crescem-no-setor-de-manufaturados\/","url":"https:\/\/www.aceguarulhos.com.br\/blog\/exporta%c3%a7%c3%b5es-crescem-no-setor-de-manufaturados\/","name":"Exporta\u00e7\u00f5es crescem no setor de manufaturados - ACE-Guarulhos","isPartOf":{"@id":"https:\/\/www.aceguarulhos.com.br\/blog\/#website"},"datePublished":"2005-08-15T10:33:15+00:00","breadcrumb":{"@id":"https:\/\/www.aceguarulhos.com.br\/blog\/exporta%c3%a7%c3%b5es-crescem-no-setor-de-manufaturados\/#breadcrumb"},"inLanguage":"pt-BR","potentialAction":[{"@type":"ReadAction","target":["https:\/\/www.aceguarulhos.com.br\/blog\/exporta%c3%a7%c3%b5es-crescem-no-setor-de-manufaturados\/"]}]},{"@type":"BreadcrumbList","@id":"https:\/\/www.aceguarulhos.com.br\/blog\/exporta%c3%a7%c3%b5es-crescem-no-setor-de-manufaturados\/#breadcrumb","itemListElement":[{"@type":"ListItem","position":1,"name":"In\u00edcio","item":"https:\/\/www.aceguarulhos.com.br\/blog\/"},{"@type":"ListItem","position":2,"name":"Exporta\u00e7\u00f5es crescem no setor de manufaturados"}]},{"@type":"WebSite","@id":"https:\/\/www.aceguarulhos.com.br\/blog\/#website","url":"https:\/\/www.aceguarulhos.com.br\/blog\/","name":"ACE-Guarulhos","description":"A ACE-Guarulhos \u00e9 uma associa\u00e7\u00e3o que ap\u00f3ia os empres\u00e1rios guarulhenses atrav\u00e9s da representa\u00e7\u00e3o, da gera\u00e7\u00e3o de neg\u00f3cios e presta\u00e7\u00e3o de servi\u00e7os.","publisher":{"@id":"https:\/\/www.aceguarulhos.com.br\/blog\/#organization"},"potentialAction":[{"@type":"SearchAction","target":{"@type":"EntryPoint","urlTemplate":"https:\/\/www.aceguarulhos.com.br\/blog\/?s={search_term_string}"},"query-input":{"@type":"PropertyValueSpecification","valueRequired":true,"valueName":"search_term_string"}}],"inLanguage":"pt-BR"},{"@type":"Organization","@id":"https:\/\/www.aceguarulhos.com.br\/blog\/#organization","name":"ACE-Guarulhos","url":"https:\/\/www.aceguarulhos.com.br\/blog\/","logo":{"@type":"ImageObject","inLanguage":"pt-BR","@id":"https:\/\/www.aceguarulhos.com.br\/blog\/#\/schema\/logo\/image\/","url":"https:\/\/www.aceguarulhos.com.br\/blog\/wp-content\/uploads\/2017\/12\/logo-aceguarulhos-2018.png","contentUrl":"https:\/\/www.aceguarulhos.com.br\/blog\/wp-content\/uploads\/2017\/12\/logo-aceguarulhos-2018.png","width":419,"height":76,"caption":"ACE-Guarulhos"},"image":{"@id":"https:\/\/www.aceguarulhos.com.br\/blog\/#\/schema\/logo\/image\/"},"sameAs":["https:\/\/www.facebook.com\/aceguarulhos\/","https:\/\/br.linkedin.com\/in\/ace-guarulhos-b9a97093","https:\/\/www.youtube.com\/user\/aceguarulhos"]},{"@type":"Person","@id":"https:\/\/www.aceguarulhos.com.br\/blog\/#\/schema\/person\/6983b51bad37489989e4f09698c26237","name":"Assessoria de Imprensa ACE-Guarulhos","image":{"@type":"ImageObject","inLanguage":"pt-BR","@id":"https:\/\/secure.gravatar.com\/avatar\/707f3fadd6918afeb64173ab22d8a8cb0676953098a4f31ff36dc2b4c699ef6a?s=96&d=mm&r=g","url":"https:\/\/secure.gravatar.com\/avatar\/707f3fadd6918afeb64173ab22d8a8cb0676953098a4f31ff36dc2b4c699ef6a?s=96&d=mm&r=g","contentUrl":"https:\/\/secure.gravatar.com\/avatar\/707f3fadd6918afeb64173ab22d8a8cb0676953098a4f31ff36dc2b4c699ef6a?s=96&d=mm&r=g","caption":"Assessoria de Imprensa ACE-Guarulhos"},"url":"https:\/\/www.aceguarulhos.com.br\/blog\/author\/assessoria-de-imprensa-ace-guarulhos\/"}]}},"wps_subtitle":"","amp_enabled":true,"_links":{"self":[{"href":"https:\/\/www.aceguarulhos.com.br\/blog\/wp-json\/wp\/v2\/posts\/29647","targetHints":{"allow":["GET"]}}],"collection":[{"href":"https:\/\/www.aceguarulhos.com.br\/blog\/wp-json\/wp\/v2\/posts"}],"about":[{"href":"https:\/\/www.aceguarulhos.com.br\/blog\/wp-json\/wp\/v2\/types\/post"}],"author":[{"embeddable":true,"href":"https:\/\/www.aceguarulhos.com.br\/blog\/wp-json\/wp\/v2\/users\/8"}],"replies":[{"embeddable":true,"href":"https:\/\/www.aceguarulhos.com.br\/blog\/wp-json\/wp\/v2\/comments?post=29647"}],"version-history":[{"count":0,"href":"https:\/\/www.aceguarulhos.com.br\/blog\/wp-json\/wp\/v2\/posts\/29647\/revisions"}],"wp:attachment":[{"href":"https:\/\/www.aceguarulhos.com.br\/blog\/wp-json\/wp\/v2\/media?parent=29647"}],"wp:term":[{"taxonomy":"category","embeddable":true,"href":"https:\/\/www.aceguarulhos.com.br\/blog\/wp-json\/wp\/v2\/categories?post=29647"},{"taxonomy":"post_tag","embeddable":true,"href":"https:\/\/www.aceguarulhos.com.br\/blog\/wp-json\/wp\/v2\/tags?post=29647"}],"curies":[{"name":"wp","href":"https:\/\/api.w.org\/{rel}","templated":true}]}}