{"id":29637,"date":"2005-08-12T10:46:47","date_gmt":"2005-08-12T10:46:47","guid":{"rendered":"http:\/\/www.aceguarulhos.com.br\/blog\/?p=29637"},"modified":"-0001-11-30T00:00:00","modified_gmt":"-0001-11-30T03:00:00","slug":"empres%c3%a1rios-do-brasil-v%c3%a3o-%c3%a0-pol%c3%b4nia","status":"publish","type":"post","link":"https:\/\/www.aceguarulhos.com.br\/blog\/empres%c3%a1rios-do-brasil-v%c3%a3o-%c3%a0-pol%c3%b4nia\/","title":{"rendered":"Empres\u00e1rios do Brasil v\u00e3o \u00e0 Pol\u00f4nia"},"content":{"rendered":"<p><P><EM>Miss\u00e3o brasileira liderada pelo vice-governador de S\u00e3o Paulo, Cl\u00e1udio Lembo, acontece no m\u00eas de setembro<\/EM><\/P><P>Com o objetivo de ampliar o interc\u00e2mbio e explorar novas parcerias empresariais com a Pol\u00f4nia, o Brasil, mais especificamente representado pelo Estado de S\u00e3o Paulo, far\u00e1 uma miss\u00e3o empresarial ao pa\u00eds entre os dias 17 e 22 de setembro. A miss\u00e3o ter\u00e1 a lideran\u00e7a do vice-governador do Estado de S\u00e3o Paulo, Prof\u00b0. Cl\u00e1udio Lembo.<\/P><P>A organiza\u00e7\u00e3o da miss\u00e3o est\u00e1 a cargo da S\u00e3o Paulo Chamber of Commerce e conta com o apoio da Federa\u00e7\u00e3o das Associa\u00e7\u00f5es Comerciais do Estado de S\u00e3o Paulo (Facesp), da Secretaria de Ci\u00eancia, Tecnologia e Desenvolvimento Econ\u00f4mico do Estado de S\u00e3o Paulo, da Embaixada do Brasil na Pol\u00f4nia e da principal C\u00e2mara empresarial daquele pa\u00eds.<\/P><P><STRONG>Mercado &#8211;<\/STRONG> Alguns segmentos de mercado interessam a ambos pa\u00edses, como o aeroespacial, os implementos agr\u00edcolas, moda, confec\u00e7\u00e3o e cal\u00e7ados, equipamentos off-shore, aparelhos e equipamentos m\u00e9dico-hospitalar e odontol\u00f3gicos, autope\u00e7as, produtos aliment\u00edcios e opera\u00e7\u00e3o portu\u00e1ria. <\/P><P>Maiores informa\u00e7\u00f5es sobre a miss\u00e3o empresarial \u00e0 Pol\u00f4nia, como convite aos empres\u00e1rios, programa\u00e7\u00e3o, detalhes da miss\u00e3o, ficha de inscri\u00e7\u00e3o e outros assuntos, entrar em contato com Natelma Miranda (Facesp) pelo telefone 3244-3043 ou pelo e-mail <A href=\"mailto:natelma@sii-facesp.com.br\">natelma@sii-facesp.com.br<\/A>. O prazo de inscri\u00e7\u00f5es encerra-se no pr\u00f3ximo dia 17 de agosto de 2005.<BR><\/P><\/p>\n","protected":false},"excerpt":{"rendered":"Miss\u00e3o brasileira liderada pelo vice-governador de S\u00e3o Paulo, Cl\u00e1udio Lembo, acontece no m\u00eas de setembroCom o objetivo de ampliar o interc\u00e2mbio e explorar \n<a class=\"moretag\" href=\"https:\/\/www.aceguarulhos.com.br\/blog\/empres%c3%a1rios-do-brasil-v%c3%a3o-%c3%a0-pol%c3%b4nia\/\"> [...]<\/a>","protected":false},"author":8,"featured_media":0,"comment_status":"open","ping_status":"open","sticky":false,"template":"","format":"standard","meta":{"footnotes":""},"categories":[2],"tags":[],"class_list":["post-29637","post","type-post","status-publish","format-standard","hentry","category-noticias"],"yoast_head":"<!-- This site is optimized with the Yoast SEO plugin v28.1 - https:\/\/yoast.com\/product\/yoast-seo-wordpress\/ -->\n<title>Empres\u00e1rios do Brasil v\u00e3o \u00e0 Pol\u00f4nia - ACE-Guarulhos<\/title>\n<meta name=\"robots\" content=\"index, follow, max-snippet:-1, max-image-preview:large, max-video-preview:-1\" \/>\n<link rel=\"canonical\" href=\"https:\/\/www.aceguarulhos.com.br\/blog\/empres\u00e1rios-do-brasil-v\u00e3o-\u00e0-pol\u00f4nia\/\" \/>\n<meta property=\"og:locale\" content=\"pt_BR\" \/>\n<meta property=\"og:type\" content=\"article\" \/>\n<meta property=\"og:title\" content=\"Empres\u00e1rios do Brasil v\u00e3o \u00e0 Pol\u00f4nia - ACE-Guarulhos\" \/>\n<meta property=\"og:description\" content=\"Miss\u00e3o brasileira liderada pelo vice-governador de S\u00e3o Paulo, Cl\u00e1udio Lembo, acontece no m\u00eas de setembroCom o objetivo de ampliar o interc\u00e2mbio e explorar\" \/>\n<meta property=\"og:url\" content=\"https:\/\/www.aceguarulhos.com.br\/blog\/empres\u00e1rios-do-brasil-v\u00e3o-\u00e0-pol\u00f4nia\/\" \/>\n<meta property=\"og:site_name\" content=\"ACE-Guarulhos\" \/>\n<meta property=\"article:publisher\" content=\"https:\/\/www.facebook.com\/aceguarulhos\/\" \/>\n<meta property=\"article:published_time\" content=\"2005-08-12T10:46:47+00:00\" \/>\n<meta name=\"author\" content=\"Assessoria de Imprensa ACE-Guarulhos\" \/>\n<meta name=\"twitter:card\" content=\"summary_large_image\" \/>\n<meta name=\"twitter:label1\" content=\"Escrito por\" \/>\n\t<meta name=\"twitter:data1\" content=\"Assessoria de Imprensa ACE-Guarulhos\" \/>\n\t<meta name=\"twitter:label2\" content=\"Est. tempo de leitura\" \/>\n\t<meta name=\"twitter:data2\" content=\"1 minuto\" \/>\n<script type=\"application\/ld+json\" class=\"yoast-schema-graph\">{\"@context\":\"https:\\\/\\\/schema.org\",\"@graph\":[{\"@type\":\"Article\",\"@id\":\"https:\\\/\\\/www.aceguarulhos.com.br\\\/blog\\\/empres%c3%a1rios-do-brasil-v%c3%a3o-%c3%a0-pol%c3%b4nia\\\/#article\",\"isPartOf\":{\"@id\":\"https:\\\/\\\/www.aceguarulhos.com.br\\\/blog\\\/empres%c3%a1rios-do-brasil-v%c3%a3o-%c3%a0-pol%c3%b4nia\\\/\"},\"author\":{\"name\":\"Assessoria de Imprensa ACE-Guarulhos\",\"@id\":\"https:\\\/\\\/www.aceguarulhos.com.br\\\/blog\\\/#\\\/schema\\\/person\\\/6983b51bad37489989e4f09698c26237\"},\"headline\":\"Empres\u00e1rios do Brasil v\u00e3o \u00e0 Pol\u00f4nia\",\"datePublished\":\"2005-08-12T10:46:47+00:00\",\"mainEntityOfPage\":{\"@id\":\"https:\\\/\\\/www.aceguarulhos.com.br\\\/blog\\\/empres%c3%a1rios-do-brasil-v%c3%a3o-%c3%a0-pol%c3%b4nia\\\/\"},\"wordCount\":257,\"commentCount\":0,\"publisher\":{\"@id\":\"https:\\\/\\\/www.aceguarulhos.com.br\\\/blog\\\/#organization\"},\"articleSection\":[\"Not\u00edcias\"],\"inLanguage\":\"pt-BR\"},{\"@type\":\"WebPage\",\"@id\":\"https:\\\/\\\/www.aceguarulhos.com.br\\\/blog\\\/empres%c3%a1rios-do-brasil-v%c3%a3o-%c3%a0-pol%c3%b4nia\\\/\",\"url\":\"https:\\\/\\\/www.aceguarulhos.com.br\\\/blog\\\/empres%c3%a1rios-do-brasil-v%c3%a3o-%c3%a0-pol%c3%b4nia\\\/\",\"name\":\"Empres\u00e1rios do Brasil v\u00e3o \u00e0 Pol\u00f4nia - ACE-Guarulhos\",\"isPartOf\":{\"@id\":\"https:\\\/\\\/www.aceguarulhos.com.br\\\/blog\\\/#website\"},\"datePublished\":\"2005-08-12T10:46:47+00:00\",\"breadcrumb\":{\"@id\":\"https:\\\/\\\/www.aceguarulhos.com.br\\\/blog\\\/empres%c3%a1rios-do-brasil-v%c3%a3o-%c3%a0-pol%c3%b4nia\\\/#breadcrumb\"},\"inLanguage\":\"pt-BR\",\"potentialAction\":[{\"@type\":\"ReadAction\",\"target\":[\"https:\\\/\\\/www.aceguarulhos.com.br\\\/blog\\\/empres%c3%a1rios-do-brasil-v%c3%a3o-%c3%a0-pol%c3%b4nia\\\/\"]}]},{\"@type\":\"BreadcrumbList\",\"@id\":\"https:\\\/\\\/www.aceguarulhos.com.br\\\/blog\\\/empres%c3%a1rios-do-brasil-v%c3%a3o-%c3%a0-pol%c3%b4nia\\\/#breadcrumb\",\"itemListElement\":[{\"@type\":\"ListItem\",\"position\":1,\"name\":\"In\u00edcio\",\"item\":\"https:\\\/\\\/www.aceguarulhos.com.br\\\/blog\\\/\"},{\"@type\":\"ListItem\",\"position\":2,\"name\":\"Empres\u00e1rios do Brasil v\u00e3o \u00e0 Pol\u00f4nia\"}]},{\"@type\":\"WebSite\",\"@id\":\"https:\\\/\\\/www.aceguarulhos.com.br\\\/blog\\\/#website\",\"url\":\"https:\\\/\\\/www.aceguarulhos.com.br\\\/blog\\\/\",\"name\":\"ACE-Guarulhos\",\"description\":\"A ACE-Guarulhos \u00e9 uma associa\u00e7\u00e3o que ap\u00f3ia os empres\u00e1rios guarulhenses atrav\u00e9s da representa\u00e7\u00e3o, da gera\u00e7\u00e3o de neg\u00f3cios e presta\u00e7\u00e3o de servi\u00e7os.\",\"publisher\":{\"@id\":\"https:\\\/\\\/www.aceguarulhos.com.br\\\/blog\\\/#organization\"},\"potentialAction\":[{\"@type\":\"SearchAction\",\"target\":{\"@type\":\"EntryPoint\",\"urlTemplate\":\"https:\\\/\\\/www.aceguarulhos.com.br\\\/blog\\\/?s={search_term_string}\"},\"query-input\":{\"@type\":\"PropertyValueSpecification\",\"valueRequired\":true,\"valueName\":\"search_term_string\"}}],\"inLanguage\":\"pt-BR\"},{\"@type\":\"Organization\",\"@id\":\"https:\\\/\\\/www.aceguarulhos.com.br\\\/blog\\\/#organization\",\"name\":\"ACE-Guarulhos\",\"url\":\"https:\\\/\\\/www.aceguarulhos.com.br\\\/blog\\\/\",\"logo\":{\"@type\":\"ImageObject\",\"inLanguage\":\"pt-BR\",\"@id\":\"https:\\\/\\\/www.aceguarulhos.com.br\\\/blog\\\/#\\\/schema\\\/logo\\\/image\\\/\",\"url\":\"https:\\\/\\\/www.aceguarulhos.com.br\\\/blog\\\/wp-content\\\/uploads\\\/2017\\\/12\\\/logo-aceguarulhos-2018.png\",\"contentUrl\":\"https:\\\/\\\/www.aceguarulhos.com.br\\\/blog\\\/wp-content\\\/uploads\\\/2017\\\/12\\\/logo-aceguarulhos-2018.png\",\"width\":419,\"height\":76,\"caption\":\"ACE-Guarulhos\"},\"image\":{\"@id\":\"https:\\\/\\\/www.aceguarulhos.com.br\\\/blog\\\/#\\\/schema\\\/logo\\\/image\\\/\"},\"sameAs\":[\"https:\\\/\\\/www.facebook.com\\\/aceguarulhos\\\/\",\"https:\\\/\\\/br.linkedin.com\\\/in\\\/ace-guarulhos-b9a97093\",\"https:\\\/\\\/www.youtube.com\\\/user\\\/aceguarulhos\"]},{\"@type\":\"Person\",\"@id\":\"https:\\\/\\\/www.aceguarulhos.com.br\\\/blog\\\/#\\\/schema\\\/person\\\/6983b51bad37489989e4f09698c26237\",\"name\":\"Assessoria de Imprensa ACE-Guarulhos\",\"image\":{\"@type\":\"ImageObject\",\"inLanguage\":\"pt-BR\",\"@id\":\"https:\\\/\\\/secure.gravatar.com\\\/avatar\\\/707f3fadd6918afeb64173ab22d8a8cb0676953098a4f31ff36dc2b4c699ef6a?s=96&d=mm&r=g\",\"url\":\"https:\\\/\\\/secure.gravatar.com\\\/avatar\\\/707f3fadd6918afeb64173ab22d8a8cb0676953098a4f31ff36dc2b4c699ef6a?s=96&d=mm&r=g\",\"contentUrl\":\"https:\\\/\\\/secure.gravatar.com\\\/avatar\\\/707f3fadd6918afeb64173ab22d8a8cb0676953098a4f31ff36dc2b4c699ef6a?s=96&d=mm&r=g\",\"caption\":\"Assessoria de Imprensa ACE-Guarulhos\"},\"url\":\"https:\\\/\\\/www.aceguarulhos.com.br\\\/blog\\\/author\\\/assessoria-de-imprensa-ace-guarulhos\\\/\"}]}<\/script>\n<!-- \/ Yoast SEO plugin. -->","yoast_head_json":{"title":"Empres\u00e1rios do Brasil v\u00e3o \u00e0 Pol\u00f4nia - ACE-Guarulhos","robots":{"index":"index","follow":"follow","max-snippet":"max-snippet:-1","max-image-preview":"max-image-preview:large","max-video-preview":"max-video-preview:-1"},"canonical":"https:\/\/www.aceguarulhos.com.br\/blog\/empres\u00e1rios-do-brasil-v\u00e3o-\u00e0-pol\u00f4nia\/","og_locale":"pt_BR","og_type":"article","og_title":"Empres\u00e1rios do Brasil v\u00e3o \u00e0 Pol\u00f4nia - ACE-Guarulhos","og_description":"Miss\u00e3o brasileira liderada pelo vice-governador de S\u00e3o Paulo, Cl\u00e1udio Lembo, acontece no m\u00eas de setembroCom o objetivo de ampliar o interc\u00e2mbio e explorar","og_url":"https:\/\/www.aceguarulhos.com.br\/blog\/empres\u00e1rios-do-brasil-v\u00e3o-\u00e0-pol\u00f4nia\/","og_site_name":"ACE-Guarulhos","article_publisher":"https:\/\/www.facebook.com\/aceguarulhos\/","article_published_time":"2005-08-12T10:46:47+00:00","author":"Assessoria de Imprensa ACE-Guarulhos","twitter_card":"summary_large_image","twitter_misc":{"Escrito por":"Assessoria de Imprensa ACE-Guarulhos","Est. tempo de leitura":"1 minuto"},"schema":{"@context":"https:\/\/schema.org","@graph":[{"@type":"Article","@id":"https:\/\/www.aceguarulhos.com.br\/blog\/empres%c3%a1rios-do-brasil-v%c3%a3o-%c3%a0-pol%c3%b4nia\/#article","isPartOf":{"@id":"https:\/\/www.aceguarulhos.com.br\/blog\/empres%c3%a1rios-do-brasil-v%c3%a3o-%c3%a0-pol%c3%b4nia\/"},"author":{"name":"Assessoria de Imprensa ACE-Guarulhos","@id":"https:\/\/www.aceguarulhos.com.br\/blog\/#\/schema\/person\/6983b51bad37489989e4f09698c26237"},"headline":"Empres\u00e1rios do Brasil v\u00e3o \u00e0 Pol\u00f4nia","datePublished":"2005-08-12T10:46:47+00:00","mainEntityOfPage":{"@id":"https:\/\/www.aceguarulhos.com.br\/blog\/empres%c3%a1rios-do-brasil-v%c3%a3o-%c3%a0-pol%c3%b4nia\/"},"wordCount":257,"commentCount":0,"publisher":{"@id":"https:\/\/www.aceguarulhos.com.br\/blog\/#organization"},"articleSection":["Not\u00edcias"],"inLanguage":"pt-BR"},{"@type":"WebPage","@id":"https:\/\/www.aceguarulhos.com.br\/blog\/empres%c3%a1rios-do-brasil-v%c3%a3o-%c3%a0-pol%c3%b4nia\/","url":"https:\/\/www.aceguarulhos.com.br\/blog\/empres%c3%a1rios-do-brasil-v%c3%a3o-%c3%a0-pol%c3%b4nia\/","name":"Empres\u00e1rios do Brasil v\u00e3o \u00e0 Pol\u00f4nia - ACE-Guarulhos","isPartOf":{"@id":"https:\/\/www.aceguarulhos.com.br\/blog\/#website"},"datePublished":"2005-08-12T10:46:47+00:00","breadcrumb":{"@id":"https:\/\/www.aceguarulhos.com.br\/blog\/empres%c3%a1rios-do-brasil-v%c3%a3o-%c3%a0-pol%c3%b4nia\/#breadcrumb"},"inLanguage":"pt-BR","potentialAction":[{"@type":"ReadAction","target":["https:\/\/www.aceguarulhos.com.br\/blog\/empres%c3%a1rios-do-brasil-v%c3%a3o-%c3%a0-pol%c3%b4nia\/"]}]},{"@type":"BreadcrumbList","@id":"https:\/\/www.aceguarulhos.com.br\/blog\/empres%c3%a1rios-do-brasil-v%c3%a3o-%c3%a0-pol%c3%b4nia\/#breadcrumb","itemListElement":[{"@type":"ListItem","position":1,"name":"In\u00edcio","item":"https:\/\/www.aceguarulhos.com.br\/blog\/"},{"@type":"ListItem","position":2,"name":"Empres\u00e1rios do Brasil v\u00e3o \u00e0 Pol\u00f4nia"}]},{"@type":"WebSite","@id":"https:\/\/www.aceguarulhos.com.br\/blog\/#website","url":"https:\/\/www.aceguarulhos.com.br\/blog\/","name":"ACE-Guarulhos","description":"A ACE-Guarulhos \u00e9 uma associa\u00e7\u00e3o que ap\u00f3ia os empres\u00e1rios guarulhenses atrav\u00e9s da representa\u00e7\u00e3o, da gera\u00e7\u00e3o de neg\u00f3cios e presta\u00e7\u00e3o de servi\u00e7os.","publisher":{"@id":"https:\/\/www.aceguarulhos.com.br\/blog\/#organization"},"potentialAction":[{"@type":"SearchAction","target":{"@type":"EntryPoint","urlTemplate":"https:\/\/www.aceguarulhos.com.br\/blog\/?s={search_term_string}"},"query-input":{"@type":"PropertyValueSpecification","valueRequired":true,"valueName":"search_term_string"}}],"inLanguage":"pt-BR"},{"@type":"Organization","@id":"https:\/\/www.aceguarulhos.com.br\/blog\/#organization","name":"ACE-Guarulhos","url":"https:\/\/www.aceguarulhos.com.br\/blog\/","logo":{"@type":"ImageObject","inLanguage":"pt-BR","@id":"https:\/\/www.aceguarulhos.com.br\/blog\/#\/schema\/logo\/image\/","url":"https:\/\/www.aceguarulhos.com.br\/blog\/wp-content\/uploads\/2017\/12\/logo-aceguarulhos-2018.png","contentUrl":"https:\/\/www.aceguarulhos.com.br\/blog\/wp-content\/uploads\/2017\/12\/logo-aceguarulhos-2018.png","width":419,"height":76,"caption":"ACE-Guarulhos"},"image":{"@id":"https:\/\/www.aceguarulhos.com.br\/blog\/#\/schema\/logo\/image\/"},"sameAs":["https:\/\/www.facebook.com\/aceguarulhos\/","https:\/\/br.linkedin.com\/in\/ace-guarulhos-b9a97093","https:\/\/www.youtube.com\/user\/aceguarulhos"]},{"@type":"Person","@id":"https:\/\/www.aceguarulhos.com.br\/blog\/#\/schema\/person\/6983b51bad37489989e4f09698c26237","name":"Assessoria de Imprensa ACE-Guarulhos","image":{"@type":"ImageObject","inLanguage":"pt-BR","@id":"https:\/\/secure.gravatar.com\/avatar\/707f3fadd6918afeb64173ab22d8a8cb0676953098a4f31ff36dc2b4c699ef6a?s=96&d=mm&r=g","url":"https:\/\/secure.gravatar.com\/avatar\/707f3fadd6918afeb64173ab22d8a8cb0676953098a4f31ff36dc2b4c699ef6a?s=96&d=mm&r=g","contentUrl":"https:\/\/secure.gravatar.com\/avatar\/707f3fadd6918afeb64173ab22d8a8cb0676953098a4f31ff36dc2b4c699ef6a?s=96&d=mm&r=g","caption":"Assessoria de Imprensa ACE-Guarulhos"},"url":"https:\/\/www.aceguarulhos.com.br\/blog\/author\/assessoria-de-imprensa-ace-guarulhos\/"}]}},"wps_subtitle":"","amp_enabled":true,"_links":{"self":[{"href":"https:\/\/www.aceguarulhos.com.br\/blog\/wp-json\/wp\/v2\/posts\/29637","targetHints":{"allow":["GET"]}}],"collection":[{"href":"https:\/\/www.aceguarulhos.com.br\/blog\/wp-json\/wp\/v2\/posts"}],"about":[{"href":"https:\/\/www.aceguarulhos.com.br\/blog\/wp-json\/wp\/v2\/types\/post"}],"author":[{"embeddable":true,"href":"https:\/\/www.aceguarulhos.com.br\/blog\/wp-json\/wp\/v2\/users\/8"}],"replies":[{"embeddable":true,"href":"https:\/\/www.aceguarulhos.com.br\/blog\/wp-json\/wp\/v2\/comments?post=29637"}],"version-history":[{"count":0,"href":"https:\/\/www.aceguarulhos.com.br\/blog\/wp-json\/wp\/v2\/posts\/29637\/revisions"}],"wp:attachment":[{"href":"https:\/\/www.aceguarulhos.com.br\/blog\/wp-json\/wp\/v2\/media?parent=29637"}],"wp:term":[{"taxonomy":"category","embeddable":true,"href":"https:\/\/www.aceguarulhos.com.br\/blog\/wp-json\/wp\/v2\/categories?post=29637"},{"taxonomy":"post_tag","embeddable":true,"href":"https:\/\/www.aceguarulhos.com.br\/blog\/wp-json\/wp\/v2\/tags?post=29637"}],"curies":[{"name":"wp","href":"https:\/\/api.w.org\/{rel}","templated":true}]}}