{"id":29602,"date":"2005-08-01T14:45:00","date_gmt":"2005-08-01T14:45:00","guid":{"rendered":"http:\/\/www.aceguarulhos.com.br\/blog\/?p=29602"},"modified":"-0001-11-30T00:00:00","modified_gmt":"-0001-11-30T03:00:00","slug":"confer%c3%aancia-da-cidade-teve-a-participa%c3%a7%c3%a3o-da-ace","status":"publish","type":"post","link":"https:\/\/www.aceguarulhos.com.br\/blog\/confer%c3%aancia-da-cidade-teve-a-participa%c3%a7%c3%a3o-da-ace\/","title":{"rendered":"Confer\u00eancia da Cidade teve a participa\u00e7\u00e3o da ACE"},"content":{"rendered":"<p><P><EM>Mesa de discuss\u00e3o, presidida pela Prefeitura, aconteceu em oito regi\u00f5es de Guarulhos, com o objetivo de propor solu\u00e7\u00f5es para o munic\u00edpio<\/EM><\/P><P>Com o objetivo de apontar os problemas e criar solu\u00e7\u00f5es para cada regi\u00e3o do munic\u00edpio de Guarulhos, a Administra\u00e7\u00e3o Municipal deu in\u00edcio no dia 13 de julho a 2\u00aa Confer\u00eancia da Cidade. Sob o tema &#8220;Cidade para todos&#8221; &#8211; &#8220;Guarulhos, uma cidade de Desenvolvimento Econ\u00f4mico, Social e Urbano&#8221;, o evento contou com a participa\u00e7\u00e3o de representantes de setores da sociedade organizada, dentre eles a Associa\u00e7\u00e3o Comercial e Empresarial de Guarulhos.<\/P><P><BR>A confer\u00eancia foi presidida pela Prefeitura Municipal e ocorreu em oito regi\u00f5es diferentes da cidade. Ela teve como finalidade propor recomenda\u00e7\u00f5es e orienta\u00e7\u00f5es nos seguintes temas: programa de desenvolvimento da zona aeroportu\u00e1ria e da Cidade Sat\u00e9lite de Cumbica; programa de desenvolvimento para o centro; lei de uso e ocupa\u00e7\u00e3o do solo;\u00a0 programa de desenvolvimento para a regi\u00e3o da Cidade Jardim Cumbica, Jardim Presidente Dutra e Bonsucesso; programa de desenvolvimento para a regi\u00e3o do Tabo\u00e3o e Jardim S\u00e3o Jo\u00e3o; e programa de desenvolvimento para a regi\u00e3o do Tabo\u00e3o e Cabu\u00e7u.<\/P><P><BR>Delegados &#8211; As entidades que participaram da confer\u00eancia, tiveram que eleger delegados, que no total somaram 300.<BR>Os delegados foram distribu\u00eddos da seguinte forma: gestores, administradores p\u00fablicos e legislativos municipais, com um total de 127 (42,3%); movimentos sociais e populares, com 80 (26,7%); trabalhadores, atrav\u00e9s de suas entidades sindicais, empres\u00e1rios relacionados \u00e0 produ\u00e7\u00e3o e ao financiamento do desenvolvimento urbano, com 30 (9,9%);\u00a0 entidades profissionais, acad\u00eamicas e de pesquisa, com 18 (6%); Organiza\u00e7\u00f5es n\u00e3o-governamentais, com 12 (4,2%) e conselhos regionais, com 3 (1%).<\/P><P><BR>A confer\u00eancia, atrav\u00e9s dos delegados, est\u00e1 encaminhando um documento \u00e0 2\u00aa Confer\u00eancia Nacional das Cidades, do Governo Federal, com tr\u00eas propostas em cada um dos quatro temas de abrang\u00eancia nacional: participa\u00e7\u00e3o e controle; a quest\u00e3o federativa; pol\u00edtica urbana, regional e metropolitana e financiamento do desenvolvimento urbano.<\/P><P><BR>Representando a ACE, o diretor administrativo da entidade, Jorge Taiar, disse que foi muito importante participar da discuss\u00e3o, que poder\u00e1 resultar em melhorias para o munic\u00edpio.<BR><\/P><P>&#8220;Foi uma grande oportunidade que a Associa\u00e7\u00e3o Comercial teve para apontar ao governo as necessidades da cidade e desta forma ajudar na luta para que estas melhorias aconte\u00e7am&#8221;, afirmou.<BR><\/P><P>No dia 20 de julho, a ACE participou da mesa de discuss\u00e3o da confer\u00eancia, ocorrida no audit\u00f3rio da Universidade Guarulhos, na regi\u00e3o central.<BR><\/P><P>&#8220;Esta \u00e9 mais uma iniciativa da prefeitura em ouvir a comunidade. N\u00f3s esperamos que tudo que foi aqui pleiteado, transforme-se em a\u00e7\u00f5es de desenvolvimento para Guarulhos&#8221;, ressaltou o atual presidente da ACE, Decio Pomp\u00eao Junior. <BR><\/P><P>A 2\u00ba Confer\u00eancia da Cidade de Guarulhos terminou no \u00faltimo domingo, dia 31 de julho.<\/P><\/p>\n","protected":false},"excerpt":{"rendered":"Mesa de discuss\u00e3o, presidida pela Prefeitura, aconteceu em oito regi\u00f5es de Guarulhos, com o objetivo de propor solu\u00e7\u00f5es para o munic\u00edpioCom o objetivo \n<a class=\"moretag\" href=\"https:\/\/www.aceguarulhos.com.br\/blog\/confer%c3%aancia-da-cidade-teve-a-participa%c3%a7%c3%a3o-da-ace\/\"> [...]<\/a>","protected":false},"author":8,"featured_media":0,"comment_status":"open","ping_status":"open","sticky":false,"template":"","format":"standard","meta":{"footnotes":""},"categories":[2],"tags":[],"class_list":["post-29602","post","type-post","status-publish","format-standard","hentry","category-noticias"],"yoast_head":"<!-- This site is optimized with the Yoast SEO plugin v28.1 - https:\/\/yoast.com\/product\/yoast-seo-wordpress\/ -->\n<title>Confer\u00eancia da Cidade teve a participa\u00e7\u00e3o da ACE - ACE-Guarulhos<\/title>\n<meta name=\"robots\" content=\"index, follow, max-snippet:-1, max-image-preview:large, max-video-preview:-1\" \/>\n<link rel=\"canonical\" href=\"https:\/\/www.aceguarulhos.com.br\/blog\/confer\u00eancia-da-cidade-teve-a-participa\u00e7\u00e3o-da-ace\/\" \/>\n<meta property=\"og:locale\" content=\"pt_BR\" \/>\n<meta property=\"og:type\" content=\"article\" \/>\n<meta property=\"og:title\" content=\"Confer\u00eancia da Cidade teve a participa\u00e7\u00e3o da ACE - ACE-Guarulhos\" \/>\n<meta property=\"og:description\" content=\"Mesa de discuss\u00e3o, presidida pela Prefeitura, aconteceu em oito regi\u00f5es de Guarulhos, com o objetivo de propor solu\u00e7\u00f5es para o munic\u00edpioCom o objetivo\" \/>\n<meta property=\"og:url\" content=\"https:\/\/www.aceguarulhos.com.br\/blog\/confer\u00eancia-da-cidade-teve-a-participa\u00e7\u00e3o-da-ace\/\" \/>\n<meta property=\"og:site_name\" content=\"ACE-Guarulhos\" \/>\n<meta property=\"article:publisher\" content=\"https:\/\/www.facebook.com\/aceguarulhos\/\" \/>\n<meta property=\"article:published_time\" content=\"2005-08-01T14:45:00+00:00\" \/>\n<meta name=\"author\" content=\"Assessoria de Imprensa ACE-Guarulhos\" \/>\n<meta name=\"twitter:card\" content=\"summary_large_image\" \/>\n<meta name=\"twitter:label1\" content=\"Escrito por\" \/>\n\t<meta name=\"twitter:data1\" content=\"Assessoria de Imprensa ACE-Guarulhos\" \/>\n\t<meta name=\"twitter:label2\" content=\"Est. tempo de leitura\" \/>\n\t<meta name=\"twitter:data2\" content=\"2 minutos\" \/>\n<script type=\"application\/ld+json\" class=\"yoast-schema-graph\">{\"@context\":\"https:\\\/\\\/schema.org\",\"@graph\":[{\"@type\":\"Article\",\"@id\":\"https:\\\/\\\/www.aceguarulhos.com.br\\\/blog\\\/confer%c3%aancia-da-cidade-teve-a-participa%c3%a7%c3%a3o-da-ace\\\/#article\",\"isPartOf\":{\"@id\":\"https:\\\/\\\/www.aceguarulhos.com.br\\\/blog\\\/confer%c3%aancia-da-cidade-teve-a-participa%c3%a7%c3%a3o-da-ace\\\/\"},\"author\":{\"name\":\"Assessoria de Imprensa ACE-Guarulhos\",\"@id\":\"https:\\\/\\\/www.aceguarulhos.com.br\\\/blog\\\/#\\\/schema\\\/person\\\/6983b51bad37489989e4f09698c26237\"},\"headline\":\"Confer\u00eancia da Cidade teve a participa\u00e7\u00e3o da ACE\",\"datePublished\":\"2005-08-01T14:45:00+00:00\",\"mainEntityOfPage\":{\"@id\":\"https:\\\/\\\/www.aceguarulhos.com.br\\\/blog\\\/confer%c3%aancia-da-cidade-teve-a-participa%c3%a7%c3%a3o-da-ace\\\/\"},\"wordCount\":481,\"commentCount\":0,\"publisher\":{\"@id\":\"https:\\\/\\\/www.aceguarulhos.com.br\\\/blog\\\/#organization\"},\"articleSection\":[\"Not\u00edcias\"],\"inLanguage\":\"pt-BR\"},{\"@type\":\"WebPage\",\"@id\":\"https:\\\/\\\/www.aceguarulhos.com.br\\\/blog\\\/confer%c3%aancia-da-cidade-teve-a-participa%c3%a7%c3%a3o-da-ace\\\/\",\"url\":\"https:\\\/\\\/www.aceguarulhos.com.br\\\/blog\\\/confer%c3%aancia-da-cidade-teve-a-participa%c3%a7%c3%a3o-da-ace\\\/\",\"name\":\"Confer\u00eancia da Cidade teve a participa\u00e7\u00e3o da ACE - ACE-Guarulhos\",\"isPartOf\":{\"@id\":\"https:\\\/\\\/www.aceguarulhos.com.br\\\/blog\\\/#website\"},\"datePublished\":\"2005-08-01T14:45:00+00:00\",\"breadcrumb\":{\"@id\":\"https:\\\/\\\/www.aceguarulhos.com.br\\\/blog\\\/confer%c3%aancia-da-cidade-teve-a-participa%c3%a7%c3%a3o-da-ace\\\/#breadcrumb\"},\"inLanguage\":\"pt-BR\",\"potentialAction\":[{\"@type\":\"ReadAction\",\"target\":[\"https:\\\/\\\/www.aceguarulhos.com.br\\\/blog\\\/confer%c3%aancia-da-cidade-teve-a-participa%c3%a7%c3%a3o-da-ace\\\/\"]}]},{\"@type\":\"BreadcrumbList\",\"@id\":\"https:\\\/\\\/www.aceguarulhos.com.br\\\/blog\\\/confer%c3%aancia-da-cidade-teve-a-participa%c3%a7%c3%a3o-da-ace\\\/#breadcrumb\",\"itemListElement\":[{\"@type\":\"ListItem\",\"position\":1,\"name\":\"In\u00edcio\",\"item\":\"https:\\\/\\\/www.aceguarulhos.com.br\\\/blog\\\/\"},{\"@type\":\"ListItem\",\"position\":2,\"name\":\"Confer\u00eancia da Cidade teve a participa\u00e7\u00e3o da ACE\"}]},{\"@type\":\"WebSite\",\"@id\":\"https:\\\/\\\/www.aceguarulhos.com.br\\\/blog\\\/#website\",\"url\":\"https:\\\/\\\/www.aceguarulhos.com.br\\\/blog\\\/\",\"name\":\"ACE-Guarulhos\",\"description\":\"A ACE-Guarulhos \u00e9 uma associa\u00e7\u00e3o que ap\u00f3ia os empres\u00e1rios guarulhenses atrav\u00e9s da representa\u00e7\u00e3o, da gera\u00e7\u00e3o de neg\u00f3cios e presta\u00e7\u00e3o de servi\u00e7os.\",\"publisher\":{\"@id\":\"https:\\\/\\\/www.aceguarulhos.com.br\\\/blog\\\/#organization\"},\"potentialAction\":[{\"@type\":\"SearchAction\",\"target\":{\"@type\":\"EntryPoint\",\"urlTemplate\":\"https:\\\/\\\/www.aceguarulhos.com.br\\\/blog\\\/?s={search_term_string}\"},\"query-input\":{\"@type\":\"PropertyValueSpecification\",\"valueRequired\":true,\"valueName\":\"search_term_string\"}}],\"inLanguage\":\"pt-BR\"},{\"@type\":\"Organization\",\"@id\":\"https:\\\/\\\/www.aceguarulhos.com.br\\\/blog\\\/#organization\",\"name\":\"ACE-Guarulhos\",\"url\":\"https:\\\/\\\/www.aceguarulhos.com.br\\\/blog\\\/\",\"logo\":{\"@type\":\"ImageObject\",\"inLanguage\":\"pt-BR\",\"@id\":\"https:\\\/\\\/www.aceguarulhos.com.br\\\/blog\\\/#\\\/schema\\\/logo\\\/image\\\/\",\"url\":\"https:\\\/\\\/www.aceguarulhos.com.br\\\/blog\\\/wp-content\\\/uploads\\\/2017\\\/12\\\/logo-aceguarulhos-2018.png\",\"contentUrl\":\"https:\\\/\\\/www.aceguarulhos.com.br\\\/blog\\\/wp-content\\\/uploads\\\/2017\\\/12\\\/logo-aceguarulhos-2018.png\",\"width\":419,\"height\":76,\"caption\":\"ACE-Guarulhos\"},\"image\":{\"@id\":\"https:\\\/\\\/www.aceguarulhos.com.br\\\/blog\\\/#\\\/schema\\\/logo\\\/image\\\/\"},\"sameAs\":[\"https:\\\/\\\/www.facebook.com\\\/aceguarulhos\\\/\",\"https:\\\/\\\/br.linkedin.com\\\/in\\\/ace-guarulhos-b9a97093\",\"https:\\\/\\\/www.youtube.com\\\/user\\\/aceguarulhos\"]},{\"@type\":\"Person\",\"@id\":\"https:\\\/\\\/www.aceguarulhos.com.br\\\/blog\\\/#\\\/schema\\\/person\\\/6983b51bad37489989e4f09698c26237\",\"name\":\"Assessoria de Imprensa ACE-Guarulhos\",\"image\":{\"@type\":\"ImageObject\",\"inLanguage\":\"pt-BR\",\"@id\":\"https:\\\/\\\/secure.gravatar.com\\\/avatar\\\/707f3fadd6918afeb64173ab22d8a8cb0676953098a4f31ff36dc2b4c699ef6a?s=96&d=mm&r=g\",\"url\":\"https:\\\/\\\/secure.gravatar.com\\\/avatar\\\/707f3fadd6918afeb64173ab22d8a8cb0676953098a4f31ff36dc2b4c699ef6a?s=96&d=mm&r=g\",\"contentUrl\":\"https:\\\/\\\/secure.gravatar.com\\\/avatar\\\/707f3fadd6918afeb64173ab22d8a8cb0676953098a4f31ff36dc2b4c699ef6a?s=96&d=mm&r=g\",\"caption\":\"Assessoria de Imprensa ACE-Guarulhos\"},\"url\":\"https:\\\/\\\/www.aceguarulhos.com.br\\\/blog\\\/author\\\/assessoria-de-imprensa-ace-guarulhos\\\/\"}]}<\/script>\n<!-- \/ Yoast SEO plugin. -->","yoast_head_json":{"title":"Confer\u00eancia da Cidade teve a participa\u00e7\u00e3o da ACE - ACE-Guarulhos","robots":{"index":"index","follow":"follow","max-snippet":"max-snippet:-1","max-image-preview":"max-image-preview:large","max-video-preview":"max-video-preview:-1"},"canonical":"https:\/\/www.aceguarulhos.com.br\/blog\/confer\u00eancia-da-cidade-teve-a-participa\u00e7\u00e3o-da-ace\/","og_locale":"pt_BR","og_type":"article","og_title":"Confer\u00eancia da Cidade teve a participa\u00e7\u00e3o da ACE - ACE-Guarulhos","og_description":"Mesa de discuss\u00e3o, presidida pela Prefeitura, aconteceu em oito regi\u00f5es de Guarulhos, com o objetivo de propor solu\u00e7\u00f5es para o munic\u00edpioCom o objetivo","og_url":"https:\/\/www.aceguarulhos.com.br\/blog\/confer\u00eancia-da-cidade-teve-a-participa\u00e7\u00e3o-da-ace\/","og_site_name":"ACE-Guarulhos","article_publisher":"https:\/\/www.facebook.com\/aceguarulhos\/","article_published_time":"2005-08-01T14:45:00+00:00","author":"Assessoria de Imprensa ACE-Guarulhos","twitter_card":"summary_large_image","twitter_misc":{"Escrito por":"Assessoria de Imprensa ACE-Guarulhos","Est. tempo de leitura":"2 minutos"},"schema":{"@context":"https:\/\/schema.org","@graph":[{"@type":"Article","@id":"https:\/\/www.aceguarulhos.com.br\/blog\/confer%c3%aancia-da-cidade-teve-a-participa%c3%a7%c3%a3o-da-ace\/#article","isPartOf":{"@id":"https:\/\/www.aceguarulhos.com.br\/blog\/confer%c3%aancia-da-cidade-teve-a-participa%c3%a7%c3%a3o-da-ace\/"},"author":{"name":"Assessoria de Imprensa ACE-Guarulhos","@id":"https:\/\/www.aceguarulhos.com.br\/blog\/#\/schema\/person\/6983b51bad37489989e4f09698c26237"},"headline":"Confer\u00eancia da Cidade teve a participa\u00e7\u00e3o da ACE","datePublished":"2005-08-01T14:45:00+00:00","mainEntityOfPage":{"@id":"https:\/\/www.aceguarulhos.com.br\/blog\/confer%c3%aancia-da-cidade-teve-a-participa%c3%a7%c3%a3o-da-ace\/"},"wordCount":481,"commentCount":0,"publisher":{"@id":"https:\/\/www.aceguarulhos.com.br\/blog\/#organization"},"articleSection":["Not\u00edcias"],"inLanguage":"pt-BR"},{"@type":"WebPage","@id":"https:\/\/www.aceguarulhos.com.br\/blog\/confer%c3%aancia-da-cidade-teve-a-participa%c3%a7%c3%a3o-da-ace\/","url":"https:\/\/www.aceguarulhos.com.br\/blog\/confer%c3%aancia-da-cidade-teve-a-participa%c3%a7%c3%a3o-da-ace\/","name":"Confer\u00eancia da Cidade teve a participa\u00e7\u00e3o da ACE - ACE-Guarulhos","isPartOf":{"@id":"https:\/\/www.aceguarulhos.com.br\/blog\/#website"},"datePublished":"2005-08-01T14:45:00+00:00","breadcrumb":{"@id":"https:\/\/www.aceguarulhos.com.br\/blog\/confer%c3%aancia-da-cidade-teve-a-participa%c3%a7%c3%a3o-da-ace\/#breadcrumb"},"inLanguage":"pt-BR","potentialAction":[{"@type":"ReadAction","target":["https:\/\/www.aceguarulhos.com.br\/blog\/confer%c3%aancia-da-cidade-teve-a-participa%c3%a7%c3%a3o-da-ace\/"]}]},{"@type":"BreadcrumbList","@id":"https:\/\/www.aceguarulhos.com.br\/blog\/confer%c3%aancia-da-cidade-teve-a-participa%c3%a7%c3%a3o-da-ace\/#breadcrumb","itemListElement":[{"@type":"ListItem","position":1,"name":"In\u00edcio","item":"https:\/\/www.aceguarulhos.com.br\/blog\/"},{"@type":"ListItem","position":2,"name":"Confer\u00eancia da Cidade teve a participa\u00e7\u00e3o da ACE"}]},{"@type":"WebSite","@id":"https:\/\/www.aceguarulhos.com.br\/blog\/#website","url":"https:\/\/www.aceguarulhos.com.br\/blog\/","name":"ACE-Guarulhos","description":"A ACE-Guarulhos \u00e9 uma associa\u00e7\u00e3o que ap\u00f3ia os empres\u00e1rios guarulhenses atrav\u00e9s da representa\u00e7\u00e3o, da gera\u00e7\u00e3o de neg\u00f3cios e presta\u00e7\u00e3o de servi\u00e7os.","publisher":{"@id":"https:\/\/www.aceguarulhos.com.br\/blog\/#organization"},"potentialAction":[{"@type":"SearchAction","target":{"@type":"EntryPoint","urlTemplate":"https:\/\/www.aceguarulhos.com.br\/blog\/?s={search_term_string}"},"query-input":{"@type":"PropertyValueSpecification","valueRequired":true,"valueName":"search_term_string"}}],"inLanguage":"pt-BR"},{"@type":"Organization","@id":"https:\/\/www.aceguarulhos.com.br\/blog\/#organization","name":"ACE-Guarulhos","url":"https:\/\/www.aceguarulhos.com.br\/blog\/","logo":{"@type":"ImageObject","inLanguage":"pt-BR","@id":"https:\/\/www.aceguarulhos.com.br\/blog\/#\/schema\/logo\/image\/","url":"https:\/\/www.aceguarulhos.com.br\/blog\/wp-content\/uploads\/2017\/12\/logo-aceguarulhos-2018.png","contentUrl":"https:\/\/www.aceguarulhos.com.br\/blog\/wp-content\/uploads\/2017\/12\/logo-aceguarulhos-2018.png","width":419,"height":76,"caption":"ACE-Guarulhos"},"image":{"@id":"https:\/\/www.aceguarulhos.com.br\/blog\/#\/schema\/logo\/image\/"},"sameAs":["https:\/\/www.facebook.com\/aceguarulhos\/","https:\/\/br.linkedin.com\/in\/ace-guarulhos-b9a97093","https:\/\/www.youtube.com\/user\/aceguarulhos"]},{"@type":"Person","@id":"https:\/\/www.aceguarulhos.com.br\/blog\/#\/schema\/person\/6983b51bad37489989e4f09698c26237","name":"Assessoria de Imprensa ACE-Guarulhos","image":{"@type":"ImageObject","inLanguage":"pt-BR","@id":"https:\/\/secure.gravatar.com\/avatar\/707f3fadd6918afeb64173ab22d8a8cb0676953098a4f31ff36dc2b4c699ef6a?s=96&d=mm&r=g","url":"https:\/\/secure.gravatar.com\/avatar\/707f3fadd6918afeb64173ab22d8a8cb0676953098a4f31ff36dc2b4c699ef6a?s=96&d=mm&r=g","contentUrl":"https:\/\/secure.gravatar.com\/avatar\/707f3fadd6918afeb64173ab22d8a8cb0676953098a4f31ff36dc2b4c699ef6a?s=96&d=mm&r=g","caption":"Assessoria de Imprensa ACE-Guarulhos"},"url":"https:\/\/www.aceguarulhos.com.br\/blog\/author\/assessoria-de-imprensa-ace-guarulhos\/"}]}},"wps_subtitle":"","amp_enabled":true,"_links":{"self":[{"href":"https:\/\/www.aceguarulhos.com.br\/blog\/wp-json\/wp\/v2\/posts\/29602","targetHints":{"allow":["GET"]}}],"collection":[{"href":"https:\/\/www.aceguarulhos.com.br\/blog\/wp-json\/wp\/v2\/posts"}],"about":[{"href":"https:\/\/www.aceguarulhos.com.br\/blog\/wp-json\/wp\/v2\/types\/post"}],"author":[{"embeddable":true,"href":"https:\/\/www.aceguarulhos.com.br\/blog\/wp-json\/wp\/v2\/users\/8"}],"replies":[{"embeddable":true,"href":"https:\/\/www.aceguarulhos.com.br\/blog\/wp-json\/wp\/v2\/comments?post=29602"}],"version-history":[{"count":0,"href":"https:\/\/www.aceguarulhos.com.br\/blog\/wp-json\/wp\/v2\/posts\/29602\/revisions"}],"wp:attachment":[{"href":"https:\/\/www.aceguarulhos.com.br\/blog\/wp-json\/wp\/v2\/media?parent=29602"}],"wp:term":[{"taxonomy":"category","embeddable":true,"href":"https:\/\/www.aceguarulhos.com.br\/blog\/wp-json\/wp\/v2\/categories?post=29602"},{"taxonomy":"post_tag","embeddable":true,"href":"https:\/\/www.aceguarulhos.com.br\/blog\/wp-json\/wp\/v2\/tags?post=29602"}],"curies":[{"name":"wp","href":"https:\/\/api.w.org\/{rel}","templated":true}]}}