{"id":29593,"date":"2005-07-29T11:52:57","date_gmt":"2005-07-29T11:52:57","guid":{"rendered":"http:\/\/www.aceguarulhos.com.br\/blog\/?p=29593"},"modified":"-0001-11-30T00:00:00","modified_gmt":"-0001-11-30T03:00:00","slug":"curso-fgv-vai-capacitar-empresas-para-receberem-portadores","status":"publish","type":"post","link":"https:\/\/www.aceguarulhos.com.br\/blog\/curso-fgv-vai-capacitar-empresas-para-receberem-portadores\/","title":{"rendered":"Curso FGV vai capacitar empresas para receberem portadores"},"content":{"rendered":"<p><P>Com o objetivo de capacitar empresas que querem contratar profissionais com defici\u00eancia, a FGV Online e o Instituto Paradigma est\u00e3o trabalhando juntos na elabora\u00e7\u00e3o de um curso \u00e0 dist\u00e2ncia que deve ser lan\u00e7ado em novembro deste ano.<\/P><P>Alinhamento conceitual, desmistifica\u00e7\u00e3o do homem &#8211; padr\u00e3o X diversidade, defini\u00e7\u00f5es e conceitos: acessibilidade e arquitetura universal, legisla\u00e7\u00e3o vigente &#8211; normas e t\u00e9cnicas devem ser os temas tratados pelo curso. &#8220;O conte\u00fado educativo, que deve ser dividido em 4 m\u00f3dulos, \u00e9 voltado inicialmente para empresas preocupadas com a acessibilidade e que t\u00eam como objetivo de criar ambiente e condi\u00e7\u00e3o para que sejam produtivos&#8221;, explica o diretor executivo do FGV Online, Felipe Spinelli. <\/P><P>O curso vai ajudar as empresas a cumprir a Lei de Cotas (Lei Federal n\u00ba 8.213\/91), que obriga companhias com mais de 100 funcion\u00e1rios a contratarem pessoas com defici\u00eancia &#8211; o n\u00famero de contratados depende do n\u00famero de empregados. O diretor executivo da FVG Online destaca que o curso deve auxiliar as empresas a criarem este ambiente prop\u00edcio para receberem os portadores de defici\u00eancia: &#8220;n\u00e3o basta simplesmente contrat\u00e1-los, a empresa e seus funcion\u00e1rios devem receb\u00ea-los adequadamente&#8221;, completa.<\/P><P>&#8220;\u00c9 importante que a partir dessa lei, as empresas tenham conhecimento que devem se preprar para receber esse p\u00fablico&#8221;, explica a respons\u00e1vel pela implementa\u00e7\u00e3o do projeto no Instituto Paradigma, Ana Beatriz Th\u00e9 Praxdes. O conte\u00fado program\u00e1tico, ali\u00e1s, j\u00e1 fazia parte do portf\u00f3lio do Instituto Paradigma, comprometida com a inclus\u00e3o econ\u00f4mica e educacional de pessoas com defici\u00eancia. &#8220;J\u00e1 oferec\u00edamos esta capacita\u00e7\u00e3o como cursos presenciais, a FGV trouxe seu know how para a implementa\u00e7\u00e3o da adapta\u00e7\u00e3o para o curso \u00e0 dist\u00e2ncia&#8221;, explica Ana Beatriz.<\/P><P>Ainda segundo Ana Beatriz, o curso deve proporcionar uma transforma\u00e7\u00e3o cultural e social dentro das empresas a partir da educa\u00e7\u00e3o corporativa. Por esse motivo, como lembra, um dos pontos principais tratados no curso \u00e9 quanto ao desenho universal (arquitetura que visa a acessibilidade de todos), al\u00e9m da preocupa\u00e7\u00e3o com a comunica\u00e7\u00e3o e a inclus\u00e3o digital. &#8220;O curso \u00e9 destinado, a princ\u00edpio gestores de RH, arquitetos, engenheiros que precisem conhecer as alternativas de acesso das pessoas com defici\u00eancia nas empresas, seja do ponto de vista comportamental ou do ambiente f\u00edsico de trabalho. Mas qualquer interessado poder\u00e1 concluir o curso, sem restri\u00e7\u00f5es&#8221;, completa.<\/P><P>O primeiro contato entre a entidade e a FGV Online, aconteceu quando esta \u00faltima apresentou um projeto para a primeira que visa capacitar deficientes f\u00edsicos como tutores de cursos \u00e0 dist\u00e2ncia que j\u00e1 est\u00e3o sendo treinados: &#8220;Os tutores dos cursos, ou professores \u00e0 dist\u00e2ncia, podem trabalhar de casa ou de qualquer outro lugar que julgarem interessante, desde que estejam conectados \u00e0 internet. A vantagem para o aluno \u00e9 poder acessar o curso e manter contato com os professores mesmo \u00e0 dist\u00e2ncia, independente de limita\u00e7\u00f5es f\u00edsicas&#8221;, explica Spinelli.<\/P><P>A FGV Online \u00e9 um programa de ensino \u00e0 dist\u00e2ncia desenvolvido pela FGV que utiliza recursos como sat\u00e9lite (TV) e internet. Em funcionamento desde 2001, capacita cerca de 7 mil alunos por ano e j\u00e1 treinou quase 200 tutores.<\/P><P>O Instituto Paradigma \u00e9 OSCIP &#8211; &#8220;Organiza\u00e7\u00e3o da Sociedade Civil de Interesse P\u00fablico&#8221;, sem fins lucrativos, que promove a Inclus\u00e3o Social como fator de desenvolvimento humano atrav\u00e9s de dois programas: Inclus\u00e3o Educacional e Inclus\u00e3o Econ\u00f4mica das pessoas com defici\u00eancia, contribuindo para a constru\u00e7\u00e3o de pol\u00edticas p\u00fablicas.<\/P><P>As inscri\u00e7\u00f5es do curso poder\u00e3o ser realizadas no site da FGV Online, provavelmente a partir de setembro.<\/P><P><STRONG>Acessibilidade e &#8220;Universal Design&#8221;<BR><\/STRONG>\u00a0<BR>Segundo o site da SERPRO &#8211; Solu\u00e7\u00e3o para um Brasil de Todos, ligado ao governo federal, o prop\u00f3sito do Universal Design \u00e9 simplificar a vida das pessoas de todas as idades e habilidades, projetando produtos, meios de comunica\u00e7\u00e3o e ambientes us\u00e1veis por muitas pessoas, com pouco ou nenhum custo.<\/P><P>Por exemplo, cadeiras, computadores, edif\u00edcios, carros, embalagens, etc., que foram projetados com universal design, s\u00e3o utilizados por pessoas de diferentes habilidades, portanto atendem ao maior n\u00famero de pessoas.<\/P><P><STRONG>O universal design possui sete princ\u00edpios:<\/STRONG><\/P><P>Equipara\u00e7\u00e3o nas possibilidades de uso: o design \u00e9 \u00fatil e comercializ\u00e1vel \u00e0s pessoas com habilidades diferenciadas. <BR>Flexibilidade no uso: o design atende a uma ampla gama de indiv\u00edduos, prefer\u00eancias e habilidades. <BR>Uso Simples e intuitivo: o uso do design \u00e9 de f\u00e1cil compreens\u00e3o. <BR>Capta\u00e7\u00e3o da informa\u00e7\u00e3o: o design comunica eficazmente, ao usu\u00e1rio, as informa\u00e7\u00f5es necess\u00e1rias. <BR>Toler\u00e2ncia ao erro: o design minimiza o risco e as conseq\u00fc\u00eancias adversas de a\u00e7\u00f5es involunt\u00e1rias ou imprevistas. <BR>M\u00ednimo esfor\u00e7o f\u00edsico: o design pode ser utilizado de forma eficiente e confort\u00e1vel. <BR>Dimens\u00e3o e espa\u00e7o para uso e intera\u00e7\u00e3o: o design oferece espa\u00e7os e dimens\u00f5es apropriados para intera\u00e7\u00e3o, alcance, manipula\u00e7\u00e3o e uso. <BR>Pode-se dizer que nenhum universal design atende a todos ao mesmo tempo, devido \u00e0 diversidade de tipos de usu\u00e1rios e situa\u00e7\u00f5es. Por\u00e9m, um projeto baseado no universal design com certeza beneficiar\u00e1 mais pessoas do que um projeto n\u00e3o baseado.<\/P><P><STRONG>A Acessibilidade contribui para o &#8220;Universal Design&#8221;<\/STRONG> <\/P><P>A cria\u00e7\u00e3o de p\u00e1ginas web com design acess\u00edvel beneficia n\u00e3o s\u00f3 pessoas com defici\u00eancias, mas tamb\u00e9m pessoas sem defici\u00eancia, em situa\u00e7\u00f5es e caracter\u00edsticas diversas, como por exemplo:<\/P><P>&#8211; usu\u00e1rios de dispositivo m\u00f3vel com tela pequena (celular, PDA), web-tv, quiosques. <BR>&#8211; acesso \u00e0 internet com conex\u00e3o lenta. <BR>&#8211; equipamento sem a\u00fadio. <BR>&#8211; impressora monocrom\u00e1tica. <BR>&#8211; outros navegadores que n\u00e3o os mais comuns. <BR>&#8211; ambiente ruidoso. <BR>&#8211; ambiente com luminosidade prec\u00e1ria.<\/P><\/p>\n","protected":false},"excerpt":{"rendered":"Com o objetivo de capacitar empresas que querem contratar profissionais com defici\u00eancia, a FGV Online e o Instituto Paradigma est\u00e3o trabalhando juntos na \n<a class=\"moretag\" href=\"https:\/\/www.aceguarulhos.com.br\/blog\/curso-fgv-vai-capacitar-empresas-para-receberem-portadores\/\"> [...]<\/a>","protected":false},"author":8,"featured_media":0,"comment_status":"open","ping_status":"open","sticky":false,"template":"","format":"standard","meta":{"footnotes":""},"categories":[2],"tags":[],"class_list":["post-29593","post","type-post","status-publish","format-standard","hentry","category-noticias"],"yoast_head":"<!-- This site is optimized with the Yoast SEO plugin v28.1 - https:\/\/yoast.com\/product\/yoast-seo-wordpress\/ -->\n<title>Curso FGV vai capacitar empresas para receberem portadores - ACE-Guarulhos<\/title>\n<meta name=\"robots\" content=\"index, follow, max-snippet:-1, max-image-preview:large, max-video-preview:-1\" \/>\n<link rel=\"canonical\" href=\"https:\/\/www.aceguarulhos.com.br\/blog\/curso-fgv-vai-capacitar-empresas-para-receberem-portadores\/\" \/>\n<meta property=\"og:locale\" content=\"pt_BR\" \/>\n<meta property=\"og:type\" content=\"article\" \/>\n<meta property=\"og:title\" content=\"Curso FGV vai capacitar empresas para receberem portadores - ACE-Guarulhos\" \/>\n<meta property=\"og:description\" content=\"Com o objetivo de capacitar empresas que querem contratar profissionais com defici\u00eancia, a FGV Online e o Instituto Paradigma est\u00e3o trabalhando juntos na\" \/>\n<meta property=\"og:url\" content=\"https:\/\/www.aceguarulhos.com.br\/blog\/curso-fgv-vai-capacitar-empresas-para-receberem-portadores\/\" \/>\n<meta property=\"og:site_name\" content=\"ACE-Guarulhos\" \/>\n<meta property=\"article:publisher\" content=\"https:\/\/www.facebook.com\/aceguarulhos\/\" \/>\n<meta property=\"article:published_time\" content=\"2005-07-29T11:52:57+00:00\" \/>\n<meta name=\"author\" content=\"Assessoria de Imprensa ACE-Guarulhos\" \/>\n<meta name=\"twitter:card\" content=\"summary_large_image\" \/>\n<meta name=\"twitter:label1\" content=\"Escrito por\" \/>\n\t<meta name=\"twitter:data1\" content=\"Assessoria de Imprensa ACE-Guarulhos\" \/>\n\t<meta name=\"twitter:label2\" content=\"Est. tempo de leitura\" \/>\n\t<meta name=\"twitter:data2\" content=\"5 minutos\" \/>\n<script type=\"application\/ld+json\" class=\"yoast-schema-graph\">{\"@context\":\"https:\\\/\\\/schema.org\",\"@graph\":[{\"@type\":\"Article\",\"@id\":\"https:\\\/\\\/www.aceguarulhos.com.br\\\/blog\\\/curso-fgv-vai-capacitar-empresas-para-receberem-portadores\\\/#article\",\"isPartOf\":{\"@id\":\"https:\\\/\\\/www.aceguarulhos.com.br\\\/blog\\\/curso-fgv-vai-capacitar-empresas-para-receberem-portadores\\\/\"},\"author\":{\"name\":\"Assessoria de Imprensa ACE-Guarulhos\",\"@id\":\"https:\\\/\\\/www.aceguarulhos.com.br\\\/blog\\\/#\\\/schema\\\/person\\\/6983b51bad37489989e4f09698c26237\"},\"headline\":\"Curso FGV vai capacitar empresas para receberem portadores\",\"datePublished\":\"2005-07-29T11:52:57+00:00\",\"mainEntityOfPage\":{\"@id\":\"https:\\\/\\\/www.aceguarulhos.com.br\\\/blog\\\/curso-fgv-vai-capacitar-empresas-para-receberem-portadores\\\/\"},\"wordCount\":972,\"commentCount\":0,\"publisher\":{\"@id\":\"https:\\\/\\\/www.aceguarulhos.com.br\\\/blog\\\/#organization\"},\"articleSection\":[\"Not\u00edcias\"],\"inLanguage\":\"pt-BR\"},{\"@type\":\"WebPage\",\"@id\":\"https:\\\/\\\/www.aceguarulhos.com.br\\\/blog\\\/curso-fgv-vai-capacitar-empresas-para-receberem-portadores\\\/\",\"url\":\"https:\\\/\\\/www.aceguarulhos.com.br\\\/blog\\\/curso-fgv-vai-capacitar-empresas-para-receberem-portadores\\\/\",\"name\":\"Curso FGV vai capacitar empresas para receberem portadores - ACE-Guarulhos\",\"isPartOf\":{\"@id\":\"https:\\\/\\\/www.aceguarulhos.com.br\\\/blog\\\/#website\"},\"datePublished\":\"2005-07-29T11:52:57+00:00\",\"breadcrumb\":{\"@id\":\"https:\\\/\\\/www.aceguarulhos.com.br\\\/blog\\\/curso-fgv-vai-capacitar-empresas-para-receberem-portadores\\\/#breadcrumb\"},\"inLanguage\":\"pt-BR\",\"potentialAction\":[{\"@type\":\"ReadAction\",\"target\":[\"https:\\\/\\\/www.aceguarulhos.com.br\\\/blog\\\/curso-fgv-vai-capacitar-empresas-para-receberem-portadores\\\/\"]}]},{\"@type\":\"BreadcrumbList\",\"@id\":\"https:\\\/\\\/www.aceguarulhos.com.br\\\/blog\\\/curso-fgv-vai-capacitar-empresas-para-receberem-portadores\\\/#breadcrumb\",\"itemListElement\":[{\"@type\":\"ListItem\",\"position\":1,\"name\":\"In\u00edcio\",\"item\":\"https:\\\/\\\/www.aceguarulhos.com.br\\\/blog\\\/\"},{\"@type\":\"ListItem\",\"position\":2,\"name\":\"Curso FGV vai capacitar empresas para receberem portadores\"}]},{\"@type\":\"WebSite\",\"@id\":\"https:\\\/\\\/www.aceguarulhos.com.br\\\/blog\\\/#website\",\"url\":\"https:\\\/\\\/www.aceguarulhos.com.br\\\/blog\\\/\",\"name\":\"ACE-Guarulhos\",\"description\":\"A ACE-Guarulhos \u00e9 uma associa\u00e7\u00e3o que ap\u00f3ia os empres\u00e1rios guarulhenses atrav\u00e9s da representa\u00e7\u00e3o, da gera\u00e7\u00e3o de neg\u00f3cios e presta\u00e7\u00e3o de servi\u00e7os.\",\"publisher\":{\"@id\":\"https:\\\/\\\/www.aceguarulhos.com.br\\\/blog\\\/#organization\"},\"potentialAction\":[{\"@type\":\"SearchAction\",\"target\":{\"@type\":\"EntryPoint\",\"urlTemplate\":\"https:\\\/\\\/www.aceguarulhos.com.br\\\/blog\\\/?s={search_term_string}\"},\"query-input\":{\"@type\":\"PropertyValueSpecification\",\"valueRequired\":true,\"valueName\":\"search_term_string\"}}],\"inLanguage\":\"pt-BR\"},{\"@type\":\"Organization\",\"@id\":\"https:\\\/\\\/www.aceguarulhos.com.br\\\/blog\\\/#organization\",\"name\":\"ACE-Guarulhos\",\"url\":\"https:\\\/\\\/www.aceguarulhos.com.br\\\/blog\\\/\",\"logo\":{\"@type\":\"ImageObject\",\"inLanguage\":\"pt-BR\",\"@id\":\"https:\\\/\\\/www.aceguarulhos.com.br\\\/blog\\\/#\\\/schema\\\/logo\\\/image\\\/\",\"url\":\"https:\\\/\\\/www.aceguarulhos.com.br\\\/blog\\\/wp-content\\\/uploads\\\/2017\\\/12\\\/logo-aceguarulhos-2018.png\",\"contentUrl\":\"https:\\\/\\\/www.aceguarulhos.com.br\\\/blog\\\/wp-content\\\/uploads\\\/2017\\\/12\\\/logo-aceguarulhos-2018.png\",\"width\":419,\"height\":76,\"caption\":\"ACE-Guarulhos\"},\"image\":{\"@id\":\"https:\\\/\\\/www.aceguarulhos.com.br\\\/blog\\\/#\\\/schema\\\/logo\\\/image\\\/\"},\"sameAs\":[\"https:\\\/\\\/www.facebook.com\\\/aceguarulhos\\\/\",\"https:\\\/\\\/br.linkedin.com\\\/in\\\/ace-guarulhos-b9a97093\",\"https:\\\/\\\/www.youtube.com\\\/user\\\/aceguarulhos\"]},{\"@type\":\"Person\",\"@id\":\"https:\\\/\\\/www.aceguarulhos.com.br\\\/blog\\\/#\\\/schema\\\/person\\\/6983b51bad37489989e4f09698c26237\",\"name\":\"Assessoria de Imprensa ACE-Guarulhos\",\"image\":{\"@type\":\"ImageObject\",\"inLanguage\":\"pt-BR\",\"@id\":\"https:\\\/\\\/secure.gravatar.com\\\/avatar\\\/707f3fadd6918afeb64173ab22d8a8cb0676953098a4f31ff36dc2b4c699ef6a?s=96&d=mm&r=g\",\"url\":\"https:\\\/\\\/secure.gravatar.com\\\/avatar\\\/707f3fadd6918afeb64173ab22d8a8cb0676953098a4f31ff36dc2b4c699ef6a?s=96&d=mm&r=g\",\"contentUrl\":\"https:\\\/\\\/secure.gravatar.com\\\/avatar\\\/707f3fadd6918afeb64173ab22d8a8cb0676953098a4f31ff36dc2b4c699ef6a?s=96&d=mm&r=g\",\"caption\":\"Assessoria de Imprensa ACE-Guarulhos\"},\"url\":\"https:\\\/\\\/www.aceguarulhos.com.br\\\/blog\\\/author\\\/assessoria-de-imprensa-ace-guarulhos\\\/\"}]}<\/script>\n<!-- \/ Yoast SEO plugin. -->","yoast_head_json":{"title":"Curso FGV vai capacitar empresas para receberem portadores - ACE-Guarulhos","robots":{"index":"index","follow":"follow","max-snippet":"max-snippet:-1","max-image-preview":"max-image-preview:large","max-video-preview":"max-video-preview:-1"},"canonical":"https:\/\/www.aceguarulhos.com.br\/blog\/curso-fgv-vai-capacitar-empresas-para-receberem-portadores\/","og_locale":"pt_BR","og_type":"article","og_title":"Curso FGV vai capacitar empresas para receberem portadores - ACE-Guarulhos","og_description":"Com o objetivo de capacitar empresas que querem contratar profissionais com defici\u00eancia, a FGV Online e o Instituto Paradigma est\u00e3o trabalhando juntos na","og_url":"https:\/\/www.aceguarulhos.com.br\/blog\/curso-fgv-vai-capacitar-empresas-para-receberem-portadores\/","og_site_name":"ACE-Guarulhos","article_publisher":"https:\/\/www.facebook.com\/aceguarulhos\/","article_published_time":"2005-07-29T11:52:57+00:00","author":"Assessoria de Imprensa ACE-Guarulhos","twitter_card":"summary_large_image","twitter_misc":{"Escrito por":"Assessoria de Imprensa ACE-Guarulhos","Est. tempo de leitura":"5 minutos"},"schema":{"@context":"https:\/\/schema.org","@graph":[{"@type":"Article","@id":"https:\/\/www.aceguarulhos.com.br\/blog\/curso-fgv-vai-capacitar-empresas-para-receberem-portadores\/#article","isPartOf":{"@id":"https:\/\/www.aceguarulhos.com.br\/blog\/curso-fgv-vai-capacitar-empresas-para-receberem-portadores\/"},"author":{"name":"Assessoria de Imprensa ACE-Guarulhos","@id":"https:\/\/www.aceguarulhos.com.br\/blog\/#\/schema\/person\/6983b51bad37489989e4f09698c26237"},"headline":"Curso FGV vai capacitar empresas para receberem portadores","datePublished":"2005-07-29T11:52:57+00:00","mainEntityOfPage":{"@id":"https:\/\/www.aceguarulhos.com.br\/blog\/curso-fgv-vai-capacitar-empresas-para-receberem-portadores\/"},"wordCount":972,"commentCount":0,"publisher":{"@id":"https:\/\/www.aceguarulhos.com.br\/blog\/#organization"},"articleSection":["Not\u00edcias"],"inLanguage":"pt-BR"},{"@type":"WebPage","@id":"https:\/\/www.aceguarulhos.com.br\/blog\/curso-fgv-vai-capacitar-empresas-para-receberem-portadores\/","url":"https:\/\/www.aceguarulhos.com.br\/blog\/curso-fgv-vai-capacitar-empresas-para-receberem-portadores\/","name":"Curso FGV vai capacitar empresas para receberem portadores - ACE-Guarulhos","isPartOf":{"@id":"https:\/\/www.aceguarulhos.com.br\/blog\/#website"},"datePublished":"2005-07-29T11:52:57+00:00","breadcrumb":{"@id":"https:\/\/www.aceguarulhos.com.br\/blog\/curso-fgv-vai-capacitar-empresas-para-receberem-portadores\/#breadcrumb"},"inLanguage":"pt-BR","potentialAction":[{"@type":"ReadAction","target":["https:\/\/www.aceguarulhos.com.br\/blog\/curso-fgv-vai-capacitar-empresas-para-receberem-portadores\/"]}]},{"@type":"BreadcrumbList","@id":"https:\/\/www.aceguarulhos.com.br\/blog\/curso-fgv-vai-capacitar-empresas-para-receberem-portadores\/#breadcrumb","itemListElement":[{"@type":"ListItem","position":1,"name":"In\u00edcio","item":"https:\/\/www.aceguarulhos.com.br\/blog\/"},{"@type":"ListItem","position":2,"name":"Curso FGV vai capacitar empresas para receberem portadores"}]},{"@type":"WebSite","@id":"https:\/\/www.aceguarulhos.com.br\/blog\/#website","url":"https:\/\/www.aceguarulhos.com.br\/blog\/","name":"ACE-Guarulhos","description":"A ACE-Guarulhos \u00e9 uma associa\u00e7\u00e3o que ap\u00f3ia os empres\u00e1rios guarulhenses atrav\u00e9s da representa\u00e7\u00e3o, da gera\u00e7\u00e3o de neg\u00f3cios e presta\u00e7\u00e3o de servi\u00e7os.","publisher":{"@id":"https:\/\/www.aceguarulhos.com.br\/blog\/#organization"},"potentialAction":[{"@type":"SearchAction","target":{"@type":"EntryPoint","urlTemplate":"https:\/\/www.aceguarulhos.com.br\/blog\/?s={search_term_string}"},"query-input":{"@type":"PropertyValueSpecification","valueRequired":true,"valueName":"search_term_string"}}],"inLanguage":"pt-BR"},{"@type":"Organization","@id":"https:\/\/www.aceguarulhos.com.br\/blog\/#organization","name":"ACE-Guarulhos","url":"https:\/\/www.aceguarulhos.com.br\/blog\/","logo":{"@type":"ImageObject","inLanguage":"pt-BR","@id":"https:\/\/www.aceguarulhos.com.br\/blog\/#\/schema\/logo\/image\/","url":"https:\/\/www.aceguarulhos.com.br\/blog\/wp-content\/uploads\/2017\/12\/logo-aceguarulhos-2018.png","contentUrl":"https:\/\/www.aceguarulhos.com.br\/blog\/wp-content\/uploads\/2017\/12\/logo-aceguarulhos-2018.png","width":419,"height":76,"caption":"ACE-Guarulhos"},"image":{"@id":"https:\/\/www.aceguarulhos.com.br\/blog\/#\/schema\/logo\/image\/"},"sameAs":["https:\/\/www.facebook.com\/aceguarulhos\/","https:\/\/br.linkedin.com\/in\/ace-guarulhos-b9a97093","https:\/\/www.youtube.com\/user\/aceguarulhos"]},{"@type":"Person","@id":"https:\/\/www.aceguarulhos.com.br\/blog\/#\/schema\/person\/6983b51bad37489989e4f09698c26237","name":"Assessoria de Imprensa ACE-Guarulhos","image":{"@type":"ImageObject","inLanguage":"pt-BR","@id":"https:\/\/secure.gravatar.com\/avatar\/707f3fadd6918afeb64173ab22d8a8cb0676953098a4f31ff36dc2b4c699ef6a?s=96&d=mm&r=g","url":"https:\/\/secure.gravatar.com\/avatar\/707f3fadd6918afeb64173ab22d8a8cb0676953098a4f31ff36dc2b4c699ef6a?s=96&d=mm&r=g","contentUrl":"https:\/\/secure.gravatar.com\/avatar\/707f3fadd6918afeb64173ab22d8a8cb0676953098a4f31ff36dc2b4c699ef6a?s=96&d=mm&r=g","caption":"Assessoria de Imprensa ACE-Guarulhos"},"url":"https:\/\/www.aceguarulhos.com.br\/blog\/author\/assessoria-de-imprensa-ace-guarulhos\/"}]}},"wps_subtitle":"","amp_enabled":true,"_links":{"self":[{"href":"https:\/\/www.aceguarulhos.com.br\/blog\/wp-json\/wp\/v2\/posts\/29593","targetHints":{"allow":["GET"]}}],"collection":[{"href":"https:\/\/www.aceguarulhos.com.br\/blog\/wp-json\/wp\/v2\/posts"}],"about":[{"href":"https:\/\/www.aceguarulhos.com.br\/blog\/wp-json\/wp\/v2\/types\/post"}],"author":[{"embeddable":true,"href":"https:\/\/www.aceguarulhos.com.br\/blog\/wp-json\/wp\/v2\/users\/8"}],"replies":[{"embeddable":true,"href":"https:\/\/www.aceguarulhos.com.br\/blog\/wp-json\/wp\/v2\/comments?post=29593"}],"version-history":[{"count":0,"href":"https:\/\/www.aceguarulhos.com.br\/blog\/wp-json\/wp\/v2\/posts\/29593\/revisions"}],"wp:attachment":[{"href":"https:\/\/www.aceguarulhos.com.br\/blog\/wp-json\/wp\/v2\/media?parent=29593"}],"wp:term":[{"taxonomy":"category","embeddable":true,"href":"https:\/\/www.aceguarulhos.com.br\/blog\/wp-json\/wp\/v2\/categories?post=29593"},{"taxonomy":"post_tag","embeddable":true,"href":"https:\/\/www.aceguarulhos.com.br\/blog\/wp-json\/wp\/v2\/tags?post=29593"}],"curies":[{"name":"wp","href":"https:\/\/api.w.org\/{rel}","templated":true}]}}