{"id":29559,"date":"2005-07-14T15:40:45","date_gmt":"2005-07-14T15:40:45","guid":{"rendered":"http:\/\/www.aceguarulhos.com.br\/blog\/?p=29559"},"modified":"-0001-11-30T00:00:00","modified_gmt":"-0001-11-30T03:00:00","slug":"prefeitura-promove-a-2%c2%aa-confer%c3%aancia-das-cidades","status":"publish","type":"post","link":"https:\/\/www.aceguarulhos.com.br\/blog\/prefeitura-promove-a-2%c2%aa-confer%c3%aancia-das-cidades\/","title":{"rendered":"Prefeitura promove a 2\u00aa Confer\u00eancia das Cidades"},"content":{"rendered":"<p><P><IMG alt=ACE src=\"\/blog\/wp-content\/uploads\/image.php?x=i&#038;i1=100&#038;i2=20020429080230\" align=left border=0><\/P><P>A Prefeitura lan\u00e7ar\u00e1, no per\u00edodo de 13 a 31 deste m\u00eas, a 2\u00aa Confer\u00eancia das Cidades, que come\u00e7a na quarta-feira, dia 13, \u00e0s 19 horas, no Centro Comunit\u00e1rio do Cecap (av. Monteiro Lobato, 3.415), com a abordagem do Desenvolvimento da Zona Aeroportu\u00e1ria e da Cidade Industrial Sat\u00e9lite de Cumbica.<\/P><P>Coordenado pela Secretaria de Desenvolvimento Urbano, o evento pretende, nesta segunda edi\u00e7\u00e3o, criar um espa\u00e7o para definir a\u00e7\u00f5es de governo e sociedade que assegurem, com a inclus\u00e3o social, o crescimento econ\u00f4mico da cidade e a integra\u00e7\u00e3o ativa do munic\u00edpio em projetos de impacto regional e metropolitano, al\u00e9m da participa\u00e7\u00e3o no processo nacional de discuss\u00e3o das pol\u00edticas para as cidades. A a\u00e7\u00e3o contar\u00e1 com oito plen\u00e1rias, incluindo a elei\u00e7\u00e3o de delegados para a confer\u00eancia estadual, elaboradas pela comiss\u00e3o preparat\u00f3ria (representantes do governo e da sociedade), programas de desenvolvimento de infra-estrutura urbana e de est\u00edmulo \u00e0 atividade econ\u00f4mica local.<\/P><P><STRONG>Calend\u00e1rio da 2\u00ba Confer\u00eancia da Cidade de Guarulhos<\/STRONG><\/P><P><STRONG>Mesas regionais<\/STRONG><\/P><P>14\/7\/2005 &#8211; Quinta-feira &#8211; 19h00<BR>Programa de Desenvolvimento para regi\u00e3o da Vila Galv\u00e3o e Cabu\u00e7u<BR>Teatro Nelson Rodrigues &#8211; Lago dos Patos, Vila Galv\u00e3o<\/P><P>16\/7\/2005 &#8211; S\u00e1bado &#8211; 15h00<BR>Programa de Desenvolvimento para regi\u00e3o de Cidade Jardim Cumbica, Bonsucesso e Presidente Dutra<BR>E.M.E.I Marfilia Belloti &#8211; Av. Estados Unidos, 35, Jardim das Na\u00e7\u00f5es<\/P><P>23\/7\/2005 &#8211; S\u00e1bado &#8211; 10h00<BR>Programa de Desenvolvimento para regi\u00e3o do Jardim Cumbica e Pimentas<BR>Unidade Administrativa dos Pimentas &#8211; Estrada do Caminho Velho, 333<\/P><P>23\/7\/2005 &#8211; S\u00e1bado &#8211; 16h00<BR>Programa de Desenvolvimento para regi\u00e3o do Tabo\u00e3o e Jardim S\u00e3o Jo\u00e3o<BR>Unidade Administrativa do S\u00e3o Jo\u00e3o &#8211; Av. Coqueiral, 100<\/P><P><STRONG>Mesas centrais<\/STRONG><\/P><P>13\/7\/2005 &#8211; Quarta-feira &#8211; 19h00<BR>Desenvolvimento da Zona Aeroportu\u00e1ria e da Cidade Industrial Sat\u00e9lite de Cumbica<BR>Centro Comunit\u00e1rio do Cecap &#8211; Av. Monteiro Lobato, 3415<\/P><P>20\/7\/2005 &#8211; Quarta-feira &#8211; 19h00<BR>Programa de Desenvolvimento para o Centro<BR>Ung &#8211; Pra\u00e7a Tereza Cristina, 01, Centro<\/P><P>21\/7\/2005 &#8211; Quinta-feira &#8211; 19h00<BR>Lei de Uso e Ocupa\u00e7\u00e3o do Solo<BR>FIG (Figuinha) &#8211; Rua Bar\u00e3o de Mau\u00e1, 600<\/P><P><STRONG>Encerramento<\/STRONG><\/P><P>31\/7\/2005 &#8211; Domingo &#8211; 09h00<BR>Discuss\u00e3o dos temas nacionais e elei\u00e7\u00e3o dos delegados \u00e0 2\u00ba Confer\u00eancia Estadual das cidades<BR>Open Hall Convention Center &#8211; Rua Ant\u00f4nio de Souza, 300<\/P><\/p>\n","protected":false},"excerpt":{"rendered":"A Prefeitura lan\u00e7ar\u00e1, no per\u00edodo de 13 a 31 deste m\u00eas, a 2\u00aa Confer\u00eancia das Cidades, que come\u00e7a na quarta-feira, dia 13, \u00e0s \n<a class=\"moretag\" href=\"https:\/\/www.aceguarulhos.com.br\/blog\/prefeitura-promove-a-2%c2%aa-confer%c3%aancia-das-cidades\/\"> [...]<\/a>","protected":false},"author":8,"featured_media":0,"comment_status":"open","ping_status":"open","sticky":false,"template":"","format":"standard","meta":{"footnotes":""},"categories":[2],"tags":[],"class_list":["post-29559","post","type-post","status-publish","format-standard","hentry","category-noticias"],"yoast_head":"<!-- This site is optimized with the Yoast SEO plugin v28.1 - https:\/\/yoast.com\/product\/yoast-seo-wordpress\/ -->\n<title>Prefeitura promove a 2\u00aa Confer\u00eancia das Cidades - ACE-Guarulhos<\/title>\n<meta name=\"robots\" content=\"index, follow, max-snippet:-1, max-image-preview:large, max-video-preview:-1\" \/>\n<link rel=\"canonical\" href=\"https:\/\/www.aceguarulhos.com.br\/blog\/prefeitura-promove-a-2\u00aa-confer\u00eancia-das-cidades\/\" \/>\n<meta property=\"og:locale\" content=\"pt_BR\" \/>\n<meta property=\"og:type\" content=\"article\" \/>\n<meta property=\"og:title\" content=\"Prefeitura promove a 2\u00aa Confer\u00eancia das Cidades - ACE-Guarulhos\" \/>\n<meta property=\"og:description\" content=\"A Prefeitura lan\u00e7ar\u00e1, no per\u00edodo de 13 a 31 deste m\u00eas, a 2\u00aa Confer\u00eancia das Cidades, que come\u00e7a na quarta-feira, dia 13, \u00e0s\" \/>\n<meta property=\"og:url\" content=\"https:\/\/www.aceguarulhos.com.br\/blog\/prefeitura-promove-a-2\u00aa-confer\u00eancia-das-cidades\/\" \/>\n<meta property=\"og:site_name\" content=\"ACE-Guarulhos\" \/>\n<meta property=\"article:publisher\" content=\"https:\/\/www.facebook.com\/aceguarulhos\/\" \/>\n<meta property=\"article:published_time\" content=\"2005-07-14T15:40:45+00:00\" \/>\n<meta name=\"author\" content=\"Assessoria de Imprensa ACE-Guarulhos\" \/>\n<meta name=\"twitter:card\" content=\"summary_large_image\" \/>\n<meta name=\"twitter:label1\" content=\"Escrito por\" \/>\n\t<meta name=\"twitter:data1\" content=\"Assessoria de Imprensa ACE-Guarulhos\" \/>\n\t<meta name=\"twitter:label2\" content=\"Est. tempo de leitura\" \/>\n\t<meta name=\"twitter:data2\" content=\"2 minutos\" \/>\n<script type=\"application\/ld+json\" class=\"yoast-schema-graph\">{\"@context\":\"https:\\\/\\\/schema.org\",\"@graph\":[{\"@type\":\"Article\",\"@id\":\"https:\\\/\\\/www.aceguarulhos.com.br\\\/blog\\\/prefeitura-promove-a-2%c2%aa-confer%c3%aancia-das-cidades\\\/#article\",\"isPartOf\":{\"@id\":\"https:\\\/\\\/www.aceguarulhos.com.br\\\/blog\\\/prefeitura-promove-a-2%c2%aa-confer%c3%aancia-das-cidades\\\/\"},\"author\":{\"name\":\"Assessoria de Imprensa ACE-Guarulhos\",\"@id\":\"https:\\\/\\\/www.aceguarulhos.com.br\\\/blog\\\/#\\\/schema\\\/person\\\/6983b51bad37489989e4f09698c26237\"},\"headline\":\"Prefeitura promove a 2\u00aa Confer\u00eancia das Cidades\",\"datePublished\":\"2005-07-14T15:40:45+00:00\",\"mainEntityOfPage\":{\"@id\":\"https:\\\/\\\/www.aceguarulhos.com.br\\\/blog\\\/prefeitura-promove-a-2%c2%aa-confer%c3%aancia-das-cidades\\\/\"},\"wordCount\":386,\"commentCount\":0,\"publisher\":{\"@id\":\"https:\\\/\\\/www.aceguarulhos.com.br\\\/blog\\\/#organization\"},\"articleSection\":[\"Not\u00edcias\"],\"inLanguage\":\"pt-BR\"},{\"@type\":\"WebPage\",\"@id\":\"https:\\\/\\\/www.aceguarulhos.com.br\\\/blog\\\/prefeitura-promove-a-2%c2%aa-confer%c3%aancia-das-cidades\\\/\",\"url\":\"https:\\\/\\\/www.aceguarulhos.com.br\\\/blog\\\/prefeitura-promove-a-2%c2%aa-confer%c3%aancia-das-cidades\\\/\",\"name\":\"Prefeitura promove a 2\u00aa Confer\u00eancia das Cidades - ACE-Guarulhos\",\"isPartOf\":{\"@id\":\"https:\\\/\\\/www.aceguarulhos.com.br\\\/blog\\\/#website\"},\"datePublished\":\"2005-07-14T15:40:45+00:00\",\"breadcrumb\":{\"@id\":\"https:\\\/\\\/www.aceguarulhos.com.br\\\/blog\\\/prefeitura-promove-a-2%c2%aa-confer%c3%aancia-das-cidades\\\/#breadcrumb\"},\"inLanguage\":\"pt-BR\",\"potentialAction\":[{\"@type\":\"ReadAction\",\"target\":[\"https:\\\/\\\/www.aceguarulhos.com.br\\\/blog\\\/prefeitura-promove-a-2%c2%aa-confer%c3%aancia-das-cidades\\\/\"]}]},{\"@type\":\"BreadcrumbList\",\"@id\":\"https:\\\/\\\/www.aceguarulhos.com.br\\\/blog\\\/prefeitura-promove-a-2%c2%aa-confer%c3%aancia-das-cidades\\\/#breadcrumb\",\"itemListElement\":[{\"@type\":\"ListItem\",\"position\":1,\"name\":\"In\u00edcio\",\"item\":\"https:\\\/\\\/www.aceguarulhos.com.br\\\/blog\\\/\"},{\"@type\":\"ListItem\",\"position\":2,\"name\":\"Prefeitura promove a 2\u00aa Confer\u00eancia das Cidades\"}]},{\"@type\":\"WebSite\",\"@id\":\"https:\\\/\\\/www.aceguarulhos.com.br\\\/blog\\\/#website\",\"url\":\"https:\\\/\\\/www.aceguarulhos.com.br\\\/blog\\\/\",\"name\":\"ACE-Guarulhos\",\"description\":\"A ACE-Guarulhos \u00e9 uma associa\u00e7\u00e3o que ap\u00f3ia os empres\u00e1rios guarulhenses atrav\u00e9s da representa\u00e7\u00e3o, da gera\u00e7\u00e3o de neg\u00f3cios e presta\u00e7\u00e3o de servi\u00e7os.\",\"publisher\":{\"@id\":\"https:\\\/\\\/www.aceguarulhos.com.br\\\/blog\\\/#organization\"},\"potentialAction\":[{\"@type\":\"SearchAction\",\"target\":{\"@type\":\"EntryPoint\",\"urlTemplate\":\"https:\\\/\\\/www.aceguarulhos.com.br\\\/blog\\\/?s={search_term_string}\"},\"query-input\":{\"@type\":\"PropertyValueSpecification\",\"valueRequired\":true,\"valueName\":\"search_term_string\"}}],\"inLanguage\":\"pt-BR\"},{\"@type\":\"Organization\",\"@id\":\"https:\\\/\\\/www.aceguarulhos.com.br\\\/blog\\\/#organization\",\"name\":\"ACE-Guarulhos\",\"url\":\"https:\\\/\\\/www.aceguarulhos.com.br\\\/blog\\\/\",\"logo\":{\"@type\":\"ImageObject\",\"inLanguage\":\"pt-BR\",\"@id\":\"https:\\\/\\\/www.aceguarulhos.com.br\\\/blog\\\/#\\\/schema\\\/logo\\\/image\\\/\",\"url\":\"https:\\\/\\\/www.aceguarulhos.com.br\\\/blog\\\/wp-content\\\/uploads\\\/2017\\\/12\\\/logo-aceguarulhos-2018.png\",\"contentUrl\":\"https:\\\/\\\/www.aceguarulhos.com.br\\\/blog\\\/wp-content\\\/uploads\\\/2017\\\/12\\\/logo-aceguarulhos-2018.png\",\"width\":419,\"height\":76,\"caption\":\"ACE-Guarulhos\"},\"image\":{\"@id\":\"https:\\\/\\\/www.aceguarulhos.com.br\\\/blog\\\/#\\\/schema\\\/logo\\\/image\\\/\"},\"sameAs\":[\"https:\\\/\\\/www.facebook.com\\\/aceguarulhos\\\/\",\"https:\\\/\\\/br.linkedin.com\\\/in\\\/ace-guarulhos-b9a97093\",\"https:\\\/\\\/www.youtube.com\\\/user\\\/aceguarulhos\"]},{\"@type\":\"Person\",\"@id\":\"https:\\\/\\\/www.aceguarulhos.com.br\\\/blog\\\/#\\\/schema\\\/person\\\/6983b51bad37489989e4f09698c26237\",\"name\":\"Assessoria de Imprensa ACE-Guarulhos\",\"image\":{\"@type\":\"ImageObject\",\"inLanguage\":\"pt-BR\",\"@id\":\"https:\\\/\\\/secure.gravatar.com\\\/avatar\\\/707f3fadd6918afeb64173ab22d8a8cb0676953098a4f31ff36dc2b4c699ef6a?s=96&d=mm&r=g\",\"url\":\"https:\\\/\\\/secure.gravatar.com\\\/avatar\\\/707f3fadd6918afeb64173ab22d8a8cb0676953098a4f31ff36dc2b4c699ef6a?s=96&d=mm&r=g\",\"contentUrl\":\"https:\\\/\\\/secure.gravatar.com\\\/avatar\\\/707f3fadd6918afeb64173ab22d8a8cb0676953098a4f31ff36dc2b4c699ef6a?s=96&d=mm&r=g\",\"caption\":\"Assessoria de Imprensa ACE-Guarulhos\"},\"url\":\"https:\\\/\\\/www.aceguarulhos.com.br\\\/blog\\\/author\\\/assessoria-de-imprensa-ace-guarulhos\\\/\"}]}<\/script>\n<!-- \/ Yoast SEO plugin. -->","yoast_head_json":{"title":"Prefeitura promove a 2\u00aa Confer\u00eancia das Cidades - ACE-Guarulhos","robots":{"index":"index","follow":"follow","max-snippet":"max-snippet:-1","max-image-preview":"max-image-preview:large","max-video-preview":"max-video-preview:-1"},"canonical":"https:\/\/www.aceguarulhos.com.br\/blog\/prefeitura-promove-a-2\u00aa-confer\u00eancia-das-cidades\/","og_locale":"pt_BR","og_type":"article","og_title":"Prefeitura promove a 2\u00aa Confer\u00eancia das Cidades - ACE-Guarulhos","og_description":"A Prefeitura lan\u00e7ar\u00e1, no per\u00edodo de 13 a 31 deste m\u00eas, a 2\u00aa Confer\u00eancia das Cidades, que come\u00e7a na quarta-feira, dia 13, \u00e0s","og_url":"https:\/\/www.aceguarulhos.com.br\/blog\/prefeitura-promove-a-2\u00aa-confer\u00eancia-das-cidades\/","og_site_name":"ACE-Guarulhos","article_publisher":"https:\/\/www.facebook.com\/aceguarulhos\/","article_published_time":"2005-07-14T15:40:45+00:00","author":"Assessoria de Imprensa ACE-Guarulhos","twitter_card":"summary_large_image","twitter_misc":{"Escrito por":"Assessoria de Imprensa ACE-Guarulhos","Est. tempo de leitura":"2 minutos"},"schema":{"@context":"https:\/\/schema.org","@graph":[{"@type":"Article","@id":"https:\/\/www.aceguarulhos.com.br\/blog\/prefeitura-promove-a-2%c2%aa-confer%c3%aancia-das-cidades\/#article","isPartOf":{"@id":"https:\/\/www.aceguarulhos.com.br\/blog\/prefeitura-promove-a-2%c2%aa-confer%c3%aancia-das-cidades\/"},"author":{"name":"Assessoria de Imprensa ACE-Guarulhos","@id":"https:\/\/www.aceguarulhos.com.br\/blog\/#\/schema\/person\/6983b51bad37489989e4f09698c26237"},"headline":"Prefeitura promove a 2\u00aa Confer\u00eancia das Cidades","datePublished":"2005-07-14T15:40:45+00:00","mainEntityOfPage":{"@id":"https:\/\/www.aceguarulhos.com.br\/blog\/prefeitura-promove-a-2%c2%aa-confer%c3%aancia-das-cidades\/"},"wordCount":386,"commentCount":0,"publisher":{"@id":"https:\/\/www.aceguarulhos.com.br\/blog\/#organization"},"articleSection":["Not\u00edcias"],"inLanguage":"pt-BR"},{"@type":"WebPage","@id":"https:\/\/www.aceguarulhos.com.br\/blog\/prefeitura-promove-a-2%c2%aa-confer%c3%aancia-das-cidades\/","url":"https:\/\/www.aceguarulhos.com.br\/blog\/prefeitura-promove-a-2%c2%aa-confer%c3%aancia-das-cidades\/","name":"Prefeitura promove a 2\u00aa Confer\u00eancia das Cidades - ACE-Guarulhos","isPartOf":{"@id":"https:\/\/www.aceguarulhos.com.br\/blog\/#website"},"datePublished":"2005-07-14T15:40:45+00:00","breadcrumb":{"@id":"https:\/\/www.aceguarulhos.com.br\/blog\/prefeitura-promove-a-2%c2%aa-confer%c3%aancia-das-cidades\/#breadcrumb"},"inLanguage":"pt-BR","potentialAction":[{"@type":"ReadAction","target":["https:\/\/www.aceguarulhos.com.br\/blog\/prefeitura-promove-a-2%c2%aa-confer%c3%aancia-das-cidades\/"]}]},{"@type":"BreadcrumbList","@id":"https:\/\/www.aceguarulhos.com.br\/blog\/prefeitura-promove-a-2%c2%aa-confer%c3%aancia-das-cidades\/#breadcrumb","itemListElement":[{"@type":"ListItem","position":1,"name":"In\u00edcio","item":"https:\/\/www.aceguarulhos.com.br\/blog\/"},{"@type":"ListItem","position":2,"name":"Prefeitura promove a 2\u00aa Confer\u00eancia das Cidades"}]},{"@type":"WebSite","@id":"https:\/\/www.aceguarulhos.com.br\/blog\/#website","url":"https:\/\/www.aceguarulhos.com.br\/blog\/","name":"ACE-Guarulhos","description":"A ACE-Guarulhos \u00e9 uma associa\u00e7\u00e3o que ap\u00f3ia os empres\u00e1rios guarulhenses atrav\u00e9s da representa\u00e7\u00e3o, da gera\u00e7\u00e3o de neg\u00f3cios e presta\u00e7\u00e3o de servi\u00e7os.","publisher":{"@id":"https:\/\/www.aceguarulhos.com.br\/blog\/#organization"},"potentialAction":[{"@type":"SearchAction","target":{"@type":"EntryPoint","urlTemplate":"https:\/\/www.aceguarulhos.com.br\/blog\/?s={search_term_string}"},"query-input":{"@type":"PropertyValueSpecification","valueRequired":true,"valueName":"search_term_string"}}],"inLanguage":"pt-BR"},{"@type":"Organization","@id":"https:\/\/www.aceguarulhos.com.br\/blog\/#organization","name":"ACE-Guarulhos","url":"https:\/\/www.aceguarulhos.com.br\/blog\/","logo":{"@type":"ImageObject","inLanguage":"pt-BR","@id":"https:\/\/www.aceguarulhos.com.br\/blog\/#\/schema\/logo\/image\/","url":"https:\/\/www.aceguarulhos.com.br\/blog\/wp-content\/uploads\/2017\/12\/logo-aceguarulhos-2018.png","contentUrl":"https:\/\/www.aceguarulhos.com.br\/blog\/wp-content\/uploads\/2017\/12\/logo-aceguarulhos-2018.png","width":419,"height":76,"caption":"ACE-Guarulhos"},"image":{"@id":"https:\/\/www.aceguarulhos.com.br\/blog\/#\/schema\/logo\/image\/"},"sameAs":["https:\/\/www.facebook.com\/aceguarulhos\/","https:\/\/br.linkedin.com\/in\/ace-guarulhos-b9a97093","https:\/\/www.youtube.com\/user\/aceguarulhos"]},{"@type":"Person","@id":"https:\/\/www.aceguarulhos.com.br\/blog\/#\/schema\/person\/6983b51bad37489989e4f09698c26237","name":"Assessoria de Imprensa ACE-Guarulhos","image":{"@type":"ImageObject","inLanguage":"pt-BR","@id":"https:\/\/secure.gravatar.com\/avatar\/707f3fadd6918afeb64173ab22d8a8cb0676953098a4f31ff36dc2b4c699ef6a?s=96&d=mm&r=g","url":"https:\/\/secure.gravatar.com\/avatar\/707f3fadd6918afeb64173ab22d8a8cb0676953098a4f31ff36dc2b4c699ef6a?s=96&d=mm&r=g","contentUrl":"https:\/\/secure.gravatar.com\/avatar\/707f3fadd6918afeb64173ab22d8a8cb0676953098a4f31ff36dc2b4c699ef6a?s=96&d=mm&r=g","caption":"Assessoria de Imprensa ACE-Guarulhos"},"url":"https:\/\/www.aceguarulhos.com.br\/blog\/author\/assessoria-de-imprensa-ace-guarulhos\/"}]}},"wps_subtitle":"","amp_enabled":true,"_links":{"self":[{"href":"https:\/\/www.aceguarulhos.com.br\/blog\/wp-json\/wp\/v2\/posts\/29559","targetHints":{"allow":["GET"]}}],"collection":[{"href":"https:\/\/www.aceguarulhos.com.br\/blog\/wp-json\/wp\/v2\/posts"}],"about":[{"href":"https:\/\/www.aceguarulhos.com.br\/blog\/wp-json\/wp\/v2\/types\/post"}],"author":[{"embeddable":true,"href":"https:\/\/www.aceguarulhos.com.br\/blog\/wp-json\/wp\/v2\/users\/8"}],"replies":[{"embeddable":true,"href":"https:\/\/www.aceguarulhos.com.br\/blog\/wp-json\/wp\/v2\/comments?post=29559"}],"version-history":[{"count":0,"href":"https:\/\/www.aceguarulhos.com.br\/blog\/wp-json\/wp\/v2\/posts\/29559\/revisions"}],"wp:attachment":[{"href":"https:\/\/www.aceguarulhos.com.br\/blog\/wp-json\/wp\/v2\/media?parent=29559"}],"wp:term":[{"taxonomy":"category","embeddable":true,"href":"https:\/\/www.aceguarulhos.com.br\/blog\/wp-json\/wp\/v2\/categories?post=29559"},{"taxonomy":"post_tag","embeddable":true,"href":"https:\/\/www.aceguarulhos.com.br\/blog\/wp-json\/wp\/v2\/tags?post=29559"}],"curies":[{"name":"wp","href":"https:\/\/api.w.org\/{rel}","templated":true}]}}