{"id":29557,"date":"2005-07-14T10:05:58","date_gmt":"2005-07-14T10:05:58","guid":{"rendered":"http:\/\/www.aceguarulhos.com.br\/blog\/?p=29557"},"modified":"-0001-11-30T00:00:00","modified_gmt":"-0001-11-30T03:00:00","slug":"decio-participa-de-programa-na-r%c3%a1dio-cumbica","status":"publish","type":"post","link":"https:\/\/www.aceguarulhos.com.br\/blog\/decio-participa-de-programa-na-r%c3%a1dio-cumbica\/","title":{"rendered":"Decio participa de programa na R\u00e1dio Cumbica"},"content":{"rendered":"<p><P><EM>O presidente da ACE foi o entrevistado do Programa da Tarde apresentado por Eloi Lemos com participa\u00e7\u00e3o do jornalista Moacyr Cust\u00f3dio.<\/EM><\/P><P><IMG alt=ACE src=\"\/blog\/wp-content\/uploads\/image.php?x=i&#038;i1=100&#038;i2=20020704091435\" align=left border=0>O presidente da Associa\u00e7\u00e3o Comercial e Empresarial de Guarulhos (ACE), Decio Pomp\u00eao Junior participou na tarde de segunda-feira, 11, do Programa da Tarde, apresentado pelo radialista Eloi Lemos com a participa\u00e7\u00e3o do jornalista Moacyr Cust\u00f3dio, que \u00e9 veiculado pela R\u00e1dio Cumbica (1500 AM). Decio falou dentre tantos assuntos do projeto de revitaliza\u00e7\u00e3o do centro e da import\u00e2ncia do associativismo para os micro e pequenos empres\u00e1rios.<\/P><P>Decio Pomp\u00eao Junior disse no programa que a Administra\u00e7\u00e3o Municipal, atrav\u00e9s das Secretarias de Transportes, Seguran\u00e7a, Desenvolvimento Urbano e Proguaru, vem mostrando disposi\u00e7\u00e3o em promover a\u00e7\u00f5es no centro da cidade e que outros bairros poder\u00e3o ser beneficiados.<\/P><P>&#39;Os centros de Bonsucesso, Cumbica e Pimentas poder\u00e3o ser beneficiados com a\u00e7\u00f5es importantes, que a prefeitura pretende realizar&#39;, informou.<\/P><P>Ainda em se tratando dos comerciantes de Cumbica, Bonsucesso e Pimentas, o presidente da Associa\u00e7\u00e3o Comercial falou da import\u00e2ncia da participa\u00e7\u00e3o deles na entidade.<\/P><P>&#39;A \u00fanica maneira do micro e pequeno empres\u00e1rio se tornar grande \u00e9 fazer parte do associativismo, como a Associa\u00e7\u00e3o Comercial&#39;, afirmou.<\/P><P>Segundo Decio, quem se associa \u00e0 ACE s\u00f3 tem vantagens.<\/P><P>&#39;N\u00f3s temos uma enorme gama de servi\u00e7os \u00e0 disposi\u00e7\u00e3o do nosso associado, como por exemplo o fechamento e abertura de empresas, o portal Guarulhos Tem, que possibilita o associado a montar o seu site, al\u00e9m dos servi\u00e7os de consultas ao cr\u00e9dito, entre eles o Servi\u00e7o Central de Prote\u00e7\u00e3o ao Cr\u00e9dito (SCPC)&#39;. declarou.<\/P><P>O jornalista Moacyr Cust\u00f3dio perguntou ao presidente da ACE, o que a Associa\u00e7\u00e3o Comercial vem fazendo no sentido de baixar a carga tribut\u00e1ria, a grande reclama\u00e7\u00e3o dos empres\u00e1rios da cidade.<\/P><P>&#39;A medida provis\u00f3ria 232 s\u00f3 caiu ap\u00f3s uma a\u00e7\u00e3o direta da Federa\u00e7\u00e3o das Associa\u00e7\u00f5es Comerciais e Empresariais de S\u00e3o Paulo (Facesp). Em Guarulhos estamos brigando muito pela queda do IPTU e tamb\u00e9m pela implanta\u00e7\u00e3o do simples municipal&#39;, respondeu.<\/P><P>O programa tamb\u00e9m abordou o &#8220;ato contra a corrup\u00e7\u00e3o&#39;, que aconteceu em Guarulhos no \u00faltimo dia 8 de julho e que contou tamb\u00e9m com a participa\u00e7\u00e3o da ACE. Moacyr questionou se a crise pol\u00edtica nacional vivida pelo Partido dos Trabalhadores pode afetar o PT de Guarulhos.<\/P><P>&#39;N\u00e3o temos em Guarulhos nenhuma not\u00edcia de corrup\u00e7\u00e3o, mas pode haver respingos no PT da cidade. Sempre brinco dizendo que, quando as coisas n\u00e3o est\u00e3o indo bem, se a pessoa comprar um circo o an\u00e3o vai crescer. E o an\u00e3o do PT parece que est\u00e1 crescendo&#39;, afirmou.<\/P><P>Quanto aos rumores de que alguns moradores da regi\u00e3o de Cumbica ainda promovem encontros que visam a emancipa\u00e7\u00e3o do bairro, transformando a regi\u00e3o em um novo munic\u00edpio, Decio Pomp\u00eao disse que \u00e9 sempre a favor da uni\u00e3o.<\/P><P>&#39;Guarulhos \u00e9 naturalmente forte. Prefiro sempre somar do que dividir. Algumas pessoas usam este tema para fazer politicagem. O fato \u00e9 que realmente a Administra\u00e7\u00e3o P\u00fablica precisa olhar com mais carinho para esta regi\u00e3o&#39;, ponderou.<\/P><P>A R\u00e1dio Cumbica AM 1500 est\u00e1 localizada no Parque S\u00e3o Miguel &#8211; regi\u00e3o do Pimentas. A emissora tamb\u00e9m est\u00e1 sendo sintonizada ao vivo pelo site <A href=\"http:\/\/www.radiocumbica.com.br\" target=_blank>www.radiocumbica.com.br<\/A>.<\/P><\/p>\n","protected":false},"excerpt":{"rendered":"O presidente da ACE foi o entrevistado do Programa da Tarde apresentado por Eloi Lemos com participa\u00e7\u00e3o do jornalista Moacyr Cust\u00f3dio.O presidente da \n<a class=\"moretag\" href=\"https:\/\/www.aceguarulhos.com.br\/blog\/decio-participa-de-programa-na-r%c3%a1dio-cumbica\/\"> [...]<\/a>","protected":false},"author":8,"featured_media":0,"comment_status":"open","ping_status":"open","sticky":false,"template":"","format":"standard","meta":{"footnotes":""},"categories":[2],"tags":[],"class_list":["post-29557","post","type-post","status-publish","format-standard","hentry","category-noticias"],"yoast_head":"<!-- This site is optimized with the Yoast SEO plugin v28.1 - https:\/\/yoast.com\/product\/yoast-seo-wordpress\/ -->\n<title>Decio participa de programa na R\u00e1dio Cumbica - ACE-Guarulhos<\/title>\n<meta name=\"robots\" content=\"index, follow, max-snippet:-1, max-image-preview:large, max-video-preview:-1\" \/>\n<link rel=\"canonical\" href=\"https:\/\/www.aceguarulhos.com.br\/blog\/decio-participa-de-programa-na-r\u00e1dio-cumbica\/\" \/>\n<meta property=\"og:locale\" content=\"pt_BR\" \/>\n<meta property=\"og:type\" content=\"article\" \/>\n<meta property=\"og:title\" content=\"Decio participa de programa na R\u00e1dio Cumbica - ACE-Guarulhos\" \/>\n<meta property=\"og:description\" content=\"O presidente da ACE foi o entrevistado do Programa da Tarde apresentado por Eloi Lemos com participa\u00e7\u00e3o do jornalista Moacyr Cust\u00f3dio.O presidente da\" \/>\n<meta property=\"og:url\" content=\"https:\/\/www.aceguarulhos.com.br\/blog\/decio-participa-de-programa-na-r\u00e1dio-cumbica\/\" \/>\n<meta property=\"og:site_name\" content=\"ACE-Guarulhos\" \/>\n<meta property=\"article:publisher\" content=\"https:\/\/www.facebook.com\/aceguarulhos\/\" \/>\n<meta property=\"article:published_time\" content=\"2005-07-14T10:05:58+00:00\" \/>\n<meta name=\"author\" content=\"Assessoria de Imprensa ACE-Guarulhos\" \/>\n<meta name=\"twitter:card\" content=\"summary_large_image\" \/>\n<meta name=\"twitter:label1\" content=\"Escrito por\" \/>\n\t<meta name=\"twitter:data1\" content=\"Assessoria de Imprensa ACE-Guarulhos\" \/>\n\t<meta name=\"twitter:label2\" content=\"Est. tempo de leitura\" \/>\n\t<meta name=\"twitter:data2\" content=\"3 minutos\" \/>\n<script type=\"application\/ld+json\" class=\"yoast-schema-graph\">{\"@context\":\"https:\\\/\\\/schema.org\",\"@graph\":[{\"@type\":\"Article\",\"@id\":\"https:\\\/\\\/www.aceguarulhos.com.br\\\/blog\\\/decio-participa-de-programa-na-r%c3%a1dio-cumbica\\\/#article\",\"isPartOf\":{\"@id\":\"https:\\\/\\\/www.aceguarulhos.com.br\\\/blog\\\/decio-participa-de-programa-na-r%c3%a1dio-cumbica\\\/\"},\"author\":{\"name\":\"Assessoria de Imprensa ACE-Guarulhos\",\"@id\":\"https:\\\/\\\/www.aceguarulhos.com.br\\\/blog\\\/#\\\/schema\\\/person\\\/6983b51bad37489989e4f09698c26237\"},\"headline\":\"Decio participa de programa na R\u00e1dio Cumbica\",\"datePublished\":\"2005-07-14T10:05:58+00:00\",\"mainEntityOfPage\":{\"@id\":\"https:\\\/\\\/www.aceguarulhos.com.br\\\/blog\\\/decio-participa-de-programa-na-r%c3%a1dio-cumbica\\\/\"},\"wordCount\":578,\"commentCount\":0,\"publisher\":{\"@id\":\"https:\\\/\\\/www.aceguarulhos.com.br\\\/blog\\\/#organization\"},\"articleSection\":[\"Not\u00edcias\"],\"inLanguage\":\"pt-BR\"},{\"@type\":\"WebPage\",\"@id\":\"https:\\\/\\\/www.aceguarulhos.com.br\\\/blog\\\/decio-participa-de-programa-na-r%c3%a1dio-cumbica\\\/\",\"url\":\"https:\\\/\\\/www.aceguarulhos.com.br\\\/blog\\\/decio-participa-de-programa-na-r%c3%a1dio-cumbica\\\/\",\"name\":\"Decio participa de programa na R\u00e1dio Cumbica - ACE-Guarulhos\",\"isPartOf\":{\"@id\":\"https:\\\/\\\/www.aceguarulhos.com.br\\\/blog\\\/#website\"},\"datePublished\":\"2005-07-14T10:05:58+00:00\",\"breadcrumb\":{\"@id\":\"https:\\\/\\\/www.aceguarulhos.com.br\\\/blog\\\/decio-participa-de-programa-na-r%c3%a1dio-cumbica\\\/#breadcrumb\"},\"inLanguage\":\"pt-BR\",\"potentialAction\":[{\"@type\":\"ReadAction\",\"target\":[\"https:\\\/\\\/www.aceguarulhos.com.br\\\/blog\\\/decio-participa-de-programa-na-r%c3%a1dio-cumbica\\\/\"]}]},{\"@type\":\"BreadcrumbList\",\"@id\":\"https:\\\/\\\/www.aceguarulhos.com.br\\\/blog\\\/decio-participa-de-programa-na-r%c3%a1dio-cumbica\\\/#breadcrumb\",\"itemListElement\":[{\"@type\":\"ListItem\",\"position\":1,\"name\":\"In\u00edcio\",\"item\":\"https:\\\/\\\/www.aceguarulhos.com.br\\\/blog\\\/\"},{\"@type\":\"ListItem\",\"position\":2,\"name\":\"Decio participa de programa na R\u00e1dio Cumbica\"}]},{\"@type\":\"WebSite\",\"@id\":\"https:\\\/\\\/www.aceguarulhos.com.br\\\/blog\\\/#website\",\"url\":\"https:\\\/\\\/www.aceguarulhos.com.br\\\/blog\\\/\",\"name\":\"ACE-Guarulhos\",\"description\":\"A ACE-Guarulhos \u00e9 uma associa\u00e7\u00e3o que ap\u00f3ia os empres\u00e1rios guarulhenses atrav\u00e9s da representa\u00e7\u00e3o, da gera\u00e7\u00e3o de neg\u00f3cios e presta\u00e7\u00e3o de servi\u00e7os.\",\"publisher\":{\"@id\":\"https:\\\/\\\/www.aceguarulhos.com.br\\\/blog\\\/#organization\"},\"potentialAction\":[{\"@type\":\"SearchAction\",\"target\":{\"@type\":\"EntryPoint\",\"urlTemplate\":\"https:\\\/\\\/www.aceguarulhos.com.br\\\/blog\\\/?s={search_term_string}\"},\"query-input\":{\"@type\":\"PropertyValueSpecification\",\"valueRequired\":true,\"valueName\":\"search_term_string\"}}],\"inLanguage\":\"pt-BR\"},{\"@type\":\"Organization\",\"@id\":\"https:\\\/\\\/www.aceguarulhos.com.br\\\/blog\\\/#organization\",\"name\":\"ACE-Guarulhos\",\"url\":\"https:\\\/\\\/www.aceguarulhos.com.br\\\/blog\\\/\",\"logo\":{\"@type\":\"ImageObject\",\"inLanguage\":\"pt-BR\",\"@id\":\"https:\\\/\\\/www.aceguarulhos.com.br\\\/blog\\\/#\\\/schema\\\/logo\\\/image\\\/\",\"url\":\"https:\\\/\\\/www.aceguarulhos.com.br\\\/blog\\\/wp-content\\\/uploads\\\/2017\\\/12\\\/logo-aceguarulhos-2018.png\",\"contentUrl\":\"https:\\\/\\\/www.aceguarulhos.com.br\\\/blog\\\/wp-content\\\/uploads\\\/2017\\\/12\\\/logo-aceguarulhos-2018.png\",\"width\":419,\"height\":76,\"caption\":\"ACE-Guarulhos\"},\"image\":{\"@id\":\"https:\\\/\\\/www.aceguarulhos.com.br\\\/blog\\\/#\\\/schema\\\/logo\\\/image\\\/\"},\"sameAs\":[\"https:\\\/\\\/www.facebook.com\\\/aceguarulhos\\\/\",\"https:\\\/\\\/br.linkedin.com\\\/in\\\/ace-guarulhos-b9a97093\",\"https:\\\/\\\/www.youtube.com\\\/user\\\/aceguarulhos\"]},{\"@type\":\"Person\",\"@id\":\"https:\\\/\\\/www.aceguarulhos.com.br\\\/blog\\\/#\\\/schema\\\/person\\\/6983b51bad37489989e4f09698c26237\",\"name\":\"Assessoria de Imprensa ACE-Guarulhos\",\"image\":{\"@type\":\"ImageObject\",\"inLanguage\":\"pt-BR\",\"@id\":\"https:\\\/\\\/secure.gravatar.com\\\/avatar\\\/707f3fadd6918afeb64173ab22d8a8cb0676953098a4f31ff36dc2b4c699ef6a?s=96&d=mm&r=g\",\"url\":\"https:\\\/\\\/secure.gravatar.com\\\/avatar\\\/707f3fadd6918afeb64173ab22d8a8cb0676953098a4f31ff36dc2b4c699ef6a?s=96&d=mm&r=g\",\"contentUrl\":\"https:\\\/\\\/secure.gravatar.com\\\/avatar\\\/707f3fadd6918afeb64173ab22d8a8cb0676953098a4f31ff36dc2b4c699ef6a?s=96&d=mm&r=g\",\"caption\":\"Assessoria de Imprensa ACE-Guarulhos\"},\"url\":\"https:\\\/\\\/www.aceguarulhos.com.br\\\/blog\\\/author\\\/assessoria-de-imprensa-ace-guarulhos\\\/\"}]}<\/script>\n<!-- \/ Yoast SEO plugin. -->","yoast_head_json":{"title":"Decio participa de programa na R\u00e1dio Cumbica - ACE-Guarulhos","robots":{"index":"index","follow":"follow","max-snippet":"max-snippet:-1","max-image-preview":"max-image-preview:large","max-video-preview":"max-video-preview:-1"},"canonical":"https:\/\/www.aceguarulhos.com.br\/blog\/decio-participa-de-programa-na-r\u00e1dio-cumbica\/","og_locale":"pt_BR","og_type":"article","og_title":"Decio participa de programa na R\u00e1dio Cumbica - ACE-Guarulhos","og_description":"O presidente da ACE foi o entrevistado do Programa da Tarde apresentado por Eloi Lemos com participa\u00e7\u00e3o do jornalista Moacyr Cust\u00f3dio.O presidente da","og_url":"https:\/\/www.aceguarulhos.com.br\/blog\/decio-participa-de-programa-na-r\u00e1dio-cumbica\/","og_site_name":"ACE-Guarulhos","article_publisher":"https:\/\/www.facebook.com\/aceguarulhos\/","article_published_time":"2005-07-14T10:05:58+00:00","author":"Assessoria de Imprensa ACE-Guarulhos","twitter_card":"summary_large_image","twitter_misc":{"Escrito por":"Assessoria de Imprensa ACE-Guarulhos","Est. tempo de leitura":"3 minutos"},"schema":{"@context":"https:\/\/schema.org","@graph":[{"@type":"Article","@id":"https:\/\/www.aceguarulhos.com.br\/blog\/decio-participa-de-programa-na-r%c3%a1dio-cumbica\/#article","isPartOf":{"@id":"https:\/\/www.aceguarulhos.com.br\/blog\/decio-participa-de-programa-na-r%c3%a1dio-cumbica\/"},"author":{"name":"Assessoria de Imprensa ACE-Guarulhos","@id":"https:\/\/www.aceguarulhos.com.br\/blog\/#\/schema\/person\/6983b51bad37489989e4f09698c26237"},"headline":"Decio participa de programa na R\u00e1dio Cumbica","datePublished":"2005-07-14T10:05:58+00:00","mainEntityOfPage":{"@id":"https:\/\/www.aceguarulhos.com.br\/blog\/decio-participa-de-programa-na-r%c3%a1dio-cumbica\/"},"wordCount":578,"commentCount":0,"publisher":{"@id":"https:\/\/www.aceguarulhos.com.br\/blog\/#organization"},"articleSection":["Not\u00edcias"],"inLanguage":"pt-BR"},{"@type":"WebPage","@id":"https:\/\/www.aceguarulhos.com.br\/blog\/decio-participa-de-programa-na-r%c3%a1dio-cumbica\/","url":"https:\/\/www.aceguarulhos.com.br\/blog\/decio-participa-de-programa-na-r%c3%a1dio-cumbica\/","name":"Decio participa de programa na R\u00e1dio Cumbica - ACE-Guarulhos","isPartOf":{"@id":"https:\/\/www.aceguarulhos.com.br\/blog\/#website"},"datePublished":"2005-07-14T10:05:58+00:00","breadcrumb":{"@id":"https:\/\/www.aceguarulhos.com.br\/blog\/decio-participa-de-programa-na-r%c3%a1dio-cumbica\/#breadcrumb"},"inLanguage":"pt-BR","potentialAction":[{"@type":"ReadAction","target":["https:\/\/www.aceguarulhos.com.br\/blog\/decio-participa-de-programa-na-r%c3%a1dio-cumbica\/"]}]},{"@type":"BreadcrumbList","@id":"https:\/\/www.aceguarulhos.com.br\/blog\/decio-participa-de-programa-na-r%c3%a1dio-cumbica\/#breadcrumb","itemListElement":[{"@type":"ListItem","position":1,"name":"In\u00edcio","item":"https:\/\/www.aceguarulhos.com.br\/blog\/"},{"@type":"ListItem","position":2,"name":"Decio participa de programa na R\u00e1dio Cumbica"}]},{"@type":"WebSite","@id":"https:\/\/www.aceguarulhos.com.br\/blog\/#website","url":"https:\/\/www.aceguarulhos.com.br\/blog\/","name":"ACE-Guarulhos","description":"A ACE-Guarulhos \u00e9 uma associa\u00e7\u00e3o que ap\u00f3ia os empres\u00e1rios guarulhenses atrav\u00e9s da representa\u00e7\u00e3o, da gera\u00e7\u00e3o de neg\u00f3cios e presta\u00e7\u00e3o de servi\u00e7os.","publisher":{"@id":"https:\/\/www.aceguarulhos.com.br\/blog\/#organization"},"potentialAction":[{"@type":"SearchAction","target":{"@type":"EntryPoint","urlTemplate":"https:\/\/www.aceguarulhos.com.br\/blog\/?s={search_term_string}"},"query-input":{"@type":"PropertyValueSpecification","valueRequired":true,"valueName":"search_term_string"}}],"inLanguage":"pt-BR"},{"@type":"Organization","@id":"https:\/\/www.aceguarulhos.com.br\/blog\/#organization","name":"ACE-Guarulhos","url":"https:\/\/www.aceguarulhos.com.br\/blog\/","logo":{"@type":"ImageObject","inLanguage":"pt-BR","@id":"https:\/\/www.aceguarulhos.com.br\/blog\/#\/schema\/logo\/image\/","url":"https:\/\/www.aceguarulhos.com.br\/blog\/wp-content\/uploads\/2017\/12\/logo-aceguarulhos-2018.png","contentUrl":"https:\/\/www.aceguarulhos.com.br\/blog\/wp-content\/uploads\/2017\/12\/logo-aceguarulhos-2018.png","width":419,"height":76,"caption":"ACE-Guarulhos"},"image":{"@id":"https:\/\/www.aceguarulhos.com.br\/blog\/#\/schema\/logo\/image\/"},"sameAs":["https:\/\/www.facebook.com\/aceguarulhos\/","https:\/\/br.linkedin.com\/in\/ace-guarulhos-b9a97093","https:\/\/www.youtube.com\/user\/aceguarulhos"]},{"@type":"Person","@id":"https:\/\/www.aceguarulhos.com.br\/blog\/#\/schema\/person\/6983b51bad37489989e4f09698c26237","name":"Assessoria de Imprensa ACE-Guarulhos","image":{"@type":"ImageObject","inLanguage":"pt-BR","@id":"https:\/\/secure.gravatar.com\/avatar\/707f3fadd6918afeb64173ab22d8a8cb0676953098a4f31ff36dc2b4c699ef6a?s=96&d=mm&r=g","url":"https:\/\/secure.gravatar.com\/avatar\/707f3fadd6918afeb64173ab22d8a8cb0676953098a4f31ff36dc2b4c699ef6a?s=96&d=mm&r=g","contentUrl":"https:\/\/secure.gravatar.com\/avatar\/707f3fadd6918afeb64173ab22d8a8cb0676953098a4f31ff36dc2b4c699ef6a?s=96&d=mm&r=g","caption":"Assessoria de Imprensa ACE-Guarulhos"},"url":"https:\/\/www.aceguarulhos.com.br\/blog\/author\/assessoria-de-imprensa-ace-guarulhos\/"}]}},"wps_subtitle":"","amp_enabled":true,"_links":{"self":[{"href":"https:\/\/www.aceguarulhos.com.br\/blog\/wp-json\/wp\/v2\/posts\/29557","targetHints":{"allow":["GET"]}}],"collection":[{"href":"https:\/\/www.aceguarulhos.com.br\/blog\/wp-json\/wp\/v2\/posts"}],"about":[{"href":"https:\/\/www.aceguarulhos.com.br\/blog\/wp-json\/wp\/v2\/types\/post"}],"author":[{"embeddable":true,"href":"https:\/\/www.aceguarulhos.com.br\/blog\/wp-json\/wp\/v2\/users\/8"}],"replies":[{"embeddable":true,"href":"https:\/\/www.aceguarulhos.com.br\/blog\/wp-json\/wp\/v2\/comments?post=29557"}],"version-history":[{"count":0,"href":"https:\/\/www.aceguarulhos.com.br\/blog\/wp-json\/wp\/v2\/posts\/29557\/revisions"}],"wp:attachment":[{"href":"https:\/\/www.aceguarulhos.com.br\/blog\/wp-json\/wp\/v2\/media?parent=29557"}],"wp:term":[{"taxonomy":"category","embeddable":true,"href":"https:\/\/www.aceguarulhos.com.br\/blog\/wp-json\/wp\/v2\/categories?post=29557"},{"taxonomy":"post_tag","embeddable":true,"href":"https:\/\/www.aceguarulhos.com.br\/blog\/wp-json\/wp\/v2\/tags?post=29557"}],"curies":[{"name":"wp","href":"https:\/\/api.w.org\/{rel}","templated":true}]}}