{"id":29519,"date":"2005-06-28T10:40:32","date_gmt":"2005-06-28T10:40:32","guid":{"rendered":"http:\/\/www.aceguarulhos.com.br\/blog\/?p=29519"},"modified":"-0001-11-30T00:00:00","modified_gmt":"-0001-11-30T03:00:00","slug":"cacb-ter%c3%a1-novo-presidente","status":"publish","type":"post","link":"https:\/\/www.aceguarulhos.com.br\/blog\/cacb-ter%c3%a1-novo-presidente\/","title":{"rendered":"CACB ter\u00e1 novo presidente"},"content":{"rendered":"<p><P><EM>Burti (ao microfone): esfor\u00e7o para cria\u00e7\u00e3o de rede nacional<\/EM><\/P><P><IMG alt=\"Di\u00e1rio do Com\u00e9rcio\" src=\"\/blog\/wp-content\/uploads\/image.php?x=i&#038;i1=100&#038;i2=20010820112545\" align=left border=0>&#8220;Nossa miss\u00e3o \u00e9 lutar pela unidade das 27 federa\u00e7\u00f5es que integram a Confedera\u00e7\u00e3o das Associa\u00e7\u00f5es Comerciais e Empresariais do Brasil (CACB) e pela auto sustentabilidade de cada entidade, por menor que ela seja&#8221;, enfatizou ontem o vice-presidente da Associa\u00e7\u00e3o Comercial de S\u00e3o Paulo (ACSP), Alencar Burti, durante reuni\u00e3o plen\u00e1ria da entidade. <\/P><P><STRONG>Burti &#8211;<\/STRONG> que tomar\u00e1 posse na presid\u00eancia da CACB no pr\u00f3ximo dia 1\u00ba de julho, em S\u00e3o Paulo &#8211; enfatizou a import\u00e2ncia de um sistema seguro, \u00e1gil e moderno de informa\u00e7\u00f5es de cr\u00e9dito, para o desenvolvimento da atividade econ\u00f4mica no Brasil. &#8220;Todos precisam entender o qu\u00e3o importante e necess\u00e1rio para os neg\u00f3cios \u00e9 esse instrumento de informa\u00e7\u00e3o&#8221;, disse. <\/P><P>O vice e ex-presidente da ACSP recordou o trabalho feito pela entidade e a Federa\u00e7\u00e3o das Associa\u00e7\u00f5es Comerciais do Estado de S\u00e3o Paulo (Facesp) para unificar todo o estado em torno de um s\u00f3 sistema de informa\u00e7\u00e3o de cr\u00e9dito, o RIPC, durante sua gest\u00e3o na ACSP e Facesp, entre 1999 e 2003. &#8220;Esse paradigma pode ser levado para todo o Brasil, pois garante a seguran\u00e7a que os grandes grupos e pequenos empreendedores exigem&#8221;, afirmou. <\/P><P><STRONG>Esfor\u00e7o &#8211;<\/STRONG> Alencar Burti elogiou o papel dos primeiros parceiros na RIPC, o Rio de Janeiro e o Paran\u00e1, &#8220;que demonstraram que \u00e9 poss\u00edvel levar isso para todo o Brasil&#8221;. Ele recordou o esfor\u00e7o, nesse sentido, que vem sendo feito pelo atual presidente da ACSP e Facesp, Guilherme Afif Domingos, e da CACB, Luiz Ot\u00e1vio Gomes, do estado de Alagoas. <\/P><P>Para Burti, a posse da CACB representa um desafio importante, que precisa contar com o apoio das 27 federa\u00e7\u00f5es, que representam 2,2 mil associa\u00e7\u00f5es comerciais em todo o Brasil. Ele relatou a experi\u00eancia administrativa e pol\u00edtica obtida na dire\u00e7\u00e3o da ACSP, mesmo depois de quase 40 anos presidindo entidades empresariais. <\/P><P>Ele creditou aos esfor\u00e7os dos presidentes Guilherme Afif e Luiz Ot\u00e1vio que, com suas lideran\u00e7as, conseguiram reestruturar e projetar a CACB no plano pol\u00edtico nacional. &#8220;Com o Luiz Ot\u00e1vio a entidade deu um salto importante&#8221;, enfatizou. &#8220;E com o apoio deles vamos conseguir nossos objetivos.&#8221; <\/P><P>O vice-presidente da ACSP Roberto Mateus Ordine, representando o presidente Afif, disse que a CACB &#8220;s\u00f3 ter\u00e1 a ganhar com a elei\u00e7\u00e3o de Burti&#8221;. E resumiu: &#8220;Com seu esp\u00edrito de uni\u00e3o, com sua experi\u00eancia e lideran\u00e7a pac\u00edfica dar\u00e1 uma enorme contribui\u00e7\u00e3o \u00e0 Confedera\u00e7\u00e3o&#8221;. (SLR)<\/P><\/p>\n","protected":false},"excerpt":{"rendered":"Burti (ao microfone): esfor\u00e7o para cria\u00e7\u00e3o de rede nacional&#8220;Nossa miss\u00e3o \u00e9 lutar pela unidade das 27 federa\u00e7\u00f5es que integram a Confedera\u00e7\u00e3o das Associa\u00e7\u00f5es \n<a class=\"moretag\" href=\"https:\/\/www.aceguarulhos.com.br\/blog\/cacb-ter%c3%a1-novo-presidente\/\"> [...]<\/a>","protected":false},"author":8,"featured_media":0,"comment_status":"open","ping_status":"open","sticky":false,"template":"","format":"standard","meta":{"footnotes":""},"categories":[2],"tags":[],"class_list":["post-29519","post","type-post","status-publish","format-standard","hentry","category-noticias"],"yoast_head":"<!-- This site is optimized with the Yoast SEO plugin v28.1 - https:\/\/yoast.com\/product\/yoast-seo-wordpress\/ -->\n<title>CACB ter\u00e1 novo presidente - ACE-Guarulhos<\/title>\n<meta name=\"robots\" content=\"index, follow, max-snippet:-1, max-image-preview:large, max-video-preview:-1\" \/>\n<link rel=\"canonical\" href=\"https:\/\/www.aceguarulhos.com.br\/blog\/cacb-ter\u00e1-novo-presidente\/\" \/>\n<meta property=\"og:locale\" content=\"pt_BR\" \/>\n<meta property=\"og:type\" content=\"article\" \/>\n<meta property=\"og:title\" content=\"CACB ter\u00e1 novo presidente - ACE-Guarulhos\" \/>\n<meta property=\"og:description\" content=\"Burti (ao microfone): esfor\u00e7o para cria\u00e7\u00e3o de rede nacional&#8220;Nossa miss\u00e3o \u00e9 lutar pela unidade das 27 federa\u00e7\u00f5es que integram a Confedera\u00e7\u00e3o das Associa\u00e7\u00f5es\" \/>\n<meta property=\"og:url\" content=\"https:\/\/www.aceguarulhos.com.br\/blog\/cacb-ter\u00e1-novo-presidente\/\" \/>\n<meta property=\"og:site_name\" content=\"ACE-Guarulhos\" \/>\n<meta property=\"article:publisher\" content=\"https:\/\/www.facebook.com\/aceguarulhos\/\" \/>\n<meta property=\"article:published_time\" content=\"2005-06-28T10:40:32+00:00\" \/>\n<meta name=\"author\" content=\"Assessoria de Imprensa ACE-Guarulhos\" \/>\n<meta name=\"twitter:card\" content=\"summary_large_image\" \/>\n<meta name=\"twitter:label1\" content=\"Escrito por\" \/>\n\t<meta name=\"twitter:data1\" content=\"Assessoria de Imprensa ACE-Guarulhos\" \/>\n\t<meta name=\"twitter:label2\" content=\"Est. tempo de leitura\" \/>\n\t<meta name=\"twitter:data2\" content=\"2 minutos\" \/>\n<script type=\"application\/ld+json\" class=\"yoast-schema-graph\">{\"@context\":\"https:\\\/\\\/schema.org\",\"@graph\":[{\"@type\":\"Article\",\"@id\":\"https:\\\/\\\/www.aceguarulhos.com.br\\\/blog\\\/cacb-ter%c3%a1-novo-presidente\\\/#article\",\"isPartOf\":{\"@id\":\"https:\\\/\\\/www.aceguarulhos.com.br\\\/blog\\\/cacb-ter%c3%a1-novo-presidente\\\/\"},\"author\":{\"name\":\"Assessoria de Imprensa ACE-Guarulhos\",\"@id\":\"https:\\\/\\\/www.aceguarulhos.com.br\\\/blog\\\/#\\\/schema\\\/person\\\/6983b51bad37489989e4f09698c26237\"},\"headline\":\"CACB ter\u00e1 novo presidente\",\"datePublished\":\"2005-06-28T10:40:32+00:00\",\"mainEntityOfPage\":{\"@id\":\"https:\\\/\\\/www.aceguarulhos.com.br\\\/blog\\\/cacb-ter%c3%a1-novo-presidente\\\/\"},\"wordCount\":434,\"commentCount\":0,\"publisher\":{\"@id\":\"https:\\\/\\\/www.aceguarulhos.com.br\\\/blog\\\/#organization\"},\"articleSection\":[\"Not\u00edcias\"],\"inLanguage\":\"pt-BR\"},{\"@type\":\"WebPage\",\"@id\":\"https:\\\/\\\/www.aceguarulhos.com.br\\\/blog\\\/cacb-ter%c3%a1-novo-presidente\\\/\",\"url\":\"https:\\\/\\\/www.aceguarulhos.com.br\\\/blog\\\/cacb-ter%c3%a1-novo-presidente\\\/\",\"name\":\"CACB ter\u00e1 novo presidente - ACE-Guarulhos\",\"isPartOf\":{\"@id\":\"https:\\\/\\\/www.aceguarulhos.com.br\\\/blog\\\/#website\"},\"datePublished\":\"2005-06-28T10:40:32+00:00\",\"breadcrumb\":{\"@id\":\"https:\\\/\\\/www.aceguarulhos.com.br\\\/blog\\\/cacb-ter%c3%a1-novo-presidente\\\/#breadcrumb\"},\"inLanguage\":\"pt-BR\",\"potentialAction\":[{\"@type\":\"ReadAction\",\"target\":[\"https:\\\/\\\/www.aceguarulhos.com.br\\\/blog\\\/cacb-ter%c3%a1-novo-presidente\\\/\"]}]},{\"@type\":\"BreadcrumbList\",\"@id\":\"https:\\\/\\\/www.aceguarulhos.com.br\\\/blog\\\/cacb-ter%c3%a1-novo-presidente\\\/#breadcrumb\",\"itemListElement\":[{\"@type\":\"ListItem\",\"position\":1,\"name\":\"In\u00edcio\",\"item\":\"https:\\\/\\\/www.aceguarulhos.com.br\\\/blog\\\/\"},{\"@type\":\"ListItem\",\"position\":2,\"name\":\"CACB ter\u00e1 novo presidente\"}]},{\"@type\":\"WebSite\",\"@id\":\"https:\\\/\\\/www.aceguarulhos.com.br\\\/blog\\\/#website\",\"url\":\"https:\\\/\\\/www.aceguarulhos.com.br\\\/blog\\\/\",\"name\":\"ACE-Guarulhos\",\"description\":\"A ACE-Guarulhos \u00e9 uma associa\u00e7\u00e3o que ap\u00f3ia os empres\u00e1rios guarulhenses atrav\u00e9s da representa\u00e7\u00e3o, da gera\u00e7\u00e3o de neg\u00f3cios e presta\u00e7\u00e3o de servi\u00e7os.\",\"publisher\":{\"@id\":\"https:\\\/\\\/www.aceguarulhos.com.br\\\/blog\\\/#organization\"},\"potentialAction\":[{\"@type\":\"SearchAction\",\"target\":{\"@type\":\"EntryPoint\",\"urlTemplate\":\"https:\\\/\\\/www.aceguarulhos.com.br\\\/blog\\\/?s={search_term_string}\"},\"query-input\":{\"@type\":\"PropertyValueSpecification\",\"valueRequired\":true,\"valueName\":\"search_term_string\"}}],\"inLanguage\":\"pt-BR\"},{\"@type\":\"Organization\",\"@id\":\"https:\\\/\\\/www.aceguarulhos.com.br\\\/blog\\\/#organization\",\"name\":\"ACE-Guarulhos\",\"url\":\"https:\\\/\\\/www.aceguarulhos.com.br\\\/blog\\\/\",\"logo\":{\"@type\":\"ImageObject\",\"inLanguage\":\"pt-BR\",\"@id\":\"https:\\\/\\\/www.aceguarulhos.com.br\\\/blog\\\/#\\\/schema\\\/logo\\\/image\\\/\",\"url\":\"https:\\\/\\\/www.aceguarulhos.com.br\\\/blog\\\/wp-content\\\/uploads\\\/2017\\\/12\\\/logo-aceguarulhos-2018.png\",\"contentUrl\":\"https:\\\/\\\/www.aceguarulhos.com.br\\\/blog\\\/wp-content\\\/uploads\\\/2017\\\/12\\\/logo-aceguarulhos-2018.png\",\"width\":419,\"height\":76,\"caption\":\"ACE-Guarulhos\"},\"image\":{\"@id\":\"https:\\\/\\\/www.aceguarulhos.com.br\\\/blog\\\/#\\\/schema\\\/logo\\\/image\\\/\"},\"sameAs\":[\"https:\\\/\\\/www.facebook.com\\\/aceguarulhos\\\/\",\"https:\\\/\\\/br.linkedin.com\\\/in\\\/ace-guarulhos-b9a97093\",\"https:\\\/\\\/www.youtube.com\\\/user\\\/aceguarulhos\"]},{\"@type\":\"Person\",\"@id\":\"https:\\\/\\\/www.aceguarulhos.com.br\\\/blog\\\/#\\\/schema\\\/person\\\/6983b51bad37489989e4f09698c26237\",\"name\":\"Assessoria de Imprensa ACE-Guarulhos\",\"image\":{\"@type\":\"ImageObject\",\"inLanguage\":\"pt-BR\",\"@id\":\"https:\\\/\\\/secure.gravatar.com\\\/avatar\\\/707f3fadd6918afeb64173ab22d8a8cb0676953098a4f31ff36dc2b4c699ef6a?s=96&d=mm&r=g\",\"url\":\"https:\\\/\\\/secure.gravatar.com\\\/avatar\\\/707f3fadd6918afeb64173ab22d8a8cb0676953098a4f31ff36dc2b4c699ef6a?s=96&d=mm&r=g\",\"contentUrl\":\"https:\\\/\\\/secure.gravatar.com\\\/avatar\\\/707f3fadd6918afeb64173ab22d8a8cb0676953098a4f31ff36dc2b4c699ef6a?s=96&d=mm&r=g\",\"caption\":\"Assessoria de Imprensa ACE-Guarulhos\"},\"url\":\"https:\\\/\\\/www.aceguarulhos.com.br\\\/blog\\\/author\\\/assessoria-de-imprensa-ace-guarulhos\\\/\"}]}<\/script>\n<!-- \/ Yoast SEO plugin. -->","yoast_head_json":{"title":"CACB ter\u00e1 novo presidente - ACE-Guarulhos","robots":{"index":"index","follow":"follow","max-snippet":"max-snippet:-1","max-image-preview":"max-image-preview:large","max-video-preview":"max-video-preview:-1"},"canonical":"https:\/\/www.aceguarulhos.com.br\/blog\/cacb-ter\u00e1-novo-presidente\/","og_locale":"pt_BR","og_type":"article","og_title":"CACB ter\u00e1 novo presidente - ACE-Guarulhos","og_description":"Burti (ao microfone): esfor\u00e7o para cria\u00e7\u00e3o de rede nacional&#8220;Nossa miss\u00e3o \u00e9 lutar pela unidade das 27 federa\u00e7\u00f5es que integram a Confedera\u00e7\u00e3o das Associa\u00e7\u00f5es","og_url":"https:\/\/www.aceguarulhos.com.br\/blog\/cacb-ter\u00e1-novo-presidente\/","og_site_name":"ACE-Guarulhos","article_publisher":"https:\/\/www.facebook.com\/aceguarulhos\/","article_published_time":"2005-06-28T10:40:32+00:00","author":"Assessoria de Imprensa ACE-Guarulhos","twitter_card":"summary_large_image","twitter_misc":{"Escrito por":"Assessoria de Imprensa ACE-Guarulhos","Est. tempo de leitura":"2 minutos"},"schema":{"@context":"https:\/\/schema.org","@graph":[{"@type":"Article","@id":"https:\/\/www.aceguarulhos.com.br\/blog\/cacb-ter%c3%a1-novo-presidente\/#article","isPartOf":{"@id":"https:\/\/www.aceguarulhos.com.br\/blog\/cacb-ter%c3%a1-novo-presidente\/"},"author":{"name":"Assessoria de Imprensa ACE-Guarulhos","@id":"https:\/\/www.aceguarulhos.com.br\/blog\/#\/schema\/person\/6983b51bad37489989e4f09698c26237"},"headline":"CACB ter\u00e1 novo presidente","datePublished":"2005-06-28T10:40:32+00:00","mainEntityOfPage":{"@id":"https:\/\/www.aceguarulhos.com.br\/blog\/cacb-ter%c3%a1-novo-presidente\/"},"wordCount":434,"commentCount":0,"publisher":{"@id":"https:\/\/www.aceguarulhos.com.br\/blog\/#organization"},"articleSection":["Not\u00edcias"],"inLanguage":"pt-BR"},{"@type":"WebPage","@id":"https:\/\/www.aceguarulhos.com.br\/blog\/cacb-ter%c3%a1-novo-presidente\/","url":"https:\/\/www.aceguarulhos.com.br\/blog\/cacb-ter%c3%a1-novo-presidente\/","name":"CACB ter\u00e1 novo presidente - ACE-Guarulhos","isPartOf":{"@id":"https:\/\/www.aceguarulhos.com.br\/blog\/#website"},"datePublished":"2005-06-28T10:40:32+00:00","breadcrumb":{"@id":"https:\/\/www.aceguarulhos.com.br\/blog\/cacb-ter%c3%a1-novo-presidente\/#breadcrumb"},"inLanguage":"pt-BR","potentialAction":[{"@type":"ReadAction","target":["https:\/\/www.aceguarulhos.com.br\/blog\/cacb-ter%c3%a1-novo-presidente\/"]}]},{"@type":"BreadcrumbList","@id":"https:\/\/www.aceguarulhos.com.br\/blog\/cacb-ter%c3%a1-novo-presidente\/#breadcrumb","itemListElement":[{"@type":"ListItem","position":1,"name":"In\u00edcio","item":"https:\/\/www.aceguarulhos.com.br\/blog\/"},{"@type":"ListItem","position":2,"name":"CACB ter\u00e1 novo presidente"}]},{"@type":"WebSite","@id":"https:\/\/www.aceguarulhos.com.br\/blog\/#website","url":"https:\/\/www.aceguarulhos.com.br\/blog\/","name":"ACE-Guarulhos","description":"A ACE-Guarulhos \u00e9 uma associa\u00e7\u00e3o que ap\u00f3ia os empres\u00e1rios guarulhenses atrav\u00e9s da representa\u00e7\u00e3o, da gera\u00e7\u00e3o de neg\u00f3cios e presta\u00e7\u00e3o de servi\u00e7os.","publisher":{"@id":"https:\/\/www.aceguarulhos.com.br\/blog\/#organization"},"potentialAction":[{"@type":"SearchAction","target":{"@type":"EntryPoint","urlTemplate":"https:\/\/www.aceguarulhos.com.br\/blog\/?s={search_term_string}"},"query-input":{"@type":"PropertyValueSpecification","valueRequired":true,"valueName":"search_term_string"}}],"inLanguage":"pt-BR"},{"@type":"Organization","@id":"https:\/\/www.aceguarulhos.com.br\/blog\/#organization","name":"ACE-Guarulhos","url":"https:\/\/www.aceguarulhos.com.br\/blog\/","logo":{"@type":"ImageObject","inLanguage":"pt-BR","@id":"https:\/\/www.aceguarulhos.com.br\/blog\/#\/schema\/logo\/image\/","url":"https:\/\/www.aceguarulhos.com.br\/blog\/wp-content\/uploads\/2017\/12\/logo-aceguarulhos-2018.png","contentUrl":"https:\/\/www.aceguarulhos.com.br\/blog\/wp-content\/uploads\/2017\/12\/logo-aceguarulhos-2018.png","width":419,"height":76,"caption":"ACE-Guarulhos"},"image":{"@id":"https:\/\/www.aceguarulhos.com.br\/blog\/#\/schema\/logo\/image\/"},"sameAs":["https:\/\/www.facebook.com\/aceguarulhos\/","https:\/\/br.linkedin.com\/in\/ace-guarulhos-b9a97093","https:\/\/www.youtube.com\/user\/aceguarulhos"]},{"@type":"Person","@id":"https:\/\/www.aceguarulhos.com.br\/blog\/#\/schema\/person\/6983b51bad37489989e4f09698c26237","name":"Assessoria de Imprensa ACE-Guarulhos","image":{"@type":"ImageObject","inLanguage":"pt-BR","@id":"https:\/\/secure.gravatar.com\/avatar\/707f3fadd6918afeb64173ab22d8a8cb0676953098a4f31ff36dc2b4c699ef6a?s=96&d=mm&r=g","url":"https:\/\/secure.gravatar.com\/avatar\/707f3fadd6918afeb64173ab22d8a8cb0676953098a4f31ff36dc2b4c699ef6a?s=96&d=mm&r=g","contentUrl":"https:\/\/secure.gravatar.com\/avatar\/707f3fadd6918afeb64173ab22d8a8cb0676953098a4f31ff36dc2b4c699ef6a?s=96&d=mm&r=g","caption":"Assessoria de Imprensa ACE-Guarulhos"},"url":"https:\/\/www.aceguarulhos.com.br\/blog\/author\/assessoria-de-imprensa-ace-guarulhos\/"}]}},"wps_subtitle":"","amp_enabled":true,"_links":{"self":[{"href":"https:\/\/www.aceguarulhos.com.br\/blog\/wp-json\/wp\/v2\/posts\/29519","targetHints":{"allow":["GET"]}}],"collection":[{"href":"https:\/\/www.aceguarulhos.com.br\/blog\/wp-json\/wp\/v2\/posts"}],"about":[{"href":"https:\/\/www.aceguarulhos.com.br\/blog\/wp-json\/wp\/v2\/types\/post"}],"author":[{"embeddable":true,"href":"https:\/\/www.aceguarulhos.com.br\/blog\/wp-json\/wp\/v2\/users\/8"}],"replies":[{"embeddable":true,"href":"https:\/\/www.aceguarulhos.com.br\/blog\/wp-json\/wp\/v2\/comments?post=29519"}],"version-history":[{"count":0,"href":"https:\/\/www.aceguarulhos.com.br\/blog\/wp-json\/wp\/v2\/posts\/29519\/revisions"}],"wp:attachment":[{"href":"https:\/\/www.aceguarulhos.com.br\/blog\/wp-json\/wp\/v2\/media?parent=29519"}],"wp:term":[{"taxonomy":"category","embeddable":true,"href":"https:\/\/www.aceguarulhos.com.br\/blog\/wp-json\/wp\/v2\/categories?post=29519"},{"taxonomy":"post_tag","embeddable":true,"href":"https:\/\/www.aceguarulhos.com.br\/blog\/wp-json\/wp\/v2\/tags?post=29519"}],"curies":[{"name":"wp","href":"https:\/\/api.w.org\/{rel}","templated":true}]}}