{"id":29483,"date":"2005-06-16T09:19:59","date_gmt":"2005-06-16T09:19:59","guid":{"rendered":"http:\/\/www.aceguarulhos.com.br\/blog\/?p=29483"},"modified":"-0001-11-30T00:00:00","modified_gmt":"-0001-11-30T03:00:00","slug":"conseg-da-vila-galv%c3%a3o-t%c3%aam-nova-dire%c3%a7%c3%a3o","status":"publish","type":"post","link":"https:\/\/www.aceguarulhos.com.br\/blog\/conseg-da-vila-galv%c3%a3o-t%c3%aam-nova-dire%c3%a7%c3%a3o\/","title":{"rendered":"Conseg da Vila Galv\u00e3o t\u00eam nova dire\u00e7\u00e3o"},"content":{"rendered":"<p><P><IMG alt=Conseg src=\"\/blog\/wp-content\/uploads\/image.php?x=i&#038;i1=100&#038;i2=20020625095250\" align=left border=0>O\u00a0presidente do Conselho Comunit\u00e1rio de Seguran\u00e7a da Vila Galv\u00e3o (Conseg), Wilson Louren\u00e7o J\u00fanior, transmitiu na segunda-feira, 13, no sal\u00e3o da igreja do Ros\u00e1rio o cargo para a nova presidente eleita da entidade, Dulcin\u00e9ia Teixeira Donini. Foram empossados tamb\u00e9m, os novos diretores, que ficar\u00e3o \u00e0 frente da entidade nos pr\u00f3ximos dois anos. <\/P><P><IMG alt=Conseg src=\"\/blog\/wp-content\/uploads\/image.php?x=i&#038;i1=100&#038;i2=20020625091051\" align=left border=0>O evento de posse da nova dire\u00e7\u00e3o do Conseg contou com a presen\u00e7a do Presidente da Associa\u00e7\u00e3o Comercial de Guarulhos, Decio Pomp\u00eao Junior, do Deputado Estadual Paschoal Thomeu, do Capit\u00e3o Adelson da 2a. Cia do 15 BPM\/M e do Ten. Coronel Nunes, comandante do 15o. Batalh\u00e3o da Pol\u00edcia Militar, do Pe. Ubaldo, do representante do prefeito El\u00f3i Piet\u00e1, Arnaldo Augusto Ribeiro e de moradores e empres\u00e1rios da regi\u00e3o. <\/P><P>O presidente da ACE-Guarulhos, Decio Pomp\u00eao J\u00fanior, disse que o trabalho de combate \u00e0 viol\u00eancia realizado pelos Conseg&#39;s, tem que ser elogiado e principalmente divulgado. <\/P><P>&#8220;Os Conseg&#39;s s\u00e3o sementes no combate \u00e0 criminalidade. Cada vez que divulgamos as a\u00e7\u00f5es destas entidades, mais pessoas participam&#8221;. <\/P><P>J\u00e1 o Deputado Estadual Paschoal Thomeu, elogiou o trabalho de Wilson Louren\u00e7o \u00e0 frente do Conseg. <\/P><P>&#8220;Eu vi com entusiasmo todo o esfor\u00e7o no combate \u00e0 viol\u00eancia feito pelo Wilson.&#8221; <\/P><P>A nova presidente do Conseg da Vila Galv\u00e3o, espera que o di\u00e1logo entre os setores de seguran\u00e7a p\u00fablica e a entidade, surta efeito. <\/P><P>&#8220;Espero que a Pol\u00edcia Militar e Civil, juntamente com a Guarda Civil Municipal, venha ao encontro dos anseios do Conseg na busca por uma seguran\u00e7a ampla e melhor para a nossa cidade.&#8221; <\/P><P>Wilson Louren\u00e7o J\u00fanior, que concluiu o mandato de Telma Helena Ramos, j\u00e1 dirigiu a entidade em outra oportunidade por dois anos, elogiou a nova diretoria e prev\u00ea muito trabalho. <\/P><P>&#8220;Ser\u00e1 uma gest\u00e3o de muito trabalho. Espero que o empenho de todos ajude a diminuir os \u00edndices de viol\u00eancia.&#8221; <\/P><P><STRONG>Veja os nomes dos novos dirigentes do Conseg &#8211; Vila Galv\u00e3o:<\/STRONG> <\/P><P><STRONG>Presidente:<\/STRONG> Dulcin\u00e9ia S. Teixeira Donini <BR><STRONG>Vice &#8211; Presidente:<\/STRONG> Maria de F\u00e1tima Silv\u00e9rio <BR><STRONG>1\u00b0 Secret\u00e1rio:<\/STRONG> Wilson Louren\u00e7o J\u00fanior <BR><STRONG>2\u00b0 Secret\u00e1rio:<\/STRONG> M\u00e1rcia Jacy Monteiro Martins <BR><STRONG>Diretor de Finan\u00e7as:<\/STRONG> Yoti Fujimori <BR><STRONG>Diretor Social:<\/STRONG> Adalmir Ruivo de Alc\u00e2ntara <BR><STRONG>Diretor de Rela\u00e7\u00f5es P\u00fablicas:<\/STRONG> Pastura Dias <BR><STRONG>Diretor da Regional Santa Mena:<\/STRONG> Cilmara Val\u00e9rio Castel\u00e3o <BR><STRONG>Comiss\u00e3o de \u00c9tica:<\/STRONG> <BR>Expedito Targino de Lima <BR>Ant\u00f4nio Leite Cardoso <BR>Washington Silv\u00e9rio<\/P><\/p>\n","protected":false},"excerpt":{"rendered":"O\u00a0presidente do Conselho Comunit\u00e1rio de Seguran\u00e7a da Vila Galv\u00e3o (Conseg), Wilson Louren\u00e7o J\u00fanior, transmitiu na segunda-feira, 13, no sal\u00e3o da igreja do Ros\u00e1rio \n<a class=\"moretag\" href=\"https:\/\/www.aceguarulhos.com.br\/blog\/conseg-da-vila-galv%c3%a3o-t%c3%aam-nova-dire%c3%a7%c3%a3o\/\"> [...]<\/a>","protected":false},"author":8,"featured_media":0,"comment_status":"open","ping_status":"open","sticky":false,"template":"","format":"standard","meta":{"footnotes":""},"categories":[2],"tags":[],"class_list":["post-29483","post","type-post","status-publish","format-standard","hentry","category-noticias"],"yoast_head":"<!-- This site is optimized with the Yoast SEO plugin v28.1 - https:\/\/yoast.com\/product\/yoast-seo-wordpress\/ -->\n<title>Conseg da Vila Galv\u00e3o t\u00eam nova dire\u00e7\u00e3o - ACE-Guarulhos<\/title>\n<meta name=\"robots\" content=\"index, follow, max-snippet:-1, max-image-preview:large, max-video-preview:-1\" \/>\n<link rel=\"canonical\" href=\"https:\/\/www.aceguarulhos.com.br\/blog\/conseg-da-vila-galv\u00e3o-t\u00eam-nova-dire\u00e7\u00e3o\/\" \/>\n<meta property=\"og:locale\" content=\"pt_BR\" \/>\n<meta property=\"og:type\" content=\"article\" \/>\n<meta property=\"og:title\" content=\"Conseg da Vila Galv\u00e3o t\u00eam nova dire\u00e7\u00e3o - ACE-Guarulhos\" \/>\n<meta property=\"og:description\" content=\"O\u00a0presidente do Conselho Comunit\u00e1rio de Seguran\u00e7a da Vila Galv\u00e3o (Conseg), Wilson Louren\u00e7o J\u00fanior, transmitiu na segunda-feira, 13, no sal\u00e3o da igreja do Ros\u00e1rio\" \/>\n<meta property=\"og:url\" content=\"https:\/\/www.aceguarulhos.com.br\/blog\/conseg-da-vila-galv\u00e3o-t\u00eam-nova-dire\u00e7\u00e3o\/\" \/>\n<meta property=\"og:site_name\" content=\"ACE-Guarulhos\" \/>\n<meta property=\"article:publisher\" content=\"https:\/\/www.facebook.com\/aceguarulhos\/\" \/>\n<meta property=\"article:published_time\" content=\"2005-06-16T09:19:59+00:00\" \/>\n<meta name=\"author\" content=\"Assessoria de Imprensa ACE-Guarulhos\" \/>\n<meta name=\"twitter:card\" content=\"summary_large_image\" \/>\n<meta name=\"twitter:label1\" content=\"Escrito por\" \/>\n\t<meta name=\"twitter:data1\" content=\"Assessoria de Imprensa ACE-Guarulhos\" \/>\n\t<meta name=\"twitter:label2\" content=\"Est. tempo de leitura\" \/>\n\t<meta name=\"twitter:data2\" content=\"2 minutos\" \/>\n<script type=\"application\/ld+json\" class=\"yoast-schema-graph\">{\"@context\":\"https:\\\/\\\/schema.org\",\"@graph\":[{\"@type\":\"Article\",\"@id\":\"https:\\\/\\\/www.aceguarulhos.com.br\\\/blog\\\/conseg-da-vila-galv%c3%a3o-t%c3%aam-nova-dire%c3%a7%c3%a3o\\\/#article\",\"isPartOf\":{\"@id\":\"https:\\\/\\\/www.aceguarulhos.com.br\\\/blog\\\/conseg-da-vila-galv%c3%a3o-t%c3%aam-nova-dire%c3%a7%c3%a3o\\\/\"},\"author\":{\"name\":\"Assessoria de Imprensa ACE-Guarulhos\",\"@id\":\"https:\\\/\\\/www.aceguarulhos.com.br\\\/blog\\\/#\\\/schema\\\/person\\\/6983b51bad37489989e4f09698c26237\"},\"headline\":\"Conseg da Vila Galv\u00e3o t\u00eam nova dire\u00e7\u00e3o\",\"datePublished\":\"2005-06-16T09:19:59+00:00\",\"mainEntityOfPage\":{\"@id\":\"https:\\\/\\\/www.aceguarulhos.com.br\\\/blog\\\/conseg-da-vila-galv%c3%a3o-t%c3%aam-nova-dire%c3%a7%c3%a3o\\\/\"},\"wordCount\":429,\"commentCount\":0,\"publisher\":{\"@id\":\"https:\\\/\\\/www.aceguarulhos.com.br\\\/blog\\\/#organization\"},\"articleSection\":[\"Not\u00edcias\"],\"inLanguage\":\"pt-BR\"},{\"@type\":\"WebPage\",\"@id\":\"https:\\\/\\\/www.aceguarulhos.com.br\\\/blog\\\/conseg-da-vila-galv%c3%a3o-t%c3%aam-nova-dire%c3%a7%c3%a3o\\\/\",\"url\":\"https:\\\/\\\/www.aceguarulhos.com.br\\\/blog\\\/conseg-da-vila-galv%c3%a3o-t%c3%aam-nova-dire%c3%a7%c3%a3o\\\/\",\"name\":\"Conseg da Vila Galv\u00e3o t\u00eam nova dire\u00e7\u00e3o - ACE-Guarulhos\",\"isPartOf\":{\"@id\":\"https:\\\/\\\/www.aceguarulhos.com.br\\\/blog\\\/#website\"},\"datePublished\":\"2005-06-16T09:19:59+00:00\",\"breadcrumb\":{\"@id\":\"https:\\\/\\\/www.aceguarulhos.com.br\\\/blog\\\/conseg-da-vila-galv%c3%a3o-t%c3%aam-nova-dire%c3%a7%c3%a3o\\\/#breadcrumb\"},\"inLanguage\":\"pt-BR\",\"potentialAction\":[{\"@type\":\"ReadAction\",\"target\":[\"https:\\\/\\\/www.aceguarulhos.com.br\\\/blog\\\/conseg-da-vila-galv%c3%a3o-t%c3%aam-nova-dire%c3%a7%c3%a3o\\\/\"]}]},{\"@type\":\"BreadcrumbList\",\"@id\":\"https:\\\/\\\/www.aceguarulhos.com.br\\\/blog\\\/conseg-da-vila-galv%c3%a3o-t%c3%aam-nova-dire%c3%a7%c3%a3o\\\/#breadcrumb\",\"itemListElement\":[{\"@type\":\"ListItem\",\"position\":1,\"name\":\"In\u00edcio\",\"item\":\"https:\\\/\\\/www.aceguarulhos.com.br\\\/blog\\\/\"},{\"@type\":\"ListItem\",\"position\":2,\"name\":\"Conseg da Vila Galv\u00e3o t\u00eam nova dire\u00e7\u00e3o\"}]},{\"@type\":\"WebSite\",\"@id\":\"https:\\\/\\\/www.aceguarulhos.com.br\\\/blog\\\/#website\",\"url\":\"https:\\\/\\\/www.aceguarulhos.com.br\\\/blog\\\/\",\"name\":\"ACE-Guarulhos\",\"description\":\"A ACE-Guarulhos \u00e9 uma associa\u00e7\u00e3o que ap\u00f3ia os empres\u00e1rios guarulhenses atrav\u00e9s da representa\u00e7\u00e3o, da gera\u00e7\u00e3o de neg\u00f3cios e presta\u00e7\u00e3o de servi\u00e7os.\",\"publisher\":{\"@id\":\"https:\\\/\\\/www.aceguarulhos.com.br\\\/blog\\\/#organization\"},\"potentialAction\":[{\"@type\":\"SearchAction\",\"target\":{\"@type\":\"EntryPoint\",\"urlTemplate\":\"https:\\\/\\\/www.aceguarulhos.com.br\\\/blog\\\/?s={search_term_string}\"},\"query-input\":{\"@type\":\"PropertyValueSpecification\",\"valueRequired\":true,\"valueName\":\"search_term_string\"}}],\"inLanguage\":\"pt-BR\"},{\"@type\":\"Organization\",\"@id\":\"https:\\\/\\\/www.aceguarulhos.com.br\\\/blog\\\/#organization\",\"name\":\"ACE-Guarulhos\",\"url\":\"https:\\\/\\\/www.aceguarulhos.com.br\\\/blog\\\/\",\"logo\":{\"@type\":\"ImageObject\",\"inLanguage\":\"pt-BR\",\"@id\":\"https:\\\/\\\/www.aceguarulhos.com.br\\\/blog\\\/#\\\/schema\\\/logo\\\/image\\\/\",\"url\":\"https:\\\/\\\/www.aceguarulhos.com.br\\\/blog\\\/wp-content\\\/uploads\\\/2017\\\/12\\\/logo-aceguarulhos-2018.png\",\"contentUrl\":\"https:\\\/\\\/www.aceguarulhos.com.br\\\/blog\\\/wp-content\\\/uploads\\\/2017\\\/12\\\/logo-aceguarulhos-2018.png\",\"width\":419,\"height\":76,\"caption\":\"ACE-Guarulhos\"},\"image\":{\"@id\":\"https:\\\/\\\/www.aceguarulhos.com.br\\\/blog\\\/#\\\/schema\\\/logo\\\/image\\\/\"},\"sameAs\":[\"https:\\\/\\\/www.facebook.com\\\/aceguarulhos\\\/\",\"https:\\\/\\\/br.linkedin.com\\\/in\\\/ace-guarulhos-b9a97093\",\"https:\\\/\\\/www.youtube.com\\\/user\\\/aceguarulhos\"]},{\"@type\":\"Person\",\"@id\":\"https:\\\/\\\/www.aceguarulhos.com.br\\\/blog\\\/#\\\/schema\\\/person\\\/6983b51bad37489989e4f09698c26237\",\"name\":\"Assessoria de Imprensa ACE-Guarulhos\",\"image\":{\"@type\":\"ImageObject\",\"inLanguage\":\"pt-BR\",\"@id\":\"https:\\\/\\\/secure.gravatar.com\\\/avatar\\\/707f3fadd6918afeb64173ab22d8a8cb0676953098a4f31ff36dc2b4c699ef6a?s=96&d=mm&r=g\",\"url\":\"https:\\\/\\\/secure.gravatar.com\\\/avatar\\\/707f3fadd6918afeb64173ab22d8a8cb0676953098a4f31ff36dc2b4c699ef6a?s=96&d=mm&r=g\",\"contentUrl\":\"https:\\\/\\\/secure.gravatar.com\\\/avatar\\\/707f3fadd6918afeb64173ab22d8a8cb0676953098a4f31ff36dc2b4c699ef6a?s=96&d=mm&r=g\",\"caption\":\"Assessoria de Imprensa ACE-Guarulhos\"},\"url\":\"https:\\\/\\\/www.aceguarulhos.com.br\\\/blog\\\/author\\\/assessoria-de-imprensa-ace-guarulhos\\\/\"}]}<\/script>\n<!-- \/ Yoast SEO plugin. -->","yoast_head_json":{"title":"Conseg da Vila Galv\u00e3o t\u00eam nova dire\u00e7\u00e3o - ACE-Guarulhos","robots":{"index":"index","follow":"follow","max-snippet":"max-snippet:-1","max-image-preview":"max-image-preview:large","max-video-preview":"max-video-preview:-1"},"canonical":"https:\/\/www.aceguarulhos.com.br\/blog\/conseg-da-vila-galv\u00e3o-t\u00eam-nova-dire\u00e7\u00e3o\/","og_locale":"pt_BR","og_type":"article","og_title":"Conseg da Vila Galv\u00e3o t\u00eam nova dire\u00e7\u00e3o - ACE-Guarulhos","og_description":"O\u00a0presidente do Conselho Comunit\u00e1rio de Seguran\u00e7a da Vila Galv\u00e3o (Conseg), Wilson Louren\u00e7o J\u00fanior, transmitiu na segunda-feira, 13, no sal\u00e3o da igreja do Ros\u00e1rio","og_url":"https:\/\/www.aceguarulhos.com.br\/blog\/conseg-da-vila-galv\u00e3o-t\u00eam-nova-dire\u00e7\u00e3o\/","og_site_name":"ACE-Guarulhos","article_publisher":"https:\/\/www.facebook.com\/aceguarulhos\/","article_published_time":"2005-06-16T09:19:59+00:00","author":"Assessoria de Imprensa ACE-Guarulhos","twitter_card":"summary_large_image","twitter_misc":{"Escrito por":"Assessoria de Imprensa ACE-Guarulhos","Est. tempo de leitura":"2 minutos"},"schema":{"@context":"https:\/\/schema.org","@graph":[{"@type":"Article","@id":"https:\/\/www.aceguarulhos.com.br\/blog\/conseg-da-vila-galv%c3%a3o-t%c3%aam-nova-dire%c3%a7%c3%a3o\/#article","isPartOf":{"@id":"https:\/\/www.aceguarulhos.com.br\/blog\/conseg-da-vila-galv%c3%a3o-t%c3%aam-nova-dire%c3%a7%c3%a3o\/"},"author":{"name":"Assessoria de Imprensa ACE-Guarulhos","@id":"https:\/\/www.aceguarulhos.com.br\/blog\/#\/schema\/person\/6983b51bad37489989e4f09698c26237"},"headline":"Conseg da Vila Galv\u00e3o t\u00eam nova dire\u00e7\u00e3o","datePublished":"2005-06-16T09:19:59+00:00","mainEntityOfPage":{"@id":"https:\/\/www.aceguarulhos.com.br\/blog\/conseg-da-vila-galv%c3%a3o-t%c3%aam-nova-dire%c3%a7%c3%a3o\/"},"wordCount":429,"commentCount":0,"publisher":{"@id":"https:\/\/www.aceguarulhos.com.br\/blog\/#organization"},"articleSection":["Not\u00edcias"],"inLanguage":"pt-BR"},{"@type":"WebPage","@id":"https:\/\/www.aceguarulhos.com.br\/blog\/conseg-da-vila-galv%c3%a3o-t%c3%aam-nova-dire%c3%a7%c3%a3o\/","url":"https:\/\/www.aceguarulhos.com.br\/blog\/conseg-da-vila-galv%c3%a3o-t%c3%aam-nova-dire%c3%a7%c3%a3o\/","name":"Conseg da Vila Galv\u00e3o t\u00eam nova dire\u00e7\u00e3o - ACE-Guarulhos","isPartOf":{"@id":"https:\/\/www.aceguarulhos.com.br\/blog\/#website"},"datePublished":"2005-06-16T09:19:59+00:00","breadcrumb":{"@id":"https:\/\/www.aceguarulhos.com.br\/blog\/conseg-da-vila-galv%c3%a3o-t%c3%aam-nova-dire%c3%a7%c3%a3o\/#breadcrumb"},"inLanguage":"pt-BR","potentialAction":[{"@type":"ReadAction","target":["https:\/\/www.aceguarulhos.com.br\/blog\/conseg-da-vila-galv%c3%a3o-t%c3%aam-nova-dire%c3%a7%c3%a3o\/"]}]},{"@type":"BreadcrumbList","@id":"https:\/\/www.aceguarulhos.com.br\/blog\/conseg-da-vila-galv%c3%a3o-t%c3%aam-nova-dire%c3%a7%c3%a3o\/#breadcrumb","itemListElement":[{"@type":"ListItem","position":1,"name":"In\u00edcio","item":"https:\/\/www.aceguarulhos.com.br\/blog\/"},{"@type":"ListItem","position":2,"name":"Conseg da Vila Galv\u00e3o t\u00eam nova dire\u00e7\u00e3o"}]},{"@type":"WebSite","@id":"https:\/\/www.aceguarulhos.com.br\/blog\/#website","url":"https:\/\/www.aceguarulhos.com.br\/blog\/","name":"ACE-Guarulhos","description":"A ACE-Guarulhos \u00e9 uma associa\u00e7\u00e3o que ap\u00f3ia os empres\u00e1rios guarulhenses atrav\u00e9s da representa\u00e7\u00e3o, da gera\u00e7\u00e3o de neg\u00f3cios e presta\u00e7\u00e3o de servi\u00e7os.","publisher":{"@id":"https:\/\/www.aceguarulhos.com.br\/blog\/#organization"},"potentialAction":[{"@type":"SearchAction","target":{"@type":"EntryPoint","urlTemplate":"https:\/\/www.aceguarulhos.com.br\/blog\/?s={search_term_string}"},"query-input":{"@type":"PropertyValueSpecification","valueRequired":true,"valueName":"search_term_string"}}],"inLanguage":"pt-BR"},{"@type":"Organization","@id":"https:\/\/www.aceguarulhos.com.br\/blog\/#organization","name":"ACE-Guarulhos","url":"https:\/\/www.aceguarulhos.com.br\/blog\/","logo":{"@type":"ImageObject","inLanguage":"pt-BR","@id":"https:\/\/www.aceguarulhos.com.br\/blog\/#\/schema\/logo\/image\/","url":"https:\/\/www.aceguarulhos.com.br\/blog\/wp-content\/uploads\/2017\/12\/logo-aceguarulhos-2018.png","contentUrl":"https:\/\/www.aceguarulhos.com.br\/blog\/wp-content\/uploads\/2017\/12\/logo-aceguarulhos-2018.png","width":419,"height":76,"caption":"ACE-Guarulhos"},"image":{"@id":"https:\/\/www.aceguarulhos.com.br\/blog\/#\/schema\/logo\/image\/"},"sameAs":["https:\/\/www.facebook.com\/aceguarulhos\/","https:\/\/br.linkedin.com\/in\/ace-guarulhos-b9a97093","https:\/\/www.youtube.com\/user\/aceguarulhos"]},{"@type":"Person","@id":"https:\/\/www.aceguarulhos.com.br\/blog\/#\/schema\/person\/6983b51bad37489989e4f09698c26237","name":"Assessoria de Imprensa ACE-Guarulhos","image":{"@type":"ImageObject","inLanguage":"pt-BR","@id":"https:\/\/secure.gravatar.com\/avatar\/707f3fadd6918afeb64173ab22d8a8cb0676953098a4f31ff36dc2b4c699ef6a?s=96&d=mm&r=g","url":"https:\/\/secure.gravatar.com\/avatar\/707f3fadd6918afeb64173ab22d8a8cb0676953098a4f31ff36dc2b4c699ef6a?s=96&d=mm&r=g","contentUrl":"https:\/\/secure.gravatar.com\/avatar\/707f3fadd6918afeb64173ab22d8a8cb0676953098a4f31ff36dc2b4c699ef6a?s=96&d=mm&r=g","caption":"Assessoria de Imprensa ACE-Guarulhos"},"url":"https:\/\/www.aceguarulhos.com.br\/blog\/author\/assessoria-de-imprensa-ace-guarulhos\/"}]}},"wps_subtitle":"","amp_enabled":true,"_links":{"self":[{"href":"https:\/\/www.aceguarulhos.com.br\/blog\/wp-json\/wp\/v2\/posts\/29483","targetHints":{"allow":["GET"]}}],"collection":[{"href":"https:\/\/www.aceguarulhos.com.br\/blog\/wp-json\/wp\/v2\/posts"}],"about":[{"href":"https:\/\/www.aceguarulhos.com.br\/blog\/wp-json\/wp\/v2\/types\/post"}],"author":[{"embeddable":true,"href":"https:\/\/www.aceguarulhos.com.br\/blog\/wp-json\/wp\/v2\/users\/8"}],"replies":[{"embeddable":true,"href":"https:\/\/www.aceguarulhos.com.br\/blog\/wp-json\/wp\/v2\/comments?post=29483"}],"version-history":[{"count":0,"href":"https:\/\/www.aceguarulhos.com.br\/blog\/wp-json\/wp\/v2\/posts\/29483\/revisions"}],"wp:attachment":[{"href":"https:\/\/www.aceguarulhos.com.br\/blog\/wp-json\/wp\/v2\/media?parent=29483"}],"wp:term":[{"taxonomy":"category","embeddable":true,"href":"https:\/\/www.aceguarulhos.com.br\/blog\/wp-json\/wp\/v2\/categories?post=29483"},{"taxonomy":"post_tag","embeddable":true,"href":"https:\/\/www.aceguarulhos.com.br\/blog\/wp-json\/wp\/v2\/tags?post=29483"}],"curies":[{"name":"wp","href":"https:\/\/api.w.org\/{rel}","templated":true}]}}