{"id":29445,"date":"2005-06-06T11:27:02","date_gmt":"2005-06-06T11:27:02","guid":{"rendered":"http:\/\/www.aceguarulhos.com.br\/blog\/?p=29445"},"modified":"-0001-11-30T00:00:00","modified_gmt":"-0001-11-30T03:00:00","slug":"funda%c3%a7%c3%a3o-ita%c3%ba-social-lan%c3%a7a-6%c2%aa-edi%c3%a7%c3%a3o-do-pr%c3%aamio-ita%c3%ba-unicef","status":"publish","type":"post","link":"https:\/\/www.aceguarulhos.com.br\/blog\/funda%c3%a7%c3%a3o-ita%c3%ba-social-lan%c3%a7a-6%c2%aa-edi%c3%a7%c3%a3o-do-pr%c3%aamio-ita%c3%ba-unicef\/","title":{"rendered":"Funda\u00e7\u00e3o Ita\u00fa Social lan\u00e7a 6\u00aa edi\u00e7\u00e3o do Pr\u00eamio Ita\u00fa-Unicef"},"content":{"rendered":"<p><P>J\u00e1 est\u00e3o abertas as inscri\u00e7\u00f5es para a 6\u00aa edi\u00e7\u00e3o do Pr\u00eamio Ita\u00fa-Unicef, realizado pela Funda\u00e7\u00e3o Ita\u00fa Social, em parceria com o Fundo das Na\u00e7\u00f5es Unidas para a Inf\u00e2ncia (Unicef), e a coordena\u00e7\u00e3o do Centro de Estudos e Pesquisas em Educa\u00e7\u00e3o, Cultura e A\u00e7\u00e3o Comunit\u00e1ria (Cenpec). Lan\u00e7ada em 1995, a premia\u00e7\u00e3o ocorre a cada dois anos, com a proposta de apoiar, fortalecer e dar visibilidade aos projetos de organiza\u00e7\u00f5es da sociedade civil que tenham como foco crian\u00e7as e adolescentes, de 6 a 18 anos, que vivem em condi\u00e7\u00f5es de vulnerabilidade socioecon\u00f4mica. A premia\u00e7\u00e3o j\u00e1 apoiou nos anos anteriores 26 organiza\u00e7\u00f5es, sendo que a participa\u00e7\u00e3o aumenta a cada ano: em 2001, 686 entidades concorreram ao pr\u00eamio. J\u00e1 na edi\u00e7\u00e3o de 2003, foram 1834 projetos inscritos.<\/P><P>Nesta edi\u00e7\u00e3o o tema central ser\u00e1 &#8220;Educa\u00e7\u00e3o e Participa\u00e7\u00e3o: tecendo redes&#8221;, com o objetivo de reafirmar, segundo Ana Beatriz Patr\u00edcio, superintendente da Funda\u00e7\u00e3o Ita\u00fa Social, &#8220;a import\u00e2ncia dos muitos lugares de aprendizagem, que extrapolam e complementam a educa\u00e7\u00e3o formal, mas que n\u00e3o podem estar isolados. A proposta \u00e9 reconhecer a relev\u00e2ncia da articula\u00e7\u00e3o entre todos os setores que contribuem para a prote\u00e7\u00e3o e educa\u00e7\u00e3o de crian\u00e7as e adolescentes. O fortalecimento dessa rede de prote\u00e7\u00e3o e educa\u00e7\u00e3o \u00e9 fundamental na garantia dos direitos da crian\u00e7a e do adolescente&#8221;, comenta Ana.<\/P><P>Ela destaca ainda o fato de que, atualmente, na \u00e1rea de a\u00e7\u00f5es socioeducativas, com crian\u00e7as e adolescente em situa\u00e7\u00e3o de vulnerabilidade, percebesse uma maior preocupa\u00e7\u00e3o das ONGs com a qualifica\u00e7\u00e3o dos seus projetos pedag\u00f3gicos. &#8220;H\u00e1, tamb\u00e9m, um cuidado em interagir com as pol\u00edticas p\u00fablicas, tanto em refer\u00eancia \u00e0 assist\u00eancia social quanto \u00e0s pol\u00edticas de educa\u00e7\u00e3o. E, com o Pr\u00eamio Ita\u00fa-Unicef, acreditamos que estamos contribuindo para o aprimoramento dessa rela\u00e7\u00e3o&#8221;, completa a superintendente.<\/P><P>Por isso, para participar, os projetos dever\u00e3o ter sido implementados antes do dia 20 de junho de 2004 e devem reunir em suas a\u00e7\u00f5es os objetivos das pol\u00edticas de educa\u00e7\u00e3o e de assist\u00eancia social. As propostas das entidades devem estar voltadas para a amplia\u00e7\u00e3o do repert\u00f3rio cultural, da sociabilidade, dos conhecimentos, valores, habilidades e compet\u00eancias exigidos na vida cotidiana e na forma\u00e7\u00e3o para o exerc\u00edcio da cidadania. Isso significa a realiza\u00e7\u00e3o de atividades pedag\u00f3gicas, tais como esporte, arte, cultura, leitura e escrita, recrea\u00e7\u00e3o e educa\u00e7\u00e3o ambiental, entre outras, sempre gratuitas e promovidas em per\u00edodos alternados ao escolar.<BR>\u00a0<BR>A comiss\u00e3o julgadora ir\u00e1 analisar o compromisso com o desenvolvimento integral de crian\u00e7as e adolescentes proposto pelo projeto, respeito \u00e0 diversidade e \u00e0 promo\u00e7\u00e3o da eq\u00fcidade, o est\u00edmulo que ele oferece aos beneficiados para o ingresso, regresso, perman\u00eancia, aprendizagem e participa\u00e7\u00e3o na escola p\u00fablica e sintonia com a legisla\u00e7\u00e3o vigente. \u00c9 relevante ainda que as propostas contenham a metodologia de trabalho e atividades desenvolvidas, apresentem articula\u00e7\u00e3o com outros projetos, pol\u00edticas p\u00fablicas, iniciativas da comunidade e a escola p\u00fablica. A comiss\u00e3o avaliar\u00e1 ainda neste processo a relev\u00e2ncia da proposta frente ao contexto local, seu car\u00e1ter inovador, resultados alcan\u00e7ados e potencial de transforma\u00e7\u00e3o social. <\/P><P>A superientendente da Funda\u00e7\u00e3o Ita\u00fa Social destaca que, pela primeira vez, ser\u00e1 feita uma premia\u00e7\u00e3o regionalizada, com o intuito de dar maior visibilidade aos projetos locais, respeitando as caracter\u00edsticas de cada localidade e mostrando os efeitos dessas a\u00e7\u00f5es na comunidade. A premia\u00e7\u00e3o ser\u00e1 feita a partir de oito regionais definidas, sendo que foram escolhidas oito cidades como sedes: S\u00e3o Paulo, Ribeir\u00e3o Preto, Belo Horizonte, Rio de Janeiro, Bel\u00e9m, Fortaleza, Curitiba e Goi\u00e2nia. <\/P><P>Inicialmente, ser\u00e3o selecionados 210 projetos semifinalistas, em \u00e2mbito nacional, a partir de uma an\u00e1lise das Comiss\u00f5es de Sele\u00e7\u00e3o das regi\u00f5es. Numa segunda etapa, estes projetos ser\u00e3o reavaliados a fim de selecionar um total de 30 propostas finalistas. Nesta etapa, cada regional possuir\u00e1 obrigatoriamente, no m\u00ednimo, dois projetos finalistas, sendo que as propostas restantes ser\u00e3o indicadas proporcionalmente ao n\u00famero de inscri\u00e7\u00f5es por regional. Cada um destes projetos finalistas regionais ser\u00e1 visitado pela Comiss\u00e3o T\u00e9cnica de Visitas, para avalia\u00e7\u00e3o. Estes ser\u00e3o, portanto, os vencedores regionais.<\/P><P>Al\u00e9m disso, a Comiss\u00e3o Julgadora escolher\u00e1, entre estes 30 projetos vencedores regionais, os tr\u00eas vencedores no \u00e2mbito nacional e, eventualmente, aqueles que ser\u00e3o destinat\u00e1rios de men\u00e7\u00f5es honrosas. Os 30 projetos receber\u00e3o R$ 8 mil cada, al\u00e9m de um computador e uma impressora. J\u00e1 os tr\u00eas primeiros colocados nacionais receber\u00e3o R$ 100 mil, R$ 70 mil e R$ 50 mil, respectivamente. O diferencial dos projetos vencedores, de acordo com Ana Beatriz, \u00e9 o fato de estarem em sintonia com os principais desafios a serem enfrentados tendo em vista a forma\u00e7\u00e3o integral das crian\u00e7as e adolescentes, al\u00e9m de terem interfer\u00eancia positiva na comunidade em que est\u00e3o inseridos. Os vencedores ser\u00e3o anunciados em evento de premia\u00e7\u00e3o que ocorrer\u00e1 entre a segunda quinzena de novembro e a primeira quinzena de dezembro de 2005, na cidade de S\u00e3o Paulo.<\/P><P>A premia\u00e7\u00e3o dever\u00e1 ser aplicada exclusivamente para a manuten\u00e7\u00e3o ou amplia\u00e7\u00e3o do projeto vencedor. As organiza\u00e7\u00f5es vencedoras dever\u00e3o apresentar \u00e0 Funda\u00e7\u00e3o Ita\u00fa Social e ao Unicef o Plano de Utiliza\u00e7\u00e3o de Recursos vinculado ao respectivo projeto, o qual dever\u00e1 conter a descri\u00e7\u00e3o e cronograma das etapas de aplica\u00e7\u00e3o dos recursos financeiros e relato sobre os resultados esperados decorrentes do uso de tais recursos.<\/P><P>Ana Beatriz ressalta que todas as ONGs inscritas recebem forma\u00e7\u00e3o da funda\u00e7\u00e3o, mesmo n\u00e3o sendo vencedoras isso porque s\u00e3o realizados, nos anos seguintes \u00e0 premia\u00e7\u00e3o, encontros formativos. &#8220;Mais importante que o apoio financeiro \u00e9 a visibilidade que estas organiza\u00e7\u00f5es obt\u00eam nas comunidades, o que acarreta a possibilidade de parcerias e, conseq\u00fcentemente, de desenvolvimento e amplia\u00e7\u00e3o de suas atividades&#8221;, acredita a superintendente da funda\u00e7\u00e3o. <\/P><P><STRONG>Servi\u00e7o<\/STRONG> <\/P><P>As entidades interessadas em participar devem verificar o regulamento e preencher a ficha de inscri\u00e7\u00e3o dispon\u00edveis nas ag\u00eancias do Banco Ita\u00fa, nos escrit\u00f3rios do Unicef e nos sites <A href=\"http:\/\/www.itau.com.br\" target=_blank>www.itau.com.br<\/A>, <A href=\"http:\/\/www.unicef.org.br\" target=_blank>www.unicef.org.br<\/A>, ou <A href=\"http:\/\/www.cenpec.org.br\" target=_blank>www.cenpec.org.br<\/A>. A ficha de inscri\u00e7\u00e3o dever\u00e1 ser apresentada em seis c\u00f3pias, assinadas pelo representante legal da organiza\u00e7\u00e3o e ser entregue em qualquer ag\u00eancia do Banco ou enviada por Sedex ao endere\u00e7o: rua Dante Carraro, n\u00ba 68, Pinheiros, CEP: 05422-060, S\u00e3o Paulo &#8211; SP. A inscri\u00e7\u00e3o poder\u00e1 ser feita ainda pelo site da funda\u00e7\u00e3o (<A href=\"http:\/\/www.fundacaoitausocial.org.br\" target=_blank>www.fundacaoitausocial.org.br<\/A>) at\u00e9 o dia 20 de junho. Informa\u00e7\u00f5es: 0800-701-7104. <\/P><P><STRONG>Leia Mais&#8230;<\/STRONG><\/P><P><STRONG><A href=\"http:\/\/www.setor3.com.br\/senac2\/calandra.nsf\/0\/F8574ECC1EB8C38F8325700A0055EDBD?OpenDocument&#038;pub=T&#038;proj=Setor3&#038;sec=FINANCIADORES\" target=_blank>Apoio ao Empreendedor<\/A><\/STRONG> <BR>Pr\u00eamio oferecer\u00e1 recursos a OSCIPs que fortalecem microfinan\u00e7as<\/P><\/p>\n","protected":false},"excerpt":{"rendered":"J\u00e1 est\u00e3o abertas as inscri\u00e7\u00f5es para a 6\u00aa edi\u00e7\u00e3o do Pr\u00eamio Ita\u00fa-Unicef, realizado pela Funda\u00e7\u00e3o Ita\u00fa Social, em parceria com o Fundo das \n<a class=\"moretag\" href=\"https:\/\/www.aceguarulhos.com.br\/blog\/funda%c3%a7%c3%a3o-ita%c3%ba-social-lan%c3%a7a-6%c2%aa-edi%c3%a7%c3%a3o-do-pr%c3%aamio-ita%c3%ba-unicef\/\"> [...]<\/a>","protected":false},"author":8,"featured_media":0,"comment_status":"open","ping_status":"open","sticky":false,"template":"","format":"standard","meta":{"footnotes":""},"categories":[2],"tags":[],"class_list":["post-29445","post","type-post","status-publish","format-standard","hentry","category-noticias"],"yoast_head":"<!-- This site is optimized with the Yoast SEO plugin v28.1 - https:\/\/yoast.com\/product\/yoast-seo-wordpress\/ -->\n<title>Funda\u00e7\u00e3o Ita\u00fa Social lan\u00e7a 6\u00aa edi\u00e7\u00e3o do Pr\u00eamio Ita\u00fa-Unicef - ACE-Guarulhos<\/title>\n<meta name=\"robots\" content=\"index, follow, max-snippet:-1, max-image-preview:large, max-video-preview:-1\" \/>\n<link rel=\"canonical\" href=\"https:\/\/www.aceguarulhos.com.br\/blog\/funda\u00e7\u00e3o-ita\u00fa-social-lan\u00e7a-6\u00aa-edi\u00e7\u00e3o-do-pr\u00eamio-ita\u00fa-unicef\/\" \/>\n<meta property=\"og:locale\" content=\"pt_BR\" \/>\n<meta property=\"og:type\" content=\"article\" \/>\n<meta property=\"og:title\" content=\"Funda\u00e7\u00e3o Ita\u00fa Social lan\u00e7a 6\u00aa edi\u00e7\u00e3o do Pr\u00eamio Ita\u00fa-Unicef - ACE-Guarulhos\" \/>\n<meta property=\"og:description\" content=\"J\u00e1 est\u00e3o abertas as inscri\u00e7\u00f5es para a 6\u00aa edi\u00e7\u00e3o do Pr\u00eamio Ita\u00fa-Unicef, realizado pela Funda\u00e7\u00e3o Ita\u00fa Social, em parceria com o Fundo das\" \/>\n<meta property=\"og:url\" content=\"https:\/\/www.aceguarulhos.com.br\/blog\/funda\u00e7\u00e3o-ita\u00fa-social-lan\u00e7a-6\u00aa-edi\u00e7\u00e3o-do-pr\u00eamio-ita\u00fa-unicef\/\" \/>\n<meta property=\"og:site_name\" content=\"ACE-Guarulhos\" \/>\n<meta property=\"article:publisher\" content=\"https:\/\/www.facebook.com\/aceguarulhos\/\" \/>\n<meta property=\"article:published_time\" content=\"2005-06-06T11:27:02+00:00\" \/>\n<meta name=\"author\" content=\"Assessoria de Imprensa ACE-Guarulhos\" \/>\n<meta name=\"twitter:card\" content=\"summary_large_image\" \/>\n<meta name=\"twitter:label1\" content=\"Escrito por\" \/>\n\t<meta name=\"twitter:data1\" content=\"Assessoria de Imprensa ACE-Guarulhos\" \/>\n\t<meta name=\"twitter:label2\" content=\"Est. tempo de leitura\" \/>\n\t<meta name=\"twitter:data2\" content=\"6 minutos\" \/>\n<script type=\"application\/ld+json\" class=\"yoast-schema-graph\">{\"@context\":\"https:\\\/\\\/schema.org\",\"@graph\":[{\"@type\":\"Article\",\"@id\":\"https:\\\/\\\/www.aceguarulhos.com.br\\\/blog\\\/funda%c3%a7%c3%a3o-ita%c3%ba-social-lan%c3%a7a-6%c2%aa-edi%c3%a7%c3%a3o-do-pr%c3%aamio-ita%c3%ba-unicef\\\/#article\",\"isPartOf\":{\"@id\":\"https:\\\/\\\/www.aceguarulhos.com.br\\\/blog\\\/funda%c3%a7%c3%a3o-ita%c3%ba-social-lan%c3%a7a-6%c2%aa-edi%c3%a7%c3%a3o-do-pr%c3%aamio-ita%c3%ba-unicef\\\/\"},\"author\":{\"name\":\"Assessoria de Imprensa ACE-Guarulhos\",\"@id\":\"https:\\\/\\\/www.aceguarulhos.com.br\\\/blog\\\/#\\\/schema\\\/person\\\/6983b51bad37489989e4f09698c26237\"},\"headline\":\"Funda\u00e7\u00e3o Ita\u00fa Social lan\u00e7a 6\u00aa edi\u00e7\u00e3o do Pr\u00eamio Ita\u00fa-Unicef\",\"datePublished\":\"2005-06-06T11:27:02+00:00\",\"mainEntityOfPage\":{\"@id\":\"https:\\\/\\\/www.aceguarulhos.com.br\\\/blog\\\/funda%c3%a7%c3%a3o-ita%c3%ba-social-lan%c3%a7a-6%c2%aa-edi%c3%a7%c3%a3o-do-pr%c3%aamio-ita%c3%ba-unicef\\\/\"},\"wordCount\":1163,\"commentCount\":0,\"publisher\":{\"@id\":\"https:\\\/\\\/www.aceguarulhos.com.br\\\/blog\\\/#organization\"},\"articleSection\":[\"Not\u00edcias\"],\"inLanguage\":\"pt-BR\"},{\"@type\":\"WebPage\",\"@id\":\"https:\\\/\\\/www.aceguarulhos.com.br\\\/blog\\\/funda%c3%a7%c3%a3o-ita%c3%ba-social-lan%c3%a7a-6%c2%aa-edi%c3%a7%c3%a3o-do-pr%c3%aamio-ita%c3%ba-unicef\\\/\",\"url\":\"https:\\\/\\\/www.aceguarulhos.com.br\\\/blog\\\/funda%c3%a7%c3%a3o-ita%c3%ba-social-lan%c3%a7a-6%c2%aa-edi%c3%a7%c3%a3o-do-pr%c3%aamio-ita%c3%ba-unicef\\\/\",\"name\":\"Funda\u00e7\u00e3o Ita\u00fa Social lan\u00e7a 6\u00aa edi\u00e7\u00e3o do Pr\u00eamio Ita\u00fa-Unicef - ACE-Guarulhos\",\"isPartOf\":{\"@id\":\"https:\\\/\\\/www.aceguarulhos.com.br\\\/blog\\\/#website\"},\"datePublished\":\"2005-06-06T11:27:02+00:00\",\"breadcrumb\":{\"@id\":\"https:\\\/\\\/www.aceguarulhos.com.br\\\/blog\\\/funda%c3%a7%c3%a3o-ita%c3%ba-social-lan%c3%a7a-6%c2%aa-edi%c3%a7%c3%a3o-do-pr%c3%aamio-ita%c3%ba-unicef\\\/#breadcrumb\"},\"inLanguage\":\"pt-BR\",\"potentialAction\":[{\"@type\":\"ReadAction\",\"target\":[\"https:\\\/\\\/www.aceguarulhos.com.br\\\/blog\\\/funda%c3%a7%c3%a3o-ita%c3%ba-social-lan%c3%a7a-6%c2%aa-edi%c3%a7%c3%a3o-do-pr%c3%aamio-ita%c3%ba-unicef\\\/\"]}]},{\"@type\":\"BreadcrumbList\",\"@id\":\"https:\\\/\\\/www.aceguarulhos.com.br\\\/blog\\\/funda%c3%a7%c3%a3o-ita%c3%ba-social-lan%c3%a7a-6%c2%aa-edi%c3%a7%c3%a3o-do-pr%c3%aamio-ita%c3%ba-unicef\\\/#breadcrumb\",\"itemListElement\":[{\"@type\":\"ListItem\",\"position\":1,\"name\":\"In\u00edcio\",\"item\":\"https:\\\/\\\/www.aceguarulhos.com.br\\\/blog\\\/\"},{\"@type\":\"ListItem\",\"position\":2,\"name\":\"Funda\u00e7\u00e3o Ita\u00fa Social lan\u00e7a 6\u00aa edi\u00e7\u00e3o do Pr\u00eamio Ita\u00fa-Unicef\"}]},{\"@type\":\"WebSite\",\"@id\":\"https:\\\/\\\/www.aceguarulhos.com.br\\\/blog\\\/#website\",\"url\":\"https:\\\/\\\/www.aceguarulhos.com.br\\\/blog\\\/\",\"name\":\"ACE-Guarulhos\",\"description\":\"A ACE-Guarulhos \u00e9 uma associa\u00e7\u00e3o que ap\u00f3ia os empres\u00e1rios guarulhenses atrav\u00e9s da representa\u00e7\u00e3o, da gera\u00e7\u00e3o de neg\u00f3cios e presta\u00e7\u00e3o de servi\u00e7os.\",\"publisher\":{\"@id\":\"https:\\\/\\\/www.aceguarulhos.com.br\\\/blog\\\/#organization\"},\"potentialAction\":[{\"@type\":\"SearchAction\",\"target\":{\"@type\":\"EntryPoint\",\"urlTemplate\":\"https:\\\/\\\/www.aceguarulhos.com.br\\\/blog\\\/?s={search_term_string}\"},\"query-input\":{\"@type\":\"PropertyValueSpecification\",\"valueRequired\":true,\"valueName\":\"search_term_string\"}}],\"inLanguage\":\"pt-BR\"},{\"@type\":\"Organization\",\"@id\":\"https:\\\/\\\/www.aceguarulhos.com.br\\\/blog\\\/#organization\",\"name\":\"ACE-Guarulhos\",\"url\":\"https:\\\/\\\/www.aceguarulhos.com.br\\\/blog\\\/\",\"logo\":{\"@type\":\"ImageObject\",\"inLanguage\":\"pt-BR\",\"@id\":\"https:\\\/\\\/www.aceguarulhos.com.br\\\/blog\\\/#\\\/schema\\\/logo\\\/image\\\/\",\"url\":\"https:\\\/\\\/www.aceguarulhos.com.br\\\/blog\\\/wp-content\\\/uploads\\\/2017\\\/12\\\/logo-aceguarulhos-2018.png\",\"contentUrl\":\"https:\\\/\\\/www.aceguarulhos.com.br\\\/blog\\\/wp-content\\\/uploads\\\/2017\\\/12\\\/logo-aceguarulhos-2018.png\",\"width\":419,\"height\":76,\"caption\":\"ACE-Guarulhos\"},\"image\":{\"@id\":\"https:\\\/\\\/www.aceguarulhos.com.br\\\/blog\\\/#\\\/schema\\\/logo\\\/image\\\/\"},\"sameAs\":[\"https:\\\/\\\/www.facebook.com\\\/aceguarulhos\\\/\",\"https:\\\/\\\/br.linkedin.com\\\/in\\\/ace-guarulhos-b9a97093\",\"https:\\\/\\\/www.youtube.com\\\/user\\\/aceguarulhos\"]},{\"@type\":\"Person\",\"@id\":\"https:\\\/\\\/www.aceguarulhos.com.br\\\/blog\\\/#\\\/schema\\\/person\\\/6983b51bad37489989e4f09698c26237\",\"name\":\"Assessoria de Imprensa ACE-Guarulhos\",\"image\":{\"@type\":\"ImageObject\",\"inLanguage\":\"pt-BR\",\"@id\":\"https:\\\/\\\/secure.gravatar.com\\\/avatar\\\/707f3fadd6918afeb64173ab22d8a8cb0676953098a4f31ff36dc2b4c699ef6a?s=96&d=mm&r=g\",\"url\":\"https:\\\/\\\/secure.gravatar.com\\\/avatar\\\/707f3fadd6918afeb64173ab22d8a8cb0676953098a4f31ff36dc2b4c699ef6a?s=96&d=mm&r=g\",\"contentUrl\":\"https:\\\/\\\/secure.gravatar.com\\\/avatar\\\/707f3fadd6918afeb64173ab22d8a8cb0676953098a4f31ff36dc2b4c699ef6a?s=96&d=mm&r=g\",\"caption\":\"Assessoria de Imprensa ACE-Guarulhos\"},\"url\":\"https:\\\/\\\/www.aceguarulhos.com.br\\\/blog\\\/author\\\/assessoria-de-imprensa-ace-guarulhos\\\/\"}]}<\/script>\n<!-- \/ Yoast SEO plugin. -->","yoast_head_json":{"title":"Funda\u00e7\u00e3o Ita\u00fa Social lan\u00e7a 6\u00aa edi\u00e7\u00e3o do Pr\u00eamio Ita\u00fa-Unicef - ACE-Guarulhos","robots":{"index":"index","follow":"follow","max-snippet":"max-snippet:-1","max-image-preview":"max-image-preview:large","max-video-preview":"max-video-preview:-1"},"canonical":"https:\/\/www.aceguarulhos.com.br\/blog\/funda\u00e7\u00e3o-ita\u00fa-social-lan\u00e7a-6\u00aa-edi\u00e7\u00e3o-do-pr\u00eamio-ita\u00fa-unicef\/","og_locale":"pt_BR","og_type":"article","og_title":"Funda\u00e7\u00e3o Ita\u00fa Social lan\u00e7a 6\u00aa edi\u00e7\u00e3o do Pr\u00eamio Ita\u00fa-Unicef - ACE-Guarulhos","og_description":"J\u00e1 est\u00e3o abertas as inscri\u00e7\u00f5es para a 6\u00aa edi\u00e7\u00e3o do Pr\u00eamio Ita\u00fa-Unicef, realizado pela Funda\u00e7\u00e3o Ita\u00fa Social, em parceria com o Fundo das","og_url":"https:\/\/www.aceguarulhos.com.br\/blog\/funda\u00e7\u00e3o-ita\u00fa-social-lan\u00e7a-6\u00aa-edi\u00e7\u00e3o-do-pr\u00eamio-ita\u00fa-unicef\/","og_site_name":"ACE-Guarulhos","article_publisher":"https:\/\/www.facebook.com\/aceguarulhos\/","article_published_time":"2005-06-06T11:27:02+00:00","author":"Assessoria de Imprensa ACE-Guarulhos","twitter_card":"summary_large_image","twitter_misc":{"Escrito por":"Assessoria de Imprensa ACE-Guarulhos","Est. tempo de leitura":"6 minutos"},"schema":{"@context":"https:\/\/schema.org","@graph":[{"@type":"Article","@id":"https:\/\/www.aceguarulhos.com.br\/blog\/funda%c3%a7%c3%a3o-ita%c3%ba-social-lan%c3%a7a-6%c2%aa-edi%c3%a7%c3%a3o-do-pr%c3%aamio-ita%c3%ba-unicef\/#article","isPartOf":{"@id":"https:\/\/www.aceguarulhos.com.br\/blog\/funda%c3%a7%c3%a3o-ita%c3%ba-social-lan%c3%a7a-6%c2%aa-edi%c3%a7%c3%a3o-do-pr%c3%aamio-ita%c3%ba-unicef\/"},"author":{"name":"Assessoria de Imprensa ACE-Guarulhos","@id":"https:\/\/www.aceguarulhos.com.br\/blog\/#\/schema\/person\/6983b51bad37489989e4f09698c26237"},"headline":"Funda\u00e7\u00e3o Ita\u00fa Social lan\u00e7a 6\u00aa edi\u00e7\u00e3o do Pr\u00eamio Ita\u00fa-Unicef","datePublished":"2005-06-06T11:27:02+00:00","mainEntityOfPage":{"@id":"https:\/\/www.aceguarulhos.com.br\/blog\/funda%c3%a7%c3%a3o-ita%c3%ba-social-lan%c3%a7a-6%c2%aa-edi%c3%a7%c3%a3o-do-pr%c3%aamio-ita%c3%ba-unicef\/"},"wordCount":1163,"commentCount":0,"publisher":{"@id":"https:\/\/www.aceguarulhos.com.br\/blog\/#organization"},"articleSection":["Not\u00edcias"],"inLanguage":"pt-BR"},{"@type":"WebPage","@id":"https:\/\/www.aceguarulhos.com.br\/blog\/funda%c3%a7%c3%a3o-ita%c3%ba-social-lan%c3%a7a-6%c2%aa-edi%c3%a7%c3%a3o-do-pr%c3%aamio-ita%c3%ba-unicef\/","url":"https:\/\/www.aceguarulhos.com.br\/blog\/funda%c3%a7%c3%a3o-ita%c3%ba-social-lan%c3%a7a-6%c2%aa-edi%c3%a7%c3%a3o-do-pr%c3%aamio-ita%c3%ba-unicef\/","name":"Funda\u00e7\u00e3o Ita\u00fa Social lan\u00e7a 6\u00aa edi\u00e7\u00e3o do Pr\u00eamio Ita\u00fa-Unicef - ACE-Guarulhos","isPartOf":{"@id":"https:\/\/www.aceguarulhos.com.br\/blog\/#website"},"datePublished":"2005-06-06T11:27:02+00:00","breadcrumb":{"@id":"https:\/\/www.aceguarulhos.com.br\/blog\/funda%c3%a7%c3%a3o-ita%c3%ba-social-lan%c3%a7a-6%c2%aa-edi%c3%a7%c3%a3o-do-pr%c3%aamio-ita%c3%ba-unicef\/#breadcrumb"},"inLanguage":"pt-BR","potentialAction":[{"@type":"ReadAction","target":["https:\/\/www.aceguarulhos.com.br\/blog\/funda%c3%a7%c3%a3o-ita%c3%ba-social-lan%c3%a7a-6%c2%aa-edi%c3%a7%c3%a3o-do-pr%c3%aamio-ita%c3%ba-unicef\/"]}]},{"@type":"BreadcrumbList","@id":"https:\/\/www.aceguarulhos.com.br\/blog\/funda%c3%a7%c3%a3o-ita%c3%ba-social-lan%c3%a7a-6%c2%aa-edi%c3%a7%c3%a3o-do-pr%c3%aamio-ita%c3%ba-unicef\/#breadcrumb","itemListElement":[{"@type":"ListItem","position":1,"name":"In\u00edcio","item":"https:\/\/www.aceguarulhos.com.br\/blog\/"},{"@type":"ListItem","position":2,"name":"Funda\u00e7\u00e3o Ita\u00fa Social lan\u00e7a 6\u00aa edi\u00e7\u00e3o do Pr\u00eamio Ita\u00fa-Unicef"}]},{"@type":"WebSite","@id":"https:\/\/www.aceguarulhos.com.br\/blog\/#website","url":"https:\/\/www.aceguarulhos.com.br\/blog\/","name":"ACE-Guarulhos","description":"A ACE-Guarulhos \u00e9 uma associa\u00e7\u00e3o que ap\u00f3ia os empres\u00e1rios guarulhenses atrav\u00e9s da representa\u00e7\u00e3o, da gera\u00e7\u00e3o de neg\u00f3cios e presta\u00e7\u00e3o de servi\u00e7os.","publisher":{"@id":"https:\/\/www.aceguarulhos.com.br\/blog\/#organization"},"potentialAction":[{"@type":"SearchAction","target":{"@type":"EntryPoint","urlTemplate":"https:\/\/www.aceguarulhos.com.br\/blog\/?s={search_term_string}"},"query-input":{"@type":"PropertyValueSpecification","valueRequired":true,"valueName":"search_term_string"}}],"inLanguage":"pt-BR"},{"@type":"Organization","@id":"https:\/\/www.aceguarulhos.com.br\/blog\/#organization","name":"ACE-Guarulhos","url":"https:\/\/www.aceguarulhos.com.br\/blog\/","logo":{"@type":"ImageObject","inLanguage":"pt-BR","@id":"https:\/\/www.aceguarulhos.com.br\/blog\/#\/schema\/logo\/image\/","url":"https:\/\/www.aceguarulhos.com.br\/blog\/wp-content\/uploads\/2017\/12\/logo-aceguarulhos-2018.png","contentUrl":"https:\/\/www.aceguarulhos.com.br\/blog\/wp-content\/uploads\/2017\/12\/logo-aceguarulhos-2018.png","width":419,"height":76,"caption":"ACE-Guarulhos"},"image":{"@id":"https:\/\/www.aceguarulhos.com.br\/blog\/#\/schema\/logo\/image\/"},"sameAs":["https:\/\/www.facebook.com\/aceguarulhos\/","https:\/\/br.linkedin.com\/in\/ace-guarulhos-b9a97093","https:\/\/www.youtube.com\/user\/aceguarulhos"]},{"@type":"Person","@id":"https:\/\/www.aceguarulhos.com.br\/blog\/#\/schema\/person\/6983b51bad37489989e4f09698c26237","name":"Assessoria de Imprensa ACE-Guarulhos","image":{"@type":"ImageObject","inLanguage":"pt-BR","@id":"https:\/\/secure.gravatar.com\/avatar\/707f3fadd6918afeb64173ab22d8a8cb0676953098a4f31ff36dc2b4c699ef6a?s=96&d=mm&r=g","url":"https:\/\/secure.gravatar.com\/avatar\/707f3fadd6918afeb64173ab22d8a8cb0676953098a4f31ff36dc2b4c699ef6a?s=96&d=mm&r=g","contentUrl":"https:\/\/secure.gravatar.com\/avatar\/707f3fadd6918afeb64173ab22d8a8cb0676953098a4f31ff36dc2b4c699ef6a?s=96&d=mm&r=g","caption":"Assessoria de Imprensa ACE-Guarulhos"},"url":"https:\/\/www.aceguarulhos.com.br\/blog\/author\/assessoria-de-imprensa-ace-guarulhos\/"}]}},"wps_subtitle":"","amp_enabled":true,"_links":{"self":[{"href":"https:\/\/www.aceguarulhos.com.br\/blog\/wp-json\/wp\/v2\/posts\/29445","targetHints":{"allow":["GET"]}}],"collection":[{"href":"https:\/\/www.aceguarulhos.com.br\/blog\/wp-json\/wp\/v2\/posts"}],"about":[{"href":"https:\/\/www.aceguarulhos.com.br\/blog\/wp-json\/wp\/v2\/types\/post"}],"author":[{"embeddable":true,"href":"https:\/\/www.aceguarulhos.com.br\/blog\/wp-json\/wp\/v2\/users\/8"}],"replies":[{"embeddable":true,"href":"https:\/\/www.aceguarulhos.com.br\/blog\/wp-json\/wp\/v2\/comments?post=29445"}],"version-history":[{"count":0,"href":"https:\/\/www.aceguarulhos.com.br\/blog\/wp-json\/wp\/v2\/posts\/29445\/revisions"}],"wp:attachment":[{"href":"https:\/\/www.aceguarulhos.com.br\/blog\/wp-json\/wp\/v2\/media?parent=29445"}],"wp:term":[{"taxonomy":"category","embeddable":true,"href":"https:\/\/www.aceguarulhos.com.br\/blog\/wp-json\/wp\/v2\/categories?post=29445"},{"taxonomy":"post_tag","embeddable":true,"href":"https:\/\/www.aceguarulhos.com.br\/blog\/wp-json\/wp\/v2\/tags?post=29445"}],"curies":[{"name":"wp","href":"https:\/\/api.w.org\/{rel}","templated":true}]}}