{"id":29422,"date":"2005-05-30T10:54:54","date_gmt":"2005-05-30T10:54:54","guid":{"rendered":"http:\/\/www.aceguarulhos.com.br\/blog\/?p=29422"},"modified":"-0001-11-30T00:00:00","modified_gmt":"-0001-11-30T03:00:00","slug":"caminhada-pelos-pequenos-neg%c3%b3cios","status":"publish","type":"post","link":"https:\/\/www.aceguarulhos.com.br\/blog\/caminhada-pelos-pequenos-neg%c3%b3cios\/","title":{"rendered":"Caminhada pelos pequenos neg\u00f3cios"},"content":{"rendered":"<p><P><EM>Movimento j\u00e1 mobilizou cerca de 10 mil empres\u00e1rios e representantes de institui\u00e7\u00f5es de apoio ao segmento no Pa\u00eds<\/EM><\/P><P><STRONG><IMG alt=\"Ag\u00eancia Sebrae\" src=\"\/blog\/wp-content\/uploads\/image.php?x=i&#038;i1=100&#038;i2=20011031100000\" align=left border=0>Bras\u00edlia &#8211;<\/STRONG> Milhares de empres\u00e1rios est\u00e3o sendo esperados na manifesta\u00e7\u00e3o da Frente Empresarial pela Lei Geral das Micro e Pequenas Empresas, dia 8 de junho, em Bras\u00edlia. A expectativa tem por base as ades\u00f5es ao movimento registradas em eventos regionais e estaduais, que j\u00e1 envolveram cerca de 10 mil pessoas, principalmente lideran\u00e7as do segmento.<\/P><P>Os manifestantes far\u00e3o caminhada na Esplanada dos Minist\u00e9rios rumo ao Pal\u00e1cio do Planalto, onde entregar\u00e3o c\u00f3pia do anteprojeto da Lei Geral ao governo federal. Em seguida promover\u00e3o ato p\u00fablico no Sal\u00e3o Negro da C\u00e2mara dos Deputados, quando entregar\u00e3o a proposta para os presidentes da C\u00e2mara, Severino Cavalcanti (PP-PE), e do Senado, Renan Calheiros (PMDB-AL). <\/P><P>O movimento chega a Bras\u00edlia depois de percorrer as regi\u00f5es Nordeste, Sul, Norte e Sudeste. O ato na capital brasileira marca o lan\u00e7amento no Centro-Oeste, mas ter\u00e1 car\u00e1ter nacional. O objetivo \u00e9 chamar a aten\u00e7\u00e3o do Pa\u00eds para o tema e conquistar a aprova\u00e7\u00e3o da proposta pelo Congresso Nacional ainda em 2005. <\/P><P>O anteprojeto foi elaborado pelo Sebrae, ap\u00f3s ouvir o segmento e prev\u00ea uma s\u00e9rie de mecanismos para assegurar a sustentabilidade e expans\u00e3o das micro e pequenas empresas. Entre eles, est\u00e1 o Simples Geral, que amplia, por exemplo, a ades\u00e3o de prestadoras de servi\u00e7o e aumenta o teto da receita bruta anual para inclus\u00e3o no sistema, reduzindo burocracia, racionalizando e diminuindo tributos. <\/P><P>O Sebrae ap\u00f3ia as mobiliza\u00e7\u00f5es da Frente, que \u00e9 integrada pelas confedera\u00e7\u00f5es nacionais da Ind\u00fastria (CNI), Com\u00e9rcio (CNC), Agricultura (CNA), Transportes (CNT), Institui\u00e7\u00f5es Financeiras (CNF) e das Associa\u00e7\u00f5es Comerciais e Empresariais do Brasil (CACB).<\/P><P>O movimento foi deflagrado dia 12 de abril, com o lan\u00e7amento da Frente, em S\u00e3o Paulo, com a presen\u00e7a de aproximadamente 400 lideran\u00e7as. No dia 19, tamb\u00e9m de abril, a Frente chegou ao Nordeste, em Salvador (BA), e contou com mais de 450 participantes no evento.<\/P><P>Ainda em abril, dia 28, o movimento foi lan\u00e7ado no Sul, em Porto Alegre (RS), mobilizando cerca de mil empres\u00e1rios em carreata e ato p\u00fablico em defesa da nova legisla\u00e7\u00e3o. Neste m\u00eas de maio, a mobiliza\u00e7\u00e3o chegou ao Norte, dia 12, em Manaus (AM), com cerca de 800 empreendedores, inclusive da economia informal. Dia 19 chegou ao Sudeste, em Belo Horizonte (MG), reunindo cerca de 1,3 mil empres\u00e1rios. <\/P><P><STRONG>Nos estados<\/STRONG><\/P><P>As mobiliza\u00e7\u00f5es multiplicaram-se nos estados e expandiram as ades\u00f5es. J\u00e1 foram realizados eventos pela Lei Geral nos estados do Esp\u00edrito Santo, Rio de Janeiro, Pernambuco, Mato Grosso, Sergipe, al\u00e9m de reuni\u00e3o local, no Distrito Federal. Nesta ter\u00e7a-feira (24) dever\u00e3o ocorrer eventos no Paran\u00e1 e no Rio Grande do Norte. No dia 30 est\u00e3o programadas mobiliza\u00e7\u00f5es no Acre e no Cear\u00e1. Dia 31 ser\u00e1 a vez do Tocantins e dia 4 de junho, do Par\u00e1.<\/P><P>\u00c9 nesta onda de ades\u00f5es que o movimento chega a Bras\u00edlia. A expectativa do presidente do Sebrae, Paulo Okamotto, \u00e9 de grande participa\u00e7\u00e3o na manifesta\u00e7\u00e3o, levando em conta as ades\u00f5es \u00e0s mobiliza\u00e7\u00f5es j\u00e1 promovidas pelo Pa\u00eds. &#8220;O setor empresarial est\u00e1 consciente de que \u00e9 preciso criar condi\u00e7\u00f5es para que os pequenos neg\u00f3cios tenham um ambiente mais favor\u00e1vel, flores\u00e7am, cres\u00e7am e ajudem a gerar mais empregos&#8221;, avalia Okamotto.<\/P><P>De acordo com o presidente da CNI, Armando Monteiro, o Pa\u00eds vive o momento ideal para que a concretiza\u00e7\u00e3o da proposta aconte\u00e7a. &#8220;Temos um bom projeto, resultado de amplas discuss\u00f5es com o setor, o apoio das lideran\u00e7as empresariais de todo o Pa\u00eds, al\u00e9m de contarmos com a receptividade do Congresso&#8221;, disse.<\/P><P><STRONG>Apoio<\/STRONG><\/P><P>Antes de a mobiliza\u00e7\u00e3o chegar a Bras\u00edlia, a proposta j\u00e1 vem recebendo importantes manifesta\u00e7\u00f5es de apoio, como a do pr\u00f3prio presidente da Rep\u00fablica, Luiz In\u00e1cio Lula da Silva. Em declara\u00e7\u00e3o feita para encarte do Sebrae na revista Pequenas Empresas &#038; Grandes Neg\u00f3cios (edi\u00e7\u00e3o 169, de maio), Lula afirmou que vai, realmente, enviar a proposta da Lei Geral das Micro e Pequenas Empresas para avalia\u00e7\u00e3o do Congresso.<\/P><P>&#8220;Para enfrentar o problema da burocracia e dos impostos, vamos encaminhar ao Congresso Nacional a nova Lei Geral&#8221;, assegurou, ressaltando a import\u00e2ncia da proposta para desburocratizar a vida dos pequenos neg\u00f3cios e simplificar a tributa\u00e7\u00e3o, possibilitando mais tranq\u00fcilidade aos empres\u00e1rios e efici\u00eancia aos empreendimentos. <\/P><P>&#8220;Estou convencido de que a nova lei vai impulsionar ainda mais este esp\u00edrito empreendedor brasileiro para ampliar as oportunidades de emprego e consolidar o desenvolvimento do Pa\u00eds&#8221;, disse.<\/P><P>O apoio antecipado tamb\u00e9m foi dado pelos presidentes da C\u00e2mara, Severino Cavalcanti, e do Senado, Renan Calheiros. Segundo declara\u00e7\u00f5es dos dois, publicadas em encarte da revista \u00c9poca (edi\u00e7\u00e3o 361, de abril), t\u00e3o logo chegue ao Congresso, o anteprojeto da Lei Geral ter\u00e1 prioridade.<\/P><P>&#8220;Vamos buscar o apoio dos l\u00edderes partid\u00e1rios para a r\u00e1pida aprova\u00e7\u00e3o da Lei&#8221;, disse Cavalcanti. E Calheiros assegurou que far\u00e1 tudo o que estiver ao seu alcance para desburocratizar a atividade das micro e pequenas empresas, que definiu como &#8220;maiores empregadoras do Pa\u00eds&#8221;.<\/P><P><STRONG>Dilma Tavares<\/STRONG> <\/P><P><STRONG>Servi\u00e7o:<BR><\/STRONG>Ag\u00eancia Sebrae de Not\u00edcias: (61) 348-7494<\/P><\/p>\n","protected":false},"excerpt":{"rendered":"Movimento j\u00e1 mobilizou cerca de 10 mil empres\u00e1rios e representantes de institui\u00e7\u00f5es de apoio ao segmento no Pa\u00edsBras\u00edlia &#8211; Milhares de empres\u00e1rios est\u00e3o \n<a class=\"moretag\" href=\"https:\/\/www.aceguarulhos.com.br\/blog\/caminhada-pelos-pequenos-neg%c3%b3cios\/\"> [...]<\/a>","protected":false},"author":8,"featured_media":0,"comment_status":"open","ping_status":"open","sticky":false,"template":"","format":"standard","meta":{"footnotes":""},"categories":[2],"tags":[],"class_list":["post-29422","post","type-post","status-publish","format-standard","hentry","category-noticias"],"yoast_head":"<!-- This site is optimized with the Yoast SEO plugin v28.1 - https:\/\/yoast.com\/product\/yoast-seo-wordpress\/ -->\n<title>Caminhada pelos pequenos neg\u00f3cios - ACE-Guarulhos<\/title>\n<meta name=\"robots\" content=\"index, follow, max-snippet:-1, max-image-preview:large, max-video-preview:-1\" \/>\n<link rel=\"canonical\" href=\"https:\/\/www.aceguarulhos.com.br\/blog\/caminhada-pelos-pequenos-neg\u00f3cios\/\" \/>\n<meta property=\"og:locale\" content=\"pt_BR\" \/>\n<meta property=\"og:type\" content=\"article\" \/>\n<meta property=\"og:title\" content=\"Caminhada pelos pequenos neg\u00f3cios - ACE-Guarulhos\" \/>\n<meta property=\"og:description\" content=\"Movimento j\u00e1 mobilizou cerca de 10 mil empres\u00e1rios e representantes de institui\u00e7\u00f5es de apoio ao segmento no Pa\u00edsBras\u00edlia &#8211; Milhares de empres\u00e1rios est\u00e3o\" \/>\n<meta property=\"og:url\" content=\"https:\/\/www.aceguarulhos.com.br\/blog\/caminhada-pelos-pequenos-neg\u00f3cios\/\" \/>\n<meta property=\"og:site_name\" content=\"ACE-Guarulhos\" \/>\n<meta property=\"article:publisher\" content=\"https:\/\/www.facebook.com\/aceguarulhos\/\" \/>\n<meta property=\"article:published_time\" content=\"2005-05-30T10:54:54+00:00\" \/>\n<meta name=\"author\" content=\"Assessoria de Imprensa ACE-Guarulhos\" \/>\n<meta name=\"twitter:card\" content=\"summary_large_image\" \/>\n<meta name=\"twitter:label1\" content=\"Escrito por\" \/>\n\t<meta name=\"twitter:data1\" content=\"Assessoria de Imprensa ACE-Guarulhos\" \/>\n\t<meta name=\"twitter:label2\" content=\"Est. tempo de leitura\" \/>\n\t<meta name=\"twitter:data2\" content=\"4 minutos\" \/>\n<script type=\"application\/ld+json\" class=\"yoast-schema-graph\">{\"@context\":\"https:\\\/\\\/schema.org\",\"@graph\":[{\"@type\":\"Article\",\"@id\":\"https:\\\/\\\/www.aceguarulhos.com.br\\\/blog\\\/caminhada-pelos-pequenos-neg%c3%b3cios\\\/#article\",\"isPartOf\":{\"@id\":\"https:\\\/\\\/www.aceguarulhos.com.br\\\/blog\\\/caminhada-pelos-pequenos-neg%c3%b3cios\\\/\"},\"author\":{\"name\":\"Assessoria de Imprensa ACE-Guarulhos\",\"@id\":\"https:\\\/\\\/www.aceguarulhos.com.br\\\/blog\\\/#\\\/schema\\\/person\\\/6983b51bad37489989e4f09698c26237\"},\"headline\":\"Caminhada pelos pequenos neg\u00f3cios\",\"datePublished\":\"2005-05-30T10:54:54+00:00\",\"mainEntityOfPage\":{\"@id\":\"https:\\\/\\\/www.aceguarulhos.com.br\\\/blog\\\/caminhada-pelos-pequenos-neg%c3%b3cios\\\/\"},\"wordCount\":906,\"commentCount\":0,\"publisher\":{\"@id\":\"https:\\\/\\\/www.aceguarulhos.com.br\\\/blog\\\/#organization\"},\"articleSection\":[\"Not\u00edcias\"],\"inLanguage\":\"pt-BR\"},{\"@type\":\"WebPage\",\"@id\":\"https:\\\/\\\/www.aceguarulhos.com.br\\\/blog\\\/caminhada-pelos-pequenos-neg%c3%b3cios\\\/\",\"url\":\"https:\\\/\\\/www.aceguarulhos.com.br\\\/blog\\\/caminhada-pelos-pequenos-neg%c3%b3cios\\\/\",\"name\":\"Caminhada pelos pequenos neg\u00f3cios - ACE-Guarulhos\",\"isPartOf\":{\"@id\":\"https:\\\/\\\/www.aceguarulhos.com.br\\\/blog\\\/#website\"},\"datePublished\":\"2005-05-30T10:54:54+00:00\",\"breadcrumb\":{\"@id\":\"https:\\\/\\\/www.aceguarulhos.com.br\\\/blog\\\/caminhada-pelos-pequenos-neg%c3%b3cios\\\/#breadcrumb\"},\"inLanguage\":\"pt-BR\",\"potentialAction\":[{\"@type\":\"ReadAction\",\"target\":[\"https:\\\/\\\/www.aceguarulhos.com.br\\\/blog\\\/caminhada-pelos-pequenos-neg%c3%b3cios\\\/\"]}]},{\"@type\":\"BreadcrumbList\",\"@id\":\"https:\\\/\\\/www.aceguarulhos.com.br\\\/blog\\\/caminhada-pelos-pequenos-neg%c3%b3cios\\\/#breadcrumb\",\"itemListElement\":[{\"@type\":\"ListItem\",\"position\":1,\"name\":\"In\u00edcio\",\"item\":\"https:\\\/\\\/www.aceguarulhos.com.br\\\/blog\\\/\"},{\"@type\":\"ListItem\",\"position\":2,\"name\":\"Caminhada pelos pequenos neg\u00f3cios\"}]},{\"@type\":\"WebSite\",\"@id\":\"https:\\\/\\\/www.aceguarulhos.com.br\\\/blog\\\/#website\",\"url\":\"https:\\\/\\\/www.aceguarulhos.com.br\\\/blog\\\/\",\"name\":\"ACE-Guarulhos\",\"description\":\"A ACE-Guarulhos \u00e9 uma associa\u00e7\u00e3o que ap\u00f3ia os empres\u00e1rios guarulhenses atrav\u00e9s da representa\u00e7\u00e3o, da gera\u00e7\u00e3o de neg\u00f3cios e presta\u00e7\u00e3o de servi\u00e7os.\",\"publisher\":{\"@id\":\"https:\\\/\\\/www.aceguarulhos.com.br\\\/blog\\\/#organization\"},\"potentialAction\":[{\"@type\":\"SearchAction\",\"target\":{\"@type\":\"EntryPoint\",\"urlTemplate\":\"https:\\\/\\\/www.aceguarulhos.com.br\\\/blog\\\/?s={search_term_string}\"},\"query-input\":{\"@type\":\"PropertyValueSpecification\",\"valueRequired\":true,\"valueName\":\"search_term_string\"}}],\"inLanguage\":\"pt-BR\"},{\"@type\":\"Organization\",\"@id\":\"https:\\\/\\\/www.aceguarulhos.com.br\\\/blog\\\/#organization\",\"name\":\"ACE-Guarulhos\",\"url\":\"https:\\\/\\\/www.aceguarulhos.com.br\\\/blog\\\/\",\"logo\":{\"@type\":\"ImageObject\",\"inLanguage\":\"pt-BR\",\"@id\":\"https:\\\/\\\/www.aceguarulhos.com.br\\\/blog\\\/#\\\/schema\\\/logo\\\/image\\\/\",\"url\":\"https:\\\/\\\/www.aceguarulhos.com.br\\\/blog\\\/wp-content\\\/uploads\\\/2017\\\/12\\\/logo-aceguarulhos-2018.png\",\"contentUrl\":\"https:\\\/\\\/www.aceguarulhos.com.br\\\/blog\\\/wp-content\\\/uploads\\\/2017\\\/12\\\/logo-aceguarulhos-2018.png\",\"width\":419,\"height\":76,\"caption\":\"ACE-Guarulhos\"},\"image\":{\"@id\":\"https:\\\/\\\/www.aceguarulhos.com.br\\\/blog\\\/#\\\/schema\\\/logo\\\/image\\\/\"},\"sameAs\":[\"https:\\\/\\\/www.facebook.com\\\/aceguarulhos\\\/\",\"https:\\\/\\\/br.linkedin.com\\\/in\\\/ace-guarulhos-b9a97093\",\"https:\\\/\\\/www.youtube.com\\\/user\\\/aceguarulhos\"]},{\"@type\":\"Person\",\"@id\":\"https:\\\/\\\/www.aceguarulhos.com.br\\\/blog\\\/#\\\/schema\\\/person\\\/6983b51bad37489989e4f09698c26237\",\"name\":\"Assessoria de Imprensa ACE-Guarulhos\",\"image\":{\"@type\":\"ImageObject\",\"inLanguage\":\"pt-BR\",\"@id\":\"https:\\\/\\\/secure.gravatar.com\\\/avatar\\\/707f3fadd6918afeb64173ab22d8a8cb0676953098a4f31ff36dc2b4c699ef6a?s=96&d=mm&r=g\",\"url\":\"https:\\\/\\\/secure.gravatar.com\\\/avatar\\\/707f3fadd6918afeb64173ab22d8a8cb0676953098a4f31ff36dc2b4c699ef6a?s=96&d=mm&r=g\",\"contentUrl\":\"https:\\\/\\\/secure.gravatar.com\\\/avatar\\\/707f3fadd6918afeb64173ab22d8a8cb0676953098a4f31ff36dc2b4c699ef6a?s=96&d=mm&r=g\",\"caption\":\"Assessoria de Imprensa ACE-Guarulhos\"},\"url\":\"https:\\\/\\\/www.aceguarulhos.com.br\\\/blog\\\/author\\\/assessoria-de-imprensa-ace-guarulhos\\\/\"}]}<\/script>\n<!-- \/ Yoast SEO plugin. -->","yoast_head_json":{"title":"Caminhada pelos pequenos neg\u00f3cios - ACE-Guarulhos","robots":{"index":"index","follow":"follow","max-snippet":"max-snippet:-1","max-image-preview":"max-image-preview:large","max-video-preview":"max-video-preview:-1"},"canonical":"https:\/\/www.aceguarulhos.com.br\/blog\/caminhada-pelos-pequenos-neg\u00f3cios\/","og_locale":"pt_BR","og_type":"article","og_title":"Caminhada pelos pequenos neg\u00f3cios - ACE-Guarulhos","og_description":"Movimento j\u00e1 mobilizou cerca de 10 mil empres\u00e1rios e representantes de institui\u00e7\u00f5es de apoio ao segmento no Pa\u00edsBras\u00edlia &#8211; Milhares de empres\u00e1rios est\u00e3o","og_url":"https:\/\/www.aceguarulhos.com.br\/blog\/caminhada-pelos-pequenos-neg\u00f3cios\/","og_site_name":"ACE-Guarulhos","article_publisher":"https:\/\/www.facebook.com\/aceguarulhos\/","article_published_time":"2005-05-30T10:54:54+00:00","author":"Assessoria de Imprensa ACE-Guarulhos","twitter_card":"summary_large_image","twitter_misc":{"Escrito por":"Assessoria de Imprensa ACE-Guarulhos","Est. tempo de leitura":"4 minutos"},"schema":{"@context":"https:\/\/schema.org","@graph":[{"@type":"Article","@id":"https:\/\/www.aceguarulhos.com.br\/blog\/caminhada-pelos-pequenos-neg%c3%b3cios\/#article","isPartOf":{"@id":"https:\/\/www.aceguarulhos.com.br\/blog\/caminhada-pelos-pequenos-neg%c3%b3cios\/"},"author":{"name":"Assessoria de Imprensa ACE-Guarulhos","@id":"https:\/\/www.aceguarulhos.com.br\/blog\/#\/schema\/person\/6983b51bad37489989e4f09698c26237"},"headline":"Caminhada pelos pequenos neg\u00f3cios","datePublished":"2005-05-30T10:54:54+00:00","mainEntityOfPage":{"@id":"https:\/\/www.aceguarulhos.com.br\/blog\/caminhada-pelos-pequenos-neg%c3%b3cios\/"},"wordCount":906,"commentCount":0,"publisher":{"@id":"https:\/\/www.aceguarulhos.com.br\/blog\/#organization"},"articleSection":["Not\u00edcias"],"inLanguage":"pt-BR"},{"@type":"WebPage","@id":"https:\/\/www.aceguarulhos.com.br\/blog\/caminhada-pelos-pequenos-neg%c3%b3cios\/","url":"https:\/\/www.aceguarulhos.com.br\/blog\/caminhada-pelos-pequenos-neg%c3%b3cios\/","name":"Caminhada pelos pequenos neg\u00f3cios - ACE-Guarulhos","isPartOf":{"@id":"https:\/\/www.aceguarulhos.com.br\/blog\/#website"},"datePublished":"2005-05-30T10:54:54+00:00","breadcrumb":{"@id":"https:\/\/www.aceguarulhos.com.br\/blog\/caminhada-pelos-pequenos-neg%c3%b3cios\/#breadcrumb"},"inLanguage":"pt-BR","potentialAction":[{"@type":"ReadAction","target":["https:\/\/www.aceguarulhos.com.br\/blog\/caminhada-pelos-pequenos-neg%c3%b3cios\/"]}]},{"@type":"BreadcrumbList","@id":"https:\/\/www.aceguarulhos.com.br\/blog\/caminhada-pelos-pequenos-neg%c3%b3cios\/#breadcrumb","itemListElement":[{"@type":"ListItem","position":1,"name":"In\u00edcio","item":"https:\/\/www.aceguarulhos.com.br\/blog\/"},{"@type":"ListItem","position":2,"name":"Caminhada pelos pequenos neg\u00f3cios"}]},{"@type":"WebSite","@id":"https:\/\/www.aceguarulhos.com.br\/blog\/#website","url":"https:\/\/www.aceguarulhos.com.br\/blog\/","name":"ACE-Guarulhos","description":"A ACE-Guarulhos \u00e9 uma associa\u00e7\u00e3o que ap\u00f3ia os empres\u00e1rios guarulhenses atrav\u00e9s da representa\u00e7\u00e3o, da gera\u00e7\u00e3o de neg\u00f3cios e presta\u00e7\u00e3o de servi\u00e7os.","publisher":{"@id":"https:\/\/www.aceguarulhos.com.br\/blog\/#organization"},"potentialAction":[{"@type":"SearchAction","target":{"@type":"EntryPoint","urlTemplate":"https:\/\/www.aceguarulhos.com.br\/blog\/?s={search_term_string}"},"query-input":{"@type":"PropertyValueSpecification","valueRequired":true,"valueName":"search_term_string"}}],"inLanguage":"pt-BR"},{"@type":"Organization","@id":"https:\/\/www.aceguarulhos.com.br\/blog\/#organization","name":"ACE-Guarulhos","url":"https:\/\/www.aceguarulhos.com.br\/blog\/","logo":{"@type":"ImageObject","inLanguage":"pt-BR","@id":"https:\/\/www.aceguarulhos.com.br\/blog\/#\/schema\/logo\/image\/","url":"https:\/\/www.aceguarulhos.com.br\/blog\/wp-content\/uploads\/2017\/12\/logo-aceguarulhos-2018.png","contentUrl":"https:\/\/www.aceguarulhos.com.br\/blog\/wp-content\/uploads\/2017\/12\/logo-aceguarulhos-2018.png","width":419,"height":76,"caption":"ACE-Guarulhos"},"image":{"@id":"https:\/\/www.aceguarulhos.com.br\/blog\/#\/schema\/logo\/image\/"},"sameAs":["https:\/\/www.facebook.com\/aceguarulhos\/","https:\/\/br.linkedin.com\/in\/ace-guarulhos-b9a97093","https:\/\/www.youtube.com\/user\/aceguarulhos"]},{"@type":"Person","@id":"https:\/\/www.aceguarulhos.com.br\/blog\/#\/schema\/person\/6983b51bad37489989e4f09698c26237","name":"Assessoria de Imprensa ACE-Guarulhos","image":{"@type":"ImageObject","inLanguage":"pt-BR","@id":"https:\/\/secure.gravatar.com\/avatar\/707f3fadd6918afeb64173ab22d8a8cb0676953098a4f31ff36dc2b4c699ef6a?s=96&d=mm&r=g","url":"https:\/\/secure.gravatar.com\/avatar\/707f3fadd6918afeb64173ab22d8a8cb0676953098a4f31ff36dc2b4c699ef6a?s=96&d=mm&r=g","contentUrl":"https:\/\/secure.gravatar.com\/avatar\/707f3fadd6918afeb64173ab22d8a8cb0676953098a4f31ff36dc2b4c699ef6a?s=96&d=mm&r=g","caption":"Assessoria de Imprensa ACE-Guarulhos"},"url":"https:\/\/www.aceguarulhos.com.br\/blog\/author\/assessoria-de-imprensa-ace-guarulhos\/"}]}},"wps_subtitle":"","amp_enabled":true,"_links":{"self":[{"href":"https:\/\/www.aceguarulhos.com.br\/blog\/wp-json\/wp\/v2\/posts\/29422","targetHints":{"allow":["GET"]}}],"collection":[{"href":"https:\/\/www.aceguarulhos.com.br\/blog\/wp-json\/wp\/v2\/posts"}],"about":[{"href":"https:\/\/www.aceguarulhos.com.br\/blog\/wp-json\/wp\/v2\/types\/post"}],"author":[{"embeddable":true,"href":"https:\/\/www.aceguarulhos.com.br\/blog\/wp-json\/wp\/v2\/users\/8"}],"replies":[{"embeddable":true,"href":"https:\/\/www.aceguarulhos.com.br\/blog\/wp-json\/wp\/v2\/comments?post=29422"}],"version-history":[{"count":0,"href":"https:\/\/www.aceguarulhos.com.br\/blog\/wp-json\/wp\/v2\/posts\/29422\/revisions"}],"wp:attachment":[{"href":"https:\/\/www.aceguarulhos.com.br\/blog\/wp-json\/wp\/v2\/media?parent=29422"}],"wp:term":[{"taxonomy":"category","embeddable":true,"href":"https:\/\/www.aceguarulhos.com.br\/blog\/wp-json\/wp\/v2\/categories?post=29422"},{"taxonomy":"post_tag","embeddable":true,"href":"https:\/\/www.aceguarulhos.com.br\/blog\/wp-json\/wp\/v2\/tags?post=29422"}],"curies":[{"name":"wp","href":"https:\/\/api.w.org\/{rel}","templated":true}]}}