{"id":29409,"date":"2005-05-25T10:44:30","date_gmt":"2005-05-25T10:44:30","guid":{"rendered":"http:\/\/www.aceguarulhos.com.br\/blog\/?p=29409"},"modified":"-0001-11-30T00:00:00","modified_gmt":"-0001-11-30T03:00:00","slug":"mp-que-reduz-tributo-para-empresa-ser%c3%a1-ampliada","status":"publish","type":"post","link":"https:\/\/www.aceguarulhos.com.br\/blog\/mp-que-reduz-tributo-para-empresa-ser%c3%a1-ampliada\/","title":{"rendered":"MP que reduz tributo para empresa ser\u00e1 ampliada"},"content":{"rendered":"<p><P><STRONG>Seul &#8211;<\/STRONG> O ministro da Fazenda, Antonio Palocci, informou hoje que o governo dever\u00e1 ampliar os benef\u00edcios previstos na chamada &#8220;MP do Bem&#8221; para os setores que exportam menos que 80% de sua produ\u00e7\u00e3o. A iniciativa teria o objetivo de evitar que empresas recorram a malabarismos tribut\u00e1rios para se enquadrar nos crit\u00e9rios da MP. As empresas poderiam, por exemplo, criar outra companhia, com outro registro na Receita Federal, para ter acesso aos incentivos fiscais. <\/P><P>Palocci explicou que, da maneira como o texto inicial foi elaborado, essa conduta seria inevit\u00e1vel, poderia prejudicar a aloca\u00e7\u00e3o de recursos empresariais e n\u00e3o seria considerada ilegal. O texto dever\u00e1 ser conclu\u00eddo na pr\u00f3xima semana, em princ\u00edpio, quando Palocci e seu colega Luiz Fernando Furlan, do Desenvolvimento, Ind\u00fastria e Com\u00e9rcio Exterior, poder\u00e3o discutir o tema, em Bras\u00edlia. <\/P><P><STRONG>Cr\u00edticas<\/STRONG><\/P><P>A &#8220;MP do Bem&#8221; prev\u00ea originalmente a suspens\u00e3o do recolhimento do PIS\/Cofins por cinco anos para os novos investimentos em plantas industriais que venham a destinar 80% de sua produ\u00e7\u00e3o para o mercado externo. Uma das cr\u00edticas imediatamente apresentadas pelo setor empresarial, entre eles o presidente da Federa\u00e7\u00e3o da Ind\u00fastria do Estado de S\u00e3o Paulo (Fiesp), Paulo Skaf, era justamente quanto ao limite, ou seja, por que uma empresa que exportasse 80% de sua produ\u00e7\u00e3o teria o benef\u00edcio e outra que exportasse 78%, n\u00e3o. <\/P><P>Palocci teve o cuidado, entretanto, de afirmar que o governo n\u00e3o cogita a extens\u00e3o do incentivo para as amplia\u00e7\u00f5es de investimentos j\u00e1 realizados. Conforme alegou, &#8220;\u00e9 preciso olhar para a frente&#8221;. Com isso, jogou \u00e1gua fria nos planos da coreana Kobrasco de se beneficiar dos novos benef\u00edcios da MP. Essa empresa \u00e9 s\u00f3cia da Vale do Rio Doce em uma sider\u00fargica em Vit\u00f3ria e discutiu o aumento da produ\u00e7\u00e3o dos atuais 4,5 milh\u00f5es de toneladas anuais para 6 milh\u00f5es de toneladas. <\/P><P>O ministro comentou, ainda, que os indicadores de investimento no Brasil n\u00e3o est\u00e3o ruins. &#8220;O investimento direto estrangeiro no primeiro quadrimestre aumentou mais de 30% em rela\u00e7\u00e3o ao passado. Esse \u00e9 um indicador concreto que tem mostrado uma evolu\u00e7\u00e3o importante.&#8221; <\/P><P><STRONG>Jo\u00e3o Caminoto e Denise Chrispim Marin, enviados especiais<\/STRONG><\/P><\/p>\n","protected":false},"excerpt":{"rendered":"Seul &#8211; O ministro da Fazenda, Antonio Palocci, informou hoje que o governo dever\u00e1 ampliar os benef\u00edcios previstos na chamada &#8220;MP do Bem&#8221; \n<a class=\"moretag\" href=\"https:\/\/www.aceguarulhos.com.br\/blog\/mp-que-reduz-tributo-para-empresa-ser%c3%a1-ampliada\/\"> [...]<\/a>","protected":false},"author":8,"featured_media":0,"comment_status":"open","ping_status":"open","sticky":false,"template":"","format":"standard","meta":{"footnotes":""},"categories":[2],"tags":[],"class_list":["post-29409","post","type-post","status-publish","format-standard","hentry","category-noticias"],"yoast_head":"<!-- This site is optimized with the Yoast SEO plugin v28.1 - https:\/\/yoast.com\/product\/yoast-seo-wordpress\/ -->\n<title>MP que reduz tributo para empresa ser\u00e1 ampliada - ACE-Guarulhos<\/title>\n<meta name=\"robots\" content=\"index, follow, max-snippet:-1, max-image-preview:large, max-video-preview:-1\" \/>\n<link rel=\"canonical\" href=\"https:\/\/www.aceguarulhos.com.br\/blog\/mp-que-reduz-tributo-para-empresa-ser\u00e1-ampliada\/\" \/>\n<meta property=\"og:locale\" content=\"pt_BR\" \/>\n<meta property=\"og:type\" content=\"article\" \/>\n<meta property=\"og:title\" content=\"MP que reduz tributo para empresa ser\u00e1 ampliada - ACE-Guarulhos\" \/>\n<meta property=\"og:description\" content=\"Seul &#8211; O ministro da Fazenda, Antonio Palocci, informou hoje que o governo dever\u00e1 ampliar os benef\u00edcios previstos na chamada &#8220;MP do Bem&#8221;\" \/>\n<meta property=\"og:url\" content=\"https:\/\/www.aceguarulhos.com.br\/blog\/mp-que-reduz-tributo-para-empresa-ser\u00e1-ampliada\/\" \/>\n<meta property=\"og:site_name\" content=\"ACE-Guarulhos\" \/>\n<meta property=\"article:publisher\" content=\"https:\/\/www.facebook.com\/aceguarulhos\/\" \/>\n<meta property=\"article:published_time\" content=\"2005-05-25T10:44:30+00:00\" \/>\n<meta name=\"author\" content=\"Assessoria de Imprensa ACE-Guarulhos\" \/>\n<meta name=\"twitter:card\" content=\"summary_large_image\" \/>\n<meta name=\"twitter:label1\" content=\"Escrito por\" \/>\n\t<meta name=\"twitter:data1\" content=\"Assessoria de Imprensa ACE-Guarulhos\" \/>\n\t<meta name=\"twitter:label2\" content=\"Est. tempo de leitura\" \/>\n\t<meta name=\"twitter:data2\" content=\"2 minutos\" \/>\n<script type=\"application\/ld+json\" class=\"yoast-schema-graph\">{\"@context\":\"https:\\\/\\\/schema.org\",\"@graph\":[{\"@type\":\"Article\",\"@id\":\"https:\\\/\\\/www.aceguarulhos.com.br\\\/blog\\\/mp-que-reduz-tributo-para-empresa-ser%c3%a1-ampliada\\\/#article\",\"isPartOf\":{\"@id\":\"https:\\\/\\\/www.aceguarulhos.com.br\\\/blog\\\/mp-que-reduz-tributo-para-empresa-ser%c3%a1-ampliada\\\/\"},\"author\":{\"name\":\"Assessoria de Imprensa ACE-Guarulhos\",\"@id\":\"https:\\\/\\\/www.aceguarulhos.com.br\\\/blog\\\/#\\\/schema\\\/person\\\/6983b51bad37489989e4f09698c26237\"},\"headline\":\"MP que reduz tributo para empresa ser\u00e1 ampliada\",\"datePublished\":\"2005-05-25T10:44:30+00:00\",\"mainEntityOfPage\":{\"@id\":\"https:\\\/\\\/www.aceguarulhos.com.br\\\/blog\\\/mp-que-reduz-tributo-para-empresa-ser%c3%a1-ampliada\\\/\"},\"wordCount\":383,\"commentCount\":0,\"publisher\":{\"@id\":\"https:\\\/\\\/www.aceguarulhos.com.br\\\/blog\\\/#organization\"},\"articleSection\":[\"Not\u00edcias\"],\"inLanguage\":\"pt-BR\"},{\"@type\":\"WebPage\",\"@id\":\"https:\\\/\\\/www.aceguarulhos.com.br\\\/blog\\\/mp-que-reduz-tributo-para-empresa-ser%c3%a1-ampliada\\\/\",\"url\":\"https:\\\/\\\/www.aceguarulhos.com.br\\\/blog\\\/mp-que-reduz-tributo-para-empresa-ser%c3%a1-ampliada\\\/\",\"name\":\"MP que reduz tributo para empresa ser\u00e1 ampliada - ACE-Guarulhos\",\"isPartOf\":{\"@id\":\"https:\\\/\\\/www.aceguarulhos.com.br\\\/blog\\\/#website\"},\"datePublished\":\"2005-05-25T10:44:30+00:00\",\"breadcrumb\":{\"@id\":\"https:\\\/\\\/www.aceguarulhos.com.br\\\/blog\\\/mp-que-reduz-tributo-para-empresa-ser%c3%a1-ampliada\\\/#breadcrumb\"},\"inLanguage\":\"pt-BR\",\"potentialAction\":[{\"@type\":\"ReadAction\",\"target\":[\"https:\\\/\\\/www.aceguarulhos.com.br\\\/blog\\\/mp-que-reduz-tributo-para-empresa-ser%c3%a1-ampliada\\\/\"]}]},{\"@type\":\"BreadcrumbList\",\"@id\":\"https:\\\/\\\/www.aceguarulhos.com.br\\\/blog\\\/mp-que-reduz-tributo-para-empresa-ser%c3%a1-ampliada\\\/#breadcrumb\",\"itemListElement\":[{\"@type\":\"ListItem\",\"position\":1,\"name\":\"In\u00edcio\",\"item\":\"https:\\\/\\\/www.aceguarulhos.com.br\\\/blog\\\/\"},{\"@type\":\"ListItem\",\"position\":2,\"name\":\"MP que reduz tributo para empresa ser\u00e1 ampliada\"}]},{\"@type\":\"WebSite\",\"@id\":\"https:\\\/\\\/www.aceguarulhos.com.br\\\/blog\\\/#website\",\"url\":\"https:\\\/\\\/www.aceguarulhos.com.br\\\/blog\\\/\",\"name\":\"ACE-Guarulhos\",\"description\":\"A ACE-Guarulhos \u00e9 uma associa\u00e7\u00e3o que ap\u00f3ia os empres\u00e1rios guarulhenses atrav\u00e9s da representa\u00e7\u00e3o, da gera\u00e7\u00e3o de neg\u00f3cios e presta\u00e7\u00e3o de servi\u00e7os.\",\"publisher\":{\"@id\":\"https:\\\/\\\/www.aceguarulhos.com.br\\\/blog\\\/#organization\"},\"potentialAction\":[{\"@type\":\"SearchAction\",\"target\":{\"@type\":\"EntryPoint\",\"urlTemplate\":\"https:\\\/\\\/www.aceguarulhos.com.br\\\/blog\\\/?s={search_term_string}\"},\"query-input\":{\"@type\":\"PropertyValueSpecification\",\"valueRequired\":true,\"valueName\":\"search_term_string\"}}],\"inLanguage\":\"pt-BR\"},{\"@type\":\"Organization\",\"@id\":\"https:\\\/\\\/www.aceguarulhos.com.br\\\/blog\\\/#organization\",\"name\":\"ACE-Guarulhos\",\"url\":\"https:\\\/\\\/www.aceguarulhos.com.br\\\/blog\\\/\",\"logo\":{\"@type\":\"ImageObject\",\"inLanguage\":\"pt-BR\",\"@id\":\"https:\\\/\\\/www.aceguarulhos.com.br\\\/blog\\\/#\\\/schema\\\/logo\\\/image\\\/\",\"url\":\"https:\\\/\\\/www.aceguarulhos.com.br\\\/blog\\\/wp-content\\\/uploads\\\/2017\\\/12\\\/logo-aceguarulhos-2018.png\",\"contentUrl\":\"https:\\\/\\\/www.aceguarulhos.com.br\\\/blog\\\/wp-content\\\/uploads\\\/2017\\\/12\\\/logo-aceguarulhos-2018.png\",\"width\":419,\"height\":76,\"caption\":\"ACE-Guarulhos\"},\"image\":{\"@id\":\"https:\\\/\\\/www.aceguarulhos.com.br\\\/blog\\\/#\\\/schema\\\/logo\\\/image\\\/\"},\"sameAs\":[\"https:\\\/\\\/www.facebook.com\\\/aceguarulhos\\\/\",\"https:\\\/\\\/br.linkedin.com\\\/in\\\/ace-guarulhos-b9a97093\",\"https:\\\/\\\/www.youtube.com\\\/user\\\/aceguarulhos\"]},{\"@type\":\"Person\",\"@id\":\"https:\\\/\\\/www.aceguarulhos.com.br\\\/blog\\\/#\\\/schema\\\/person\\\/6983b51bad37489989e4f09698c26237\",\"name\":\"Assessoria de Imprensa ACE-Guarulhos\",\"image\":{\"@type\":\"ImageObject\",\"inLanguage\":\"pt-BR\",\"@id\":\"https:\\\/\\\/secure.gravatar.com\\\/avatar\\\/707f3fadd6918afeb64173ab22d8a8cb0676953098a4f31ff36dc2b4c699ef6a?s=96&d=mm&r=g\",\"url\":\"https:\\\/\\\/secure.gravatar.com\\\/avatar\\\/707f3fadd6918afeb64173ab22d8a8cb0676953098a4f31ff36dc2b4c699ef6a?s=96&d=mm&r=g\",\"contentUrl\":\"https:\\\/\\\/secure.gravatar.com\\\/avatar\\\/707f3fadd6918afeb64173ab22d8a8cb0676953098a4f31ff36dc2b4c699ef6a?s=96&d=mm&r=g\",\"caption\":\"Assessoria de Imprensa ACE-Guarulhos\"},\"url\":\"https:\\\/\\\/www.aceguarulhos.com.br\\\/blog\\\/author\\\/assessoria-de-imprensa-ace-guarulhos\\\/\"}]}<\/script>\n<!-- \/ Yoast SEO plugin. -->","yoast_head_json":{"title":"MP que reduz tributo para empresa ser\u00e1 ampliada - ACE-Guarulhos","robots":{"index":"index","follow":"follow","max-snippet":"max-snippet:-1","max-image-preview":"max-image-preview:large","max-video-preview":"max-video-preview:-1"},"canonical":"https:\/\/www.aceguarulhos.com.br\/blog\/mp-que-reduz-tributo-para-empresa-ser\u00e1-ampliada\/","og_locale":"pt_BR","og_type":"article","og_title":"MP que reduz tributo para empresa ser\u00e1 ampliada - ACE-Guarulhos","og_description":"Seul &#8211; O ministro da Fazenda, Antonio Palocci, informou hoje que o governo dever\u00e1 ampliar os benef\u00edcios previstos na chamada &#8220;MP do Bem&#8221;","og_url":"https:\/\/www.aceguarulhos.com.br\/blog\/mp-que-reduz-tributo-para-empresa-ser\u00e1-ampliada\/","og_site_name":"ACE-Guarulhos","article_publisher":"https:\/\/www.facebook.com\/aceguarulhos\/","article_published_time":"2005-05-25T10:44:30+00:00","author":"Assessoria de Imprensa ACE-Guarulhos","twitter_card":"summary_large_image","twitter_misc":{"Escrito por":"Assessoria de Imprensa ACE-Guarulhos","Est. tempo de leitura":"2 minutos"},"schema":{"@context":"https:\/\/schema.org","@graph":[{"@type":"Article","@id":"https:\/\/www.aceguarulhos.com.br\/blog\/mp-que-reduz-tributo-para-empresa-ser%c3%a1-ampliada\/#article","isPartOf":{"@id":"https:\/\/www.aceguarulhos.com.br\/blog\/mp-que-reduz-tributo-para-empresa-ser%c3%a1-ampliada\/"},"author":{"name":"Assessoria de Imprensa ACE-Guarulhos","@id":"https:\/\/www.aceguarulhos.com.br\/blog\/#\/schema\/person\/6983b51bad37489989e4f09698c26237"},"headline":"MP que reduz tributo para empresa ser\u00e1 ampliada","datePublished":"2005-05-25T10:44:30+00:00","mainEntityOfPage":{"@id":"https:\/\/www.aceguarulhos.com.br\/blog\/mp-que-reduz-tributo-para-empresa-ser%c3%a1-ampliada\/"},"wordCount":383,"commentCount":0,"publisher":{"@id":"https:\/\/www.aceguarulhos.com.br\/blog\/#organization"},"articleSection":["Not\u00edcias"],"inLanguage":"pt-BR"},{"@type":"WebPage","@id":"https:\/\/www.aceguarulhos.com.br\/blog\/mp-que-reduz-tributo-para-empresa-ser%c3%a1-ampliada\/","url":"https:\/\/www.aceguarulhos.com.br\/blog\/mp-que-reduz-tributo-para-empresa-ser%c3%a1-ampliada\/","name":"MP que reduz tributo para empresa ser\u00e1 ampliada - ACE-Guarulhos","isPartOf":{"@id":"https:\/\/www.aceguarulhos.com.br\/blog\/#website"},"datePublished":"2005-05-25T10:44:30+00:00","breadcrumb":{"@id":"https:\/\/www.aceguarulhos.com.br\/blog\/mp-que-reduz-tributo-para-empresa-ser%c3%a1-ampliada\/#breadcrumb"},"inLanguage":"pt-BR","potentialAction":[{"@type":"ReadAction","target":["https:\/\/www.aceguarulhos.com.br\/blog\/mp-que-reduz-tributo-para-empresa-ser%c3%a1-ampliada\/"]}]},{"@type":"BreadcrumbList","@id":"https:\/\/www.aceguarulhos.com.br\/blog\/mp-que-reduz-tributo-para-empresa-ser%c3%a1-ampliada\/#breadcrumb","itemListElement":[{"@type":"ListItem","position":1,"name":"In\u00edcio","item":"https:\/\/www.aceguarulhos.com.br\/blog\/"},{"@type":"ListItem","position":2,"name":"MP que reduz tributo para empresa ser\u00e1 ampliada"}]},{"@type":"WebSite","@id":"https:\/\/www.aceguarulhos.com.br\/blog\/#website","url":"https:\/\/www.aceguarulhos.com.br\/blog\/","name":"ACE-Guarulhos","description":"A ACE-Guarulhos \u00e9 uma associa\u00e7\u00e3o que ap\u00f3ia os empres\u00e1rios guarulhenses atrav\u00e9s da representa\u00e7\u00e3o, da gera\u00e7\u00e3o de neg\u00f3cios e presta\u00e7\u00e3o de servi\u00e7os.","publisher":{"@id":"https:\/\/www.aceguarulhos.com.br\/blog\/#organization"},"potentialAction":[{"@type":"SearchAction","target":{"@type":"EntryPoint","urlTemplate":"https:\/\/www.aceguarulhos.com.br\/blog\/?s={search_term_string}"},"query-input":{"@type":"PropertyValueSpecification","valueRequired":true,"valueName":"search_term_string"}}],"inLanguage":"pt-BR"},{"@type":"Organization","@id":"https:\/\/www.aceguarulhos.com.br\/blog\/#organization","name":"ACE-Guarulhos","url":"https:\/\/www.aceguarulhos.com.br\/blog\/","logo":{"@type":"ImageObject","inLanguage":"pt-BR","@id":"https:\/\/www.aceguarulhos.com.br\/blog\/#\/schema\/logo\/image\/","url":"https:\/\/www.aceguarulhos.com.br\/blog\/wp-content\/uploads\/2017\/12\/logo-aceguarulhos-2018.png","contentUrl":"https:\/\/www.aceguarulhos.com.br\/blog\/wp-content\/uploads\/2017\/12\/logo-aceguarulhos-2018.png","width":419,"height":76,"caption":"ACE-Guarulhos"},"image":{"@id":"https:\/\/www.aceguarulhos.com.br\/blog\/#\/schema\/logo\/image\/"},"sameAs":["https:\/\/www.facebook.com\/aceguarulhos\/","https:\/\/br.linkedin.com\/in\/ace-guarulhos-b9a97093","https:\/\/www.youtube.com\/user\/aceguarulhos"]},{"@type":"Person","@id":"https:\/\/www.aceguarulhos.com.br\/blog\/#\/schema\/person\/6983b51bad37489989e4f09698c26237","name":"Assessoria de Imprensa ACE-Guarulhos","image":{"@type":"ImageObject","inLanguage":"pt-BR","@id":"https:\/\/secure.gravatar.com\/avatar\/707f3fadd6918afeb64173ab22d8a8cb0676953098a4f31ff36dc2b4c699ef6a?s=96&d=mm&r=g","url":"https:\/\/secure.gravatar.com\/avatar\/707f3fadd6918afeb64173ab22d8a8cb0676953098a4f31ff36dc2b4c699ef6a?s=96&d=mm&r=g","contentUrl":"https:\/\/secure.gravatar.com\/avatar\/707f3fadd6918afeb64173ab22d8a8cb0676953098a4f31ff36dc2b4c699ef6a?s=96&d=mm&r=g","caption":"Assessoria de Imprensa ACE-Guarulhos"},"url":"https:\/\/www.aceguarulhos.com.br\/blog\/author\/assessoria-de-imprensa-ace-guarulhos\/"}]}},"wps_subtitle":"","amp_enabled":true,"_links":{"self":[{"href":"https:\/\/www.aceguarulhos.com.br\/blog\/wp-json\/wp\/v2\/posts\/29409","targetHints":{"allow":["GET"]}}],"collection":[{"href":"https:\/\/www.aceguarulhos.com.br\/blog\/wp-json\/wp\/v2\/posts"}],"about":[{"href":"https:\/\/www.aceguarulhos.com.br\/blog\/wp-json\/wp\/v2\/types\/post"}],"author":[{"embeddable":true,"href":"https:\/\/www.aceguarulhos.com.br\/blog\/wp-json\/wp\/v2\/users\/8"}],"replies":[{"embeddable":true,"href":"https:\/\/www.aceguarulhos.com.br\/blog\/wp-json\/wp\/v2\/comments?post=29409"}],"version-history":[{"count":0,"href":"https:\/\/www.aceguarulhos.com.br\/blog\/wp-json\/wp\/v2\/posts\/29409\/revisions"}],"wp:attachment":[{"href":"https:\/\/www.aceguarulhos.com.br\/blog\/wp-json\/wp\/v2\/media?parent=29409"}],"wp:term":[{"taxonomy":"category","embeddable":true,"href":"https:\/\/www.aceguarulhos.com.br\/blog\/wp-json\/wp\/v2\/categories?post=29409"},{"taxonomy":"post_tag","embeddable":true,"href":"https:\/\/www.aceguarulhos.com.br\/blog\/wp-json\/wp\/v2\/tags?post=29409"}],"curies":[{"name":"wp","href":"https:\/\/api.w.org\/{rel}","templated":true}]}}