{"id":29363,"date":"2005-05-11T09:42:36","date_gmt":"2005-05-11T09:42:36","guid":{"rendered":"http:\/\/www.aceguarulhos.com.br\/blog\/?p=29363"},"modified":"-0001-11-30T00:00:00","modified_gmt":"-0001-11-30T03:00:00","slug":"seguro-desemprego-%c3%a9-reajustado","status":"publish","type":"post","link":"https:\/\/www.aceguarulhos.com.br\/blog\/seguro-desemprego-%c3%a9-reajustado\/","title":{"rendered":"Seguro desemprego \u00e9 reajustado"},"content":{"rendered":"<p><P><STRONG>S\u00c3O PAULO &#8211;<\/STRONG> O sal\u00e1rio m\u00ednimo do brasileiro foi ajustado em cerca de 15% neste ano, e desde o \u00faltimo dia 1\u00ba de maio passou a valer R$ 300. Al\u00e9m do impacto no c\u00e1lculo de aposentadorias, pens\u00f5es e outros benef\u00edcios previdenci\u00e1rios, o seguro desemprego pago aos trabalhadores demitidos sem justa causa tamb\u00e9m teve seu teto reajustado em linha com o m\u00ednimo.<\/P><P>Em vigor desde 1\u00ba de maio, a nova tabela do seguro desemprego assegura ao trabalhador contratado sob o regime da Consolida\u00e7\u00e3o das Leis do Trabalho (CLT) um benef\u00edcio m\u00e1ximo de R$ 561,30 cada parcela. At\u00e9 ent\u00e3o, o teto era de R$ 486,46. <\/P><P>Vale lembrar que o seguro desemprego possui um valor m\u00e1ximo, mas tamb\u00e9m n\u00e3o pode se inferior ao sal\u00e1rio m\u00ednimo estabelecimento, ou seja, R$ 300.<\/P><P><STRONG>Outro ponto a destacar:<\/STRONG> os trabalhadores que j\u00e1 estavam recebendo o benef\u00edcio antes do reajuste receber\u00e3o as pr\u00f3ximas parcelas com base no novo valor. O mesmo vale para os trabalhadores que adquiriram o direito ao benef\u00edcio antes do m\u00eas de maio, mas que ainda n\u00e3o deram entrada no pedido.<\/P><P><STRONG>Quem tem direito?<\/STRONG> <BR>O seguro \u00e9 pago aos trabalhadores demitidos sem justa causa que mantiveram, na data de demiss\u00e3o, pelo menos seis meses de v\u00ednculo empregat\u00edcio com a empresa. Al\u00e9m disso, o benefici\u00e1rio deve ter trabalhado pelo menos seis meses nos \u00faltimos 36 meses.<\/P><P><STRONG>Mais um requisito:<\/STRONG> o trabalhador desempregado n\u00e3o pode estar recebendo nenhum benef\u00edcio da Previd\u00eancia Social de presta\u00e7\u00e3o continuada, exceto aux\u00edlio-acidente ou pens\u00e3o por morte.<\/P><P>O benef\u00edcio tem car\u00e1ter assistencial e ajuda no complemento do or\u00e7amento familiar at\u00e9 que o trabalhador desempregado consiga uma recoloca\u00e7\u00e3o no mercado de trabalho. Isto significa que assim que tiver a sua carteira de trabalho assinada em um novo emprego, o benef\u00edcio cessa automaticamente.<\/P><P><STRONG>Qual o valor pago?<\/STRONG><BR>No que se refere ao valor do benef\u00edcio, \u00e9 preciso antes calcular a m\u00e9dia dos tr\u00eas \u00faltimos sal\u00e1rios. Sobre este valor, aplica-se ent\u00e3o a tabela do seguro desemprego. Para valores at\u00e9 R$ 495,23, basta multiplic\u00e1-los por 0,8 (80%). Este ent\u00e3o ser\u00e1 o valor das parcelas a receber.<\/P><P>J\u00e1 para faixas de sal\u00e1rio m\u00e9dio acima de R$ 495,23 e at\u00e9 R$ 825,46, o c\u00e1lculo \u00e9 o seguinte: a parcela at\u00e9 R$ 495,23 deve ser multiplicada por 0,8 (80%), e o restante por 0,5 (50%). O valor do benef\u00edcio ser\u00e1 equivalente \u00e0 soma das duas parcelas. A t\u00edtulo ilustrativo, uma pessoa cujo sal\u00e1rio \u00e9 de R$ 600 receber\u00e1 R$ 448,56 (80% de R$ 495,23 e 50% de R$ 104,77, que \u00e9 a parcela que completa os R$ 600).<\/P><P>A \u00faltima faixa da tabela determina que para os sal\u00e1rios m\u00e9dios acima de R$ 825,46, o valor da parcela ser\u00e1 invariavelmente de R$ 561,30. \u00c9 importante lembrar que independente do c\u00e1lculo, o valor a ser pago em cada parcela ser\u00e1 sempre o equivalente ao sal\u00e1rio m\u00ednimo em vigor.<\/P><P><STRONG>Quantas parcelas?<BR><\/STRONG>O n\u00famero de parcelas vai depender do tempo de trabalho na empresa, sendo que assist\u00eancia \u00e9 de, no m\u00e1ximo, cinco parcelas. <\/P><P>Assim, o v\u00ednculo empregat\u00edcio entre seis meses e 18 meses garante o recebimento de tr\u00eas parcelas; entre 12 meses e 23 meses, ser\u00e3o pagas quatro presta\u00e7\u00f5es; e, a partir de 24 meses de v\u00ednculo empregat\u00edcios comprovado, o trabalhador ter\u00e1 direito a cinco parcelas.<\/P><P><STRONG>Paloma Brito<\/STRONG><\/P><\/p>\n","protected":false},"excerpt":{"rendered":"S\u00c3O PAULO &#8211; O sal\u00e1rio m\u00ednimo do brasileiro foi ajustado em cerca de 15% neste ano, e desde o \u00faltimo dia 1\u00ba de \n<a class=\"moretag\" href=\"https:\/\/www.aceguarulhos.com.br\/blog\/seguro-desemprego-%c3%a9-reajustado\/\"> [...]<\/a>","protected":false},"author":8,"featured_media":0,"comment_status":"open","ping_status":"open","sticky":false,"template":"","format":"standard","meta":{"footnotes":""},"categories":[2],"tags":[],"class_list":["post-29363","post","type-post","status-publish","format-standard","hentry","category-noticias"],"yoast_head":"<!-- This site is optimized with the Yoast SEO plugin v28.1 - https:\/\/yoast.com\/product\/yoast-seo-wordpress\/ -->\n<title>Seguro desemprego \u00e9 reajustado - ACE-Guarulhos<\/title>\n<meta name=\"robots\" content=\"index, follow, max-snippet:-1, max-image-preview:large, max-video-preview:-1\" \/>\n<link rel=\"canonical\" href=\"https:\/\/www.aceguarulhos.com.br\/blog\/seguro-desemprego-\u00e9-reajustado\/\" \/>\n<meta property=\"og:locale\" content=\"pt_BR\" \/>\n<meta property=\"og:type\" content=\"article\" \/>\n<meta property=\"og:title\" content=\"Seguro desemprego \u00e9 reajustado - ACE-Guarulhos\" \/>\n<meta property=\"og:description\" content=\"S\u00c3O PAULO &#8211; O sal\u00e1rio m\u00ednimo do brasileiro foi ajustado em cerca de 15% neste ano, e desde o \u00faltimo dia 1\u00ba de\" \/>\n<meta property=\"og:url\" content=\"https:\/\/www.aceguarulhos.com.br\/blog\/seguro-desemprego-\u00e9-reajustado\/\" \/>\n<meta property=\"og:site_name\" content=\"ACE-Guarulhos\" \/>\n<meta property=\"article:publisher\" content=\"https:\/\/www.facebook.com\/aceguarulhos\/\" \/>\n<meta property=\"article:published_time\" content=\"2005-05-11T09:42:36+00:00\" \/>\n<meta name=\"author\" content=\"Assessoria de Imprensa ACE-Guarulhos\" \/>\n<meta name=\"twitter:card\" content=\"summary_large_image\" \/>\n<meta name=\"twitter:label1\" content=\"Escrito por\" \/>\n\t<meta name=\"twitter:data1\" content=\"Assessoria de Imprensa ACE-Guarulhos\" \/>\n\t<meta name=\"twitter:label2\" content=\"Est. tempo de leitura\" \/>\n\t<meta name=\"twitter:data2\" content=\"3 minutos\" \/>\n<script type=\"application\/ld+json\" class=\"yoast-schema-graph\">{\"@context\":\"https:\\\/\\\/schema.org\",\"@graph\":[{\"@type\":\"Article\",\"@id\":\"https:\\\/\\\/www.aceguarulhos.com.br\\\/blog\\\/seguro-desemprego-%c3%a9-reajustado\\\/#article\",\"isPartOf\":{\"@id\":\"https:\\\/\\\/www.aceguarulhos.com.br\\\/blog\\\/seguro-desemprego-%c3%a9-reajustado\\\/\"},\"author\":{\"name\":\"Assessoria de Imprensa ACE-Guarulhos\",\"@id\":\"https:\\\/\\\/www.aceguarulhos.com.br\\\/blog\\\/#\\\/schema\\\/person\\\/6983b51bad37489989e4f09698c26237\"},\"headline\":\"Seguro desemprego \u00e9 reajustado\",\"datePublished\":\"2005-05-11T09:42:36+00:00\",\"mainEntityOfPage\":{\"@id\":\"https:\\\/\\\/www.aceguarulhos.com.br\\\/blog\\\/seguro-desemprego-%c3%a9-reajustado\\\/\"},\"wordCount\":567,\"commentCount\":0,\"publisher\":{\"@id\":\"https:\\\/\\\/www.aceguarulhos.com.br\\\/blog\\\/#organization\"},\"articleSection\":[\"Not\u00edcias\"],\"inLanguage\":\"pt-BR\"},{\"@type\":\"WebPage\",\"@id\":\"https:\\\/\\\/www.aceguarulhos.com.br\\\/blog\\\/seguro-desemprego-%c3%a9-reajustado\\\/\",\"url\":\"https:\\\/\\\/www.aceguarulhos.com.br\\\/blog\\\/seguro-desemprego-%c3%a9-reajustado\\\/\",\"name\":\"Seguro desemprego \u00e9 reajustado - ACE-Guarulhos\",\"isPartOf\":{\"@id\":\"https:\\\/\\\/www.aceguarulhos.com.br\\\/blog\\\/#website\"},\"datePublished\":\"2005-05-11T09:42:36+00:00\",\"breadcrumb\":{\"@id\":\"https:\\\/\\\/www.aceguarulhos.com.br\\\/blog\\\/seguro-desemprego-%c3%a9-reajustado\\\/#breadcrumb\"},\"inLanguage\":\"pt-BR\",\"potentialAction\":[{\"@type\":\"ReadAction\",\"target\":[\"https:\\\/\\\/www.aceguarulhos.com.br\\\/blog\\\/seguro-desemprego-%c3%a9-reajustado\\\/\"]}]},{\"@type\":\"BreadcrumbList\",\"@id\":\"https:\\\/\\\/www.aceguarulhos.com.br\\\/blog\\\/seguro-desemprego-%c3%a9-reajustado\\\/#breadcrumb\",\"itemListElement\":[{\"@type\":\"ListItem\",\"position\":1,\"name\":\"In\u00edcio\",\"item\":\"https:\\\/\\\/www.aceguarulhos.com.br\\\/blog\\\/\"},{\"@type\":\"ListItem\",\"position\":2,\"name\":\"Seguro desemprego \u00e9 reajustado\"}]},{\"@type\":\"WebSite\",\"@id\":\"https:\\\/\\\/www.aceguarulhos.com.br\\\/blog\\\/#website\",\"url\":\"https:\\\/\\\/www.aceguarulhos.com.br\\\/blog\\\/\",\"name\":\"ACE-Guarulhos\",\"description\":\"A ACE-Guarulhos \u00e9 uma associa\u00e7\u00e3o que ap\u00f3ia os empres\u00e1rios guarulhenses atrav\u00e9s da representa\u00e7\u00e3o, da gera\u00e7\u00e3o de neg\u00f3cios e presta\u00e7\u00e3o de servi\u00e7os.\",\"publisher\":{\"@id\":\"https:\\\/\\\/www.aceguarulhos.com.br\\\/blog\\\/#organization\"},\"potentialAction\":[{\"@type\":\"SearchAction\",\"target\":{\"@type\":\"EntryPoint\",\"urlTemplate\":\"https:\\\/\\\/www.aceguarulhos.com.br\\\/blog\\\/?s={search_term_string}\"},\"query-input\":{\"@type\":\"PropertyValueSpecification\",\"valueRequired\":true,\"valueName\":\"search_term_string\"}}],\"inLanguage\":\"pt-BR\"},{\"@type\":\"Organization\",\"@id\":\"https:\\\/\\\/www.aceguarulhos.com.br\\\/blog\\\/#organization\",\"name\":\"ACE-Guarulhos\",\"url\":\"https:\\\/\\\/www.aceguarulhos.com.br\\\/blog\\\/\",\"logo\":{\"@type\":\"ImageObject\",\"inLanguage\":\"pt-BR\",\"@id\":\"https:\\\/\\\/www.aceguarulhos.com.br\\\/blog\\\/#\\\/schema\\\/logo\\\/image\\\/\",\"url\":\"https:\\\/\\\/www.aceguarulhos.com.br\\\/blog\\\/wp-content\\\/uploads\\\/2017\\\/12\\\/logo-aceguarulhos-2018.png\",\"contentUrl\":\"https:\\\/\\\/www.aceguarulhos.com.br\\\/blog\\\/wp-content\\\/uploads\\\/2017\\\/12\\\/logo-aceguarulhos-2018.png\",\"width\":419,\"height\":76,\"caption\":\"ACE-Guarulhos\"},\"image\":{\"@id\":\"https:\\\/\\\/www.aceguarulhos.com.br\\\/blog\\\/#\\\/schema\\\/logo\\\/image\\\/\"},\"sameAs\":[\"https:\\\/\\\/www.facebook.com\\\/aceguarulhos\\\/\",\"https:\\\/\\\/br.linkedin.com\\\/in\\\/ace-guarulhos-b9a97093\",\"https:\\\/\\\/www.youtube.com\\\/user\\\/aceguarulhos\"]},{\"@type\":\"Person\",\"@id\":\"https:\\\/\\\/www.aceguarulhos.com.br\\\/blog\\\/#\\\/schema\\\/person\\\/6983b51bad37489989e4f09698c26237\",\"name\":\"Assessoria de Imprensa ACE-Guarulhos\",\"image\":{\"@type\":\"ImageObject\",\"inLanguage\":\"pt-BR\",\"@id\":\"https:\\\/\\\/secure.gravatar.com\\\/avatar\\\/707f3fadd6918afeb64173ab22d8a8cb0676953098a4f31ff36dc2b4c699ef6a?s=96&d=mm&r=g\",\"url\":\"https:\\\/\\\/secure.gravatar.com\\\/avatar\\\/707f3fadd6918afeb64173ab22d8a8cb0676953098a4f31ff36dc2b4c699ef6a?s=96&d=mm&r=g\",\"contentUrl\":\"https:\\\/\\\/secure.gravatar.com\\\/avatar\\\/707f3fadd6918afeb64173ab22d8a8cb0676953098a4f31ff36dc2b4c699ef6a?s=96&d=mm&r=g\",\"caption\":\"Assessoria de Imprensa ACE-Guarulhos\"},\"url\":\"https:\\\/\\\/www.aceguarulhos.com.br\\\/blog\\\/author\\\/assessoria-de-imprensa-ace-guarulhos\\\/\"}]}<\/script>\n<!-- \/ Yoast SEO plugin. -->","yoast_head_json":{"title":"Seguro desemprego \u00e9 reajustado - ACE-Guarulhos","robots":{"index":"index","follow":"follow","max-snippet":"max-snippet:-1","max-image-preview":"max-image-preview:large","max-video-preview":"max-video-preview:-1"},"canonical":"https:\/\/www.aceguarulhos.com.br\/blog\/seguro-desemprego-\u00e9-reajustado\/","og_locale":"pt_BR","og_type":"article","og_title":"Seguro desemprego \u00e9 reajustado - ACE-Guarulhos","og_description":"S\u00c3O PAULO &#8211; O sal\u00e1rio m\u00ednimo do brasileiro foi ajustado em cerca de 15% neste ano, e desde o \u00faltimo dia 1\u00ba de","og_url":"https:\/\/www.aceguarulhos.com.br\/blog\/seguro-desemprego-\u00e9-reajustado\/","og_site_name":"ACE-Guarulhos","article_publisher":"https:\/\/www.facebook.com\/aceguarulhos\/","article_published_time":"2005-05-11T09:42:36+00:00","author":"Assessoria de Imprensa ACE-Guarulhos","twitter_card":"summary_large_image","twitter_misc":{"Escrito por":"Assessoria de Imprensa ACE-Guarulhos","Est. tempo de leitura":"3 minutos"},"schema":{"@context":"https:\/\/schema.org","@graph":[{"@type":"Article","@id":"https:\/\/www.aceguarulhos.com.br\/blog\/seguro-desemprego-%c3%a9-reajustado\/#article","isPartOf":{"@id":"https:\/\/www.aceguarulhos.com.br\/blog\/seguro-desemprego-%c3%a9-reajustado\/"},"author":{"name":"Assessoria de Imprensa ACE-Guarulhos","@id":"https:\/\/www.aceguarulhos.com.br\/blog\/#\/schema\/person\/6983b51bad37489989e4f09698c26237"},"headline":"Seguro desemprego \u00e9 reajustado","datePublished":"2005-05-11T09:42:36+00:00","mainEntityOfPage":{"@id":"https:\/\/www.aceguarulhos.com.br\/blog\/seguro-desemprego-%c3%a9-reajustado\/"},"wordCount":567,"commentCount":0,"publisher":{"@id":"https:\/\/www.aceguarulhos.com.br\/blog\/#organization"},"articleSection":["Not\u00edcias"],"inLanguage":"pt-BR"},{"@type":"WebPage","@id":"https:\/\/www.aceguarulhos.com.br\/blog\/seguro-desemprego-%c3%a9-reajustado\/","url":"https:\/\/www.aceguarulhos.com.br\/blog\/seguro-desemprego-%c3%a9-reajustado\/","name":"Seguro desemprego \u00e9 reajustado - ACE-Guarulhos","isPartOf":{"@id":"https:\/\/www.aceguarulhos.com.br\/blog\/#website"},"datePublished":"2005-05-11T09:42:36+00:00","breadcrumb":{"@id":"https:\/\/www.aceguarulhos.com.br\/blog\/seguro-desemprego-%c3%a9-reajustado\/#breadcrumb"},"inLanguage":"pt-BR","potentialAction":[{"@type":"ReadAction","target":["https:\/\/www.aceguarulhos.com.br\/blog\/seguro-desemprego-%c3%a9-reajustado\/"]}]},{"@type":"BreadcrumbList","@id":"https:\/\/www.aceguarulhos.com.br\/blog\/seguro-desemprego-%c3%a9-reajustado\/#breadcrumb","itemListElement":[{"@type":"ListItem","position":1,"name":"In\u00edcio","item":"https:\/\/www.aceguarulhos.com.br\/blog\/"},{"@type":"ListItem","position":2,"name":"Seguro desemprego \u00e9 reajustado"}]},{"@type":"WebSite","@id":"https:\/\/www.aceguarulhos.com.br\/blog\/#website","url":"https:\/\/www.aceguarulhos.com.br\/blog\/","name":"ACE-Guarulhos","description":"A ACE-Guarulhos \u00e9 uma associa\u00e7\u00e3o que ap\u00f3ia os empres\u00e1rios guarulhenses atrav\u00e9s da representa\u00e7\u00e3o, da gera\u00e7\u00e3o de neg\u00f3cios e presta\u00e7\u00e3o de servi\u00e7os.","publisher":{"@id":"https:\/\/www.aceguarulhos.com.br\/blog\/#organization"},"potentialAction":[{"@type":"SearchAction","target":{"@type":"EntryPoint","urlTemplate":"https:\/\/www.aceguarulhos.com.br\/blog\/?s={search_term_string}"},"query-input":{"@type":"PropertyValueSpecification","valueRequired":true,"valueName":"search_term_string"}}],"inLanguage":"pt-BR"},{"@type":"Organization","@id":"https:\/\/www.aceguarulhos.com.br\/blog\/#organization","name":"ACE-Guarulhos","url":"https:\/\/www.aceguarulhos.com.br\/blog\/","logo":{"@type":"ImageObject","inLanguage":"pt-BR","@id":"https:\/\/www.aceguarulhos.com.br\/blog\/#\/schema\/logo\/image\/","url":"https:\/\/www.aceguarulhos.com.br\/blog\/wp-content\/uploads\/2017\/12\/logo-aceguarulhos-2018.png","contentUrl":"https:\/\/www.aceguarulhos.com.br\/blog\/wp-content\/uploads\/2017\/12\/logo-aceguarulhos-2018.png","width":419,"height":76,"caption":"ACE-Guarulhos"},"image":{"@id":"https:\/\/www.aceguarulhos.com.br\/blog\/#\/schema\/logo\/image\/"},"sameAs":["https:\/\/www.facebook.com\/aceguarulhos\/","https:\/\/br.linkedin.com\/in\/ace-guarulhos-b9a97093","https:\/\/www.youtube.com\/user\/aceguarulhos"]},{"@type":"Person","@id":"https:\/\/www.aceguarulhos.com.br\/blog\/#\/schema\/person\/6983b51bad37489989e4f09698c26237","name":"Assessoria de Imprensa ACE-Guarulhos","image":{"@type":"ImageObject","inLanguage":"pt-BR","@id":"https:\/\/secure.gravatar.com\/avatar\/707f3fadd6918afeb64173ab22d8a8cb0676953098a4f31ff36dc2b4c699ef6a?s=96&d=mm&r=g","url":"https:\/\/secure.gravatar.com\/avatar\/707f3fadd6918afeb64173ab22d8a8cb0676953098a4f31ff36dc2b4c699ef6a?s=96&d=mm&r=g","contentUrl":"https:\/\/secure.gravatar.com\/avatar\/707f3fadd6918afeb64173ab22d8a8cb0676953098a4f31ff36dc2b4c699ef6a?s=96&d=mm&r=g","caption":"Assessoria de Imprensa ACE-Guarulhos"},"url":"https:\/\/www.aceguarulhos.com.br\/blog\/author\/assessoria-de-imprensa-ace-guarulhos\/"}]}},"wps_subtitle":"","amp_enabled":true,"_links":{"self":[{"href":"https:\/\/www.aceguarulhos.com.br\/blog\/wp-json\/wp\/v2\/posts\/29363","targetHints":{"allow":["GET"]}}],"collection":[{"href":"https:\/\/www.aceguarulhos.com.br\/blog\/wp-json\/wp\/v2\/posts"}],"about":[{"href":"https:\/\/www.aceguarulhos.com.br\/blog\/wp-json\/wp\/v2\/types\/post"}],"author":[{"embeddable":true,"href":"https:\/\/www.aceguarulhos.com.br\/blog\/wp-json\/wp\/v2\/users\/8"}],"replies":[{"embeddable":true,"href":"https:\/\/www.aceguarulhos.com.br\/blog\/wp-json\/wp\/v2\/comments?post=29363"}],"version-history":[{"count":0,"href":"https:\/\/www.aceguarulhos.com.br\/blog\/wp-json\/wp\/v2\/posts\/29363\/revisions"}],"wp:attachment":[{"href":"https:\/\/www.aceguarulhos.com.br\/blog\/wp-json\/wp\/v2\/media?parent=29363"}],"wp:term":[{"taxonomy":"category","embeddable":true,"href":"https:\/\/www.aceguarulhos.com.br\/blog\/wp-json\/wp\/v2\/categories?post=29363"},{"taxonomy":"post_tag","embeddable":true,"href":"https:\/\/www.aceguarulhos.com.br\/blog\/wp-json\/wp\/v2\/tags?post=29363"}],"curies":[{"name":"wp","href":"https:\/\/api.w.org\/{rel}","templated":true}]}}