{"id":29352,"date":"2005-05-09T15:27:22","date_gmt":"2005-05-09T15:27:22","guid":{"rendered":"http:\/\/www.aceguarulhos.com.br\/blog\/?p=29352"},"modified":"-0001-11-30T00:00:00","modified_gmt":"-0001-11-30T03:00:00","slug":"governo-lan%c3%a7ar%c3%a1-o-programa-pc-conectado","status":"publish","type":"post","link":"https:\/\/www.aceguarulhos.com.br\/blog\/governo-lan%c3%a7ar%c3%a1-o-programa-pc-conectado\/","title":{"rendered":"Governo lan\u00e7ar\u00e1 o programa PC Conectado"},"content":{"rendered":"<p><P>O governo federal decide at\u00e9 amanh\u00e3, 10 de maio, qual a plataforma de software vai utilizar no lan\u00e7amento do programa PC Conectado &#8211; projeto que visa garantir a inclus\u00e3o digital das camadas mais pobres da sociedade brasileira. A indecis\u00e3o causou atraso no lan\u00e7amento do programa, mas provocou o mercado. Antes mesmo do in\u00edcio do PC Conectado, empres\u00e1rios do setor j\u00e1 oferecem aos consumidores promo\u00e7\u00f5es de computadores, impressoras e estabilizadores a pre\u00e7o populares. As empresas oferecem equipamentos em valores de at\u00e9 R$1.465,10, em 49 parcelas de 29,90 reais. J\u00e1 o &#8220;computador popular&#8221; do governo custar\u00e1 cerca de R$1,3 mil, divididos em 24 presta\u00e7\u00f5es.<\/P><P><STRONG>A data para o an\u00fancio j\u00e1 foi definida<\/STRONG>: quarta-feira,\u00a011 de maio, em solenidade no Pal\u00e1cio do Planalto com representantes da ind\u00fastria de softwares, do sistema financeiro e dos minist\u00e9rios da Fazenda; Desenvolvimento, Ind\u00fastria e Com\u00e9rcio Exterior; e Ci\u00eancia e Tecnologia. A expectativa \u00e9 de que na primeira quinzena de junho os consumidores j\u00e1 encontrem produtos mais baratos nas prateleiras.<\/P><P>Al\u00e9m de oferecer computadores a pre\u00e7os mais acess\u00edveis, o governo vai disponibilizar cr\u00e9dito para os interessados na compra dos &#8220;PCs conectados&#8221;. Segundo informa\u00e7\u00f5es do minist\u00e9rio da Fazenda, ser\u00e3o R$300 milh\u00f5es do Fundo de Amparo ao Trabalhador (FAT), para o cr\u00e9dito ao consumidor. A ren\u00fancia fiscal do governo &#8211; PIS\/Cofins e IPI &#8211; representar\u00e1 at\u00e9 10% de abatimento no pre\u00e7o final do equipamento.<\/P><P>Ainda h\u00e1 no governo d\u00favidas se o projeto ser\u00e1 editado por meio de uma medida provis\u00f3ria ou projeto de lei, como chegou a anunciar o presidente Lula. At\u00e9 a \u00faltima sexta-feira, a mesa-diretora da C\u00e2mara n\u00e3o havia recebido qualquer projeto enviado pelo Executivo, o que faz aumentar as chances de o projeto ser posto em marcha por MP, garantindo assim que o Programa PC Conectado vigore a partir do dia da publica\u00e7\u00e3o da medida.<\/P><P>O governo ainda vai realizar uma reuni\u00e3o com os bancos para definir a taxa de juros do financiamento do PC Conectado. A id\u00e9ia \u00e9 que os juros fiquem no m\u00e1ximo em 2% ao m\u00eas. Em uma simula\u00e7\u00e3o com essa taxa, em um valor entre R$1.300 e R$1.450, o computador seria comprado com uma presta\u00e7\u00e3o entre R$60 e R$65, em 24 vezes. O acesso \u00e0 Internet custaria outros R$7,50 por m\u00eas nos c\u00e1lculos do governo.<\/P><P>A proposta \u00e9 que nos primeiros 12 meses seja oferecido um milh\u00e3o de computadores, dobrando o volume do mercado formal do Pa\u00eds. Em tr\u00eas anos, estima o governo, 7 milh\u00f5es de domic\u00edlios e 1,8 milh\u00e3o de micro e pequenas empresas ter\u00e3o computadores com acesso \u00e0 Internet. Atualmente, o Brasil conta com cerca de 24 milh\u00f5es de computadores usados em ambientes corporativos e dom\u00e9sticos. <\/P><P><STRONG>Carolina Jardon<\/STRONG><\/P><\/p>\n","protected":false},"excerpt":{"rendered":"O governo federal decide at\u00e9 amanh\u00e3, 10 de maio, qual a plataforma de software vai utilizar no lan\u00e7amento do programa PC Conectado &#8211; \n<a class=\"moretag\" href=\"https:\/\/www.aceguarulhos.com.br\/blog\/governo-lan%c3%a7ar%c3%a1-o-programa-pc-conectado\/\"> [...]<\/a>","protected":false},"author":8,"featured_media":0,"comment_status":"open","ping_status":"open","sticky":false,"template":"","format":"standard","meta":{"footnotes":""},"categories":[2],"tags":[],"class_list":["post-29352","post","type-post","status-publish","format-standard","hentry","category-noticias"],"yoast_head":"<!-- This site is optimized with the Yoast SEO plugin v28.1 - https:\/\/yoast.com\/product\/yoast-seo-wordpress\/ -->\n<title>Governo lan\u00e7ar\u00e1 o programa PC Conectado - ACE-Guarulhos<\/title>\n<meta name=\"robots\" content=\"index, follow, max-snippet:-1, max-image-preview:large, max-video-preview:-1\" \/>\n<link rel=\"canonical\" href=\"https:\/\/www.aceguarulhos.com.br\/blog\/governo-lan\u00e7ar\u00e1-o-programa-pc-conectado\/\" \/>\n<meta property=\"og:locale\" content=\"pt_BR\" \/>\n<meta property=\"og:type\" content=\"article\" \/>\n<meta property=\"og:title\" content=\"Governo lan\u00e7ar\u00e1 o programa PC Conectado - ACE-Guarulhos\" \/>\n<meta property=\"og:description\" content=\"O governo federal decide at\u00e9 amanh\u00e3, 10 de maio, qual a plataforma de software vai utilizar no lan\u00e7amento do programa PC Conectado &#8211;\" \/>\n<meta property=\"og:url\" content=\"https:\/\/www.aceguarulhos.com.br\/blog\/governo-lan\u00e7ar\u00e1-o-programa-pc-conectado\/\" \/>\n<meta property=\"og:site_name\" content=\"ACE-Guarulhos\" \/>\n<meta property=\"article:publisher\" content=\"https:\/\/www.facebook.com\/aceguarulhos\/\" \/>\n<meta property=\"article:published_time\" content=\"2005-05-09T15:27:22+00:00\" \/>\n<meta name=\"author\" content=\"Assessoria de Imprensa ACE-Guarulhos\" \/>\n<meta name=\"twitter:card\" content=\"summary_large_image\" \/>\n<meta name=\"twitter:label1\" content=\"Escrito por\" \/>\n\t<meta name=\"twitter:data1\" content=\"Assessoria de Imprensa ACE-Guarulhos\" \/>\n\t<meta name=\"twitter:label2\" content=\"Est. tempo de leitura\" \/>\n\t<meta name=\"twitter:data2\" content=\"2 minutos\" \/>\n<script type=\"application\/ld+json\" class=\"yoast-schema-graph\">{\"@context\":\"https:\\\/\\\/schema.org\",\"@graph\":[{\"@type\":\"Article\",\"@id\":\"https:\\\/\\\/www.aceguarulhos.com.br\\\/blog\\\/governo-lan%c3%a7ar%c3%a1-o-programa-pc-conectado\\\/#article\",\"isPartOf\":{\"@id\":\"https:\\\/\\\/www.aceguarulhos.com.br\\\/blog\\\/governo-lan%c3%a7ar%c3%a1-o-programa-pc-conectado\\\/\"},\"author\":{\"name\":\"Assessoria de Imprensa ACE-Guarulhos\",\"@id\":\"https:\\\/\\\/www.aceguarulhos.com.br\\\/blog\\\/#\\\/schema\\\/person\\\/6983b51bad37489989e4f09698c26237\"},\"headline\":\"Governo lan\u00e7ar\u00e1 o programa PC Conectado\",\"datePublished\":\"2005-05-09T15:27:22+00:00\",\"mainEntityOfPage\":{\"@id\":\"https:\\\/\\\/www.aceguarulhos.com.br\\\/blog\\\/governo-lan%c3%a7ar%c3%a1-o-programa-pc-conectado\\\/\"},\"wordCount\":477,\"commentCount\":0,\"publisher\":{\"@id\":\"https:\\\/\\\/www.aceguarulhos.com.br\\\/blog\\\/#organization\"},\"articleSection\":[\"Not\u00edcias\"],\"inLanguage\":\"pt-BR\"},{\"@type\":\"WebPage\",\"@id\":\"https:\\\/\\\/www.aceguarulhos.com.br\\\/blog\\\/governo-lan%c3%a7ar%c3%a1-o-programa-pc-conectado\\\/\",\"url\":\"https:\\\/\\\/www.aceguarulhos.com.br\\\/blog\\\/governo-lan%c3%a7ar%c3%a1-o-programa-pc-conectado\\\/\",\"name\":\"Governo lan\u00e7ar\u00e1 o programa PC Conectado - ACE-Guarulhos\",\"isPartOf\":{\"@id\":\"https:\\\/\\\/www.aceguarulhos.com.br\\\/blog\\\/#website\"},\"datePublished\":\"2005-05-09T15:27:22+00:00\",\"breadcrumb\":{\"@id\":\"https:\\\/\\\/www.aceguarulhos.com.br\\\/blog\\\/governo-lan%c3%a7ar%c3%a1-o-programa-pc-conectado\\\/#breadcrumb\"},\"inLanguage\":\"pt-BR\",\"potentialAction\":[{\"@type\":\"ReadAction\",\"target\":[\"https:\\\/\\\/www.aceguarulhos.com.br\\\/blog\\\/governo-lan%c3%a7ar%c3%a1-o-programa-pc-conectado\\\/\"]}]},{\"@type\":\"BreadcrumbList\",\"@id\":\"https:\\\/\\\/www.aceguarulhos.com.br\\\/blog\\\/governo-lan%c3%a7ar%c3%a1-o-programa-pc-conectado\\\/#breadcrumb\",\"itemListElement\":[{\"@type\":\"ListItem\",\"position\":1,\"name\":\"In\u00edcio\",\"item\":\"https:\\\/\\\/www.aceguarulhos.com.br\\\/blog\\\/\"},{\"@type\":\"ListItem\",\"position\":2,\"name\":\"Governo lan\u00e7ar\u00e1 o programa PC Conectado\"}]},{\"@type\":\"WebSite\",\"@id\":\"https:\\\/\\\/www.aceguarulhos.com.br\\\/blog\\\/#website\",\"url\":\"https:\\\/\\\/www.aceguarulhos.com.br\\\/blog\\\/\",\"name\":\"ACE-Guarulhos\",\"description\":\"A ACE-Guarulhos \u00e9 uma associa\u00e7\u00e3o que ap\u00f3ia os empres\u00e1rios guarulhenses atrav\u00e9s da representa\u00e7\u00e3o, da gera\u00e7\u00e3o de neg\u00f3cios e presta\u00e7\u00e3o de servi\u00e7os.\",\"publisher\":{\"@id\":\"https:\\\/\\\/www.aceguarulhos.com.br\\\/blog\\\/#organization\"},\"potentialAction\":[{\"@type\":\"SearchAction\",\"target\":{\"@type\":\"EntryPoint\",\"urlTemplate\":\"https:\\\/\\\/www.aceguarulhos.com.br\\\/blog\\\/?s={search_term_string}\"},\"query-input\":{\"@type\":\"PropertyValueSpecification\",\"valueRequired\":true,\"valueName\":\"search_term_string\"}}],\"inLanguage\":\"pt-BR\"},{\"@type\":\"Organization\",\"@id\":\"https:\\\/\\\/www.aceguarulhos.com.br\\\/blog\\\/#organization\",\"name\":\"ACE-Guarulhos\",\"url\":\"https:\\\/\\\/www.aceguarulhos.com.br\\\/blog\\\/\",\"logo\":{\"@type\":\"ImageObject\",\"inLanguage\":\"pt-BR\",\"@id\":\"https:\\\/\\\/www.aceguarulhos.com.br\\\/blog\\\/#\\\/schema\\\/logo\\\/image\\\/\",\"url\":\"https:\\\/\\\/www.aceguarulhos.com.br\\\/blog\\\/wp-content\\\/uploads\\\/2017\\\/12\\\/logo-aceguarulhos-2018.png\",\"contentUrl\":\"https:\\\/\\\/www.aceguarulhos.com.br\\\/blog\\\/wp-content\\\/uploads\\\/2017\\\/12\\\/logo-aceguarulhos-2018.png\",\"width\":419,\"height\":76,\"caption\":\"ACE-Guarulhos\"},\"image\":{\"@id\":\"https:\\\/\\\/www.aceguarulhos.com.br\\\/blog\\\/#\\\/schema\\\/logo\\\/image\\\/\"},\"sameAs\":[\"https:\\\/\\\/www.facebook.com\\\/aceguarulhos\\\/\",\"https:\\\/\\\/br.linkedin.com\\\/in\\\/ace-guarulhos-b9a97093\",\"https:\\\/\\\/www.youtube.com\\\/user\\\/aceguarulhos\"]},{\"@type\":\"Person\",\"@id\":\"https:\\\/\\\/www.aceguarulhos.com.br\\\/blog\\\/#\\\/schema\\\/person\\\/6983b51bad37489989e4f09698c26237\",\"name\":\"Assessoria de Imprensa ACE-Guarulhos\",\"image\":{\"@type\":\"ImageObject\",\"inLanguage\":\"pt-BR\",\"@id\":\"https:\\\/\\\/secure.gravatar.com\\\/avatar\\\/707f3fadd6918afeb64173ab22d8a8cb0676953098a4f31ff36dc2b4c699ef6a?s=96&d=mm&r=g\",\"url\":\"https:\\\/\\\/secure.gravatar.com\\\/avatar\\\/707f3fadd6918afeb64173ab22d8a8cb0676953098a4f31ff36dc2b4c699ef6a?s=96&d=mm&r=g\",\"contentUrl\":\"https:\\\/\\\/secure.gravatar.com\\\/avatar\\\/707f3fadd6918afeb64173ab22d8a8cb0676953098a4f31ff36dc2b4c699ef6a?s=96&d=mm&r=g\",\"caption\":\"Assessoria de Imprensa ACE-Guarulhos\"},\"url\":\"https:\\\/\\\/www.aceguarulhos.com.br\\\/blog\\\/author\\\/assessoria-de-imprensa-ace-guarulhos\\\/\"}]}<\/script>\n<!-- \/ Yoast SEO plugin. -->","yoast_head_json":{"title":"Governo lan\u00e7ar\u00e1 o programa PC Conectado - ACE-Guarulhos","robots":{"index":"index","follow":"follow","max-snippet":"max-snippet:-1","max-image-preview":"max-image-preview:large","max-video-preview":"max-video-preview:-1"},"canonical":"https:\/\/www.aceguarulhos.com.br\/blog\/governo-lan\u00e7ar\u00e1-o-programa-pc-conectado\/","og_locale":"pt_BR","og_type":"article","og_title":"Governo lan\u00e7ar\u00e1 o programa PC Conectado - ACE-Guarulhos","og_description":"O governo federal decide at\u00e9 amanh\u00e3, 10 de maio, qual a plataforma de software vai utilizar no lan\u00e7amento do programa PC Conectado &#8211;","og_url":"https:\/\/www.aceguarulhos.com.br\/blog\/governo-lan\u00e7ar\u00e1-o-programa-pc-conectado\/","og_site_name":"ACE-Guarulhos","article_publisher":"https:\/\/www.facebook.com\/aceguarulhos\/","article_published_time":"2005-05-09T15:27:22+00:00","author":"Assessoria de Imprensa ACE-Guarulhos","twitter_card":"summary_large_image","twitter_misc":{"Escrito por":"Assessoria de Imprensa ACE-Guarulhos","Est. tempo de leitura":"2 minutos"},"schema":{"@context":"https:\/\/schema.org","@graph":[{"@type":"Article","@id":"https:\/\/www.aceguarulhos.com.br\/blog\/governo-lan%c3%a7ar%c3%a1-o-programa-pc-conectado\/#article","isPartOf":{"@id":"https:\/\/www.aceguarulhos.com.br\/blog\/governo-lan%c3%a7ar%c3%a1-o-programa-pc-conectado\/"},"author":{"name":"Assessoria de Imprensa ACE-Guarulhos","@id":"https:\/\/www.aceguarulhos.com.br\/blog\/#\/schema\/person\/6983b51bad37489989e4f09698c26237"},"headline":"Governo lan\u00e7ar\u00e1 o programa PC Conectado","datePublished":"2005-05-09T15:27:22+00:00","mainEntityOfPage":{"@id":"https:\/\/www.aceguarulhos.com.br\/blog\/governo-lan%c3%a7ar%c3%a1-o-programa-pc-conectado\/"},"wordCount":477,"commentCount":0,"publisher":{"@id":"https:\/\/www.aceguarulhos.com.br\/blog\/#organization"},"articleSection":["Not\u00edcias"],"inLanguage":"pt-BR"},{"@type":"WebPage","@id":"https:\/\/www.aceguarulhos.com.br\/blog\/governo-lan%c3%a7ar%c3%a1-o-programa-pc-conectado\/","url":"https:\/\/www.aceguarulhos.com.br\/blog\/governo-lan%c3%a7ar%c3%a1-o-programa-pc-conectado\/","name":"Governo lan\u00e7ar\u00e1 o programa PC Conectado - ACE-Guarulhos","isPartOf":{"@id":"https:\/\/www.aceguarulhos.com.br\/blog\/#website"},"datePublished":"2005-05-09T15:27:22+00:00","breadcrumb":{"@id":"https:\/\/www.aceguarulhos.com.br\/blog\/governo-lan%c3%a7ar%c3%a1-o-programa-pc-conectado\/#breadcrumb"},"inLanguage":"pt-BR","potentialAction":[{"@type":"ReadAction","target":["https:\/\/www.aceguarulhos.com.br\/blog\/governo-lan%c3%a7ar%c3%a1-o-programa-pc-conectado\/"]}]},{"@type":"BreadcrumbList","@id":"https:\/\/www.aceguarulhos.com.br\/blog\/governo-lan%c3%a7ar%c3%a1-o-programa-pc-conectado\/#breadcrumb","itemListElement":[{"@type":"ListItem","position":1,"name":"In\u00edcio","item":"https:\/\/www.aceguarulhos.com.br\/blog\/"},{"@type":"ListItem","position":2,"name":"Governo lan\u00e7ar\u00e1 o programa PC Conectado"}]},{"@type":"WebSite","@id":"https:\/\/www.aceguarulhos.com.br\/blog\/#website","url":"https:\/\/www.aceguarulhos.com.br\/blog\/","name":"ACE-Guarulhos","description":"A ACE-Guarulhos \u00e9 uma associa\u00e7\u00e3o que ap\u00f3ia os empres\u00e1rios guarulhenses atrav\u00e9s da representa\u00e7\u00e3o, da gera\u00e7\u00e3o de neg\u00f3cios e presta\u00e7\u00e3o de servi\u00e7os.","publisher":{"@id":"https:\/\/www.aceguarulhos.com.br\/blog\/#organization"},"potentialAction":[{"@type":"SearchAction","target":{"@type":"EntryPoint","urlTemplate":"https:\/\/www.aceguarulhos.com.br\/blog\/?s={search_term_string}"},"query-input":{"@type":"PropertyValueSpecification","valueRequired":true,"valueName":"search_term_string"}}],"inLanguage":"pt-BR"},{"@type":"Organization","@id":"https:\/\/www.aceguarulhos.com.br\/blog\/#organization","name":"ACE-Guarulhos","url":"https:\/\/www.aceguarulhos.com.br\/blog\/","logo":{"@type":"ImageObject","inLanguage":"pt-BR","@id":"https:\/\/www.aceguarulhos.com.br\/blog\/#\/schema\/logo\/image\/","url":"https:\/\/www.aceguarulhos.com.br\/blog\/wp-content\/uploads\/2017\/12\/logo-aceguarulhos-2018.png","contentUrl":"https:\/\/www.aceguarulhos.com.br\/blog\/wp-content\/uploads\/2017\/12\/logo-aceguarulhos-2018.png","width":419,"height":76,"caption":"ACE-Guarulhos"},"image":{"@id":"https:\/\/www.aceguarulhos.com.br\/blog\/#\/schema\/logo\/image\/"},"sameAs":["https:\/\/www.facebook.com\/aceguarulhos\/","https:\/\/br.linkedin.com\/in\/ace-guarulhos-b9a97093","https:\/\/www.youtube.com\/user\/aceguarulhos"]},{"@type":"Person","@id":"https:\/\/www.aceguarulhos.com.br\/blog\/#\/schema\/person\/6983b51bad37489989e4f09698c26237","name":"Assessoria de Imprensa ACE-Guarulhos","image":{"@type":"ImageObject","inLanguage":"pt-BR","@id":"https:\/\/secure.gravatar.com\/avatar\/707f3fadd6918afeb64173ab22d8a8cb0676953098a4f31ff36dc2b4c699ef6a?s=96&d=mm&r=g","url":"https:\/\/secure.gravatar.com\/avatar\/707f3fadd6918afeb64173ab22d8a8cb0676953098a4f31ff36dc2b4c699ef6a?s=96&d=mm&r=g","contentUrl":"https:\/\/secure.gravatar.com\/avatar\/707f3fadd6918afeb64173ab22d8a8cb0676953098a4f31ff36dc2b4c699ef6a?s=96&d=mm&r=g","caption":"Assessoria de Imprensa ACE-Guarulhos"},"url":"https:\/\/www.aceguarulhos.com.br\/blog\/author\/assessoria-de-imprensa-ace-guarulhos\/"}]}},"wps_subtitle":"","amp_enabled":true,"_links":{"self":[{"href":"https:\/\/www.aceguarulhos.com.br\/blog\/wp-json\/wp\/v2\/posts\/29352","targetHints":{"allow":["GET"]}}],"collection":[{"href":"https:\/\/www.aceguarulhos.com.br\/blog\/wp-json\/wp\/v2\/posts"}],"about":[{"href":"https:\/\/www.aceguarulhos.com.br\/blog\/wp-json\/wp\/v2\/types\/post"}],"author":[{"embeddable":true,"href":"https:\/\/www.aceguarulhos.com.br\/blog\/wp-json\/wp\/v2\/users\/8"}],"replies":[{"embeddable":true,"href":"https:\/\/www.aceguarulhos.com.br\/blog\/wp-json\/wp\/v2\/comments?post=29352"}],"version-history":[{"count":0,"href":"https:\/\/www.aceguarulhos.com.br\/blog\/wp-json\/wp\/v2\/posts\/29352\/revisions"}],"wp:attachment":[{"href":"https:\/\/www.aceguarulhos.com.br\/blog\/wp-json\/wp\/v2\/media?parent=29352"}],"wp:term":[{"taxonomy":"category","embeddable":true,"href":"https:\/\/www.aceguarulhos.com.br\/blog\/wp-json\/wp\/v2\/categories?post=29352"},{"taxonomy":"post_tag","embeddable":true,"href":"https:\/\/www.aceguarulhos.com.br\/blog\/wp-json\/wp\/v2\/tags?post=29352"}],"curies":[{"name":"wp","href":"https:\/\/api.w.org\/{rel}","templated":true}]}}