{"id":29342,"date":"2005-05-06T13:10:46","date_gmt":"2005-05-06T13:10:46","guid":{"rendered":"http:\/\/www.aceguarulhos.com.br\/blog\/?p=29342"},"modified":"-0001-11-30T00:00:00","modified_gmt":"-0001-11-30T03:00:00","slug":"corregedoria-geral-da-justi%c3%a7a-modelos","status":"publish","type":"post","link":"https:\/\/www.aceguarulhos.com.br\/blog\/corregedoria-geral-da-justi%c3%a7a-modelos\/","title":{"rendered":"Corregedoria Geral da Justi\u00e7a &#8211; Modelos"},"content":{"rendered":"<p><b><i>Crian\u00e7as e adolescentes: o que \u00e9 preciso para viajar.<\/b><\/i><\/p>\n<p>Principalmente no per\u00edodo que antecede as f\u00e9rias ou os feriados prolongados, muitos pais procuram os cart\u00f3rios das varas da inf\u00e2ncia e da juventude a fim de obter autoriza\u00e7\u00e3o para os filhos que ir\u00e3o viajar. Na maioria dos casos, por\u00e9m, n\u00e3o h\u00e1 necessidade de solicitar autoriza\u00e7\u00e3o judicial.<\/p>\n<p>Dentro do territ\u00f3rio nacional, o adolescente (12 a 18 anos) n\u00e3o precisa de autoriza\u00e7\u00e3o judicial para viajar desacompanhado.<\/p>\n<p>Tamb\u00e9m n\u00e3o precisam de autoriza\u00e7\u00e3o judicial para viajar dentro do territ\u00f3rio nacional os menores de 12 anos, desde que acompanhados de guardi\u00e3o, tutor ou parentes, como pai ou m\u00e3e, av\u00f3s, bisav\u00f3s, irm\u00e3os, tios ou sobrinhos maiores de 18 anos, portando documenta\u00e7\u00e3o original, com foto, para comprovar o parentesco. Se n\u00e3o houver parentesco entre o menor de 12 anos e o acompanhante, este dever\u00e1 apresentar uma autoriza\u00e7\u00e3o escrita, assinada pelo pai ou pela m\u00e3e, pelo guardi\u00e3o ou pelo tutor, com firma reconhecida.<\/p>\n<p>Em casos de viagens ao exterior, n\u00e3o \u00e9 necess\u00e1ria a autoriza\u00e7\u00e3o judicial quando a crian\u00e7a ou o adolescente, menor de 18 anos, estiver acompanhado de pai e m\u00e3e ou guardi\u00e3o ou tutor. Quando viajar em companhia de apenas um dos genitores, o outro dever\u00e1 autorizar por escrito, com firma reconhecida.<\/p>\n<p>Somente em quatro casos os pais devem procurar uma Vara da Inf\u00e2ncia e Juventude com a finalidade de obter autoriza\u00e7\u00e3o judicial para que seus filhos possam viajar:<\/p>\n<p><b>1<\/b> &#8211; Quando a crian\u00e7a, ou seja, menor de 12 anos, viajar para fora da comarca onde reside, desacompanhada dos pais, de guardi\u00e3o ou tutor, de parente ou de pessoa autorizada (pelos pais, pelo guardi\u00e3o ou pelo tutor).<\/p>\n<p><b>2<\/b> &#8211; Quando os pais n\u00e3o est\u00e3o de acordo entre si quanto a autorizar a viagem. Neste caso, o juiz procura saber qual a raz\u00e3o de cada um deles, dando ou n\u00e3o a permiss\u00e3o para a crian\u00e7a viajar.<\/p>\n<p><b>3<\/b> &#8211; Quando um dos genitores est\u00e1 impossibilitado de dar a autoriza\u00e7\u00e3o, por raz\u00f5es como viagem, doen\u00e7a ou paradeiro ignorado, em caso de viagem ao exterior.<\/p>\n<p><b>4<\/b> &#8211; Quando a crian\u00e7a ou adolescente nascido em territ\u00f3rio nacional viajar para o exterior em companhia de estrangeiro residente ou domiciliado no exterior.<\/p>\n<p>Nestas hip\u00f3teses, deve-se procurar a Vara da Inf\u00e2ncia e da Juventude mais pr\u00f3xima da resid\u00eancia da fam\u00edlia, nos F\u00f3runs Regionais da Capital ou no F\u00f3rum Central Jo\u00e3o Mendes J\u00fanior ou ainda nos F\u00f3runs do interior.<\/p>\n<p>Nos terminais rodovi\u00e1rios e aeroportos do Estado de S\u00e3o Paulo n\u00e3o existem postos do Juizado de Menores (posto do voluntariado da Inf\u00e2ncia e da Juventude). Portanto, \u00e9 necess\u00e1rio ir antecipadamente ao cart\u00f3rio da Inf\u00e2ncia e da Juventude para obter a autoriza\u00e7\u00e3o judicial.<\/p>\n<p><b>Orienta\u00e7\u00f5es<\/b><\/p>\n<p><b>01.<\/b> \u00c9 crian\u00e7a quem tem de 0 (zero) a 11 anos, 11 meses e 29 dias de idade<\/p>\n<p><b>02.<\/b> \u00c9 adolescente quem tem de 12 a 17 anos, 11 meses e 29 dias de idade.<\/p>\n<p><b>03.<\/b> N\u00c3O \u00e9 necess\u00e1ria a Autoriza\u00e7\u00e3o Judicial para adolescentes viajarem a qualquer parte do territ\u00f3rio nacional (artigo 83, &#8220;caput&#8221; da Lei n\u00ba 8.069\/90).<\/p>\n<p><b>04.<\/b> N\u00c3O \u00e9 necess\u00e1ria a Autoriza\u00e7\u00e3o Judicial para crian\u00e7as viajarem entre cidades integrantes da mesma regi\u00e3o metropolitana (letra &#8220;a&#8221;, \u00a7 1\u00ba, art. 83 da Lei n\u00ba 8.069\/90).<\/p>\n<p><b>05.<\/b> N\u00c3O \u00e9 necess\u00e1ria a Autoriza\u00e7\u00e3o Judicial para crian\u00e7as viajarem a qualquer parte do territ\u00f3rio nacional, quando estiverem acompanhadas de um dos parentes a seguir relacionados, desde que sejam maiores de 18 anos ou tenham sido emancipados: pais, av\u00f3s, bisav\u00f3s, tios, sobrinhos e irm\u00e3os. O parentesco deve ser comprovado por documento.<\/p>\n<p><b>06.<\/b> N\u00c3O \u00e9 necess\u00e1ria a Autoriza\u00e7\u00e3o Judicial para crian\u00e7as viajarem a qualquer parte do territ\u00f3rio nacional, quando estiverem acompanhadas de qualquer pessoa maior de 18 anos, desde que haja autoriza\u00e7\u00e3o escrita, assinada pelo pai, m\u00e3e, guardi\u00e3o ou tutor, com firma reconhecida (n\u00ba 2, letra &#8220;b&#8221;, \u00a7 1\u00ba, art. 83 da Lei n\u00ba 8.069\/90).<\/p>\n<p><b>(Modelo)Autoriza\u00e7\u00e3o<\/b><\/p>\n<p>Eu, (nome completo), R.G. n\u00ba, residente na (rua, n\u00ba, bairro), AUTORIZO o(a) meu(minha) filho(a) (nome completo), a viajar para (localidade), acompanhado (a) de (nome completo) , R.G. n\u00ba.<\/p>\n<p>Esta autoriza\u00e7\u00e3o tem validade pelo prazo de (at\u00e9 dois (2) anos) e, portanto, dever\u00e1 permanecer junto aos documentos do (a) menor, n\u00e3o podendo ser retida por qualquer \u00f3rg\u00e3o ou autoridade, seja qual for o pretexto.<\/p>\n<p>S\u00e3o Paulo,de de 200 .<\/p>\n<p>(assinatura) (reconhecer firma)<\/p>\n<p><b>07.<\/b> N\u00c3O \u00e9 necess\u00e1ria a Autoriza\u00e7\u00e3o Judicial para crian\u00e7as viajarem a qualquer parte do territ\u00f3rio nacional, quando estiverem acompanhadas de guardi\u00e3o ou tutor (arts. 33 e 36 da Lei n\u00ba 8.069\/90).<\/p>\n<p><b>08.<\/b> N\u00c3O \u00e9 necess\u00e1ria a Autoriza\u00e7\u00e3o Judicial para crian\u00e7as ou adolescentes viajarem ao exterior quando estiverem acompanhados do pai e da m\u00e3e, de guardi\u00e3o ou de tutor (inciso I, art. 84 da Lei 8.069\/90).<\/p>\n<p><b>09.<\/b> N\u00c3O \u00e9 necess\u00e1ria a Autoriza\u00e7\u00e3o Judicial para crian\u00e7as ou adolescentes viajarem ao exterior quando estiverem acompanhados de um dos genitores, autorizado pelo outro, por escrito, com firma reconhecida (inciso II, art.84 da Lei n\u00ba 8.069\/90).<\/p>\n<p>(modelo) Autoriza\u00e7\u00e3o<\/b><\/p>\n<p>Eu, (nome completo), R.G. n\u00ba, residente na (rua, n\u00ba, bairro), AUTORIZO o(a) meu(minha) filho(a) (nome completo), a viajar para (sugest\u00e3o a todos os pa\u00edses com os quais o Brasil mant\u00e9m rela\u00e7\u00f5es diplom\u00e1ticas), acompanhado (a) de (sua) pai (m\u00e3e) (nome completo) , R.G. n\u00ba.<\/p>\n<p>Esta autoriza\u00e7\u00e3o tem validade pelo prazo de (at\u00e9 dois (2) anos) e, portanto, dever\u00e1 permanecer junto aos documentos do(a) menor, n\u00e3o podendo ser retida por qualquer \u00f3rg\u00e3o ou autoridade, seja qual for o pretexto.<\/p>\n<p>S\u00e3o Paulo, de de 200 .<\/p>\n<p>(assinatura) (reconhecer firma)<\/p>\n<p><b>10.<\/b> N\u00c3O \u00e9 necess\u00e1ria a Autoriza\u00e7\u00e3o Judicial para crian\u00e7as ou adolescentes viajarem ao exterior desacompanhados, desde que autorizados pelo pai e pela m\u00e3e, por escrito, com firma reconhecida (letra &#8220;c&#8221;, item &#8220;42&#8221;, Cap. XI, do Prov. CG n\u00ba 50\/80).<\/p>\n<p>(modelo) AUTORIZA\u00c7\u00c3O<\/p>\n<p>Eu, (nome completo), R.G. n\u00ba, residente na (rua, n\u00ba, bairro), e eu, (nome completo), R.G. n\u00ba, residente (rua, n\u00ba, bairro, cidade), AUTORIZAMOS o(a) nosso(a) filho(a) (nome completo), a viajar desacompanhado (a) para (sugest\u00e3o &#8220;todos os pa\u00edses com os quais o Brasil mant\u00e9m rela\u00e7\u00f5es diplom\u00e1ticas&#8221;).<\/p>\n<p>Esta autoriza\u00e7\u00e3o tem validade pelo prazo de (at\u00e9 dois(2) anos) e, portanto, dever\u00e1 permanecer junto aos documentos do(a) menor, n\u00e3o podendo ser retida por qualquer \u00f3rg\u00e3o ou autoridade, seja qual for o pretexto.<\/p>\n<p>S\u00e3o Paulo, de de 200 .<\/p>\n<p>(assinatura do pai) (reconhecer firma)(assinatura da m\u00e3e) (reconhecer firma)<\/p>\n<p><b>11.<\/b> As autoriza\u00e7\u00f5es escritas mencionadas nos itens &#8220;06&#8221;, &#8220;09&#8221; e &#8220;10&#8221; acima poder\u00e3o ter validade por at\u00e9 dois anos (\u00a7 2\u00ba do art. 83 da Lei n\u00ba 8.069\/90).<\/p>\n","protected":false},"excerpt":{"rendered":"Crian\u00e7as e adolescentes: o que \u00e9 preciso para viajar. Principalmente no per\u00edodo que antecede as f\u00e9rias ou os feriados prolongados, muitos pais procuram \n<a class=\"moretag\" href=\"https:\/\/www.aceguarulhos.com.br\/blog\/corregedoria-geral-da-justi%c3%a7a-modelos\/\"> [...]<\/a>","protected":false},"author":8,"featured_media":0,"comment_status":"open","ping_status":"open","sticky":false,"template":"","format":"standard","meta":{"footnotes":""},"categories":[2],"tags":[],"class_list":["post-29342","post","type-post","status-publish","format-standard","hentry","category-noticias"],"yoast_head":"<!-- This site is optimized with the Yoast SEO plugin v28.1 - https:\/\/yoast.com\/product\/yoast-seo-wordpress\/ -->\n<title>Corregedoria Geral da Justi\u00e7a - Modelos - ACE-Guarulhos<\/title>\n<meta name=\"robots\" content=\"index, follow, max-snippet:-1, max-image-preview:large, max-video-preview:-1\" \/>\n<link rel=\"canonical\" href=\"https:\/\/www.aceguarulhos.com.br\/blog\/corregedoria-geral-da-justi\u00e7a-modelos\/\" \/>\n<meta property=\"og:locale\" content=\"pt_BR\" \/>\n<meta property=\"og:type\" content=\"article\" \/>\n<meta property=\"og:title\" content=\"Corregedoria Geral da Justi\u00e7a - Modelos - ACE-Guarulhos\" \/>\n<meta property=\"og:description\" content=\"Crian\u00e7as e adolescentes: o que \u00e9 preciso para viajar. Principalmente no per\u00edodo que antecede as f\u00e9rias ou os feriados prolongados, muitos pais procuram\" \/>\n<meta property=\"og:url\" content=\"https:\/\/www.aceguarulhos.com.br\/blog\/corregedoria-geral-da-justi\u00e7a-modelos\/\" \/>\n<meta property=\"og:site_name\" content=\"ACE-Guarulhos\" \/>\n<meta property=\"article:publisher\" content=\"https:\/\/www.facebook.com\/aceguarulhos\/\" \/>\n<meta property=\"article:published_time\" content=\"2005-05-06T13:10:46+00:00\" \/>\n<meta name=\"author\" content=\"Assessoria de Imprensa ACE-Guarulhos\" \/>\n<meta name=\"twitter:card\" content=\"summary_large_image\" \/>\n<meta name=\"twitter:label1\" content=\"Escrito por\" \/>\n\t<meta name=\"twitter:data1\" content=\"Assessoria de Imprensa ACE-Guarulhos\" \/>\n\t<meta name=\"twitter:label2\" content=\"Est. tempo de leitura\" \/>\n\t<meta name=\"twitter:data2\" content=\"6 minutos\" \/>\n<script type=\"application\/ld+json\" class=\"yoast-schema-graph\">{\"@context\":\"https:\\\/\\\/schema.org\",\"@graph\":[{\"@type\":\"Article\",\"@id\":\"https:\\\/\\\/www.aceguarulhos.com.br\\\/blog\\\/corregedoria-geral-da-justi%c3%a7a-modelos\\\/#article\",\"isPartOf\":{\"@id\":\"https:\\\/\\\/www.aceguarulhos.com.br\\\/blog\\\/corregedoria-geral-da-justi%c3%a7a-modelos\\\/\"},\"author\":{\"name\":\"Assessoria de Imprensa ACE-Guarulhos\",\"@id\":\"https:\\\/\\\/www.aceguarulhos.com.br\\\/blog\\\/#\\\/schema\\\/person\\\/6983b51bad37489989e4f09698c26237\"},\"headline\":\"Corregedoria Geral da Justi\u00e7a &#8211; Modelos\",\"datePublished\":\"2005-05-06T13:10:46+00:00\",\"mainEntityOfPage\":{\"@id\":\"https:\\\/\\\/www.aceguarulhos.com.br\\\/blog\\\/corregedoria-geral-da-justi%c3%a7a-modelos\\\/\"},\"wordCount\":1136,\"commentCount\":0,\"publisher\":{\"@id\":\"https:\\\/\\\/www.aceguarulhos.com.br\\\/blog\\\/#organization\"},\"articleSection\":[\"Not\u00edcias\"],\"inLanguage\":\"pt-BR\"},{\"@type\":\"WebPage\",\"@id\":\"https:\\\/\\\/www.aceguarulhos.com.br\\\/blog\\\/corregedoria-geral-da-justi%c3%a7a-modelos\\\/\",\"url\":\"https:\\\/\\\/www.aceguarulhos.com.br\\\/blog\\\/corregedoria-geral-da-justi%c3%a7a-modelos\\\/\",\"name\":\"Corregedoria Geral da Justi\u00e7a - Modelos - ACE-Guarulhos\",\"isPartOf\":{\"@id\":\"https:\\\/\\\/www.aceguarulhos.com.br\\\/blog\\\/#website\"},\"datePublished\":\"2005-05-06T13:10:46+00:00\",\"breadcrumb\":{\"@id\":\"https:\\\/\\\/www.aceguarulhos.com.br\\\/blog\\\/corregedoria-geral-da-justi%c3%a7a-modelos\\\/#breadcrumb\"},\"inLanguage\":\"pt-BR\",\"potentialAction\":[{\"@type\":\"ReadAction\",\"target\":[\"https:\\\/\\\/www.aceguarulhos.com.br\\\/blog\\\/corregedoria-geral-da-justi%c3%a7a-modelos\\\/\"]}]},{\"@type\":\"BreadcrumbList\",\"@id\":\"https:\\\/\\\/www.aceguarulhos.com.br\\\/blog\\\/corregedoria-geral-da-justi%c3%a7a-modelos\\\/#breadcrumb\",\"itemListElement\":[{\"@type\":\"ListItem\",\"position\":1,\"name\":\"In\u00edcio\",\"item\":\"https:\\\/\\\/www.aceguarulhos.com.br\\\/blog\\\/\"},{\"@type\":\"ListItem\",\"position\":2,\"name\":\"Corregedoria Geral da Justi\u00e7a &#8211; Modelos\"}]},{\"@type\":\"WebSite\",\"@id\":\"https:\\\/\\\/www.aceguarulhos.com.br\\\/blog\\\/#website\",\"url\":\"https:\\\/\\\/www.aceguarulhos.com.br\\\/blog\\\/\",\"name\":\"ACE-Guarulhos\",\"description\":\"A ACE-Guarulhos \u00e9 uma associa\u00e7\u00e3o que ap\u00f3ia os empres\u00e1rios guarulhenses atrav\u00e9s da representa\u00e7\u00e3o, da gera\u00e7\u00e3o de neg\u00f3cios e presta\u00e7\u00e3o de servi\u00e7os.\",\"publisher\":{\"@id\":\"https:\\\/\\\/www.aceguarulhos.com.br\\\/blog\\\/#organization\"},\"potentialAction\":[{\"@type\":\"SearchAction\",\"target\":{\"@type\":\"EntryPoint\",\"urlTemplate\":\"https:\\\/\\\/www.aceguarulhos.com.br\\\/blog\\\/?s={search_term_string}\"},\"query-input\":{\"@type\":\"PropertyValueSpecification\",\"valueRequired\":true,\"valueName\":\"search_term_string\"}}],\"inLanguage\":\"pt-BR\"},{\"@type\":\"Organization\",\"@id\":\"https:\\\/\\\/www.aceguarulhos.com.br\\\/blog\\\/#organization\",\"name\":\"ACE-Guarulhos\",\"url\":\"https:\\\/\\\/www.aceguarulhos.com.br\\\/blog\\\/\",\"logo\":{\"@type\":\"ImageObject\",\"inLanguage\":\"pt-BR\",\"@id\":\"https:\\\/\\\/www.aceguarulhos.com.br\\\/blog\\\/#\\\/schema\\\/logo\\\/image\\\/\",\"url\":\"https:\\\/\\\/www.aceguarulhos.com.br\\\/blog\\\/wp-content\\\/uploads\\\/2017\\\/12\\\/logo-aceguarulhos-2018.png\",\"contentUrl\":\"https:\\\/\\\/www.aceguarulhos.com.br\\\/blog\\\/wp-content\\\/uploads\\\/2017\\\/12\\\/logo-aceguarulhos-2018.png\",\"width\":419,\"height\":76,\"caption\":\"ACE-Guarulhos\"},\"image\":{\"@id\":\"https:\\\/\\\/www.aceguarulhos.com.br\\\/blog\\\/#\\\/schema\\\/logo\\\/image\\\/\"},\"sameAs\":[\"https:\\\/\\\/www.facebook.com\\\/aceguarulhos\\\/\",\"https:\\\/\\\/br.linkedin.com\\\/in\\\/ace-guarulhos-b9a97093\",\"https:\\\/\\\/www.youtube.com\\\/user\\\/aceguarulhos\"]},{\"@type\":\"Person\",\"@id\":\"https:\\\/\\\/www.aceguarulhos.com.br\\\/blog\\\/#\\\/schema\\\/person\\\/6983b51bad37489989e4f09698c26237\",\"name\":\"Assessoria de Imprensa ACE-Guarulhos\",\"image\":{\"@type\":\"ImageObject\",\"inLanguage\":\"pt-BR\",\"@id\":\"https:\\\/\\\/secure.gravatar.com\\\/avatar\\\/707f3fadd6918afeb64173ab22d8a8cb0676953098a4f31ff36dc2b4c699ef6a?s=96&d=mm&r=g\",\"url\":\"https:\\\/\\\/secure.gravatar.com\\\/avatar\\\/707f3fadd6918afeb64173ab22d8a8cb0676953098a4f31ff36dc2b4c699ef6a?s=96&d=mm&r=g\",\"contentUrl\":\"https:\\\/\\\/secure.gravatar.com\\\/avatar\\\/707f3fadd6918afeb64173ab22d8a8cb0676953098a4f31ff36dc2b4c699ef6a?s=96&d=mm&r=g\",\"caption\":\"Assessoria de Imprensa ACE-Guarulhos\"},\"url\":\"https:\\\/\\\/www.aceguarulhos.com.br\\\/blog\\\/author\\\/assessoria-de-imprensa-ace-guarulhos\\\/\"}]}<\/script>\n<!-- \/ Yoast SEO plugin. -->","yoast_head_json":{"title":"Corregedoria Geral da Justi\u00e7a - Modelos - ACE-Guarulhos","robots":{"index":"index","follow":"follow","max-snippet":"max-snippet:-1","max-image-preview":"max-image-preview:large","max-video-preview":"max-video-preview:-1"},"canonical":"https:\/\/www.aceguarulhos.com.br\/blog\/corregedoria-geral-da-justi\u00e7a-modelos\/","og_locale":"pt_BR","og_type":"article","og_title":"Corregedoria Geral da Justi\u00e7a - Modelos - ACE-Guarulhos","og_description":"Crian\u00e7as e adolescentes: o que \u00e9 preciso para viajar. Principalmente no per\u00edodo que antecede as f\u00e9rias ou os feriados prolongados, muitos pais procuram","og_url":"https:\/\/www.aceguarulhos.com.br\/blog\/corregedoria-geral-da-justi\u00e7a-modelos\/","og_site_name":"ACE-Guarulhos","article_publisher":"https:\/\/www.facebook.com\/aceguarulhos\/","article_published_time":"2005-05-06T13:10:46+00:00","author":"Assessoria de Imprensa ACE-Guarulhos","twitter_card":"summary_large_image","twitter_misc":{"Escrito por":"Assessoria de Imprensa ACE-Guarulhos","Est. tempo de leitura":"6 minutos"},"schema":{"@context":"https:\/\/schema.org","@graph":[{"@type":"Article","@id":"https:\/\/www.aceguarulhos.com.br\/blog\/corregedoria-geral-da-justi%c3%a7a-modelos\/#article","isPartOf":{"@id":"https:\/\/www.aceguarulhos.com.br\/blog\/corregedoria-geral-da-justi%c3%a7a-modelos\/"},"author":{"name":"Assessoria de Imprensa ACE-Guarulhos","@id":"https:\/\/www.aceguarulhos.com.br\/blog\/#\/schema\/person\/6983b51bad37489989e4f09698c26237"},"headline":"Corregedoria Geral da Justi\u00e7a &#8211; Modelos","datePublished":"2005-05-06T13:10:46+00:00","mainEntityOfPage":{"@id":"https:\/\/www.aceguarulhos.com.br\/blog\/corregedoria-geral-da-justi%c3%a7a-modelos\/"},"wordCount":1136,"commentCount":0,"publisher":{"@id":"https:\/\/www.aceguarulhos.com.br\/blog\/#organization"},"articleSection":["Not\u00edcias"],"inLanguage":"pt-BR"},{"@type":"WebPage","@id":"https:\/\/www.aceguarulhos.com.br\/blog\/corregedoria-geral-da-justi%c3%a7a-modelos\/","url":"https:\/\/www.aceguarulhos.com.br\/blog\/corregedoria-geral-da-justi%c3%a7a-modelos\/","name":"Corregedoria Geral da Justi\u00e7a - Modelos - ACE-Guarulhos","isPartOf":{"@id":"https:\/\/www.aceguarulhos.com.br\/blog\/#website"},"datePublished":"2005-05-06T13:10:46+00:00","breadcrumb":{"@id":"https:\/\/www.aceguarulhos.com.br\/blog\/corregedoria-geral-da-justi%c3%a7a-modelos\/#breadcrumb"},"inLanguage":"pt-BR","potentialAction":[{"@type":"ReadAction","target":["https:\/\/www.aceguarulhos.com.br\/blog\/corregedoria-geral-da-justi%c3%a7a-modelos\/"]}]},{"@type":"BreadcrumbList","@id":"https:\/\/www.aceguarulhos.com.br\/blog\/corregedoria-geral-da-justi%c3%a7a-modelos\/#breadcrumb","itemListElement":[{"@type":"ListItem","position":1,"name":"In\u00edcio","item":"https:\/\/www.aceguarulhos.com.br\/blog\/"},{"@type":"ListItem","position":2,"name":"Corregedoria Geral da Justi\u00e7a &#8211; Modelos"}]},{"@type":"WebSite","@id":"https:\/\/www.aceguarulhos.com.br\/blog\/#website","url":"https:\/\/www.aceguarulhos.com.br\/blog\/","name":"ACE-Guarulhos","description":"A ACE-Guarulhos \u00e9 uma associa\u00e7\u00e3o que ap\u00f3ia os empres\u00e1rios guarulhenses atrav\u00e9s da representa\u00e7\u00e3o, da gera\u00e7\u00e3o de neg\u00f3cios e presta\u00e7\u00e3o de servi\u00e7os.","publisher":{"@id":"https:\/\/www.aceguarulhos.com.br\/blog\/#organization"},"potentialAction":[{"@type":"SearchAction","target":{"@type":"EntryPoint","urlTemplate":"https:\/\/www.aceguarulhos.com.br\/blog\/?s={search_term_string}"},"query-input":{"@type":"PropertyValueSpecification","valueRequired":true,"valueName":"search_term_string"}}],"inLanguage":"pt-BR"},{"@type":"Organization","@id":"https:\/\/www.aceguarulhos.com.br\/blog\/#organization","name":"ACE-Guarulhos","url":"https:\/\/www.aceguarulhos.com.br\/blog\/","logo":{"@type":"ImageObject","inLanguage":"pt-BR","@id":"https:\/\/www.aceguarulhos.com.br\/blog\/#\/schema\/logo\/image\/","url":"https:\/\/www.aceguarulhos.com.br\/blog\/wp-content\/uploads\/2017\/12\/logo-aceguarulhos-2018.png","contentUrl":"https:\/\/www.aceguarulhos.com.br\/blog\/wp-content\/uploads\/2017\/12\/logo-aceguarulhos-2018.png","width":419,"height":76,"caption":"ACE-Guarulhos"},"image":{"@id":"https:\/\/www.aceguarulhos.com.br\/blog\/#\/schema\/logo\/image\/"},"sameAs":["https:\/\/www.facebook.com\/aceguarulhos\/","https:\/\/br.linkedin.com\/in\/ace-guarulhos-b9a97093","https:\/\/www.youtube.com\/user\/aceguarulhos"]},{"@type":"Person","@id":"https:\/\/www.aceguarulhos.com.br\/blog\/#\/schema\/person\/6983b51bad37489989e4f09698c26237","name":"Assessoria de Imprensa ACE-Guarulhos","image":{"@type":"ImageObject","inLanguage":"pt-BR","@id":"https:\/\/secure.gravatar.com\/avatar\/707f3fadd6918afeb64173ab22d8a8cb0676953098a4f31ff36dc2b4c699ef6a?s=96&d=mm&r=g","url":"https:\/\/secure.gravatar.com\/avatar\/707f3fadd6918afeb64173ab22d8a8cb0676953098a4f31ff36dc2b4c699ef6a?s=96&d=mm&r=g","contentUrl":"https:\/\/secure.gravatar.com\/avatar\/707f3fadd6918afeb64173ab22d8a8cb0676953098a4f31ff36dc2b4c699ef6a?s=96&d=mm&r=g","caption":"Assessoria de Imprensa ACE-Guarulhos"},"url":"https:\/\/www.aceguarulhos.com.br\/blog\/author\/assessoria-de-imprensa-ace-guarulhos\/"}]}},"wps_subtitle":"","amp_enabled":true,"_links":{"self":[{"href":"https:\/\/www.aceguarulhos.com.br\/blog\/wp-json\/wp\/v2\/posts\/29342","targetHints":{"allow":["GET"]}}],"collection":[{"href":"https:\/\/www.aceguarulhos.com.br\/blog\/wp-json\/wp\/v2\/posts"}],"about":[{"href":"https:\/\/www.aceguarulhos.com.br\/blog\/wp-json\/wp\/v2\/types\/post"}],"author":[{"embeddable":true,"href":"https:\/\/www.aceguarulhos.com.br\/blog\/wp-json\/wp\/v2\/users\/8"}],"replies":[{"embeddable":true,"href":"https:\/\/www.aceguarulhos.com.br\/blog\/wp-json\/wp\/v2\/comments?post=29342"}],"version-history":[{"count":0,"href":"https:\/\/www.aceguarulhos.com.br\/blog\/wp-json\/wp\/v2\/posts\/29342\/revisions"}],"wp:attachment":[{"href":"https:\/\/www.aceguarulhos.com.br\/blog\/wp-json\/wp\/v2\/media?parent=29342"}],"wp:term":[{"taxonomy":"category","embeddable":true,"href":"https:\/\/www.aceguarulhos.com.br\/blog\/wp-json\/wp\/v2\/categories?post=29342"},{"taxonomy":"post_tag","embeddable":true,"href":"https:\/\/www.aceguarulhos.com.br\/blog\/wp-json\/wp\/v2\/tags?post=29342"}],"curies":[{"name":"wp","href":"https:\/\/api.w.org\/{rel}","templated":true}]}}