{"id":29333,"date":"2005-05-04T09:53:32","date_gmt":"2005-05-04T09:53:32","guid":{"rendered":"http:\/\/www.aceguarulhos.com.br\/blog\/?p=29333"},"modified":"-0001-11-30T00:00:00","modified_gmt":"-0001-11-30T03:00:00","slug":"decio-pomp%c3%aao-%c3%a9-reeleito-na-ace","status":"publish","type":"post","link":"https:\/\/www.aceguarulhos.com.br\/blog\/decio-pomp%c3%aao-%c3%a9-reeleito-na-ace\/","title":{"rendered":"Decio Pomp\u00eao \u00e9 reeleito na ACE"},"content":{"rendered":"<p><P><EM>Continuar brigando pelos interesses da classe empresarial \u00e9 a principal meta para o bi\u00eanio 2005-2007<\/EM><\/P><P>No dia 29 de abril, sexta-feira, \u00e0s 17 horas, foi realizada na ACE a cerim\u00f4nia de posse do presidente Decio Pomp\u00eao Junior, reeleito para o bi\u00eanio 2005-2007. <\/P><P>Durante a cerim\u00f4nia, conduzida por Milton Mesquita, presidente da Cooperativa de Cr\u00e9dito de Guarulhos, e com a participa\u00e7\u00e3o maci\u00e7a de toda a diretoria executiva, foram apresentados os novos membros da diretoria executiva e, tamb\u00e9m, os novos membros do conselho deliberativo.<\/P><P><IMG alt=ACE src=\"\/blog\/wp-content\/uploads\/image.php?x=i&#038;i1=100&#038;i2=20010827100511\" align=left border=0><\/P><P>&#8220;Acredito que vou conseguir, com a nova diretoria uma entidade ainda mais \u00e1gil na presta\u00e7\u00e3o de nossos servi\u00e7os &#8220;,\u00a0 ressaltou. Os nomes dos novos membros ser\u00e3o divulgados em breve. <\/P><P><IMG alt=ACE src=\"\/blog\/wp-content\/uploads\/image.php?x=i&#038;i1=100&#038;i2=20020124180200\" align=left border=0><\/P><P>Como meta para os pr\u00f3ximos dois anos o presidente enfatizou a\u00a0 luta pelos direitos dos empres\u00e1rios. &#8220;Para os pr\u00f3ximos dois anos a minha meta \u00e9 continuar fazendo uma gest\u00e3o transparente e equilibrada, sem\u00a0 deixar a ACE sair do seu rumo principal que \u00e9 brigar pela classe empresarial&#8221;, disse.\u00a0<\/P><P><STRONG>Crescimento e amadurecimento<\/STRONG> &#8211; Como exemplo do crescimento que a entidade\u00a0 obteve durante a sua gest\u00e3o, Pomp\u00eao citou dados\u00a0 como o aumento do n\u00famero de associados. No in\u00edcio de sua gest\u00e3o, em 2002, a ACE tinha 1580 associados ativos. Hoje, somados at\u00e9 o m\u00eas de abril, s\u00e3o mais de 2100. &#8220;\u00c9 um dado hist\u00f3rico. Esses n\u00fameros resultam de um trabalho que n\u00e3o \u00e9 s\u00f3 do Decio, mas sim um trabalho s\u00e9rio em sintonia com a diretoria&#8221;, enfatizou. <\/P><P>Como term\u00f4metro para uma gest\u00e3o bem-sucedida, al\u00e9m do trabalho em conjunto o presidente citou a import\u00e2ncia das cr\u00edticas, principalmente dos associados em rela\u00e7\u00e3o aos servi\u00e7os prestados. &#8220;As cr\u00edticas a minha gest\u00e3o s\u00e3o muito bem-vindas. Elas funcionam como consultor sem custo nenhum. Elas mostram o caminho mais certo que a entidade tem de seguir&#8221;. <\/P><P>O presidente da Associa\u00e7\u00e3o dos Empres\u00e1rios de Cumbica (Asec), Luis Carlos Teodoro e a diretora do Sescon-Guarulhos, Roseli Gon\u00e7alves da Concei\u00e7\u00e3o tamb\u00e9m estiveram presentes.<\/P><\/p>\n","protected":false},"excerpt":{"rendered":"Continuar brigando pelos interesses da classe empresarial \u00e9 a principal meta para o bi\u00eanio 2005-2007No dia 29 de abril, sexta-feira, \u00e0s 17 horas, \n<a class=\"moretag\" href=\"https:\/\/www.aceguarulhos.com.br\/blog\/decio-pomp%c3%aao-%c3%a9-reeleito-na-ace\/\"> [...]<\/a>","protected":false},"author":8,"featured_media":0,"comment_status":"open","ping_status":"open","sticky":false,"template":"","format":"standard","meta":{"footnotes":""},"categories":[2],"tags":[],"class_list":["post-29333","post","type-post","status-publish","format-standard","hentry","category-noticias"],"yoast_head":"<!-- This site is optimized with the Yoast SEO plugin v28.1 - https:\/\/yoast.com\/product\/yoast-seo-wordpress\/ -->\n<title>Decio Pomp\u00eao \u00e9 reeleito na ACE - ACE-Guarulhos<\/title>\n<meta name=\"robots\" content=\"index, follow, max-snippet:-1, max-image-preview:large, max-video-preview:-1\" \/>\n<link rel=\"canonical\" href=\"https:\/\/www.aceguarulhos.com.br\/blog\/decio-pomp\u00eao-\u00e9-reeleito-na-ace\/\" \/>\n<meta property=\"og:locale\" content=\"pt_BR\" \/>\n<meta property=\"og:type\" content=\"article\" \/>\n<meta property=\"og:title\" content=\"Decio Pomp\u00eao \u00e9 reeleito na ACE - ACE-Guarulhos\" \/>\n<meta property=\"og:description\" content=\"Continuar brigando pelos interesses da classe empresarial \u00e9 a principal meta para o bi\u00eanio 2005-2007No dia 29 de abril, sexta-feira, \u00e0s 17 horas,\" \/>\n<meta property=\"og:url\" content=\"https:\/\/www.aceguarulhos.com.br\/blog\/decio-pomp\u00eao-\u00e9-reeleito-na-ace\/\" \/>\n<meta property=\"og:site_name\" content=\"ACE-Guarulhos\" \/>\n<meta property=\"article:publisher\" content=\"https:\/\/www.facebook.com\/aceguarulhos\/\" \/>\n<meta property=\"article:published_time\" content=\"2005-05-04T09:53:32+00:00\" \/>\n<meta name=\"author\" content=\"Assessoria de Imprensa ACE-Guarulhos\" \/>\n<meta name=\"twitter:card\" content=\"summary_large_image\" \/>\n<meta name=\"twitter:label1\" content=\"Escrito por\" \/>\n\t<meta name=\"twitter:data1\" content=\"Assessoria de Imprensa ACE-Guarulhos\" \/>\n\t<meta name=\"twitter:label2\" content=\"Est. tempo de leitura\" \/>\n\t<meta name=\"twitter:data2\" content=\"2 minutos\" \/>\n<script type=\"application\/ld+json\" class=\"yoast-schema-graph\">{\"@context\":\"https:\\\/\\\/schema.org\",\"@graph\":[{\"@type\":\"Article\",\"@id\":\"https:\\\/\\\/www.aceguarulhos.com.br\\\/blog\\\/decio-pomp%c3%aao-%c3%a9-reeleito-na-ace\\\/#article\",\"isPartOf\":{\"@id\":\"https:\\\/\\\/www.aceguarulhos.com.br\\\/blog\\\/decio-pomp%c3%aao-%c3%a9-reeleito-na-ace\\\/\"},\"author\":{\"name\":\"Assessoria de Imprensa ACE-Guarulhos\",\"@id\":\"https:\\\/\\\/www.aceguarulhos.com.br\\\/blog\\\/#\\\/schema\\\/person\\\/6983b51bad37489989e4f09698c26237\"},\"headline\":\"Decio Pomp\u00eao \u00e9 reeleito na ACE\",\"datePublished\":\"2005-05-04T09:53:32+00:00\",\"mainEntityOfPage\":{\"@id\":\"https:\\\/\\\/www.aceguarulhos.com.br\\\/blog\\\/decio-pomp%c3%aao-%c3%a9-reeleito-na-ace\\\/\"},\"wordCount\":350,\"commentCount\":0,\"publisher\":{\"@id\":\"https:\\\/\\\/www.aceguarulhos.com.br\\\/blog\\\/#organization\"},\"articleSection\":[\"Not\u00edcias\"],\"inLanguage\":\"pt-BR\"},{\"@type\":\"WebPage\",\"@id\":\"https:\\\/\\\/www.aceguarulhos.com.br\\\/blog\\\/decio-pomp%c3%aao-%c3%a9-reeleito-na-ace\\\/\",\"url\":\"https:\\\/\\\/www.aceguarulhos.com.br\\\/blog\\\/decio-pomp%c3%aao-%c3%a9-reeleito-na-ace\\\/\",\"name\":\"Decio Pomp\u00eao \u00e9 reeleito na ACE - ACE-Guarulhos\",\"isPartOf\":{\"@id\":\"https:\\\/\\\/www.aceguarulhos.com.br\\\/blog\\\/#website\"},\"datePublished\":\"2005-05-04T09:53:32+00:00\",\"breadcrumb\":{\"@id\":\"https:\\\/\\\/www.aceguarulhos.com.br\\\/blog\\\/decio-pomp%c3%aao-%c3%a9-reeleito-na-ace\\\/#breadcrumb\"},\"inLanguage\":\"pt-BR\",\"potentialAction\":[{\"@type\":\"ReadAction\",\"target\":[\"https:\\\/\\\/www.aceguarulhos.com.br\\\/blog\\\/decio-pomp%c3%aao-%c3%a9-reeleito-na-ace\\\/\"]}]},{\"@type\":\"BreadcrumbList\",\"@id\":\"https:\\\/\\\/www.aceguarulhos.com.br\\\/blog\\\/decio-pomp%c3%aao-%c3%a9-reeleito-na-ace\\\/#breadcrumb\",\"itemListElement\":[{\"@type\":\"ListItem\",\"position\":1,\"name\":\"In\u00edcio\",\"item\":\"https:\\\/\\\/www.aceguarulhos.com.br\\\/blog\\\/\"},{\"@type\":\"ListItem\",\"position\":2,\"name\":\"Decio Pomp\u00eao \u00e9 reeleito na ACE\"}]},{\"@type\":\"WebSite\",\"@id\":\"https:\\\/\\\/www.aceguarulhos.com.br\\\/blog\\\/#website\",\"url\":\"https:\\\/\\\/www.aceguarulhos.com.br\\\/blog\\\/\",\"name\":\"ACE-Guarulhos\",\"description\":\"A ACE-Guarulhos \u00e9 uma associa\u00e7\u00e3o que ap\u00f3ia os empres\u00e1rios guarulhenses atrav\u00e9s da representa\u00e7\u00e3o, da gera\u00e7\u00e3o de neg\u00f3cios e presta\u00e7\u00e3o de servi\u00e7os.\",\"publisher\":{\"@id\":\"https:\\\/\\\/www.aceguarulhos.com.br\\\/blog\\\/#organization\"},\"potentialAction\":[{\"@type\":\"SearchAction\",\"target\":{\"@type\":\"EntryPoint\",\"urlTemplate\":\"https:\\\/\\\/www.aceguarulhos.com.br\\\/blog\\\/?s={search_term_string}\"},\"query-input\":{\"@type\":\"PropertyValueSpecification\",\"valueRequired\":true,\"valueName\":\"search_term_string\"}}],\"inLanguage\":\"pt-BR\"},{\"@type\":\"Organization\",\"@id\":\"https:\\\/\\\/www.aceguarulhos.com.br\\\/blog\\\/#organization\",\"name\":\"ACE-Guarulhos\",\"url\":\"https:\\\/\\\/www.aceguarulhos.com.br\\\/blog\\\/\",\"logo\":{\"@type\":\"ImageObject\",\"inLanguage\":\"pt-BR\",\"@id\":\"https:\\\/\\\/www.aceguarulhos.com.br\\\/blog\\\/#\\\/schema\\\/logo\\\/image\\\/\",\"url\":\"https:\\\/\\\/www.aceguarulhos.com.br\\\/blog\\\/wp-content\\\/uploads\\\/2017\\\/12\\\/logo-aceguarulhos-2018.png\",\"contentUrl\":\"https:\\\/\\\/www.aceguarulhos.com.br\\\/blog\\\/wp-content\\\/uploads\\\/2017\\\/12\\\/logo-aceguarulhos-2018.png\",\"width\":419,\"height\":76,\"caption\":\"ACE-Guarulhos\"},\"image\":{\"@id\":\"https:\\\/\\\/www.aceguarulhos.com.br\\\/blog\\\/#\\\/schema\\\/logo\\\/image\\\/\"},\"sameAs\":[\"https:\\\/\\\/www.facebook.com\\\/aceguarulhos\\\/\",\"https:\\\/\\\/br.linkedin.com\\\/in\\\/ace-guarulhos-b9a97093\",\"https:\\\/\\\/www.youtube.com\\\/user\\\/aceguarulhos\"]},{\"@type\":\"Person\",\"@id\":\"https:\\\/\\\/www.aceguarulhos.com.br\\\/blog\\\/#\\\/schema\\\/person\\\/6983b51bad37489989e4f09698c26237\",\"name\":\"Assessoria de Imprensa ACE-Guarulhos\",\"image\":{\"@type\":\"ImageObject\",\"inLanguage\":\"pt-BR\",\"@id\":\"https:\\\/\\\/secure.gravatar.com\\\/avatar\\\/707f3fadd6918afeb64173ab22d8a8cb0676953098a4f31ff36dc2b4c699ef6a?s=96&d=mm&r=g\",\"url\":\"https:\\\/\\\/secure.gravatar.com\\\/avatar\\\/707f3fadd6918afeb64173ab22d8a8cb0676953098a4f31ff36dc2b4c699ef6a?s=96&d=mm&r=g\",\"contentUrl\":\"https:\\\/\\\/secure.gravatar.com\\\/avatar\\\/707f3fadd6918afeb64173ab22d8a8cb0676953098a4f31ff36dc2b4c699ef6a?s=96&d=mm&r=g\",\"caption\":\"Assessoria de Imprensa ACE-Guarulhos\"},\"url\":\"https:\\\/\\\/www.aceguarulhos.com.br\\\/blog\\\/author\\\/assessoria-de-imprensa-ace-guarulhos\\\/\"}]}<\/script>\n<!-- \/ Yoast SEO plugin. -->","yoast_head_json":{"title":"Decio Pomp\u00eao \u00e9 reeleito na ACE - ACE-Guarulhos","robots":{"index":"index","follow":"follow","max-snippet":"max-snippet:-1","max-image-preview":"max-image-preview:large","max-video-preview":"max-video-preview:-1"},"canonical":"https:\/\/www.aceguarulhos.com.br\/blog\/decio-pomp\u00eao-\u00e9-reeleito-na-ace\/","og_locale":"pt_BR","og_type":"article","og_title":"Decio Pomp\u00eao \u00e9 reeleito na ACE - ACE-Guarulhos","og_description":"Continuar brigando pelos interesses da classe empresarial \u00e9 a principal meta para o bi\u00eanio 2005-2007No dia 29 de abril, sexta-feira, \u00e0s 17 horas,","og_url":"https:\/\/www.aceguarulhos.com.br\/blog\/decio-pomp\u00eao-\u00e9-reeleito-na-ace\/","og_site_name":"ACE-Guarulhos","article_publisher":"https:\/\/www.facebook.com\/aceguarulhos\/","article_published_time":"2005-05-04T09:53:32+00:00","author":"Assessoria de Imprensa ACE-Guarulhos","twitter_card":"summary_large_image","twitter_misc":{"Escrito por":"Assessoria de Imprensa ACE-Guarulhos","Est. tempo de leitura":"2 minutos"},"schema":{"@context":"https:\/\/schema.org","@graph":[{"@type":"Article","@id":"https:\/\/www.aceguarulhos.com.br\/blog\/decio-pomp%c3%aao-%c3%a9-reeleito-na-ace\/#article","isPartOf":{"@id":"https:\/\/www.aceguarulhos.com.br\/blog\/decio-pomp%c3%aao-%c3%a9-reeleito-na-ace\/"},"author":{"name":"Assessoria de Imprensa ACE-Guarulhos","@id":"https:\/\/www.aceguarulhos.com.br\/blog\/#\/schema\/person\/6983b51bad37489989e4f09698c26237"},"headline":"Decio Pomp\u00eao \u00e9 reeleito na ACE","datePublished":"2005-05-04T09:53:32+00:00","mainEntityOfPage":{"@id":"https:\/\/www.aceguarulhos.com.br\/blog\/decio-pomp%c3%aao-%c3%a9-reeleito-na-ace\/"},"wordCount":350,"commentCount":0,"publisher":{"@id":"https:\/\/www.aceguarulhos.com.br\/blog\/#organization"},"articleSection":["Not\u00edcias"],"inLanguage":"pt-BR"},{"@type":"WebPage","@id":"https:\/\/www.aceguarulhos.com.br\/blog\/decio-pomp%c3%aao-%c3%a9-reeleito-na-ace\/","url":"https:\/\/www.aceguarulhos.com.br\/blog\/decio-pomp%c3%aao-%c3%a9-reeleito-na-ace\/","name":"Decio Pomp\u00eao \u00e9 reeleito na ACE - ACE-Guarulhos","isPartOf":{"@id":"https:\/\/www.aceguarulhos.com.br\/blog\/#website"},"datePublished":"2005-05-04T09:53:32+00:00","breadcrumb":{"@id":"https:\/\/www.aceguarulhos.com.br\/blog\/decio-pomp%c3%aao-%c3%a9-reeleito-na-ace\/#breadcrumb"},"inLanguage":"pt-BR","potentialAction":[{"@type":"ReadAction","target":["https:\/\/www.aceguarulhos.com.br\/blog\/decio-pomp%c3%aao-%c3%a9-reeleito-na-ace\/"]}]},{"@type":"BreadcrumbList","@id":"https:\/\/www.aceguarulhos.com.br\/blog\/decio-pomp%c3%aao-%c3%a9-reeleito-na-ace\/#breadcrumb","itemListElement":[{"@type":"ListItem","position":1,"name":"In\u00edcio","item":"https:\/\/www.aceguarulhos.com.br\/blog\/"},{"@type":"ListItem","position":2,"name":"Decio Pomp\u00eao \u00e9 reeleito na ACE"}]},{"@type":"WebSite","@id":"https:\/\/www.aceguarulhos.com.br\/blog\/#website","url":"https:\/\/www.aceguarulhos.com.br\/blog\/","name":"ACE-Guarulhos","description":"A ACE-Guarulhos \u00e9 uma associa\u00e7\u00e3o que ap\u00f3ia os empres\u00e1rios guarulhenses atrav\u00e9s da representa\u00e7\u00e3o, da gera\u00e7\u00e3o de neg\u00f3cios e presta\u00e7\u00e3o de servi\u00e7os.","publisher":{"@id":"https:\/\/www.aceguarulhos.com.br\/blog\/#organization"},"potentialAction":[{"@type":"SearchAction","target":{"@type":"EntryPoint","urlTemplate":"https:\/\/www.aceguarulhos.com.br\/blog\/?s={search_term_string}"},"query-input":{"@type":"PropertyValueSpecification","valueRequired":true,"valueName":"search_term_string"}}],"inLanguage":"pt-BR"},{"@type":"Organization","@id":"https:\/\/www.aceguarulhos.com.br\/blog\/#organization","name":"ACE-Guarulhos","url":"https:\/\/www.aceguarulhos.com.br\/blog\/","logo":{"@type":"ImageObject","inLanguage":"pt-BR","@id":"https:\/\/www.aceguarulhos.com.br\/blog\/#\/schema\/logo\/image\/","url":"https:\/\/www.aceguarulhos.com.br\/blog\/wp-content\/uploads\/2017\/12\/logo-aceguarulhos-2018.png","contentUrl":"https:\/\/www.aceguarulhos.com.br\/blog\/wp-content\/uploads\/2017\/12\/logo-aceguarulhos-2018.png","width":419,"height":76,"caption":"ACE-Guarulhos"},"image":{"@id":"https:\/\/www.aceguarulhos.com.br\/blog\/#\/schema\/logo\/image\/"},"sameAs":["https:\/\/www.facebook.com\/aceguarulhos\/","https:\/\/br.linkedin.com\/in\/ace-guarulhos-b9a97093","https:\/\/www.youtube.com\/user\/aceguarulhos"]},{"@type":"Person","@id":"https:\/\/www.aceguarulhos.com.br\/blog\/#\/schema\/person\/6983b51bad37489989e4f09698c26237","name":"Assessoria de Imprensa ACE-Guarulhos","image":{"@type":"ImageObject","inLanguage":"pt-BR","@id":"https:\/\/secure.gravatar.com\/avatar\/707f3fadd6918afeb64173ab22d8a8cb0676953098a4f31ff36dc2b4c699ef6a?s=96&d=mm&r=g","url":"https:\/\/secure.gravatar.com\/avatar\/707f3fadd6918afeb64173ab22d8a8cb0676953098a4f31ff36dc2b4c699ef6a?s=96&d=mm&r=g","contentUrl":"https:\/\/secure.gravatar.com\/avatar\/707f3fadd6918afeb64173ab22d8a8cb0676953098a4f31ff36dc2b4c699ef6a?s=96&d=mm&r=g","caption":"Assessoria de Imprensa ACE-Guarulhos"},"url":"https:\/\/www.aceguarulhos.com.br\/blog\/author\/assessoria-de-imprensa-ace-guarulhos\/"}]}},"wps_subtitle":"","amp_enabled":true,"_links":{"self":[{"href":"https:\/\/www.aceguarulhos.com.br\/blog\/wp-json\/wp\/v2\/posts\/29333","targetHints":{"allow":["GET"]}}],"collection":[{"href":"https:\/\/www.aceguarulhos.com.br\/blog\/wp-json\/wp\/v2\/posts"}],"about":[{"href":"https:\/\/www.aceguarulhos.com.br\/blog\/wp-json\/wp\/v2\/types\/post"}],"author":[{"embeddable":true,"href":"https:\/\/www.aceguarulhos.com.br\/blog\/wp-json\/wp\/v2\/users\/8"}],"replies":[{"embeddable":true,"href":"https:\/\/www.aceguarulhos.com.br\/blog\/wp-json\/wp\/v2\/comments?post=29333"}],"version-history":[{"count":0,"href":"https:\/\/www.aceguarulhos.com.br\/blog\/wp-json\/wp\/v2\/posts\/29333\/revisions"}],"wp:attachment":[{"href":"https:\/\/www.aceguarulhos.com.br\/blog\/wp-json\/wp\/v2\/media?parent=29333"}],"wp:term":[{"taxonomy":"category","embeddable":true,"href":"https:\/\/www.aceguarulhos.com.br\/blog\/wp-json\/wp\/v2\/categories?post=29333"},{"taxonomy":"post_tag","embeddable":true,"href":"https:\/\/www.aceguarulhos.com.br\/blog\/wp-json\/wp\/v2\/tags?post=29333"}],"curies":[{"name":"wp","href":"https:\/\/api.w.org\/{rel}","templated":true}]}}