{"id":29332,"date":"2005-05-04T08:51:13","date_gmt":"2005-05-04T08:51:13","guid":{"rendered":"http:\/\/www.aceguarulhos.com.br\/blog\/?p=29332"},"modified":"-0001-11-30T00:00:00","modified_gmt":"-0001-11-30T03:00:00","slug":"casas-andr%c3%a9-luiz-ganham-pr%c3%aamio","status":"publish","type":"post","link":"https:\/\/www.aceguarulhos.com.br\/blog\/casas-andr%c3%a9-luiz-ganham-pr%c3%aamio\/","title":{"rendered":"Casas Andr\u00e9 Luiz ganham pr\u00eamio"},"content":{"rendered":"<p><P><EM>Institui\u00e7\u00e3o presta atendimento a 1.430 portadores de defici\u00eancia mental e familiares de Guarulhos e outras cidades do Estado&#8230;<\/EM><\/P><P>Pela terceira vez, as Casas Andr\u00e9 Luiz recebem o Pr\u00eamio Bem Eficiente. Promovido pela Kanitz &#038; Associados, o pr\u00eamio que est\u00e1 na sua 9\u00aa edi\u00e7\u00e3o, destaca, todos os anos, as 50 entidades beneficentes mais bem administradas do Pa\u00eds. A premia\u00e7\u00e3o aconteceu na ter\u00e7a-feira, 3, \u00e0s 19h, na Sala S\u00e3o Paulo, da Esta\u00e7\u00e3o J\u00falio Prestes, em S\u00e3o Paulo. <\/P><P>O Centro Esp\u00edrita Nosso Lar Casas Andr\u00e9 Luiz \u00e9 uma entidade de car\u00e1ter religioso e filantr\u00f3pico que atende cerca de 1.430 pessoas de 7 a 50 anos de idade, portadores de defici\u00eancia mental (associada ou n\u00e3o a defici\u00eancias f\u00edsicas e sensoriais) e familiares. Concorreu ao pr\u00eamio entre 350 entidades, analisadas por 42 crit\u00e9rios segundo padr\u00f5es internacionais na \u00e1rea de benefic\u00eancias. <\/P><P>Para a diretora-secret\u00e1ria das Casas Andr\u00e9 Luiz, Cl\u00e9lia Borin, o pr\u00eamio amplia a visibilidade da institui\u00e7\u00e3o \u00e0s empresas e atendidos: &#8220;Esse pr\u00eamio mostra nosso trabalho e refor\u00e7a nossa credibilidade junto aos parceiros e fam\u00edlias&#8221;, afirma.<\/P><P><STRONG>ABRANG\u00caNCIA &#8211;<\/STRONG>\u00a0As Casas Andr\u00e9 Luiz tiveram sua funda\u00e7\u00e3o em 1949. A princ\u00edpio dedicava-se exclusivamente ao amparo de crian\u00e7as portadoras de defici\u00eancia mental, abrindo as portas a 15 crian\u00e7as. Atualmente, atende 630 pessoas em regime de internato na Unidade de Longa Perman\u00eancia, no Pican\u00e7o, e mais de 800 pacientes no ambulat\u00f3rio, na vila Galv\u00e3o. Possui tamb\u00e9m sete unidades do Mercatudo (m\u00f3veis e eletrodom\u00e9sticos) e um Bazar Permanente (roupas, cal\u00e7ados, produtos de inform\u00e1tica), onde s\u00e3o comercializados itens doados a pre\u00e7os acess\u00edveis. Trabalham na institui\u00e7\u00e3o 1.690 funcion\u00e1rios, entre m\u00e9dicos, t\u00e9cnicos, servi\u00e7o de apoio, administrativo e mais de 2.000 volunt\u00e1rios.<\/P><P>Um complexo de quatro pr\u00e9dios e grande \u00e1rea verde constitui a Unidade de Longa Perman\u00eancia. L\u00e1, os pacientes, a maioria entre 30 e 45 anos de idade, recebem atendimento nas \u00e1reas de sa\u00fade (todas as especialidades m\u00e9dicas e t\u00e9cnicas), educa\u00e7\u00e3o infantil e brinquedoteca, cultura (Cia. de Dan\u00e7a e coreoterapia, passeios), e projetos sociais (apoio a gestantes carentes e doa\u00e7\u00e3o de medicamentos \u00e0 comunidade de funcion\u00e1rios). <\/P><P><STRONG>CI\u00caNCIA E RELIGI\u00c3O &#8211; <\/STRONG>Nessa unidade, tamb\u00e9m se desenvolvem atividades voltadas para a espiritualidade, como energiza\u00e7\u00e3o e leitura e coment\u00e1rios sobre os livros de Allan Kardec (codificador da Doutrina Esp\u00edrita). &#8220;O uso de pr\u00e1ticas espirituais apresenta resultados positivos na evolu\u00e7\u00e3o cl\u00ednica e comportamental dos pacientes, segundo tese do dr. Frederico Le\u00e3o, diretor t\u00e9cnico da institui\u00e7\u00e3o, aprovada em agosto de 2004 pelo Departamento da Universidade de S\u00e3o Paulo (USP)&#8221;, informa a diretora.<\/P><P><STRONG>Programa de ado\u00e7\u00e3o: um gesto de amor transforma os padrinhos<\/STRONG><\/P><P>Grande parte dos internados na Unidade de Longa Perman\u00eancia foi deixada pelos familiares que, em geral, n\u00e3o assumem a responsabilidade sobre o paciente<EM>.<\/EM> <\/P><P>\u00c9 o caso de Alexandre Rafael, trazido pela m\u00e3e no ano de 1982. Mas gra\u00e7as ao programa &#8220;Apadrinhamento&#8221;, criado h\u00e1 11 anos, ele foi adotado em maio de 2000. O padrinho, Francisco Carlos F\u00e1vero, mostra anota\u00e7\u00f5es da esposa Waldirene: &#8220;Ele foi trazido na cadeira de rodas, todo encolhido, de olhos fechados e babando muito&#8221;, enquanto descreve o primeiro encontro: &#8220;Perguntamos a ele: como vai? E o m\u00e9dico disse: &#8220;ele n\u00e3o fala&#8221;; tentamos dizer o que sent\u00edamos. E o m\u00e9dico disse: &#8220;ele n\u00e3o ouve&#8221;; tentamos expressar em gestos nossa alegria: &#8220;ele n\u00e3o enxerga&#8221;; tentamos anim\u00e1-lo para uma volta: &#8220;ele n\u00e3o anda&#8221;.<\/P><P>Foi um choque, relata F\u00e1vero, emocionado. &#8220;Aparentemente, n\u00e3o h\u00e1 o que se fazer. Tivemos que trabalhar a necessidade de ver o corpo perfeito. Buscamos respostas e entendemos que o Alexandre \u00e9 um filho espiritual que veio para nos reeducar&#8221;, explica. Para ele, a ado\u00e7\u00e3o foi um grande aprendizado: &#8220;O Alexandre me tranformou em uma pessoa melhor, especialmente para minha fam\u00edlia&#8221;.<\/P><P><STRONG>FILA DE ESPERA &#8211;<\/STRONG>\u00a0Existem cerca de 50 pacientes \u00e0 espera de uma ado\u00e7\u00e3o. Para tornar-se madrinha ou padrinho, a pessoa passa por uma triagem. Uma das poucos exig\u00eancias \u00e9 disponibilidade de visita uma vez por m\u00eas.<\/P><P><STRONG>Entidade tem programa de inclus\u00e3o<\/STRONG><\/P><P>As Casas Andr\u00e9 Luiz t\u00eam a\u00e7\u00f5es voltadas para a inclus\u00e3o de jovens-adultos com pouco comprometimento intelectual e com maturidade socioemocional no mercado de trabalho, como o Programa de Orienta\u00e7\u00e3o e Habilita\u00e7\u00e3o Profissional (PROHAP) que, em dois anos de exist\u00eancia, no Ambulat\u00f3rio, incluiu 4, dos 13 portadores em condi\u00e7\u00f5es de atuar no mercado de trabalho. Assistidos na Unidade de Longa Perman\u00eancia tamb\u00e9m s\u00e3o absorvidos para trabalhar na unidade, como motoboys, auxiliar de almoxarifado, auxiliar de bazar, de padeiro etc.<\/P><P><STRONG>SUSTENTABILIDADE &#8211; <\/STRONG>O gasto mensal das Casas Andr\u00e9 Luiz \u00e9 de R$ 4 milh\u00f5es\/m\u00eas, sendo que apenas 1\/3 do total \u00e9 coberto pelo SUS e o restante, por meio de arrecada\u00e7\u00e3o. &#8220;Em alguns meses, o d\u00e9ficit chega a 15%, da\u00ed a import\u00e2ncia dos parceiros da institui\u00e7\u00e3o, que na maioria s\u00e3o pessoas f\u00edsicas (atrav\u00e9s do telemarketing) e s\u00f3cios contribuintes&#8221;, afirma Cl\u00e9lia. A institui\u00e7\u00e3o tem necessidade urgente de providenciar reformas estruturais nas unidades de interna\u00e7\u00e3o 3 e 4, para adequar-se a exig\u00eancias da Vigil\u00e2ncia Sanit\u00e1ria. &#8220;Os empres\u00e1rios que nos ap\u00f3iam tem visibilidade junto \u00e0 institui\u00e7\u00e3o&#8221;, garante Cl\u00e9lia. Entre os parceiros da entidade, Cl\u00e9lia cita a Drogaria Onofre, Votorantin, Camisa do Brasil (F\u00f3rum) e Abad (Associa\u00e7\u00e3o Brasileira de Distribuidores de Produtos Industrializados).<\/P><P><STRONG>SERVI\u00c7O &#8211;\u00a0<\/STRONG>Casas Andr\u00e9 Luiz &#8211; Unidade de Longa Perman\u00eancia, avenida Andr\u00e9 Luiz, 723, Pican\u00e7o, Tel.: 6457-4312; Ambulat\u00f3rio, rua Vicente Melro, 349, vila Galv\u00e3o, Tel.: 3252-4033; Mercatudo e Bazar Permanente, Tel.: 0800 7734066; site: <A href=\"http:\/\/www.andreluiz.org.br\">http:\/\/www.andreluiz.org.br<\/A><\/P><P><STRONG>Ambulat\u00f3rio: o investimento na vida que vale um sorriso<\/STRONG><\/P><P>O ambulat\u00f3rio das Casas Andr\u00e9 Luiz funciona na vila Galv\u00e3o h\u00e1 15 anos, e atende pessoas de Guarulhos, Grande S\u00e3o Paulo e outros munic\u00edpios, a maioria entre 0 a 35 anos de idade. Uma equipe de 17 t\u00e9cnicos, 18 auxiliares e oito volunt\u00e1rios \u00e9 respons\u00e1vel pelo atendimento terap\u00eautico para reabilita\u00e7\u00e3o como fisioterapia, fonoaudiologia e psicologia, e, pelo atendimento m\u00e9dico em todas as especialidades, como neurologia, psiquiatria, homeopatia, acupuntura e odontologia. &#8220;Os volunt\u00e1rios s\u00e3o fundamentais na absor\u00e7\u00e3o da demanda di\u00e1ria&#8221;, destaca Silvia Cristina Marra, fonoaudi\u00f3loga do ambulat\u00f3rio.<\/P><P>Vitor tem 10 anos de idade, e convive com a &#8220;tia Silvia&#8221; desde os seis meses de vida. Portador da S\u00edndrome de Donw, Vitor \u00e9 uma crian\u00e7a especial que n\u00e3o andava nem sentava, conta a m\u00e3e Deise Dina da Cruz Pereira, do Jardim Trememb\u00e9 (SP). &#8220;Logo que iniciou os tratamentos no ambulat\u00f3rio, come\u00e7ou a andar&#8221;, relata Deise, que fala da import\u00e2ncia do di\u00e1logo e destaca o trabalho do CITI e o apoio dos psic\u00f3logos aos familiares: &#8220;Eu converso muito com o Vitor, explico como as coisas s\u00e3o e, ao mesmo tempo, o circo terap\u00eautico faz acontecer a conviv\u00eancia dele em grupo. \u00c0s vezes \u00e9 dif\u00edcil ter o autocontrole da minha expectativa sobre o desenvolvimento do Vitor, mas aprendi aqui a perceber o quanto ele ganhou nesses anos. Hoje um sorriso do meu filho tem grande valor para mim&#8221;. M.P.<\/P><P><STRONG>Marisa Pulsone<\/STRONG><BR><\/P><\/p>\n","protected":false},"excerpt":{"rendered":"Institui\u00e7\u00e3o presta atendimento a 1.430 portadores de defici\u00eancia mental e familiares de Guarulhos e outras cidades do Estado&#8230;Pela terceira vez, as Casas Andr\u00e9 \n<a class=\"moretag\" href=\"https:\/\/www.aceguarulhos.com.br\/blog\/casas-andr%c3%a9-luiz-ganham-pr%c3%aamio\/\"> [...]<\/a>","protected":false},"author":8,"featured_media":0,"comment_status":"open","ping_status":"open","sticky":false,"template":"","format":"standard","meta":{"footnotes":""},"categories":[2],"tags":[],"class_list":["post-29332","post","type-post","status-publish","format-standard","hentry","category-noticias"],"yoast_head":"<!-- This site is optimized with the Yoast SEO plugin v28.1 - https:\/\/yoast.com\/product\/yoast-seo-wordpress\/ -->\n<title>Casas Andr\u00e9 Luiz ganham pr\u00eamio - ACE-Guarulhos<\/title>\n<meta name=\"robots\" content=\"index, follow, max-snippet:-1, max-image-preview:large, max-video-preview:-1\" \/>\n<link rel=\"canonical\" href=\"https:\/\/www.aceguarulhos.com.br\/blog\/casas-andr\u00e9-luiz-ganham-pr\u00eamio\/\" \/>\n<meta property=\"og:locale\" content=\"pt_BR\" \/>\n<meta property=\"og:type\" content=\"article\" \/>\n<meta property=\"og:title\" content=\"Casas Andr\u00e9 Luiz ganham pr\u00eamio - ACE-Guarulhos\" \/>\n<meta property=\"og:description\" content=\"Institui\u00e7\u00e3o presta atendimento a 1.430 portadores de defici\u00eancia mental e familiares de Guarulhos e outras cidades do Estado&#8230;Pela terceira vez, as Casas Andr\u00e9\" \/>\n<meta property=\"og:url\" content=\"https:\/\/www.aceguarulhos.com.br\/blog\/casas-andr\u00e9-luiz-ganham-pr\u00eamio\/\" \/>\n<meta property=\"og:site_name\" content=\"ACE-Guarulhos\" \/>\n<meta property=\"article:publisher\" content=\"https:\/\/www.facebook.com\/aceguarulhos\/\" \/>\n<meta property=\"article:published_time\" content=\"2005-05-04T08:51:13+00:00\" \/>\n<meta name=\"author\" content=\"Assessoria de Imprensa ACE-Guarulhos\" \/>\n<meta name=\"twitter:card\" content=\"summary_large_image\" \/>\n<meta name=\"twitter:label1\" content=\"Escrito por\" \/>\n\t<meta name=\"twitter:data1\" content=\"Assessoria de Imprensa ACE-Guarulhos\" \/>\n\t<meta name=\"twitter:label2\" content=\"Est. tempo de leitura\" \/>\n\t<meta name=\"twitter:data2\" content=\"6 minutos\" \/>\n<script type=\"application\/ld+json\" class=\"yoast-schema-graph\">{\"@context\":\"https:\\\/\\\/schema.org\",\"@graph\":[{\"@type\":\"Article\",\"@id\":\"https:\\\/\\\/www.aceguarulhos.com.br\\\/blog\\\/casas-andr%c3%a9-luiz-ganham-pr%c3%aamio\\\/#article\",\"isPartOf\":{\"@id\":\"https:\\\/\\\/www.aceguarulhos.com.br\\\/blog\\\/casas-andr%c3%a9-luiz-ganham-pr%c3%aamio\\\/\"},\"author\":{\"name\":\"Assessoria de Imprensa ACE-Guarulhos\",\"@id\":\"https:\\\/\\\/www.aceguarulhos.com.br\\\/blog\\\/#\\\/schema\\\/person\\\/6983b51bad37489989e4f09698c26237\"},\"headline\":\"Casas Andr\u00e9 Luiz ganham pr\u00eamio\",\"datePublished\":\"2005-05-04T08:51:13+00:00\",\"mainEntityOfPage\":{\"@id\":\"https:\\\/\\\/www.aceguarulhos.com.br\\\/blog\\\/casas-andr%c3%a9-luiz-ganham-pr%c3%aamio\\\/\"},\"wordCount\":1234,\"commentCount\":0,\"publisher\":{\"@id\":\"https:\\\/\\\/www.aceguarulhos.com.br\\\/blog\\\/#organization\"},\"articleSection\":[\"Not\u00edcias\"],\"inLanguage\":\"pt-BR\"},{\"@type\":\"WebPage\",\"@id\":\"https:\\\/\\\/www.aceguarulhos.com.br\\\/blog\\\/casas-andr%c3%a9-luiz-ganham-pr%c3%aamio\\\/\",\"url\":\"https:\\\/\\\/www.aceguarulhos.com.br\\\/blog\\\/casas-andr%c3%a9-luiz-ganham-pr%c3%aamio\\\/\",\"name\":\"Casas Andr\u00e9 Luiz ganham pr\u00eamio - ACE-Guarulhos\",\"isPartOf\":{\"@id\":\"https:\\\/\\\/www.aceguarulhos.com.br\\\/blog\\\/#website\"},\"datePublished\":\"2005-05-04T08:51:13+00:00\",\"breadcrumb\":{\"@id\":\"https:\\\/\\\/www.aceguarulhos.com.br\\\/blog\\\/casas-andr%c3%a9-luiz-ganham-pr%c3%aamio\\\/#breadcrumb\"},\"inLanguage\":\"pt-BR\",\"potentialAction\":[{\"@type\":\"ReadAction\",\"target\":[\"https:\\\/\\\/www.aceguarulhos.com.br\\\/blog\\\/casas-andr%c3%a9-luiz-ganham-pr%c3%aamio\\\/\"]}]},{\"@type\":\"BreadcrumbList\",\"@id\":\"https:\\\/\\\/www.aceguarulhos.com.br\\\/blog\\\/casas-andr%c3%a9-luiz-ganham-pr%c3%aamio\\\/#breadcrumb\",\"itemListElement\":[{\"@type\":\"ListItem\",\"position\":1,\"name\":\"In\u00edcio\",\"item\":\"https:\\\/\\\/www.aceguarulhos.com.br\\\/blog\\\/\"},{\"@type\":\"ListItem\",\"position\":2,\"name\":\"Casas Andr\u00e9 Luiz ganham pr\u00eamio\"}]},{\"@type\":\"WebSite\",\"@id\":\"https:\\\/\\\/www.aceguarulhos.com.br\\\/blog\\\/#website\",\"url\":\"https:\\\/\\\/www.aceguarulhos.com.br\\\/blog\\\/\",\"name\":\"ACE-Guarulhos\",\"description\":\"A ACE-Guarulhos \u00e9 uma associa\u00e7\u00e3o que ap\u00f3ia os empres\u00e1rios guarulhenses atrav\u00e9s da representa\u00e7\u00e3o, da gera\u00e7\u00e3o de neg\u00f3cios e presta\u00e7\u00e3o de servi\u00e7os.\",\"publisher\":{\"@id\":\"https:\\\/\\\/www.aceguarulhos.com.br\\\/blog\\\/#organization\"},\"potentialAction\":[{\"@type\":\"SearchAction\",\"target\":{\"@type\":\"EntryPoint\",\"urlTemplate\":\"https:\\\/\\\/www.aceguarulhos.com.br\\\/blog\\\/?s={search_term_string}\"},\"query-input\":{\"@type\":\"PropertyValueSpecification\",\"valueRequired\":true,\"valueName\":\"search_term_string\"}}],\"inLanguage\":\"pt-BR\"},{\"@type\":\"Organization\",\"@id\":\"https:\\\/\\\/www.aceguarulhos.com.br\\\/blog\\\/#organization\",\"name\":\"ACE-Guarulhos\",\"url\":\"https:\\\/\\\/www.aceguarulhos.com.br\\\/blog\\\/\",\"logo\":{\"@type\":\"ImageObject\",\"inLanguage\":\"pt-BR\",\"@id\":\"https:\\\/\\\/www.aceguarulhos.com.br\\\/blog\\\/#\\\/schema\\\/logo\\\/image\\\/\",\"url\":\"https:\\\/\\\/www.aceguarulhos.com.br\\\/blog\\\/wp-content\\\/uploads\\\/2017\\\/12\\\/logo-aceguarulhos-2018.png\",\"contentUrl\":\"https:\\\/\\\/www.aceguarulhos.com.br\\\/blog\\\/wp-content\\\/uploads\\\/2017\\\/12\\\/logo-aceguarulhos-2018.png\",\"width\":419,\"height\":76,\"caption\":\"ACE-Guarulhos\"},\"image\":{\"@id\":\"https:\\\/\\\/www.aceguarulhos.com.br\\\/blog\\\/#\\\/schema\\\/logo\\\/image\\\/\"},\"sameAs\":[\"https:\\\/\\\/www.facebook.com\\\/aceguarulhos\\\/\",\"https:\\\/\\\/br.linkedin.com\\\/in\\\/ace-guarulhos-b9a97093\",\"https:\\\/\\\/www.youtube.com\\\/user\\\/aceguarulhos\"]},{\"@type\":\"Person\",\"@id\":\"https:\\\/\\\/www.aceguarulhos.com.br\\\/blog\\\/#\\\/schema\\\/person\\\/6983b51bad37489989e4f09698c26237\",\"name\":\"Assessoria de Imprensa ACE-Guarulhos\",\"image\":{\"@type\":\"ImageObject\",\"inLanguage\":\"pt-BR\",\"@id\":\"https:\\\/\\\/secure.gravatar.com\\\/avatar\\\/707f3fadd6918afeb64173ab22d8a8cb0676953098a4f31ff36dc2b4c699ef6a?s=96&d=mm&r=g\",\"url\":\"https:\\\/\\\/secure.gravatar.com\\\/avatar\\\/707f3fadd6918afeb64173ab22d8a8cb0676953098a4f31ff36dc2b4c699ef6a?s=96&d=mm&r=g\",\"contentUrl\":\"https:\\\/\\\/secure.gravatar.com\\\/avatar\\\/707f3fadd6918afeb64173ab22d8a8cb0676953098a4f31ff36dc2b4c699ef6a?s=96&d=mm&r=g\",\"caption\":\"Assessoria de Imprensa ACE-Guarulhos\"},\"url\":\"https:\\\/\\\/www.aceguarulhos.com.br\\\/blog\\\/author\\\/assessoria-de-imprensa-ace-guarulhos\\\/\"}]}<\/script>\n<!-- \/ Yoast SEO plugin. -->","yoast_head_json":{"title":"Casas Andr\u00e9 Luiz ganham pr\u00eamio - ACE-Guarulhos","robots":{"index":"index","follow":"follow","max-snippet":"max-snippet:-1","max-image-preview":"max-image-preview:large","max-video-preview":"max-video-preview:-1"},"canonical":"https:\/\/www.aceguarulhos.com.br\/blog\/casas-andr\u00e9-luiz-ganham-pr\u00eamio\/","og_locale":"pt_BR","og_type":"article","og_title":"Casas Andr\u00e9 Luiz ganham pr\u00eamio - ACE-Guarulhos","og_description":"Institui\u00e7\u00e3o presta atendimento a 1.430 portadores de defici\u00eancia mental e familiares de Guarulhos e outras cidades do Estado&#8230;Pela terceira vez, as Casas Andr\u00e9","og_url":"https:\/\/www.aceguarulhos.com.br\/blog\/casas-andr\u00e9-luiz-ganham-pr\u00eamio\/","og_site_name":"ACE-Guarulhos","article_publisher":"https:\/\/www.facebook.com\/aceguarulhos\/","article_published_time":"2005-05-04T08:51:13+00:00","author":"Assessoria de Imprensa ACE-Guarulhos","twitter_card":"summary_large_image","twitter_misc":{"Escrito por":"Assessoria de Imprensa ACE-Guarulhos","Est. tempo de leitura":"6 minutos"},"schema":{"@context":"https:\/\/schema.org","@graph":[{"@type":"Article","@id":"https:\/\/www.aceguarulhos.com.br\/blog\/casas-andr%c3%a9-luiz-ganham-pr%c3%aamio\/#article","isPartOf":{"@id":"https:\/\/www.aceguarulhos.com.br\/blog\/casas-andr%c3%a9-luiz-ganham-pr%c3%aamio\/"},"author":{"name":"Assessoria de Imprensa ACE-Guarulhos","@id":"https:\/\/www.aceguarulhos.com.br\/blog\/#\/schema\/person\/6983b51bad37489989e4f09698c26237"},"headline":"Casas Andr\u00e9 Luiz ganham pr\u00eamio","datePublished":"2005-05-04T08:51:13+00:00","mainEntityOfPage":{"@id":"https:\/\/www.aceguarulhos.com.br\/blog\/casas-andr%c3%a9-luiz-ganham-pr%c3%aamio\/"},"wordCount":1234,"commentCount":0,"publisher":{"@id":"https:\/\/www.aceguarulhos.com.br\/blog\/#organization"},"articleSection":["Not\u00edcias"],"inLanguage":"pt-BR"},{"@type":"WebPage","@id":"https:\/\/www.aceguarulhos.com.br\/blog\/casas-andr%c3%a9-luiz-ganham-pr%c3%aamio\/","url":"https:\/\/www.aceguarulhos.com.br\/blog\/casas-andr%c3%a9-luiz-ganham-pr%c3%aamio\/","name":"Casas Andr\u00e9 Luiz ganham pr\u00eamio - ACE-Guarulhos","isPartOf":{"@id":"https:\/\/www.aceguarulhos.com.br\/blog\/#website"},"datePublished":"2005-05-04T08:51:13+00:00","breadcrumb":{"@id":"https:\/\/www.aceguarulhos.com.br\/blog\/casas-andr%c3%a9-luiz-ganham-pr%c3%aamio\/#breadcrumb"},"inLanguage":"pt-BR","potentialAction":[{"@type":"ReadAction","target":["https:\/\/www.aceguarulhos.com.br\/blog\/casas-andr%c3%a9-luiz-ganham-pr%c3%aamio\/"]}]},{"@type":"BreadcrumbList","@id":"https:\/\/www.aceguarulhos.com.br\/blog\/casas-andr%c3%a9-luiz-ganham-pr%c3%aamio\/#breadcrumb","itemListElement":[{"@type":"ListItem","position":1,"name":"In\u00edcio","item":"https:\/\/www.aceguarulhos.com.br\/blog\/"},{"@type":"ListItem","position":2,"name":"Casas Andr\u00e9 Luiz ganham pr\u00eamio"}]},{"@type":"WebSite","@id":"https:\/\/www.aceguarulhos.com.br\/blog\/#website","url":"https:\/\/www.aceguarulhos.com.br\/blog\/","name":"ACE-Guarulhos","description":"A ACE-Guarulhos \u00e9 uma associa\u00e7\u00e3o que ap\u00f3ia os empres\u00e1rios guarulhenses atrav\u00e9s da representa\u00e7\u00e3o, da gera\u00e7\u00e3o de neg\u00f3cios e presta\u00e7\u00e3o de servi\u00e7os.","publisher":{"@id":"https:\/\/www.aceguarulhos.com.br\/blog\/#organization"},"potentialAction":[{"@type":"SearchAction","target":{"@type":"EntryPoint","urlTemplate":"https:\/\/www.aceguarulhos.com.br\/blog\/?s={search_term_string}"},"query-input":{"@type":"PropertyValueSpecification","valueRequired":true,"valueName":"search_term_string"}}],"inLanguage":"pt-BR"},{"@type":"Organization","@id":"https:\/\/www.aceguarulhos.com.br\/blog\/#organization","name":"ACE-Guarulhos","url":"https:\/\/www.aceguarulhos.com.br\/blog\/","logo":{"@type":"ImageObject","inLanguage":"pt-BR","@id":"https:\/\/www.aceguarulhos.com.br\/blog\/#\/schema\/logo\/image\/","url":"https:\/\/www.aceguarulhos.com.br\/blog\/wp-content\/uploads\/2017\/12\/logo-aceguarulhos-2018.png","contentUrl":"https:\/\/www.aceguarulhos.com.br\/blog\/wp-content\/uploads\/2017\/12\/logo-aceguarulhos-2018.png","width":419,"height":76,"caption":"ACE-Guarulhos"},"image":{"@id":"https:\/\/www.aceguarulhos.com.br\/blog\/#\/schema\/logo\/image\/"},"sameAs":["https:\/\/www.facebook.com\/aceguarulhos\/","https:\/\/br.linkedin.com\/in\/ace-guarulhos-b9a97093","https:\/\/www.youtube.com\/user\/aceguarulhos"]},{"@type":"Person","@id":"https:\/\/www.aceguarulhos.com.br\/blog\/#\/schema\/person\/6983b51bad37489989e4f09698c26237","name":"Assessoria de Imprensa ACE-Guarulhos","image":{"@type":"ImageObject","inLanguage":"pt-BR","@id":"https:\/\/secure.gravatar.com\/avatar\/707f3fadd6918afeb64173ab22d8a8cb0676953098a4f31ff36dc2b4c699ef6a?s=96&d=mm&r=g","url":"https:\/\/secure.gravatar.com\/avatar\/707f3fadd6918afeb64173ab22d8a8cb0676953098a4f31ff36dc2b4c699ef6a?s=96&d=mm&r=g","contentUrl":"https:\/\/secure.gravatar.com\/avatar\/707f3fadd6918afeb64173ab22d8a8cb0676953098a4f31ff36dc2b4c699ef6a?s=96&d=mm&r=g","caption":"Assessoria de Imprensa ACE-Guarulhos"},"url":"https:\/\/www.aceguarulhos.com.br\/blog\/author\/assessoria-de-imprensa-ace-guarulhos\/"}]}},"wps_subtitle":"","amp_enabled":true,"_links":{"self":[{"href":"https:\/\/www.aceguarulhos.com.br\/blog\/wp-json\/wp\/v2\/posts\/29332","targetHints":{"allow":["GET"]}}],"collection":[{"href":"https:\/\/www.aceguarulhos.com.br\/blog\/wp-json\/wp\/v2\/posts"}],"about":[{"href":"https:\/\/www.aceguarulhos.com.br\/blog\/wp-json\/wp\/v2\/types\/post"}],"author":[{"embeddable":true,"href":"https:\/\/www.aceguarulhos.com.br\/blog\/wp-json\/wp\/v2\/users\/8"}],"replies":[{"embeddable":true,"href":"https:\/\/www.aceguarulhos.com.br\/blog\/wp-json\/wp\/v2\/comments?post=29332"}],"version-history":[{"count":0,"href":"https:\/\/www.aceguarulhos.com.br\/blog\/wp-json\/wp\/v2\/posts\/29332\/revisions"}],"wp:attachment":[{"href":"https:\/\/www.aceguarulhos.com.br\/blog\/wp-json\/wp\/v2\/media?parent=29332"}],"wp:term":[{"taxonomy":"category","embeddable":true,"href":"https:\/\/www.aceguarulhos.com.br\/blog\/wp-json\/wp\/v2\/categories?post=29332"},{"taxonomy":"post_tag","embeddable":true,"href":"https:\/\/www.aceguarulhos.com.br\/blog\/wp-json\/wp\/v2\/tags?post=29332"}],"curies":[{"name":"wp","href":"https:\/\/api.w.org\/{rel}","templated":true}]}}