{"id":29273,"date":"2005-04-04T15:07:49","date_gmt":"2005-04-04T15:07:49","guid":{"rendered":"http:\/\/www.aceguarulhos.com.br\/blog\/?p=29273"},"modified":"-0001-11-30T00:00:00","modified_gmt":"-0001-11-30T03:00:00","slug":"o-santo-padre-voltou-para-a-casa-do-pai","status":"publish","type":"post","link":"https:\/\/www.aceguarulhos.com.br\/blog\/o-santo-padre-voltou-para-a-casa-do-pai\/","title":{"rendered":"O Santo Padre voltou para a casa do Pai"},"content":{"rendered":"<p><P><EM>O vel\u00f3rio do papa Jo\u00e3o Paulo II, na bas\u00edlica de S\u00e3o Pedro, dever\u00e1 permanecer aberto ao p\u00fablico por, pelo menos, tr\u00eas dias.<\/EM><\/P><P>Quinze horas depois de o arcebispo Leonardo Sandri aparecer \u00e0 frente da multid\u00e3o na Pra\u00e7a S\u00e3o Pedro e anunciar &#8220;Nosso Santo Padre Jo\u00e3o Paulo voltou para a casa do Pai&#8221;, o corpo do pont\u00edfice foi colocado em exposi\u00e7\u00e3o. Com vestimenta carmesim e branca e um chap\u00e9u tradicional de bispo, ele foi colocado em um altar na sala de afrescos do Vaticano.<\/P><P>A face do papa parecia ao mesmo tempo serena e dolorida, mostrando claramente os sinais do sofrimento f\u00edsico que o atingiu nos \u00faltimas dias de vida. Assessores pessoais, cardeais, bispos, freiras, dignat\u00e1rios e funcion\u00e1rios do Vaticano passaram na frente do homem a quem serviram e amaram durante mais de um quarto de s\u00e9culo.<\/P><P>A cabe\u00e7a do papa est\u00e1 encostada em travesseiros e sua cruz de prata pastoral posicionada sobre o bra\u00e7o. Um ros\u00e1rio de madeira foi colocado em suas m\u00e3os. O corpo foi aben\u00e7oado com \u00e1gua benta e ser\u00e1 levado para a Bas\u00edlica de S\u00e3o Pedro para visita\u00e7\u00e3o p\u00fablica por volta das 17h de hoje (12h de Bras\u00edlia). <\/P><P><STRONG>Pra\u00e7a de S\u00e3o Pedro<\/STRONG> &#8211; As palavras do papa Jo\u00e3o Paulo 2\u00ba soaram na Pra\u00e7a de S\u00e3o Pedro, onde milhares de fi\u00e9is do mundo inteiro se reuniram para uma missa ontem. Algumas pessoas choraram quando um arcebispo come\u00e7ou a ler uma declara\u00e7\u00e3o que o papa preparou para a missa regular de domingo, concentrada na esperan\u00e7a que os crist\u00e3os colocam na morte de Jesus e na ressurrei\u00e7\u00e3o. &#8220;Para toda a humanidade, que hoje parece t\u00e3o perdida e dominada pelo poder do mal, ego\u00edsmo e medo, nosso Senhor ressuscitado nos d\u00e1 seu amor que perdoa, reconcilia e reabre a alma para a esperan\u00e7a&#8221;, dizia a mensagem.<BR>&#8220;Eu o vi&#8230; ele morreu com a serenidade dos santos&#8221;, disse o cardeal Angelo Sodano, secret\u00e1rio de Estado do Vaticano, que presidiu a missa. Na homilia preparada para a missa, Sodano chamou o papa de &#8220;Jo\u00e3o Paulo 2\u00ba, ou melhor, Jo\u00e3o Paulo o Grande&#8221;, unindo-se a outros homens da igreja que sugeriram o t\u00edtulo ao pont\u00edfice polon\u00eas, que rompeu diversos recordes em 26 anos de papado.<\/P><P><STRONG>Funerais<\/STRONG> &#8211; O Vaticano, Roma e o pr\u00f3prio governo da It\u00e1lia se preparam para receber aproximadamente 2 milh\u00f5es de pessoas, a partir de hoje, que ir\u00e3o prestar as \u00faltimas homenagens ao papa. O Vaticano n\u00e3o comenta os preparativos e protocolos que ser\u00e3o organizados para o enterro por uma quest\u00e3o de &#8220;\u00e9tica&#8221; mas j\u00e1 confirmou alguns atos dos ritos f\u00fanebres de Jo\u00e3o Paulo II. A primeira congrega\u00e7\u00e3o geral de cardeais se re\u00fane hoje \u00e0s 10h (5h de Bras\u00edlia) no Pal\u00e1cio Apost\u00f3lico do Vaticano para preparar o funeral solene, que n\u00e3o acontecer\u00e1 antes de quinta-feira, dia 7 de abril. <BR>O vel\u00f3rio na Bas\u00edlica de S\u00e3o Pedro dever\u00e1 permanecer aberto ao p\u00fablico por, pelo menos, tr\u00eas dias. Ainda hoje o Vaticano deve confirmar a data exata do funeral solene. A segunda-feira, dia 11 de abril, \u00e9 o \u00faltimo dos nove dias de luto decretados pelo Vaticano. O domingo, dia 17, marca o in\u00edcio do per\u00edodo de cinco dias em que pode ser convocado o conclave que eleger\u00e1 o novo papa.<\/P><P><STRONG>Causa da morte<\/STRONG> &#8211; O papa Jo\u00e3o Paulo II morreu de choque s\u00e9ptico e de fal\u00eancia card\u00edaca, segundo o atestado de \u00f3bito assinado pelo m\u00e9dico pessoal do pont\u00edfice. &#8220;Eu certifico que sua Santidade Jo\u00e3o Paulo II morreu \u00e0s 21h37 (hor\u00e1rio local, 16h37 no hor\u00e1rio de Bras\u00edlia) de 2 de abril de 2005, em seu apartamento no Pal\u00e1cio Apost\u00f3lico do Vaticano, de choque s\u00e9ptico e fal\u00eancia cardiocirculat\u00f3ria irrevers\u00edvel&#8221;, informou o atestado.<BR>\u00a0<BR>Como h\u00e1 de ser para todos n\u00f3s, para o papa Jo\u00e3o Paulo II acaba de chegar a &#8220;indesej\u00e1vel das gentes&#8221;, como duramente dizia Manuel Bandeira, ou &#8220;a nossa irm\u00e3 morte&#8221;, como docemente cantava S\u00e3o Francisco de Assis. Os cat\u00f3licos &#8211; para ser mais exato, o mundo inteiro &#8211; aguardaram essa not\u00edcia inexor\u00e1vel, embora sempre adiada para a surpresa e o al\u00edvio de todos quantos ele evangelicamente seduziu, durante muitos, longos e dific\u00edlimos anos. Na linguagem religiosa, a Igreja nos ensina que &#8220;sua vida n\u00e3o foi tirada, mas transformada, e se lhe \u00e9 destru\u00edda a morada desta habita\u00e7\u00e3o terrestre, est\u00e1-lhe preparada nos c\u00e9us uma habita\u00e7\u00e3o eterna, brilhando para ele a luz da feliz ressurrei\u00e7\u00e3o&#8221;.<\/P><P><STRONG>Permanece a f\u00e9<\/STRONG> &#8211; Jamais escondida por qualquer ideologia &#8211; de que, pelos misteriosos caminhos de Deus, esse Santo Padre continuar\u00e1 vivo. N\u00e3o foi o que escreveu Walter Benjamin: &#8220;viver n\u00e3o \u00e9 somente existir&#8221;? O sucessor do pescador C\u00e9fas-Pedro, a quem Jesus confiou a guia do seu min\u00fasculo rebanho, deixou para a posteridade um exemplo luminoso e de impressionante robustez. Quanto mais fr\u00e1gil fisicamente, mais se avultava a estatura moral. N\u00e3o desperdi\u00e7ou um minuto sequer para a supera\u00e7\u00e3o das diversas formas de opress\u00e3o, para o di\u00e1logo, promo\u00e7\u00e3o da paz, as mais exigentes propostas de vida para os jovens, o intermitente testemunho de um conv\u00edvio com a transcend\u00eancia.<BR>&#8220;Servus servorum Dei&#8221; (Servo dos servos de Deus), o t\u00edtulo que mais conv\u00e9m a um papa. A express\u00e3o vem de Greg\u00f3rio Magno, no s\u00e9culo VI. <BR>Que servi\u00e7o pode prestar a Igreja? Um santo espanhol, Domingos de Guzm\u00e1n, na velho s\u00e9culo XIII, sintetizou qual o servi\u00e7o que se deve esperar da Igreja: &#8220;negotium fidei et pacis&#8221; (um empreendimento de f\u00e9 e de paz). Da Igreja se sup\u00f5e, mas n\u00e3o se deve esperar necessariamente as compet\u00eancias de ordem terrena. Jo\u00e3o Paulo II, efetivamente e durante 27 anos, contagiou o mundo com uma a\u00e7\u00e3o de ordem pol\u00edtica e social. Ningu\u00e9m h\u00e1 de negar-lhe esse m\u00e9rito. Mas ele n\u00e3o saiu da rota que lhe foi tra\u00e7ada pelo carpinteiro Jesus de Nazar\u00e9.<BR>Jo\u00e3o Paulo II, pela consist\u00eancia da sua vigorosa f\u00e9 e pela entrega total de sua vida de homem e de pastor, num n\u00edvel que atinge as f\u00edmbrias do hero\u00edsmo, foi um verdadeiro servo da f\u00e9 e da paz.<\/P><P><STRONG>Domingos Zamagna<\/STRONG> \u00e9 jornalista e professor de Filosofia.<\/P><\/p>\n","protected":false},"excerpt":{"rendered":"O vel\u00f3rio do papa Jo\u00e3o Paulo II, na bas\u00edlica de S\u00e3o Pedro, dever\u00e1 permanecer aberto ao p\u00fablico por, pelo menos, tr\u00eas dias.Quinze horas \n<a class=\"moretag\" href=\"https:\/\/www.aceguarulhos.com.br\/blog\/o-santo-padre-voltou-para-a-casa-do-pai\/\"> [...]<\/a>","protected":false},"author":8,"featured_media":0,"comment_status":"open","ping_status":"open","sticky":false,"template":"","format":"standard","meta":{"footnotes":""},"categories":[2],"tags":[],"class_list":["post-29273","post","type-post","status-publish","format-standard","hentry","category-noticias"],"yoast_head":"<!-- This site is optimized with the Yoast SEO plugin v28.1 - https:\/\/yoast.com\/product\/yoast-seo-wordpress\/ -->\n<title>O Santo Padre voltou para a casa do Pai - ACE-Guarulhos<\/title>\n<meta name=\"robots\" content=\"index, follow, max-snippet:-1, max-image-preview:large, max-video-preview:-1\" \/>\n<link rel=\"canonical\" href=\"https:\/\/www.aceguarulhos.com.br\/blog\/o-santo-padre-voltou-para-a-casa-do-pai\/\" \/>\n<meta property=\"og:locale\" content=\"pt_BR\" \/>\n<meta property=\"og:type\" content=\"article\" \/>\n<meta property=\"og:title\" content=\"O Santo Padre voltou para a casa do Pai - ACE-Guarulhos\" \/>\n<meta property=\"og:description\" content=\"O vel\u00f3rio do papa Jo\u00e3o Paulo II, na bas\u00edlica de S\u00e3o Pedro, dever\u00e1 permanecer aberto ao p\u00fablico por, pelo menos, tr\u00eas dias.Quinze horas\" \/>\n<meta property=\"og:url\" content=\"https:\/\/www.aceguarulhos.com.br\/blog\/o-santo-padre-voltou-para-a-casa-do-pai\/\" \/>\n<meta property=\"og:site_name\" content=\"ACE-Guarulhos\" \/>\n<meta property=\"article:publisher\" content=\"https:\/\/www.facebook.com\/aceguarulhos\/\" \/>\n<meta property=\"article:published_time\" content=\"2005-04-04T15:07:49+00:00\" \/>\n<meta name=\"author\" content=\"Assessoria de Imprensa ACE-Guarulhos\" \/>\n<meta name=\"twitter:card\" content=\"summary_large_image\" \/>\n<meta name=\"twitter:label1\" content=\"Escrito por\" \/>\n\t<meta name=\"twitter:data1\" content=\"Assessoria de Imprensa ACE-Guarulhos\" \/>\n\t<meta name=\"twitter:label2\" content=\"Est. tempo de leitura\" \/>\n\t<meta name=\"twitter:data2\" content=\"6 minutos\" \/>\n<script type=\"application\/ld+json\" class=\"yoast-schema-graph\">{\"@context\":\"https:\\\/\\\/schema.org\",\"@graph\":[{\"@type\":\"Article\",\"@id\":\"https:\\\/\\\/www.aceguarulhos.com.br\\\/blog\\\/o-santo-padre-voltou-para-a-casa-do-pai\\\/#article\",\"isPartOf\":{\"@id\":\"https:\\\/\\\/www.aceguarulhos.com.br\\\/blog\\\/o-santo-padre-voltou-para-a-casa-do-pai\\\/\"},\"author\":{\"name\":\"Assessoria de Imprensa ACE-Guarulhos\",\"@id\":\"https:\\\/\\\/www.aceguarulhos.com.br\\\/blog\\\/#\\\/schema\\\/person\\\/6983b51bad37489989e4f09698c26237\"},\"headline\":\"O Santo Padre voltou para a casa do Pai\",\"datePublished\":\"2005-04-04T15:07:49+00:00\",\"mainEntityOfPage\":{\"@id\":\"https:\\\/\\\/www.aceguarulhos.com.br\\\/blog\\\/o-santo-padre-voltou-para-a-casa-do-pai\\\/\"},\"wordCount\":1113,\"commentCount\":0,\"publisher\":{\"@id\":\"https:\\\/\\\/www.aceguarulhos.com.br\\\/blog\\\/#organization\"},\"articleSection\":[\"Not\u00edcias\"],\"inLanguage\":\"pt-BR\"},{\"@type\":\"WebPage\",\"@id\":\"https:\\\/\\\/www.aceguarulhos.com.br\\\/blog\\\/o-santo-padre-voltou-para-a-casa-do-pai\\\/\",\"url\":\"https:\\\/\\\/www.aceguarulhos.com.br\\\/blog\\\/o-santo-padre-voltou-para-a-casa-do-pai\\\/\",\"name\":\"O Santo Padre voltou para a casa do Pai - ACE-Guarulhos\",\"isPartOf\":{\"@id\":\"https:\\\/\\\/www.aceguarulhos.com.br\\\/blog\\\/#website\"},\"datePublished\":\"2005-04-04T15:07:49+00:00\",\"breadcrumb\":{\"@id\":\"https:\\\/\\\/www.aceguarulhos.com.br\\\/blog\\\/o-santo-padre-voltou-para-a-casa-do-pai\\\/#breadcrumb\"},\"inLanguage\":\"pt-BR\",\"potentialAction\":[{\"@type\":\"ReadAction\",\"target\":[\"https:\\\/\\\/www.aceguarulhos.com.br\\\/blog\\\/o-santo-padre-voltou-para-a-casa-do-pai\\\/\"]}]},{\"@type\":\"BreadcrumbList\",\"@id\":\"https:\\\/\\\/www.aceguarulhos.com.br\\\/blog\\\/o-santo-padre-voltou-para-a-casa-do-pai\\\/#breadcrumb\",\"itemListElement\":[{\"@type\":\"ListItem\",\"position\":1,\"name\":\"In\u00edcio\",\"item\":\"https:\\\/\\\/www.aceguarulhos.com.br\\\/blog\\\/\"},{\"@type\":\"ListItem\",\"position\":2,\"name\":\"O Santo Padre voltou para a casa do Pai\"}]},{\"@type\":\"WebSite\",\"@id\":\"https:\\\/\\\/www.aceguarulhos.com.br\\\/blog\\\/#website\",\"url\":\"https:\\\/\\\/www.aceguarulhos.com.br\\\/blog\\\/\",\"name\":\"ACE-Guarulhos\",\"description\":\"A ACE-Guarulhos \u00e9 uma associa\u00e7\u00e3o que ap\u00f3ia os empres\u00e1rios guarulhenses atrav\u00e9s da representa\u00e7\u00e3o, da gera\u00e7\u00e3o de neg\u00f3cios e presta\u00e7\u00e3o de servi\u00e7os.\",\"publisher\":{\"@id\":\"https:\\\/\\\/www.aceguarulhos.com.br\\\/blog\\\/#organization\"},\"potentialAction\":[{\"@type\":\"SearchAction\",\"target\":{\"@type\":\"EntryPoint\",\"urlTemplate\":\"https:\\\/\\\/www.aceguarulhos.com.br\\\/blog\\\/?s={search_term_string}\"},\"query-input\":{\"@type\":\"PropertyValueSpecification\",\"valueRequired\":true,\"valueName\":\"search_term_string\"}}],\"inLanguage\":\"pt-BR\"},{\"@type\":\"Organization\",\"@id\":\"https:\\\/\\\/www.aceguarulhos.com.br\\\/blog\\\/#organization\",\"name\":\"ACE-Guarulhos\",\"url\":\"https:\\\/\\\/www.aceguarulhos.com.br\\\/blog\\\/\",\"logo\":{\"@type\":\"ImageObject\",\"inLanguage\":\"pt-BR\",\"@id\":\"https:\\\/\\\/www.aceguarulhos.com.br\\\/blog\\\/#\\\/schema\\\/logo\\\/image\\\/\",\"url\":\"https:\\\/\\\/www.aceguarulhos.com.br\\\/blog\\\/wp-content\\\/uploads\\\/2017\\\/12\\\/logo-aceguarulhos-2018.png\",\"contentUrl\":\"https:\\\/\\\/www.aceguarulhos.com.br\\\/blog\\\/wp-content\\\/uploads\\\/2017\\\/12\\\/logo-aceguarulhos-2018.png\",\"width\":419,\"height\":76,\"caption\":\"ACE-Guarulhos\"},\"image\":{\"@id\":\"https:\\\/\\\/www.aceguarulhos.com.br\\\/blog\\\/#\\\/schema\\\/logo\\\/image\\\/\"},\"sameAs\":[\"https:\\\/\\\/www.facebook.com\\\/aceguarulhos\\\/\",\"https:\\\/\\\/br.linkedin.com\\\/in\\\/ace-guarulhos-b9a97093\",\"https:\\\/\\\/www.youtube.com\\\/user\\\/aceguarulhos\"]},{\"@type\":\"Person\",\"@id\":\"https:\\\/\\\/www.aceguarulhos.com.br\\\/blog\\\/#\\\/schema\\\/person\\\/6983b51bad37489989e4f09698c26237\",\"name\":\"Assessoria de Imprensa ACE-Guarulhos\",\"image\":{\"@type\":\"ImageObject\",\"inLanguage\":\"pt-BR\",\"@id\":\"https:\\\/\\\/secure.gravatar.com\\\/avatar\\\/707f3fadd6918afeb64173ab22d8a8cb0676953098a4f31ff36dc2b4c699ef6a?s=96&d=mm&r=g\",\"url\":\"https:\\\/\\\/secure.gravatar.com\\\/avatar\\\/707f3fadd6918afeb64173ab22d8a8cb0676953098a4f31ff36dc2b4c699ef6a?s=96&d=mm&r=g\",\"contentUrl\":\"https:\\\/\\\/secure.gravatar.com\\\/avatar\\\/707f3fadd6918afeb64173ab22d8a8cb0676953098a4f31ff36dc2b4c699ef6a?s=96&d=mm&r=g\",\"caption\":\"Assessoria de Imprensa ACE-Guarulhos\"},\"url\":\"https:\\\/\\\/www.aceguarulhos.com.br\\\/blog\\\/author\\\/assessoria-de-imprensa-ace-guarulhos\\\/\"}]}<\/script>\n<!-- \/ Yoast SEO plugin. -->","yoast_head_json":{"title":"O Santo Padre voltou para a casa do Pai - ACE-Guarulhos","robots":{"index":"index","follow":"follow","max-snippet":"max-snippet:-1","max-image-preview":"max-image-preview:large","max-video-preview":"max-video-preview:-1"},"canonical":"https:\/\/www.aceguarulhos.com.br\/blog\/o-santo-padre-voltou-para-a-casa-do-pai\/","og_locale":"pt_BR","og_type":"article","og_title":"O Santo Padre voltou para a casa do Pai - ACE-Guarulhos","og_description":"O vel\u00f3rio do papa Jo\u00e3o Paulo II, na bas\u00edlica de S\u00e3o Pedro, dever\u00e1 permanecer aberto ao p\u00fablico por, pelo menos, tr\u00eas dias.Quinze horas","og_url":"https:\/\/www.aceguarulhos.com.br\/blog\/o-santo-padre-voltou-para-a-casa-do-pai\/","og_site_name":"ACE-Guarulhos","article_publisher":"https:\/\/www.facebook.com\/aceguarulhos\/","article_published_time":"2005-04-04T15:07:49+00:00","author":"Assessoria de Imprensa ACE-Guarulhos","twitter_card":"summary_large_image","twitter_misc":{"Escrito por":"Assessoria de Imprensa ACE-Guarulhos","Est. tempo de leitura":"6 minutos"},"schema":{"@context":"https:\/\/schema.org","@graph":[{"@type":"Article","@id":"https:\/\/www.aceguarulhos.com.br\/blog\/o-santo-padre-voltou-para-a-casa-do-pai\/#article","isPartOf":{"@id":"https:\/\/www.aceguarulhos.com.br\/blog\/o-santo-padre-voltou-para-a-casa-do-pai\/"},"author":{"name":"Assessoria de Imprensa ACE-Guarulhos","@id":"https:\/\/www.aceguarulhos.com.br\/blog\/#\/schema\/person\/6983b51bad37489989e4f09698c26237"},"headline":"O Santo Padre voltou para a casa do Pai","datePublished":"2005-04-04T15:07:49+00:00","mainEntityOfPage":{"@id":"https:\/\/www.aceguarulhos.com.br\/blog\/o-santo-padre-voltou-para-a-casa-do-pai\/"},"wordCount":1113,"commentCount":0,"publisher":{"@id":"https:\/\/www.aceguarulhos.com.br\/blog\/#organization"},"articleSection":["Not\u00edcias"],"inLanguage":"pt-BR"},{"@type":"WebPage","@id":"https:\/\/www.aceguarulhos.com.br\/blog\/o-santo-padre-voltou-para-a-casa-do-pai\/","url":"https:\/\/www.aceguarulhos.com.br\/blog\/o-santo-padre-voltou-para-a-casa-do-pai\/","name":"O Santo Padre voltou para a casa do Pai - ACE-Guarulhos","isPartOf":{"@id":"https:\/\/www.aceguarulhos.com.br\/blog\/#website"},"datePublished":"2005-04-04T15:07:49+00:00","breadcrumb":{"@id":"https:\/\/www.aceguarulhos.com.br\/blog\/o-santo-padre-voltou-para-a-casa-do-pai\/#breadcrumb"},"inLanguage":"pt-BR","potentialAction":[{"@type":"ReadAction","target":["https:\/\/www.aceguarulhos.com.br\/blog\/o-santo-padre-voltou-para-a-casa-do-pai\/"]}]},{"@type":"BreadcrumbList","@id":"https:\/\/www.aceguarulhos.com.br\/blog\/o-santo-padre-voltou-para-a-casa-do-pai\/#breadcrumb","itemListElement":[{"@type":"ListItem","position":1,"name":"In\u00edcio","item":"https:\/\/www.aceguarulhos.com.br\/blog\/"},{"@type":"ListItem","position":2,"name":"O Santo Padre voltou para a casa do Pai"}]},{"@type":"WebSite","@id":"https:\/\/www.aceguarulhos.com.br\/blog\/#website","url":"https:\/\/www.aceguarulhos.com.br\/blog\/","name":"ACE-Guarulhos","description":"A ACE-Guarulhos \u00e9 uma associa\u00e7\u00e3o que ap\u00f3ia os empres\u00e1rios guarulhenses atrav\u00e9s da representa\u00e7\u00e3o, da gera\u00e7\u00e3o de neg\u00f3cios e presta\u00e7\u00e3o de servi\u00e7os.","publisher":{"@id":"https:\/\/www.aceguarulhos.com.br\/blog\/#organization"},"potentialAction":[{"@type":"SearchAction","target":{"@type":"EntryPoint","urlTemplate":"https:\/\/www.aceguarulhos.com.br\/blog\/?s={search_term_string}"},"query-input":{"@type":"PropertyValueSpecification","valueRequired":true,"valueName":"search_term_string"}}],"inLanguage":"pt-BR"},{"@type":"Organization","@id":"https:\/\/www.aceguarulhos.com.br\/blog\/#organization","name":"ACE-Guarulhos","url":"https:\/\/www.aceguarulhos.com.br\/blog\/","logo":{"@type":"ImageObject","inLanguage":"pt-BR","@id":"https:\/\/www.aceguarulhos.com.br\/blog\/#\/schema\/logo\/image\/","url":"https:\/\/www.aceguarulhos.com.br\/blog\/wp-content\/uploads\/2017\/12\/logo-aceguarulhos-2018.png","contentUrl":"https:\/\/www.aceguarulhos.com.br\/blog\/wp-content\/uploads\/2017\/12\/logo-aceguarulhos-2018.png","width":419,"height":76,"caption":"ACE-Guarulhos"},"image":{"@id":"https:\/\/www.aceguarulhos.com.br\/blog\/#\/schema\/logo\/image\/"},"sameAs":["https:\/\/www.facebook.com\/aceguarulhos\/","https:\/\/br.linkedin.com\/in\/ace-guarulhos-b9a97093","https:\/\/www.youtube.com\/user\/aceguarulhos"]},{"@type":"Person","@id":"https:\/\/www.aceguarulhos.com.br\/blog\/#\/schema\/person\/6983b51bad37489989e4f09698c26237","name":"Assessoria de Imprensa ACE-Guarulhos","image":{"@type":"ImageObject","inLanguage":"pt-BR","@id":"https:\/\/secure.gravatar.com\/avatar\/707f3fadd6918afeb64173ab22d8a8cb0676953098a4f31ff36dc2b4c699ef6a?s=96&d=mm&r=g","url":"https:\/\/secure.gravatar.com\/avatar\/707f3fadd6918afeb64173ab22d8a8cb0676953098a4f31ff36dc2b4c699ef6a?s=96&d=mm&r=g","contentUrl":"https:\/\/secure.gravatar.com\/avatar\/707f3fadd6918afeb64173ab22d8a8cb0676953098a4f31ff36dc2b4c699ef6a?s=96&d=mm&r=g","caption":"Assessoria de Imprensa ACE-Guarulhos"},"url":"https:\/\/www.aceguarulhos.com.br\/blog\/author\/assessoria-de-imprensa-ace-guarulhos\/"}]}},"wps_subtitle":"","amp_enabled":true,"_links":{"self":[{"href":"https:\/\/www.aceguarulhos.com.br\/blog\/wp-json\/wp\/v2\/posts\/29273","targetHints":{"allow":["GET"]}}],"collection":[{"href":"https:\/\/www.aceguarulhos.com.br\/blog\/wp-json\/wp\/v2\/posts"}],"about":[{"href":"https:\/\/www.aceguarulhos.com.br\/blog\/wp-json\/wp\/v2\/types\/post"}],"author":[{"embeddable":true,"href":"https:\/\/www.aceguarulhos.com.br\/blog\/wp-json\/wp\/v2\/users\/8"}],"replies":[{"embeddable":true,"href":"https:\/\/www.aceguarulhos.com.br\/blog\/wp-json\/wp\/v2\/comments?post=29273"}],"version-history":[{"count":0,"href":"https:\/\/www.aceguarulhos.com.br\/blog\/wp-json\/wp\/v2\/posts\/29273\/revisions"}],"wp:attachment":[{"href":"https:\/\/www.aceguarulhos.com.br\/blog\/wp-json\/wp\/v2\/media?parent=29273"}],"wp:term":[{"taxonomy":"category","embeddable":true,"href":"https:\/\/www.aceguarulhos.com.br\/blog\/wp-json\/wp\/v2\/categories?post=29273"},{"taxonomy":"post_tag","embeddable":true,"href":"https:\/\/www.aceguarulhos.com.br\/blog\/wp-json\/wp\/v2\/tags?post=29273"}],"curies":[{"name":"wp","href":"https:\/\/api.w.org\/{rel}","templated":true}]}}