{"id":29253,"date":"2005-03-29T08:50:33","date_gmt":"2005-03-29T08:50:33","guid":{"rendered":"http:\/\/www.aceguarulhos.com.br\/blog\/?p=29253"},"modified":"-0001-11-30T00:00:00","modified_gmt":"-0001-11-30T03:00:00","slug":"com-medo-de-perder-governo-tenta-adiar-vota%c3%a7%c3%a3o-da-mp-232","status":"publish","type":"post","link":"https:\/\/www.aceguarulhos.com.br\/blog\/com-medo-de-perder-governo-tenta-adiar-vota%c3%a7%c3%a3o-da-mp-232\/","title":{"rendered":"Com medo de perder, governo tenta adiar vota\u00e7\u00e3o da MP 232"},"content":{"rendered":"<p><P>Sem o n\u00famero necess\u00e1rio de votos na C\u00e2mara, o governo vai usar de manobras regimentais para adiar a vota\u00e7\u00e3o da Medida Provis\u00f3ria 232 &#8211; que corrige a tabela do Imposto de Renda em 10%, mas aumenta a tributa\u00e7\u00e3o para os prestadores de servi\u00e7os &#8211; para a pr\u00f3xima semana. A manobra do governo ser\u00e1 necess\u00e1ria porque o presidente da C\u00e2mara, Severino Cavalcanti (PP-PE), manteve a vota\u00e7\u00e3o da MP para hoje, apesar dos apelos do Pal\u00e1cio do Planalto para o adiamento da vota\u00e7\u00e3o. &#8220;N\u00e3o h\u00e1 seguran\u00e7a para entrar no plen\u00e1rio e aprovar&#8221;, resumiu o l\u00edder do governo na C\u00e2mara, Arlindo Chinaglia (PT-SP). O governo est\u00e1 decidido a permitir a vota\u00e7\u00e3o da MP s\u00f3 com a garantia de vit\u00f3ria. &#8220;Tudo, menos ir para a vota\u00e7\u00e3o e perder&#8221;, completou o l\u00edder. <\/P><P>Ontem, o governo intensificou as articula\u00e7\u00f5es pol\u00edticas para tentar conseguir apoio para a MP. O ministro da Fazenda, Antonio Palocci, e o secret\u00e1rio da Receita Federal, Jorge Rachid, se reuniram \u00e0 noite com os l\u00edderes da base e o ministro da Coordena\u00e7\u00e3o Pol\u00edtica, Aldo Rebelo, que passou a tarde no Congresso tamb\u00e9m em busca de votos para a MP. &#8220;H\u00e1 sugest\u00f5es para retirada da MP, mas o governo prefere persistir, insistir no caminho da negocia\u00e7\u00e3o&#8221;, afirmou Rebelo, em resposta \u00e0 sugest\u00e3o do presidente do Senado, Renan Calheiros (PMDB-AL), para que o governo retire a MP.<\/P><P>O senador argumenta que a parte da MP que aumenta os impostos para os prestadores de servi\u00e7o ainda n\u00e3o entrou em vigor e que, portanto, o governo teria mais tempo para negociar uma alternativa \u00e0 proposta sem por em risco o equil\u00edbrio das contas p\u00fablicas. O governo, no entanto, pode aproveitar a entrada em vigor no dia 1\u00ba de abril do aumento de impostos para for\u00e7ar um acordo em torno no texto do relator, Carlito Merss (PT-SC). &#8220;O in\u00edcio da vig\u00eancia vai aumentar as contradi\u00e7\u00f5es, o conflito, mas poder\u00e1 ajudar a encontrar uma sa\u00edda&#8221;, afirmou o l\u00edder Chinaglia.<BR><BR>Merss j\u00e1 alterou a MP original amenizando o aumento de impostos para alguns setores. &#8220;Essa MP s\u00f3 tem um problema que \u00e9 pol\u00edtico. N\u00e3o tem mais o que argumentar contra ela porque ela n\u00e3o atinge mais os pequenos contribuintes&#8221;, disse Merss. O governo est\u00e1 disposto a ceder mais para garantir a aprova\u00e7\u00e3o da proposta e n\u00e3o expor o presidente Luiz In\u00e1cio Lula da Silva a mais uma derrota na C\u00e2mara. &#8220;Todos os pontos pol\u00eamicos da MP est\u00e3o sendo negociados. O governo vai calcular os riscos que pode correr e vai esgotar todas as possibilidades na negocia\u00e7\u00e3o&#8221;, disse Rebelo.<\/P><P>A coordena\u00e7\u00e3o pol\u00edtica do governo quer um levantamento realista dos l\u00edderes quanto ao n\u00famero de votos que poder\u00e1 contar no plen\u00e1rio. O Pal\u00e1cio do Planalto j\u00e1 foi avisado pelos aliados que as resist\u00eancias s\u00e3o grandes. Segundo Chinaglia, os l\u00edderes ser\u00e3o informados de todas as altera\u00e7\u00f5es que a MP j\u00e1 sofreu e o impacto nos setores atingidos pela MP para que possam conversar com suas bancadas. &#8220;O quadro n\u00e3o \u00e9 f\u00e1cil&#8221;, resumiu o l\u00edder do PMDB na C\u00e2mara, Jos\u00e9 Borba (PR).<\/P><P>Pelo menos at\u00e9 a quinta-feira, o governo consegue adiar a vota\u00e7\u00e3o apenas com o pedido de mais prazo (24 horas) para a apresenta\u00e7\u00e3o dos pareceres pelos relatores das medidas provis\u00f3rias que est\u00e3o na pauta da C\u00e2mara. Antes da MP 232, outras duas medidas precisam ser votadas.<\/P><\/p>\n","protected":false},"excerpt":{"rendered":"Sem o n\u00famero necess\u00e1rio de votos na C\u00e2mara, o governo vai usar de manobras regimentais para adiar a vota\u00e7\u00e3o da Medida Provis\u00f3ria 232 \n<a class=\"moretag\" href=\"https:\/\/www.aceguarulhos.com.br\/blog\/com-medo-de-perder-governo-tenta-adiar-vota%c3%a7%c3%a3o-da-mp-232\/\"> [...]<\/a>","protected":false},"author":8,"featured_media":0,"comment_status":"open","ping_status":"open","sticky":false,"template":"","format":"standard","meta":{"footnotes":""},"categories":[2],"tags":[],"class_list":["post-29253","post","type-post","status-publish","format-standard","hentry","category-noticias"],"yoast_head":"<!-- This site is optimized with the Yoast SEO plugin v28.1 - https:\/\/yoast.com\/product\/yoast-seo-wordpress\/ -->\n<title>Com medo de perder, governo tenta adiar vota\u00e7\u00e3o da MP 232 - ACE-Guarulhos<\/title>\n<meta name=\"robots\" content=\"index, follow, max-snippet:-1, max-image-preview:large, max-video-preview:-1\" \/>\n<link rel=\"canonical\" href=\"https:\/\/www.aceguarulhos.com.br\/blog\/com-medo-de-perder-governo-tenta-adiar-vota\u00e7\u00e3o-da-mp-232\/\" \/>\n<meta property=\"og:locale\" content=\"pt_BR\" \/>\n<meta property=\"og:type\" content=\"article\" \/>\n<meta property=\"og:title\" content=\"Com medo de perder, governo tenta adiar vota\u00e7\u00e3o da MP 232 - ACE-Guarulhos\" \/>\n<meta property=\"og:description\" content=\"Sem o n\u00famero necess\u00e1rio de votos na C\u00e2mara, o governo vai usar de manobras regimentais para adiar a vota\u00e7\u00e3o da Medida Provis\u00f3ria 232\" \/>\n<meta property=\"og:url\" content=\"https:\/\/www.aceguarulhos.com.br\/blog\/com-medo-de-perder-governo-tenta-adiar-vota\u00e7\u00e3o-da-mp-232\/\" \/>\n<meta property=\"og:site_name\" content=\"ACE-Guarulhos\" \/>\n<meta property=\"article:publisher\" content=\"https:\/\/www.facebook.com\/aceguarulhos\/\" \/>\n<meta property=\"article:published_time\" content=\"2005-03-29T08:50:33+00:00\" \/>\n<meta name=\"author\" content=\"Assessoria de Imprensa ACE-Guarulhos\" \/>\n<meta name=\"twitter:card\" content=\"summary_large_image\" \/>\n<meta name=\"twitter:label1\" content=\"Escrito por\" \/>\n\t<meta name=\"twitter:data1\" content=\"Assessoria de Imprensa ACE-Guarulhos\" \/>\n\t<meta name=\"twitter:label2\" content=\"Est. tempo de leitura\" \/>\n\t<meta name=\"twitter:data2\" content=\"3 minutos\" \/>\n<script type=\"application\/ld+json\" class=\"yoast-schema-graph\">{\"@context\":\"https:\\\/\\\/schema.org\",\"@graph\":[{\"@type\":\"Article\",\"@id\":\"https:\\\/\\\/www.aceguarulhos.com.br\\\/blog\\\/com-medo-de-perder-governo-tenta-adiar-vota%c3%a7%c3%a3o-da-mp-232\\\/#article\",\"isPartOf\":{\"@id\":\"https:\\\/\\\/www.aceguarulhos.com.br\\\/blog\\\/com-medo-de-perder-governo-tenta-adiar-vota%c3%a7%c3%a3o-da-mp-232\\\/\"},\"author\":{\"name\":\"Assessoria de Imprensa ACE-Guarulhos\",\"@id\":\"https:\\\/\\\/www.aceguarulhos.com.br\\\/blog\\\/#\\\/schema\\\/person\\\/6983b51bad37489989e4f09698c26237\"},\"headline\":\"Com medo de perder, governo tenta adiar vota\u00e7\u00e3o da MP 232\",\"datePublished\":\"2005-03-29T08:50:33+00:00\",\"mainEntityOfPage\":{\"@id\":\"https:\\\/\\\/www.aceguarulhos.com.br\\\/blog\\\/com-medo-de-perder-governo-tenta-adiar-vota%c3%a7%c3%a3o-da-mp-232\\\/\"},\"wordCount\":617,\"commentCount\":0,\"publisher\":{\"@id\":\"https:\\\/\\\/www.aceguarulhos.com.br\\\/blog\\\/#organization\"},\"articleSection\":[\"Not\u00edcias\"],\"inLanguage\":\"pt-BR\"},{\"@type\":\"WebPage\",\"@id\":\"https:\\\/\\\/www.aceguarulhos.com.br\\\/blog\\\/com-medo-de-perder-governo-tenta-adiar-vota%c3%a7%c3%a3o-da-mp-232\\\/\",\"url\":\"https:\\\/\\\/www.aceguarulhos.com.br\\\/blog\\\/com-medo-de-perder-governo-tenta-adiar-vota%c3%a7%c3%a3o-da-mp-232\\\/\",\"name\":\"Com medo de perder, governo tenta adiar vota\u00e7\u00e3o da MP 232 - ACE-Guarulhos\",\"isPartOf\":{\"@id\":\"https:\\\/\\\/www.aceguarulhos.com.br\\\/blog\\\/#website\"},\"datePublished\":\"2005-03-29T08:50:33+00:00\",\"breadcrumb\":{\"@id\":\"https:\\\/\\\/www.aceguarulhos.com.br\\\/blog\\\/com-medo-de-perder-governo-tenta-adiar-vota%c3%a7%c3%a3o-da-mp-232\\\/#breadcrumb\"},\"inLanguage\":\"pt-BR\",\"potentialAction\":[{\"@type\":\"ReadAction\",\"target\":[\"https:\\\/\\\/www.aceguarulhos.com.br\\\/blog\\\/com-medo-de-perder-governo-tenta-adiar-vota%c3%a7%c3%a3o-da-mp-232\\\/\"]}]},{\"@type\":\"BreadcrumbList\",\"@id\":\"https:\\\/\\\/www.aceguarulhos.com.br\\\/blog\\\/com-medo-de-perder-governo-tenta-adiar-vota%c3%a7%c3%a3o-da-mp-232\\\/#breadcrumb\",\"itemListElement\":[{\"@type\":\"ListItem\",\"position\":1,\"name\":\"In\u00edcio\",\"item\":\"https:\\\/\\\/www.aceguarulhos.com.br\\\/blog\\\/\"},{\"@type\":\"ListItem\",\"position\":2,\"name\":\"Com medo de perder, governo tenta adiar vota\u00e7\u00e3o da MP 232\"}]},{\"@type\":\"WebSite\",\"@id\":\"https:\\\/\\\/www.aceguarulhos.com.br\\\/blog\\\/#website\",\"url\":\"https:\\\/\\\/www.aceguarulhos.com.br\\\/blog\\\/\",\"name\":\"ACE-Guarulhos\",\"description\":\"A ACE-Guarulhos \u00e9 uma associa\u00e7\u00e3o que ap\u00f3ia os empres\u00e1rios guarulhenses atrav\u00e9s da representa\u00e7\u00e3o, da gera\u00e7\u00e3o de neg\u00f3cios e presta\u00e7\u00e3o de servi\u00e7os.\",\"publisher\":{\"@id\":\"https:\\\/\\\/www.aceguarulhos.com.br\\\/blog\\\/#organization\"},\"potentialAction\":[{\"@type\":\"SearchAction\",\"target\":{\"@type\":\"EntryPoint\",\"urlTemplate\":\"https:\\\/\\\/www.aceguarulhos.com.br\\\/blog\\\/?s={search_term_string}\"},\"query-input\":{\"@type\":\"PropertyValueSpecification\",\"valueRequired\":true,\"valueName\":\"search_term_string\"}}],\"inLanguage\":\"pt-BR\"},{\"@type\":\"Organization\",\"@id\":\"https:\\\/\\\/www.aceguarulhos.com.br\\\/blog\\\/#organization\",\"name\":\"ACE-Guarulhos\",\"url\":\"https:\\\/\\\/www.aceguarulhos.com.br\\\/blog\\\/\",\"logo\":{\"@type\":\"ImageObject\",\"inLanguage\":\"pt-BR\",\"@id\":\"https:\\\/\\\/www.aceguarulhos.com.br\\\/blog\\\/#\\\/schema\\\/logo\\\/image\\\/\",\"url\":\"https:\\\/\\\/www.aceguarulhos.com.br\\\/blog\\\/wp-content\\\/uploads\\\/2017\\\/12\\\/logo-aceguarulhos-2018.png\",\"contentUrl\":\"https:\\\/\\\/www.aceguarulhos.com.br\\\/blog\\\/wp-content\\\/uploads\\\/2017\\\/12\\\/logo-aceguarulhos-2018.png\",\"width\":419,\"height\":76,\"caption\":\"ACE-Guarulhos\"},\"image\":{\"@id\":\"https:\\\/\\\/www.aceguarulhos.com.br\\\/blog\\\/#\\\/schema\\\/logo\\\/image\\\/\"},\"sameAs\":[\"https:\\\/\\\/www.facebook.com\\\/aceguarulhos\\\/\",\"https:\\\/\\\/br.linkedin.com\\\/in\\\/ace-guarulhos-b9a97093\",\"https:\\\/\\\/www.youtube.com\\\/user\\\/aceguarulhos\"]},{\"@type\":\"Person\",\"@id\":\"https:\\\/\\\/www.aceguarulhos.com.br\\\/blog\\\/#\\\/schema\\\/person\\\/6983b51bad37489989e4f09698c26237\",\"name\":\"Assessoria de Imprensa ACE-Guarulhos\",\"image\":{\"@type\":\"ImageObject\",\"inLanguage\":\"pt-BR\",\"@id\":\"https:\\\/\\\/secure.gravatar.com\\\/avatar\\\/707f3fadd6918afeb64173ab22d8a8cb0676953098a4f31ff36dc2b4c699ef6a?s=96&d=mm&r=g\",\"url\":\"https:\\\/\\\/secure.gravatar.com\\\/avatar\\\/707f3fadd6918afeb64173ab22d8a8cb0676953098a4f31ff36dc2b4c699ef6a?s=96&d=mm&r=g\",\"contentUrl\":\"https:\\\/\\\/secure.gravatar.com\\\/avatar\\\/707f3fadd6918afeb64173ab22d8a8cb0676953098a4f31ff36dc2b4c699ef6a?s=96&d=mm&r=g\",\"caption\":\"Assessoria de Imprensa ACE-Guarulhos\"},\"url\":\"https:\\\/\\\/www.aceguarulhos.com.br\\\/blog\\\/author\\\/assessoria-de-imprensa-ace-guarulhos\\\/\"}]}<\/script>\n<!-- \/ Yoast SEO plugin. -->","yoast_head_json":{"title":"Com medo de perder, governo tenta adiar vota\u00e7\u00e3o da MP 232 - ACE-Guarulhos","robots":{"index":"index","follow":"follow","max-snippet":"max-snippet:-1","max-image-preview":"max-image-preview:large","max-video-preview":"max-video-preview:-1"},"canonical":"https:\/\/www.aceguarulhos.com.br\/blog\/com-medo-de-perder-governo-tenta-adiar-vota\u00e7\u00e3o-da-mp-232\/","og_locale":"pt_BR","og_type":"article","og_title":"Com medo de perder, governo tenta adiar vota\u00e7\u00e3o da MP 232 - ACE-Guarulhos","og_description":"Sem o n\u00famero necess\u00e1rio de votos na C\u00e2mara, o governo vai usar de manobras regimentais para adiar a vota\u00e7\u00e3o da Medida Provis\u00f3ria 232","og_url":"https:\/\/www.aceguarulhos.com.br\/blog\/com-medo-de-perder-governo-tenta-adiar-vota\u00e7\u00e3o-da-mp-232\/","og_site_name":"ACE-Guarulhos","article_publisher":"https:\/\/www.facebook.com\/aceguarulhos\/","article_published_time":"2005-03-29T08:50:33+00:00","author":"Assessoria de Imprensa ACE-Guarulhos","twitter_card":"summary_large_image","twitter_misc":{"Escrito por":"Assessoria de Imprensa ACE-Guarulhos","Est. tempo de leitura":"3 minutos"},"schema":{"@context":"https:\/\/schema.org","@graph":[{"@type":"Article","@id":"https:\/\/www.aceguarulhos.com.br\/blog\/com-medo-de-perder-governo-tenta-adiar-vota%c3%a7%c3%a3o-da-mp-232\/#article","isPartOf":{"@id":"https:\/\/www.aceguarulhos.com.br\/blog\/com-medo-de-perder-governo-tenta-adiar-vota%c3%a7%c3%a3o-da-mp-232\/"},"author":{"name":"Assessoria de Imprensa ACE-Guarulhos","@id":"https:\/\/www.aceguarulhos.com.br\/blog\/#\/schema\/person\/6983b51bad37489989e4f09698c26237"},"headline":"Com medo de perder, governo tenta adiar vota\u00e7\u00e3o da MP 232","datePublished":"2005-03-29T08:50:33+00:00","mainEntityOfPage":{"@id":"https:\/\/www.aceguarulhos.com.br\/blog\/com-medo-de-perder-governo-tenta-adiar-vota%c3%a7%c3%a3o-da-mp-232\/"},"wordCount":617,"commentCount":0,"publisher":{"@id":"https:\/\/www.aceguarulhos.com.br\/blog\/#organization"},"articleSection":["Not\u00edcias"],"inLanguage":"pt-BR"},{"@type":"WebPage","@id":"https:\/\/www.aceguarulhos.com.br\/blog\/com-medo-de-perder-governo-tenta-adiar-vota%c3%a7%c3%a3o-da-mp-232\/","url":"https:\/\/www.aceguarulhos.com.br\/blog\/com-medo-de-perder-governo-tenta-adiar-vota%c3%a7%c3%a3o-da-mp-232\/","name":"Com medo de perder, governo tenta adiar vota\u00e7\u00e3o da MP 232 - ACE-Guarulhos","isPartOf":{"@id":"https:\/\/www.aceguarulhos.com.br\/blog\/#website"},"datePublished":"2005-03-29T08:50:33+00:00","breadcrumb":{"@id":"https:\/\/www.aceguarulhos.com.br\/blog\/com-medo-de-perder-governo-tenta-adiar-vota%c3%a7%c3%a3o-da-mp-232\/#breadcrumb"},"inLanguage":"pt-BR","potentialAction":[{"@type":"ReadAction","target":["https:\/\/www.aceguarulhos.com.br\/blog\/com-medo-de-perder-governo-tenta-adiar-vota%c3%a7%c3%a3o-da-mp-232\/"]}]},{"@type":"BreadcrumbList","@id":"https:\/\/www.aceguarulhos.com.br\/blog\/com-medo-de-perder-governo-tenta-adiar-vota%c3%a7%c3%a3o-da-mp-232\/#breadcrumb","itemListElement":[{"@type":"ListItem","position":1,"name":"In\u00edcio","item":"https:\/\/www.aceguarulhos.com.br\/blog\/"},{"@type":"ListItem","position":2,"name":"Com medo de perder, governo tenta adiar vota\u00e7\u00e3o da MP 232"}]},{"@type":"WebSite","@id":"https:\/\/www.aceguarulhos.com.br\/blog\/#website","url":"https:\/\/www.aceguarulhos.com.br\/blog\/","name":"ACE-Guarulhos","description":"A ACE-Guarulhos \u00e9 uma associa\u00e7\u00e3o que ap\u00f3ia os empres\u00e1rios guarulhenses atrav\u00e9s da representa\u00e7\u00e3o, da gera\u00e7\u00e3o de neg\u00f3cios e presta\u00e7\u00e3o de servi\u00e7os.","publisher":{"@id":"https:\/\/www.aceguarulhos.com.br\/blog\/#organization"},"potentialAction":[{"@type":"SearchAction","target":{"@type":"EntryPoint","urlTemplate":"https:\/\/www.aceguarulhos.com.br\/blog\/?s={search_term_string}"},"query-input":{"@type":"PropertyValueSpecification","valueRequired":true,"valueName":"search_term_string"}}],"inLanguage":"pt-BR"},{"@type":"Organization","@id":"https:\/\/www.aceguarulhos.com.br\/blog\/#organization","name":"ACE-Guarulhos","url":"https:\/\/www.aceguarulhos.com.br\/blog\/","logo":{"@type":"ImageObject","inLanguage":"pt-BR","@id":"https:\/\/www.aceguarulhos.com.br\/blog\/#\/schema\/logo\/image\/","url":"https:\/\/www.aceguarulhos.com.br\/blog\/wp-content\/uploads\/2017\/12\/logo-aceguarulhos-2018.png","contentUrl":"https:\/\/www.aceguarulhos.com.br\/blog\/wp-content\/uploads\/2017\/12\/logo-aceguarulhos-2018.png","width":419,"height":76,"caption":"ACE-Guarulhos"},"image":{"@id":"https:\/\/www.aceguarulhos.com.br\/blog\/#\/schema\/logo\/image\/"},"sameAs":["https:\/\/www.facebook.com\/aceguarulhos\/","https:\/\/br.linkedin.com\/in\/ace-guarulhos-b9a97093","https:\/\/www.youtube.com\/user\/aceguarulhos"]},{"@type":"Person","@id":"https:\/\/www.aceguarulhos.com.br\/blog\/#\/schema\/person\/6983b51bad37489989e4f09698c26237","name":"Assessoria de Imprensa ACE-Guarulhos","image":{"@type":"ImageObject","inLanguage":"pt-BR","@id":"https:\/\/secure.gravatar.com\/avatar\/707f3fadd6918afeb64173ab22d8a8cb0676953098a4f31ff36dc2b4c699ef6a?s=96&d=mm&r=g","url":"https:\/\/secure.gravatar.com\/avatar\/707f3fadd6918afeb64173ab22d8a8cb0676953098a4f31ff36dc2b4c699ef6a?s=96&d=mm&r=g","contentUrl":"https:\/\/secure.gravatar.com\/avatar\/707f3fadd6918afeb64173ab22d8a8cb0676953098a4f31ff36dc2b4c699ef6a?s=96&d=mm&r=g","caption":"Assessoria de Imprensa ACE-Guarulhos"},"url":"https:\/\/www.aceguarulhos.com.br\/blog\/author\/assessoria-de-imprensa-ace-guarulhos\/"}]}},"wps_subtitle":"","amp_enabled":true,"_links":{"self":[{"href":"https:\/\/www.aceguarulhos.com.br\/blog\/wp-json\/wp\/v2\/posts\/29253","targetHints":{"allow":["GET"]}}],"collection":[{"href":"https:\/\/www.aceguarulhos.com.br\/blog\/wp-json\/wp\/v2\/posts"}],"about":[{"href":"https:\/\/www.aceguarulhos.com.br\/blog\/wp-json\/wp\/v2\/types\/post"}],"author":[{"embeddable":true,"href":"https:\/\/www.aceguarulhos.com.br\/blog\/wp-json\/wp\/v2\/users\/8"}],"replies":[{"embeddable":true,"href":"https:\/\/www.aceguarulhos.com.br\/blog\/wp-json\/wp\/v2\/comments?post=29253"}],"version-history":[{"count":0,"href":"https:\/\/www.aceguarulhos.com.br\/blog\/wp-json\/wp\/v2\/posts\/29253\/revisions"}],"wp:attachment":[{"href":"https:\/\/www.aceguarulhos.com.br\/blog\/wp-json\/wp\/v2\/media?parent=29253"}],"wp:term":[{"taxonomy":"category","embeddable":true,"href":"https:\/\/www.aceguarulhos.com.br\/blog\/wp-json\/wp\/v2\/categories?post=29253"},{"taxonomy":"post_tag","embeddable":true,"href":"https:\/\/www.aceguarulhos.com.br\/blog\/wp-json\/wp\/v2\/tags?post=29253"}],"curies":[{"name":"wp","href":"https:\/\/api.w.org\/{rel}","templated":true}]}}