{"id":29205,"date":"2005-03-16T10:44:43","date_gmt":"2005-03-16T10:44:43","guid":{"rendered":"http:\/\/www.aceguarulhos.com.br\/blog\/?p=29205"},"modified":"-0001-11-30T00:00:00","modified_gmt":"-0001-11-30T03:00:00","slug":"ind%c3%bastria-quer-reformas-sindical-e-trabalhista-juntas","status":"publish","type":"post","link":"https:\/\/www.aceguarulhos.com.br\/blog\/ind%c3%bastria-quer-reformas-sindical-e-trabalhista-juntas\/","title":{"rendered":"Ind\u00fastria quer reformas sindical e trabalhista juntas"},"content":{"rendered":"<p><P>Os empres\u00e1rios do setor industrial v\u00e3o ao Congresso tentar modificar a reforma sindical. Na segunda-feira, 15, em S\u00e3o Paulo, fizeram cr\u00edticas ao texto e ao fato da proposta caminhar sozinha, em descompasso com a reforma trabalhista, que ainda levar\u00e1 tempo para sair do papel. <BR>Eles n\u00e3o querem que o assunto seja fatiado, como aconteceu com a reforma tribut\u00e1ria. &#8220;O governo tem que acelerar a reforma trabalhista&#8221;, disse o presidente da Federa\u00e7\u00e3o das Ind\u00fastrias do Estado de S\u00e3o Paulo (Fiesp), Paulo Skaf, que planeja uma grande mobiliza\u00e7\u00e3o no Congresso. <\/P><P>Os empres\u00e1rios querem tamb\u00e9m corrigir pontos da Proposta de Emenda Constitucional (PEC) 369, a reforma sindical. &#8220;Queremos menos interven\u00e7\u00e3o do Estado e negocia\u00e7\u00f5es mais livres&#8221;, ressaltou Skaf. <\/P><P>De acordo com os empres\u00e1rios, a reforma sindical poder\u00e1 desvalorizar empresas, criar passivos e afugentar os investimentos estrangeiros. &#8220;O projeto precisa de corre\u00e7\u00f5es, pois como est\u00e1 ir\u00e1 atingir todo Pa\u00eds. N\u00e3o \u00e9 um problema apenas da classe empresarial, mas de todos os brasileiros&#8221;, afirmou o presidente da Fiesp. <\/P><P>Pontos do projeto considerados cr\u00edticos, como substitui\u00e7\u00e3o processual ampla, representa\u00e7\u00e3o no local de trabalho e extin\u00e7\u00e3o das comiss\u00f5es de concilia\u00e7\u00e3o pr\u00e9via, foram debatidos na sede da Fiesp, em debate organizado pela Confedera\u00e7\u00e3o Nacional da Ind\u00fastria (CNI). &#8220;Muitos pontos que foram aprovados no F\u00f3rum Nacional do Trabalho (FNT) foram deixados de fora do projeto da reforma sindical e outros foram acrescentados sem haver discuss\u00e3o ou com a desaprova\u00e7\u00e3o da bancada dos empregadores&#8221;, disse o presidente da CNI, Armando Monteiro Neto. <\/P><P>Ele citou como exemplo a substitui\u00e7\u00e3o processual, que possibilita que os sindicatos dos empregados acionem empresas judicialmente sem autoriza\u00e7\u00e3o dos representados. No relat\u00f3rio final da FNT foi estabelecido que a substitui\u00e7\u00e3o processual seria disciplinada por lei, mas essa determina\u00e7\u00e3o n\u00e3o foi contemplada na PEC. <\/P><P>Outro ponto negativo do projeto \u00e9 a imposi\u00e7\u00e3o de comit\u00eas de representa\u00e7\u00e3o dos empregados no local de trabalho. &#8220;Somos a favor das negocia\u00e7\u00f5es no local, mas n\u00e3o da imposi\u00e7\u00e3o disso por lei&#8221;, disse Monteiro Neto. <\/P><P>Segundo ele, no momento o que o Pa\u00eds mais precisa \u00e9 da reforma trabalhista. &#8220;\u00c9 preciso corrigir deforma\u00e7\u00f5es, como a informalidade nas rela\u00e7\u00f5es de trabalho e um imenso contencioso, usando a flexibiliza\u00e7\u00e3o&#8221;, afirmou. <\/P><P>Outro que criticou a reforma sindical foi o empres\u00e1rio Jorge Gerdau Johannpeter. Ele disse que se as duas reformas n\u00e3o forem discutidas juntas, &#8220;estaremos num caminho em que n\u00e3o saberemos o fim&#8221;. &#8220;Com esta tend\u00eancia de pol\u00edtica populista, o governo pretende ter um oper\u00e1rio politizado e n\u00f3s, um oper\u00e1rio valorizado&#8221;, disse, acrescentando que a PEC dificulta o equil\u00edbrio entre as rela\u00e7\u00f5es de trabalho e consequentemente a competitividade das empresas. <\/P><P><STRONG>Adriana David<\/STRONG><\/P><\/p>\n","protected":false},"excerpt":{"rendered":"Os empres\u00e1rios do setor industrial v\u00e3o ao Congresso tentar modificar a reforma sindical. Na segunda-feira, 15, em S\u00e3o Paulo, fizeram cr\u00edticas ao texto \n<a class=\"moretag\" href=\"https:\/\/www.aceguarulhos.com.br\/blog\/ind%c3%bastria-quer-reformas-sindical-e-trabalhista-juntas\/\"> [...]<\/a>","protected":false},"author":8,"featured_media":0,"comment_status":"open","ping_status":"open","sticky":false,"template":"","format":"standard","meta":{"footnotes":""},"categories":[2],"tags":[],"class_list":["post-29205","post","type-post","status-publish","format-standard","hentry","category-noticias"],"yoast_head":"<!-- This site is optimized with the Yoast SEO plugin v28.1 - https:\/\/yoast.com\/product\/yoast-seo-wordpress\/ -->\n<title>Ind\u00fastria quer reformas sindical e trabalhista juntas - ACE-Guarulhos<\/title>\n<meta name=\"robots\" content=\"index, follow, max-snippet:-1, max-image-preview:large, max-video-preview:-1\" \/>\n<link rel=\"canonical\" href=\"https:\/\/www.aceguarulhos.com.br\/blog\/ind\u00fastria-quer-reformas-sindical-e-trabalhista-juntas\/\" \/>\n<meta property=\"og:locale\" content=\"pt_BR\" \/>\n<meta property=\"og:type\" content=\"article\" \/>\n<meta property=\"og:title\" content=\"Ind\u00fastria quer reformas sindical e trabalhista juntas - ACE-Guarulhos\" \/>\n<meta property=\"og:description\" content=\"Os empres\u00e1rios do setor industrial v\u00e3o ao Congresso tentar modificar a reforma sindical. Na segunda-feira, 15, em S\u00e3o Paulo, fizeram cr\u00edticas ao texto\" \/>\n<meta property=\"og:url\" content=\"https:\/\/www.aceguarulhos.com.br\/blog\/ind\u00fastria-quer-reformas-sindical-e-trabalhista-juntas\/\" \/>\n<meta property=\"og:site_name\" content=\"ACE-Guarulhos\" \/>\n<meta property=\"article:publisher\" content=\"https:\/\/www.facebook.com\/aceguarulhos\/\" \/>\n<meta property=\"article:published_time\" content=\"2005-03-16T10:44:43+00:00\" \/>\n<meta name=\"author\" content=\"Assessoria de Imprensa ACE-Guarulhos\" \/>\n<meta name=\"twitter:card\" content=\"summary_large_image\" \/>\n<meta name=\"twitter:label1\" content=\"Escrito por\" \/>\n\t<meta name=\"twitter:data1\" content=\"Assessoria de Imprensa ACE-Guarulhos\" \/>\n\t<meta name=\"twitter:label2\" content=\"Est. tempo de leitura\" \/>\n\t<meta name=\"twitter:data2\" content=\"2 minutos\" \/>\n<script type=\"application\/ld+json\" class=\"yoast-schema-graph\">{\"@context\":\"https:\\\/\\\/schema.org\",\"@graph\":[{\"@type\":\"Article\",\"@id\":\"https:\\\/\\\/www.aceguarulhos.com.br\\\/blog\\\/ind%c3%bastria-quer-reformas-sindical-e-trabalhista-juntas\\\/#article\",\"isPartOf\":{\"@id\":\"https:\\\/\\\/www.aceguarulhos.com.br\\\/blog\\\/ind%c3%bastria-quer-reformas-sindical-e-trabalhista-juntas\\\/\"},\"author\":{\"name\":\"Assessoria de Imprensa ACE-Guarulhos\",\"@id\":\"https:\\\/\\\/www.aceguarulhos.com.br\\\/blog\\\/#\\\/schema\\\/person\\\/6983b51bad37489989e4f09698c26237\"},\"headline\":\"Ind\u00fastria quer reformas sindical e trabalhista juntas\",\"datePublished\":\"2005-03-16T10:44:43+00:00\",\"mainEntityOfPage\":{\"@id\":\"https:\\\/\\\/www.aceguarulhos.com.br\\\/blog\\\/ind%c3%bastria-quer-reformas-sindical-e-trabalhista-juntas\\\/\"},\"wordCount\":483,\"commentCount\":0,\"publisher\":{\"@id\":\"https:\\\/\\\/www.aceguarulhos.com.br\\\/blog\\\/#organization\"},\"articleSection\":[\"Not\u00edcias\"],\"inLanguage\":\"pt-BR\"},{\"@type\":\"WebPage\",\"@id\":\"https:\\\/\\\/www.aceguarulhos.com.br\\\/blog\\\/ind%c3%bastria-quer-reformas-sindical-e-trabalhista-juntas\\\/\",\"url\":\"https:\\\/\\\/www.aceguarulhos.com.br\\\/blog\\\/ind%c3%bastria-quer-reformas-sindical-e-trabalhista-juntas\\\/\",\"name\":\"Ind\u00fastria quer reformas sindical e trabalhista juntas - ACE-Guarulhos\",\"isPartOf\":{\"@id\":\"https:\\\/\\\/www.aceguarulhos.com.br\\\/blog\\\/#website\"},\"datePublished\":\"2005-03-16T10:44:43+00:00\",\"breadcrumb\":{\"@id\":\"https:\\\/\\\/www.aceguarulhos.com.br\\\/blog\\\/ind%c3%bastria-quer-reformas-sindical-e-trabalhista-juntas\\\/#breadcrumb\"},\"inLanguage\":\"pt-BR\",\"potentialAction\":[{\"@type\":\"ReadAction\",\"target\":[\"https:\\\/\\\/www.aceguarulhos.com.br\\\/blog\\\/ind%c3%bastria-quer-reformas-sindical-e-trabalhista-juntas\\\/\"]}]},{\"@type\":\"BreadcrumbList\",\"@id\":\"https:\\\/\\\/www.aceguarulhos.com.br\\\/blog\\\/ind%c3%bastria-quer-reformas-sindical-e-trabalhista-juntas\\\/#breadcrumb\",\"itemListElement\":[{\"@type\":\"ListItem\",\"position\":1,\"name\":\"In\u00edcio\",\"item\":\"https:\\\/\\\/www.aceguarulhos.com.br\\\/blog\\\/\"},{\"@type\":\"ListItem\",\"position\":2,\"name\":\"Ind\u00fastria quer reformas sindical e trabalhista juntas\"}]},{\"@type\":\"WebSite\",\"@id\":\"https:\\\/\\\/www.aceguarulhos.com.br\\\/blog\\\/#website\",\"url\":\"https:\\\/\\\/www.aceguarulhos.com.br\\\/blog\\\/\",\"name\":\"ACE-Guarulhos\",\"description\":\"A ACE-Guarulhos \u00e9 uma associa\u00e7\u00e3o que ap\u00f3ia os empres\u00e1rios guarulhenses atrav\u00e9s da representa\u00e7\u00e3o, da gera\u00e7\u00e3o de neg\u00f3cios e presta\u00e7\u00e3o de servi\u00e7os.\",\"publisher\":{\"@id\":\"https:\\\/\\\/www.aceguarulhos.com.br\\\/blog\\\/#organization\"},\"potentialAction\":[{\"@type\":\"SearchAction\",\"target\":{\"@type\":\"EntryPoint\",\"urlTemplate\":\"https:\\\/\\\/www.aceguarulhos.com.br\\\/blog\\\/?s={search_term_string}\"},\"query-input\":{\"@type\":\"PropertyValueSpecification\",\"valueRequired\":true,\"valueName\":\"search_term_string\"}}],\"inLanguage\":\"pt-BR\"},{\"@type\":\"Organization\",\"@id\":\"https:\\\/\\\/www.aceguarulhos.com.br\\\/blog\\\/#organization\",\"name\":\"ACE-Guarulhos\",\"url\":\"https:\\\/\\\/www.aceguarulhos.com.br\\\/blog\\\/\",\"logo\":{\"@type\":\"ImageObject\",\"inLanguage\":\"pt-BR\",\"@id\":\"https:\\\/\\\/www.aceguarulhos.com.br\\\/blog\\\/#\\\/schema\\\/logo\\\/image\\\/\",\"url\":\"https:\\\/\\\/www.aceguarulhos.com.br\\\/blog\\\/wp-content\\\/uploads\\\/2017\\\/12\\\/logo-aceguarulhos-2018.png\",\"contentUrl\":\"https:\\\/\\\/www.aceguarulhos.com.br\\\/blog\\\/wp-content\\\/uploads\\\/2017\\\/12\\\/logo-aceguarulhos-2018.png\",\"width\":419,\"height\":76,\"caption\":\"ACE-Guarulhos\"},\"image\":{\"@id\":\"https:\\\/\\\/www.aceguarulhos.com.br\\\/blog\\\/#\\\/schema\\\/logo\\\/image\\\/\"},\"sameAs\":[\"https:\\\/\\\/www.facebook.com\\\/aceguarulhos\\\/\",\"https:\\\/\\\/br.linkedin.com\\\/in\\\/ace-guarulhos-b9a97093\",\"https:\\\/\\\/www.youtube.com\\\/user\\\/aceguarulhos\"]},{\"@type\":\"Person\",\"@id\":\"https:\\\/\\\/www.aceguarulhos.com.br\\\/blog\\\/#\\\/schema\\\/person\\\/6983b51bad37489989e4f09698c26237\",\"name\":\"Assessoria de Imprensa ACE-Guarulhos\",\"image\":{\"@type\":\"ImageObject\",\"inLanguage\":\"pt-BR\",\"@id\":\"https:\\\/\\\/secure.gravatar.com\\\/avatar\\\/707f3fadd6918afeb64173ab22d8a8cb0676953098a4f31ff36dc2b4c699ef6a?s=96&d=mm&r=g\",\"url\":\"https:\\\/\\\/secure.gravatar.com\\\/avatar\\\/707f3fadd6918afeb64173ab22d8a8cb0676953098a4f31ff36dc2b4c699ef6a?s=96&d=mm&r=g\",\"contentUrl\":\"https:\\\/\\\/secure.gravatar.com\\\/avatar\\\/707f3fadd6918afeb64173ab22d8a8cb0676953098a4f31ff36dc2b4c699ef6a?s=96&d=mm&r=g\",\"caption\":\"Assessoria de Imprensa ACE-Guarulhos\"},\"url\":\"https:\\\/\\\/www.aceguarulhos.com.br\\\/blog\\\/author\\\/assessoria-de-imprensa-ace-guarulhos\\\/\"}]}<\/script>\n<!-- \/ Yoast SEO plugin. -->","yoast_head_json":{"title":"Ind\u00fastria quer reformas sindical e trabalhista juntas - ACE-Guarulhos","robots":{"index":"index","follow":"follow","max-snippet":"max-snippet:-1","max-image-preview":"max-image-preview:large","max-video-preview":"max-video-preview:-1"},"canonical":"https:\/\/www.aceguarulhos.com.br\/blog\/ind\u00fastria-quer-reformas-sindical-e-trabalhista-juntas\/","og_locale":"pt_BR","og_type":"article","og_title":"Ind\u00fastria quer reformas sindical e trabalhista juntas - ACE-Guarulhos","og_description":"Os empres\u00e1rios do setor industrial v\u00e3o ao Congresso tentar modificar a reforma sindical. Na segunda-feira, 15, em S\u00e3o Paulo, fizeram cr\u00edticas ao texto","og_url":"https:\/\/www.aceguarulhos.com.br\/blog\/ind\u00fastria-quer-reformas-sindical-e-trabalhista-juntas\/","og_site_name":"ACE-Guarulhos","article_publisher":"https:\/\/www.facebook.com\/aceguarulhos\/","article_published_time":"2005-03-16T10:44:43+00:00","author":"Assessoria de Imprensa ACE-Guarulhos","twitter_card":"summary_large_image","twitter_misc":{"Escrito por":"Assessoria de Imprensa ACE-Guarulhos","Est. tempo de leitura":"2 minutos"},"schema":{"@context":"https:\/\/schema.org","@graph":[{"@type":"Article","@id":"https:\/\/www.aceguarulhos.com.br\/blog\/ind%c3%bastria-quer-reformas-sindical-e-trabalhista-juntas\/#article","isPartOf":{"@id":"https:\/\/www.aceguarulhos.com.br\/blog\/ind%c3%bastria-quer-reformas-sindical-e-trabalhista-juntas\/"},"author":{"name":"Assessoria de Imprensa ACE-Guarulhos","@id":"https:\/\/www.aceguarulhos.com.br\/blog\/#\/schema\/person\/6983b51bad37489989e4f09698c26237"},"headline":"Ind\u00fastria quer reformas sindical e trabalhista juntas","datePublished":"2005-03-16T10:44:43+00:00","mainEntityOfPage":{"@id":"https:\/\/www.aceguarulhos.com.br\/blog\/ind%c3%bastria-quer-reformas-sindical-e-trabalhista-juntas\/"},"wordCount":483,"commentCount":0,"publisher":{"@id":"https:\/\/www.aceguarulhos.com.br\/blog\/#organization"},"articleSection":["Not\u00edcias"],"inLanguage":"pt-BR"},{"@type":"WebPage","@id":"https:\/\/www.aceguarulhos.com.br\/blog\/ind%c3%bastria-quer-reformas-sindical-e-trabalhista-juntas\/","url":"https:\/\/www.aceguarulhos.com.br\/blog\/ind%c3%bastria-quer-reformas-sindical-e-trabalhista-juntas\/","name":"Ind\u00fastria quer reformas sindical e trabalhista juntas - ACE-Guarulhos","isPartOf":{"@id":"https:\/\/www.aceguarulhos.com.br\/blog\/#website"},"datePublished":"2005-03-16T10:44:43+00:00","breadcrumb":{"@id":"https:\/\/www.aceguarulhos.com.br\/blog\/ind%c3%bastria-quer-reformas-sindical-e-trabalhista-juntas\/#breadcrumb"},"inLanguage":"pt-BR","potentialAction":[{"@type":"ReadAction","target":["https:\/\/www.aceguarulhos.com.br\/blog\/ind%c3%bastria-quer-reformas-sindical-e-trabalhista-juntas\/"]}]},{"@type":"BreadcrumbList","@id":"https:\/\/www.aceguarulhos.com.br\/blog\/ind%c3%bastria-quer-reformas-sindical-e-trabalhista-juntas\/#breadcrumb","itemListElement":[{"@type":"ListItem","position":1,"name":"In\u00edcio","item":"https:\/\/www.aceguarulhos.com.br\/blog\/"},{"@type":"ListItem","position":2,"name":"Ind\u00fastria quer reformas sindical e trabalhista juntas"}]},{"@type":"WebSite","@id":"https:\/\/www.aceguarulhos.com.br\/blog\/#website","url":"https:\/\/www.aceguarulhos.com.br\/blog\/","name":"ACE-Guarulhos","description":"A ACE-Guarulhos \u00e9 uma associa\u00e7\u00e3o que ap\u00f3ia os empres\u00e1rios guarulhenses atrav\u00e9s da representa\u00e7\u00e3o, da gera\u00e7\u00e3o de neg\u00f3cios e presta\u00e7\u00e3o de servi\u00e7os.","publisher":{"@id":"https:\/\/www.aceguarulhos.com.br\/blog\/#organization"},"potentialAction":[{"@type":"SearchAction","target":{"@type":"EntryPoint","urlTemplate":"https:\/\/www.aceguarulhos.com.br\/blog\/?s={search_term_string}"},"query-input":{"@type":"PropertyValueSpecification","valueRequired":true,"valueName":"search_term_string"}}],"inLanguage":"pt-BR"},{"@type":"Organization","@id":"https:\/\/www.aceguarulhos.com.br\/blog\/#organization","name":"ACE-Guarulhos","url":"https:\/\/www.aceguarulhos.com.br\/blog\/","logo":{"@type":"ImageObject","inLanguage":"pt-BR","@id":"https:\/\/www.aceguarulhos.com.br\/blog\/#\/schema\/logo\/image\/","url":"https:\/\/www.aceguarulhos.com.br\/blog\/wp-content\/uploads\/2017\/12\/logo-aceguarulhos-2018.png","contentUrl":"https:\/\/www.aceguarulhos.com.br\/blog\/wp-content\/uploads\/2017\/12\/logo-aceguarulhos-2018.png","width":419,"height":76,"caption":"ACE-Guarulhos"},"image":{"@id":"https:\/\/www.aceguarulhos.com.br\/blog\/#\/schema\/logo\/image\/"},"sameAs":["https:\/\/www.facebook.com\/aceguarulhos\/","https:\/\/br.linkedin.com\/in\/ace-guarulhos-b9a97093","https:\/\/www.youtube.com\/user\/aceguarulhos"]},{"@type":"Person","@id":"https:\/\/www.aceguarulhos.com.br\/blog\/#\/schema\/person\/6983b51bad37489989e4f09698c26237","name":"Assessoria de Imprensa ACE-Guarulhos","image":{"@type":"ImageObject","inLanguage":"pt-BR","@id":"https:\/\/secure.gravatar.com\/avatar\/707f3fadd6918afeb64173ab22d8a8cb0676953098a4f31ff36dc2b4c699ef6a?s=96&d=mm&r=g","url":"https:\/\/secure.gravatar.com\/avatar\/707f3fadd6918afeb64173ab22d8a8cb0676953098a4f31ff36dc2b4c699ef6a?s=96&d=mm&r=g","contentUrl":"https:\/\/secure.gravatar.com\/avatar\/707f3fadd6918afeb64173ab22d8a8cb0676953098a4f31ff36dc2b4c699ef6a?s=96&d=mm&r=g","caption":"Assessoria de Imprensa ACE-Guarulhos"},"url":"https:\/\/www.aceguarulhos.com.br\/blog\/author\/assessoria-de-imprensa-ace-guarulhos\/"}]}},"wps_subtitle":"","amp_enabled":true,"_links":{"self":[{"href":"https:\/\/www.aceguarulhos.com.br\/blog\/wp-json\/wp\/v2\/posts\/29205","targetHints":{"allow":["GET"]}}],"collection":[{"href":"https:\/\/www.aceguarulhos.com.br\/blog\/wp-json\/wp\/v2\/posts"}],"about":[{"href":"https:\/\/www.aceguarulhos.com.br\/blog\/wp-json\/wp\/v2\/types\/post"}],"author":[{"embeddable":true,"href":"https:\/\/www.aceguarulhos.com.br\/blog\/wp-json\/wp\/v2\/users\/8"}],"replies":[{"embeddable":true,"href":"https:\/\/www.aceguarulhos.com.br\/blog\/wp-json\/wp\/v2\/comments?post=29205"}],"version-history":[{"count":0,"href":"https:\/\/www.aceguarulhos.com.br\/blog\/wp-json\/wp\/v2\/posts\/29205\/revisions"}],"wp:attachment":[{"href":"https:\/\/www.aceguarulhos.com.br\/blog\/wp-json\/wp\/v2\/media?parent=29205"}],"wp:term":[{"taxonomy":"category","embeddable":true,"href":"https:\/\/www.aceguarulhos.com.br\/blog\/wp-json\/wp\/v2\/categories?post=29205"},{"taxonomy":"post_tag","embeddable":true,"href":"https:\/\/www.aceguarulhos.com.br\/blog\/wp-json\/wp\/v2\/tags?post=29205"}],"curies":[{"name":"wp","href":"https:\/\/api.w.org\/{rel}","templated":true}]}}