{"id":29164,"date":"2005-03-04T10:16:02","date_gmt":"2005-03-04T10:16:02","guid":{"rendered":"http:\/\/www.aceguarulhos.com.br\/blog\/?p=29164"},"modified":"-0001-11-30T00:00:00","modified_gmt":"-0001-11-30T03:00:00","slug":"presidente-da-fempi-visita-asec","status":"publish","type":"post","link":"https:\/\/www.aceguarulhos.com.br\/blog\/presidente-da-fempi-visita-asec\/","title":{"rendered":"Presidente da FEMPI visita Asec"},"content":{"rendered":"<p><P><EM>Euclides Raia, presidente da FEMPI, almo\u00e7a com a diretoria da Asec<BR><\/EM>\u00a0<BR><EM>Asec realiza o primeiro almo\u00e7o de 2005 com entidade de Itaqu\u00e1 <BR><\/EM>O 1\u00ba Almo\u00e7o com Empres\u00e1rios de 2005, promovido pela Asec, no \u00faltimo dia 1\u00ba, foi a oportunidade que os presidentes das duas entidades, Luis Carlos Teodoro (Asec) e Euclides Raia (FEMPI), tiveram para formalizar a parceria entre elas visando, assim, viabilizar neg\u00f3cios e unirem for\u00e7as na luta contra a alta carga tribut\u00e1ria.<\/P><P>\u00a0\u00a0\u00a0\u00a0\u00a0\u00a0\u00a0\u00a0\u00a0\u00a0\u00a0\u00a0\u00a0\u00a0\u00a0\u00a0\u00a0\u00a0\u00a0\u00a0\u00a0\u00a0\u00a0\u00a0<IMG alt=JMazzola src=\"\/blog\/wp-content\/uploads\/image.php?x=i&#038;i1=100&#038;i2=20011002101818\" border=0>\u00a0 <BR><FONT face=Arial><EM>Diretores da Asec almo\u00e7am com Euclides Raia da FEMPI e convidados<\/EM><\/FONT><\/P><P>Essa parceria, uma das diversas atividades iniciadas no ano passado, lan\u00e7ou juntamente com outras entidades, o n\u00facleo do MCEP &#8211; Movimento da Comunidade Empreendedora Produtiva nas cidades de Itaquaquecetuba, Guarulhos e S\u00e3o Jos\u00e9 dos Campos.<\/P><P>Ao dar boas vindas a Raia em nossa cidade, Luis Carlos Teodoro falou da import\u00e2ncia dessa parceria para os empres\u00e1rios e colocou em pauta tr\u00eas assuntos pertinentes ao desenvolvimento e \u00e0 atua\u00e7\u00e3o das duas entidades.<\/P><P>O primeiro foi quanto \u00e0 participa\u00e7\u00e3o da FEMPI no 7\u00ba Encontro Empresarial Cumbica em Movimento, que ir\u00e1 acontecer no pr\u00f3ximo dia 28 de mar\u00e7o, com local ainda a se confirmar.<\/P><P>\u00a0\u00a0\u00a0\u00a0\u00a0\u00a0\u00a0\u00a0\u00a0\u00a0\u00a0\u00a0\u00a0\u00a0\u00a0\u00a0\u00a0\u00a0\u00a0\u00a0\u00a0\u00a0\u00a0\u00a0\u00a0\u00a0\u00a0 <IMG alt=JMazzola src=\"\/blog\/wp-content\/uploads\/image.php?x=i&#038;i1=100&#038;i2=20011001184212\" border=0><BR><EM><FONT face=Arial>Presidentes da FEMPI (Euclides Raia) e Asec (Luis Teodoro) firmam parceria entre as duas entidades<?XML:NAMESPACE PREFIX = O \/><O:P><\/O:P><\/FONT><BR><\/EM><BR>Como segundo ponto as duas entidades firmaram o compromisso do lan\u00e7amento do Feir\u00e3o do Imposto. O Feir\u00e3o do Imposto funcionar\u00e1 da seguinte forma: Guarulhos e Itaquaquecetuba receber\u00e3o barracas itinerantes em pontos estrat\u00e9gicos distribu\u00eddos pelas duas cidades, onde ficar\u00e3o expostos diversos produtos mostrando claramente o valor dos tributos que voc\u00ea paga inclu\u00eddos em seus pre\u00e7os, sem saber, ao adquirir qualquer um deles.<\/P><P>Segundo Teodoro, o objetivo do encontro ser\u00e1 de sensibiliza\u00e7\u00e3o da sociedade e entidades de Guarulhos para seu engajamento na causa do MCEP, Movimento da Comunidade Empreendedora Produtiva, &#8211; que quer dar o basta ao confisco tribut\u00e1rio. &#8220;Pretendemos reunir cerca de 40 entidades de classe de Guarulhos para iniciarmos o Feir\u00e3o do Imposto&#8221;, diz Teodoro.<\/P><P>Ser\u00e3o convidados todos os presidentes de entidades profissionais, sejam eles sindicais, liberais, de servi\u00e7os, comerciantes ou industriais para que disseminem entre seus associados a dura realidade fiscal que vivemos e seus reflexos na economia de nosso pa\u00eds e nos nossos neg\u00f3cios.<\/P><P>Neste evento de mar\u00e7o, ser\u00e1 feito o lan\u00e7amento da Campanha para a coleta de 1 milh\u00e3o de assinaturas necess\u00e1rias para que a mobiliza\u00e7\u00e3o ganhe representatividade junto ao Congresso Nacional.<\/P><P>O terceiro assunto foi\u00a0 a confirma\u00e7\u00e3o por parte do Euclides Raia da participa\u00e7\u00e3o de sua entidade na 2\u00aa Rodada de Neg\u00f3cios de Cumbica\/ Guarulhos que acontece em 17 de maio, no Centro de Conven\u00e7\u00f5es do Caesar Park Hotel de Cumbica.<\/P><P>O almo\u00e7o, no Restaurante San Marco, contou com a presen\u00e7a dos vice-presidentes da Asec, Mauro de Cicco (Ind\u00fastria), Devair Cocci J\u00fanior (Com\u00e9rcio) e Antonio Roberto Marchiori (Servi\u00e7os); dos diretores: J\u00falio Mazzola, Comunica\u00e7\u00e3o; S\u00e9rgio Bell\u00edssimo, Evento; Ant\u00f4nio Martinho Risso, Rela\u00e7\u00f5es Institucionais; Jackson Dorta, Capacita\u00e7\u00e3o e Qualifica\u00e7\u00e3o Profissional; Boris Zuvela Kosce, Secret\u00e1rio e colaborador; o Dr. Romualdo Galv\u00e3o Dias, da Galv\u00e3o Dias Advogados e Ant\u00f4nio Ribeiro, coordenador da FEMPI.<\/P><\/p>\n","protected":false},"excerpt":{"rendered":"Euclides Raia, presidente da FEMPI, almo\u00e7a com a diretoria da Asec\u00a0Asec realiza o primeiro almo\u00e7o de 2005 com entidade de Itaqu\u00e1 O 1\u00ba \n<a class=\"moretag\" href=\"https:\/\/www.aceguarulhos.com.br\/blog\/presidente-da-fempi-visita-asec\/\"> [...]<\/a>","protected":false},"author":8,"featured_media":0,"comment_status":"open","ping_status":"open","sticky":false,"template":"","format":"standard","meta":{"footnotes":""},"categories":[2],"tags":[],"class_list":["post-29164","post","type-post","status-publish","format-standard","hentry","category-noticias"],"yoast_head":"<!-- This site is optimized with the Yoast SEO plugin v28.1 - https:\/\/yoast.com\/product\/yoast-seo-wordpress\/ -->\n<title>Presidente da FEMPI visita Asec - ACE-Guarulhos<\/title>\n<meta name=\"robots\" content=\"index, follow, max-snippet:-1, max-image-preview:large, max-video-preview:-1\" \/>\n<link rel=\"canonical\" href=\"https:\/\/www.aceguarulhos.com.br\/blog\/presidente-da-fempi-visita-asec\/\" \/>\n<meta property=\"og:locale\" content=\"pt_BR\" \/>\n<meta property=\"og:type\" content=\"article\" \/>\n<meta property=\"og:title\" content=\"Presidente da FEMPI visita Asec - ACE-Guarulhos\" \/>\n<meta property=\"og:description\" content=\"Euclides Raia, presidente da FEMPI, almo\u00e7a com a diretoria da Asec\u00a0Asec realiza o primeiro almo\u00e7o de 2005 com entidade de Itaqu\u00e1 O 1\u00ba\" \/>\n<meta property=\"og:url\" content=\"https:\/\/www.aceguarulhos.com.br\/blog\/presidente-da-fempi-visita-asec\/\" \/>\n<meta property=\"og:site_name\" content=\"ACE-Guarulhos\" \/>\n<meta property=\"article:publisher\" content=\"https:\/\/www.facebook.com\/aceguarulhos\/\" \/>\n<meta property=\"article:published_time\" content=\"2005-03-04T10:16:02+00:00\" \/>\n<meta name=\"author\" content=\"Assessoria de Imprensa ACE-Guarulhos\" \/>\n<meta name=\"twitter:card\" content=\"summary_large_image\" \/>\n<meta name=\"twitter:label1\" content=\"Escrito por\" \/>\n\t<meta name=\"twitter:data1\" content=\"Assessoria de Imprensa ACE-Guarulhos\" \/>\n\t<meta name=\"twitter:label2\" content=\"Est. tempo de leitura\" \/>\n\t<meta name=\"twitter:data2\" content=\"3 minutos\" \/>\n<script type=\"application\/ld+json\" class=\"yoast-schema-graph\">{\"@context\":\"https:\\\/\\\/schema.org\",\"@graph\":[{\"@type\":\"Article\",\"@id\":\"https:\\\/\\\/www.aceguarulhos.com.br\\\/blog\\\/presidente-da-fempi-visita-asec\\\/#article\",\"isPartOf\":{\"@id\":\"https:\\\/\\\/www.aceguarulhos.com.br\\\/blog\\\/presidente-da-fempi-visita-asec\\\/\"},\"author\":{\"name\":\"Assessoria de Imprensa ACE-Guarulhos\",\"@id\":\"https:\\\/\\\/www.aceguarulhos.com.br\\\/blog\\\/#\\\/schema\\\/person\\\/6983b51bad37489989e4f09698c26237\"},\"headline\":\"Presidente da FEMPI visita Asec\",\"datePublished\":\"2005-03-04T10:16:02+00:00\",\"mainEntityOfPage\":{\"@id\":\"https:\\\/\\\/www.aceguarulhos.com.br\\\/blog\\\/presidente-da-fempi-visita-asec\\\/\"},\"wordCount\":546,\"commentCount\":0,\"publisher\":{\"@id\":\"https:\\\/\\\/www.aceguarulhos.com.br\\\/blog\\\/#organization\"},\"articleSection\":[\"Not\u00edcias\"],\"inLanguage\":\"pt-BR\"},{\"@type\":\"WebPage\",\"@id\":\"https:\\\/\\\/www.aceguarulhos.com.br\\\/blog\\\/presidente-da-fempi-visita-asec\\\/\",\"url\":\"https:\\\/\\\/www.aceguarulhos.com.br\\\/blog\\\/presidente-da-fempi-visita-asec\\\/\",\"name\":\"Presidente da FEMPI visita Asec - ACE-Guarulhos\",\"isPartOf\":{\"@id\":\"https:\\\/\\\/www.aceguarulhos.com.br\\\/blog\\\/#website\"},\"datePublished\":\"2005-03-04T10:16:02+00:00\",\"breadcrumb\":{\"@id\":\"https:\\\/\\\/www.aceguarulhos.com.br\\\/blog\\\/presidente-da-fempi-visita-asec\\\/#breadcrumb\"},\"inLanguage\":\"pt-BR\",\"potentialAction\":[{\"@type\":\"ReadAction\",\"target\":[\"https:\\\/\\\/www.aceguarulhos.com.br\\\/blog\\\/presidente-da-fempi-visita-asec\\\/\"]}]},{\"@type\":\"BreadcrumbList\",\"@id\":\"https:\\\/\\\/www.aceguarulhos.com.br\\\/blog\\\/presidente-da-fempi-visita-asec\\\/#breadcrumb\",\"itemListElement\":[{\"@type\":\"ListItem\",\"position\":1,\"name\":\"In\u00edcio\",\"item\":\"https:\\\/\\\/www.aceguarulhos.com.br\\\/blog\\\/\"},{\"@type\":\"ListItem\",\"position\":2,\"name\":\"Presidente da FEMPI visita Asec\"}]},{\"@type\":\"WebSite\",\"@id\":\"https:\\\/\\\/www.aceguarulhos.com.br\\\/blog\\\/#website\",\"url\":\"https:\\\/\\\/www.aceguarulhos.com.br\\\/blog\\\/\",\"name\":\"ACE-Guarulhos\",\"description\":\"A ACE-Guarulhos \u00e9 uma associa\u00e7\u00e3o que ap\u00f3ia os empres\u00e1rios guarulhenses atrav\u00e9s da representa\u00e7\u00e3o, da gera\u00e7\u00e3o de neg\u00f3cios e presta\u00e7\u00e3o de servi\u00e7os.\",\"publisher\":{\"@id\":\"https:\\\/\\\/www.aceguarulhos.com.br\\\/blog\\\/#organization\"},\"potentialAction\":[{\"@type\":\"SearchAction\",\"target\":{\"@type\":\"EntryPoint\",\"urlTemplate\":\"https:\\\/\\\/www.aceguarulhos.com.br\\\/blog\\\/?s={search_term_string}\"},\"query-input\":{\"@type\":\"PropertyValueSpecification\",\"valueRequired\":true,\"valueName\":\"search_term_string\"}}],\"inLanguage\":\"pt-BR\"},{\"@type\":\"Organization\",\"@id\":\"https:\\\/\\\/www.aceguarulhos.com.br\\\/blog\\\/#organization\",\"name\":\"ACE-Guarulhos\",\"url\":\"https:\\\/\\\/www.aceguarulhos.com.br\\\/blog\\\/\",\"logo\":{\"@type\":\"ImageObject\",\"inLanguage\":\"pt-BR\",\"@id\":\"https:\\\/\\\/www.aceguarulhos.com.br\\\/blog\\\/#\\\/schema\\\/logo\\\/image\\\/\",\"url\":\"https:\\\/\\\/www.aceguarulhos.com.br\\\/blog\\\/wp-content\\\/uploads\\\/2017\\\/12\\\/logo-aceguarulhos-2018.png\",\"contentUrl\":\"https:\\\/\\\/www.aceguarulhos.com.br\\\/blog\\\/wp-content\\\/uploads\\\/2017\\\/12\\\/logo-aceguarulhos-2018.png\",\"width\":419,\"height\":76,\"caption\":\"ACE-Guarulhos\"},\"image\":{\"@id\":\"https:\\\/\\\/www.aceguarulhos.com.br\\\/blog\\\/#\\\/schema\\\/logo\\\/image\\\/\"},\"sameAs\":[\"https:\\\/\\\/www.facebook.com\\\/aceguarulhos\\\/\",\"https:\\\/\\\/br.linkedin.com\\\/in\\\/ace-guarulhos-b9a97093\",\"https:\\\/\\\/www.youtube.com\\\/user\\\/aceguarulhos\"]},{\"@type\":\"Person\",\"@id\":\"https:\\\/\\\/www.aceguarulhos.com.br\\\/blog\\\/#\\\/schema\\\/person\\\/6983b51bad37489989e4f09698c26237\",\"name\":\"Assessoria de Imprensa ACE-Guarulhos\",\"image\":{\"@type\":\"ImageObject\",\"inLanguage\":\"pt-BR\",\"@id\":\"https:\\\/\\\/secure.gravatar.com\\\/avatar\\\/707f3fadd6918afeb64173ab22d8a8cb0676953098a4f31ff36dc2b4c699ef6a?s=96&d=mm&r=g\",\"url\":\"https:\\\/\\\/secure.gravatar.com\\\/avatar\\\/707f3fadd6918afeb64173ab22d8a8cb0676953098a4f31ff36dc2b4c699ef6a?s=96&d=mm&r=g\",\"contentUrl\":\"https:\\\/\\\/secure.gravatar.com\\\/avatar\\\/707f3fadd6918afeb64173ab22d8a8cb0676953098a4f31ff36dc2b4c699ef6a?s=96&d=mm&r=g\",\"caption\":\"Assessoria de Imprensa ACE-Guarulhos\"},\"url\":\"https:\\\/\\\/www.aceguarulhos.com.br\\\/blog\\\/author\\\/assessoria-de-imprensa-ace-guarulhos\\\/\"}]}<\/script>\n<!-- \/ Yoast SEO plugin. -->","yoast_head_json":{"title":"Presidente da FEMPI visita Asec - ACE-Guarulhos","robots":{"index":"index","follow":"follow","max-snippet":"max-snippet:-1","max-image-preview":"max-image-preview:large","max-video-preview":"max-video-preview:-1"},"canonical":"https:\/\/www.aceguarulhos.com.br\/blog\/presidente-da-fempi-visita-asec\/","og_locale":"pt_BR","og_type":"article","og_title":"Presidente da FEMPI visita Asec - ACE-Guarulhos","og_description":"Euclides Raia, presidente da FEMPI, almo\u00e7a com a diretoria da Asec\u00a0Asec realiza o primeiro almo\u00e7o de 2005 com entidade de Itaqu\u00e1 O 1\u00ba","og_url":"https:\/\/www.aceguarulhos.com.br\/blog\/presidente-da-fempi-visita-asec\/","og_site_name":"ACE-Guarulhos","article_publisher":"https:\/\/www.facebook.com\/aceguarulhos\/","article_published_time":"2005-03-04T10:16:02+00:00","author":"Assessoria de Imprensa ACE-Guarulhos","twitter_card":"summary_large_image","twitter_misc":{"Escrito por":"Assessoria de Imprensa ACE-Guarulhos","Est. tempo de leitura":"3 minutos"},"schema":{"@context":"https:\/\/schema.org","@graph":[{"@type":"Article","@id":"https:\/\/www.aceguarulhos.com.br\/blog\/presidente-da-fempi-visita-asec\/#article","isPartOf":{"@id":"https:\/\/www.aceguarulhos.com.br\/blog\/presidente-da-fempi-visita-asec\/"},"author":{"name":"Assessoria de Imprensa ACE-Guarulhos","@id":"https:\/\/www.aceguarulhos.com.br\/blog\/#\/schema\/person\/6983b51bad37489989e4f09698c26237"},"headline":"Presidente da FEMPI visita Asec","datePublished":"2005-03-04T10:16:02+00:00","mainEntityOfPage":{"@id":"https:\/\/www.aceguarulhos.com.br\/blog\/presidente-da-fempi-visita-asec\/"},"wordCount":546,"commentCount":0,"publisher":{"@id":"https:\/\/www.aceguarulhos.com.br\/blog\/#organization"},"articleSection":["Not\u00edcias"],"inLanguage":"pt-BR"},{"@type":"WebPage","@id":"https:\/\/www.aceguarulhos.com.br\/blog\/presidente-da-fempi-visita-asec\/","url":"https:\/\/www.aceguarulhos.com.br\/blog\/presidente-da-fempi-visita-asec\/","name":"Presidente da FEMPI visita Asec - ACE-Guarulhos","isPartOf":{"@id":"https:\/\/www.aceguarulhos.com.br\/blog\/#website"},"datePublished":"2005-03-04T10:16:02+00:00","breadcrumb":{"@id":"https:\/\/www.aceguarulhos.com.br\/blog\/presidente-da-fempi-visita-asec\/#breadcrumb"},"inLanguage":"pt-BR","potentialAction":[{"@type":"ReadAction","target":["https:\/\/www.aceguarulhos.com.br\/blog\/presidente-da-fempi-visita-asec\/"]}]},{"@type":"BreadcrumbList","@id":"https:\/\/www.aceguarulhos.com.br\/blog\/presidente-da-fempi-visita-asec\/#breadcrumb","itemListElement":[{"@type":"ListItem","position":1,"name":"In\u00edcio","item":"https:\/\/www.aceguarulhos.com.br\/blog\/"},{"@type":"ListItem","position":2,"name":"Presidente da FEMPI visita Asec"}]},{"@type":"WebSite","@id":"https:\/\/www.aceguarulhos.com.br\/blog\/#website","url":"https:\/\/www.aceguarulhos.com.br\/blog\/","name":"ACE-Guarulhos","description":"A ACE-Guarulhos \u00e9 uma associa\u00e7\u00e3o que ap\u00f3ia os empres\u00e1rios guarulhenses atrav\u00e9s da representa\u00e7\u00e3o, da gera\u00e7\u00e3o de neg\u00f3cios e presta\u00e7\u00e3o de servi\u00e7os.","publisher":{"@id":"https:\/\/www.aceguarulhos.com.br\/blog\/#organization"},"potentialAction":[{"@type":"SearchAction","target":{"@type":"EntryPoint","urlTemplate":"https:\/\/www.aceguarulhos.com.br\/blog\/?s={search_term_string}"},"query-input":{"@type":"PropertyValueSpecification","valueRequired":true,"valueName":"search_term_string"}}],"inLanguage":"pt-BR"},{"@type":"Organization","@id":"https:\/\/www.aceguarulhos.com.br\/blog\/#organization","name":"ACE-Guarulhos","url":"https:\/\/www.aceguarulhos.com.br\/blog\/","logo":{"@type":"ImageObject","inLanguage":"pt-BR","@id":"https:\/\/www.aceguarulhos.com.br\/blog\/#\/schema\/logo\/image\/","url":"https:\/\/www.aceguarulhos.com.br\/blog\/wp-content\/uploads\/2017\/12\/logo-aceguarulhos-2018.png","contentUrl":"https:\/\/www.aceguarulhos.com.br\/blog\/wp-content\/uploads\/2017\/12\/logo-aceguarulhos-2018.png","width":419,"height":76,"caption":"ACE-Guarulhos"},"image":{"@id":"https:\/\/www.aceguarulhos.com.br\/blog\/#\/schema\/logo\/image\/"},"sameAs":["https:\/\/www.facebook.com\/aceguarulhos\/","https:\/\/br.linkedin.com\/in\/ace-guarulhos-b9a97093","https:\/\/www.youtube.com\/user\/aceguarulhos"]},{"@type":"Person","@id":"https:\/\/www.aceguarulhos.com.br\/blog\/#\/schema\/person\/6983b51bad37489989e4f09698c26237","name":"Assessoria de Imprensa ACE-Guarulhos","image":{"@type":"ImageObject","inLanguage":"pt-BR","@id":"https:\/\/secure.gravatar.com\/avatar\/707f3fadd6918afeb64173ab22d8a8cb0676953098a4f31ff36dc2b4c699ef6a?s=96&d=mm&r=g","url":"https:\/\/secure.gravatar.com\/avatar\/707f3fadd6918afeb64173ab22d8a8cb0676953098a4f31ff36dc2b4c699ef6a?s=96&d=mm&r=g","contentUrl":"https:\/\/secure.gravatar.com\/avatar\/707f3fadd6918afeb64173ab22d8a8cb0676953098a4f31ff36dc2b4c699ef6a?s=96&d=mm&r=g","caption":"Assessoria de Imprensa ACE-Guarulhos"},"url":"https:\/\/www.aceguarulhos.com.br\/blog\/author\/assessoria-de-imprensa-ace-guarulhos\/"}]}},"wps_subtitle":"","amp_enabled":true,"_links":{"self":[{"href":"https:\/\/www.aceguarulhos.com.br\/blog\/wp-json\/wp\/v2\/posts\/29164","targetHints":{"allow":["GET"]}}],"collection":[{"href":"https:\/\/www.aceguarulhos.com.br\/blog\/wp-json\/wp\/v2\/posts"}],"about":[{"href":"https:\/\/www.aceguarulhos.com.br\/blog\/wp-json\/wp\/v2\/types\/post"}],"author":[{"embeddable":true,"href":"https:\/\/www.aceguarulhos.com.br\/blog\/wp-json\/wp\/v2\/users\/8"}],"replies":[{"embeddable":true,"href":"https:\/\/www.aceguarulhos.com.br\/blog\/wp-json\/wp\/v2\/comments?post=29164"}],"version-history":[{"count":0,"href":"https:\/\/www.aceguarulhos.com.br\/blog\/wp-json\/wp\/v2\/posts\/29164\/revisions"}],"wp:attachment":[{"href":"https:\/\/www.aceguarulhos.com.br\/blog\/wp-json\/wp\/v2\/media?parent=29164"}],"wp:term":[{"taxonomy":"category","embeddable":true,"href":"https:\/\/www.aceguarulhos.com.br\/blog\/wp-json\/wp\/v2\/categories?post=29164"},{"taxonomy":"post_tag","embeddable":true,"href":"https:\/\/www.aceguarulhos.com.br\/blog\/wp-json\/wp\/v2\/tags?post=29164"}],"curies":[{"name":"wp","href":"https:\/\/api.w.org\/{rel}","templated":true}]}}