{"id":29153,"date":"2005-03-02T09:06:18","date_gmt":"2005-03-02T09:06:18","guid":{"rendered":"http:\/\/www.aceguarulhos.com.br\/blog\/?p=29153"},"modified":"-0001-11-30T00:00:00","modified_gmt":"-0001-11-30T03:00:00","slug":"a-batalha-hoje-%c3%a9-no-congresso-nacional","status":"publish","type":"post","link":"https:\/\/www.aceguarulhos.com.br\/blog\/a-batalha-hoje-%c3%a9-no-congresso-nacional\/","title":{"rendered":"A batalha hoje \u00e9 no Congresso Nacional"},"content":{"rendered":"<p><P>Mesmo com o novo recuo do governo, a palavra de ordem da Frente Brasileira contra a MP 232 \u00e9 &#8220;negocia\u00e7\u00e3o, n\u00e3o&#8221;! Hoje, a Frente estar\u00e1 em Bras\u00edlia para participar, \u00e0s 14 horas, de audi\u00eancia p\u00fablica da Comiss\u00e3o Mista do Congresso que analisa a medida provis\u00f3ria, presidida pelo deputado Francisco Dornelles (PP-RJ). &#8220;N\u00e3o h\u00e1 negocia\u00e7\u00e3o, a n\u00e3o ser via projeto de lei a ser discutido no Congresso&#8221;, deixou claro Guilherme Afif Domingos, presidente da Associa\u00e7\u00e3o Comercial de S\u00e3o Paulo (ACSP), em reuni\u00e3o da Frente ontem, na sede do Sindicato das Empresas de Servi\u00e7os Cont\u00e1beis de S\u00e3o Paulo (Sescon-SP).<\/P><P>Na \u00faltima reuni\u00e3o realizada em Bras\u00edlia, o ministro da Fazenda, Antonio Palocci, acenou a possibilidade de rever alguns pontos da medida, mas a Frente reiterou que exige a derrubada de todos os artigos da MP, com exce\u00e7\u00e3o da corre\u00e7\u00e3o da tabela do Imposto de Renda.<\/P><P>As entidades tamb\u00e9m n\u00e3o v\u00e3o admitir o fatiamento da discuss\u00e3o. O diretor adjunto da Federa\u00e7\u00e3o das Ind\u00fastrias do Estado de S\u00e3o Paulo (Fiesp), M\u00e1rcio Giusti, compareceu \u00e0 reuni\u00e3o no Sescon-SP representando o presidente da entidade, Paulo Skaf, e negou que a federa\u00e7\u00e3o esteja negociando paralelamente. &#8220;Skaf n\u00e3o aprova os itens da MP e achamos que ela deve ser negociada com o Congresso&#8221;, afirmou Giusti.<\/P><P>A Frente vai aproveitar a audi\u00eancia em Bras\u00edlia para entregar \u00e0 comiss\u00e3o estudo que contesta os n\u00fameros do governo sobre as perdas de receita com a corre\u00e7\u00e3o da tabela de IR e os ganhos com as &#8220;maldades&#8221; da MP 232. &#8220;O que o Palocci diz \u00e9 uma fal\u00e1cia do tamanho de um bonde. Amanh\u00e3 (hoje) vamos levar \u00e0 comiss\u00e3o um documento que se chama &#8220;as fal\u00e1cias da Receita&#8221;, disse Afif.<\/P><P>O governo fundamenta os aumentos institu\u00eddos pela MP 232 alegando que com a corre\u00e7\u00e3o da tabela do IRPF vai perder R$ 2,5 bilh\u00f5es. &#8220;A perda do governo \u00e9 de menos da metade do valor que ele apresenta&#8221;, ressaltou o tributarista Gilberto Luiz do Amaral, presidente do Instituto Brasileiro de Planejamento Tribut\u00e1rio (IBPT).<\/P><P>A Frente tamb\u00e9m adiantou que vai promover a\u00e7\u00f5es este m\u00eas para convencer a base parlamentar de cada estado brasileiro a derrubar a MP 232. J\u00e1 est\u00e3o no cronograma da Frente atos p\u00fablicos em Bras\u00edlia, Belo Horizonte, Salvador, Recife, Florian\u00f3polis, Porto Alegre, Bel\u00e9m, Fortaleza e S\u00e3o Paulo.<\/P><P><STRONG>Reten\u00e7\u00f5es <\/STRONG>&#8211; Antes da prorroga\u00e7\u00e3o, o Sindicato das Empresas de Transportes de Carga de S\u00e3o Paulo e Regi\u00e3o (Setcesp) e a Associa\u00e7\u00e3o Nacional do Transporte de Cargas e Log\u00edstica (NTC) entraram com mandados de seguran\u00e7a com pedido de liminar para suspender as reten\u00e7\u00f5es de PIS, Cofins, CSLL e IR na fonte &#8211; que entrariam em vigor ontem &#8211; para os seus 1.800 associados.<BR>O assessor jur\u00eddico da Setcesp e do NTC, Marcos Aur\u00e9lio Ribeiro, alegou que a MP \u00e9 inconstitucional porque n\u00e3o tem car\u00e1ter de urg\u00eancia e relev\u00e2ncia, al\u00e9m de ferir os princ\u00edpios da isonomia e da capacidade contributiva.<\/P><P>Outros empres\u00e1rios que participaram da reuni\u00e3o no Sescon-SP amea\u00e7avam deixar de fazer essas reten\u00e7\u00f5es. Mas o presidente da seccional paulista da Ordem dos Advogados do Brasil (OAB-SP), Luiz Fl\u00e1vio Borges D&#39;Urso, fez um alerta: &#8220;A desobedi\u00eancia civil pode trazer consequ\u00eancias individuais s\u00e9rias&#8221;. Segundo Amaral, do IBPT, a multa por cada reten\u00e7\u00e3o que deixar de ser feita \u00e9 de R$ 5 mil.<\/P><P><STRONG>Laura Ignacio<\/STRONG><\/P><\/p>\n<p><b>Not\u00edcias Relacionadas<\/b><\/p>\n<p><img loading=\"lazy\" decoding=\"async\" src=\"images\/icon_seguir2.gif\" width=\"12\" height=\"11\"><A href=\"\/content.php?m=20050302094658\" target=\"_blank\" style=color:\"#222222\"><b>Adiada parte da MP 232 que eleva IR<\/b><\/A><\/p>\n","protected":false},"excerpt":{"rendered":"Mesmo com o novo recuo do governo, a palavra de ordem da Frente Brasileira contra a MP 232 \u00e9 &#8220;negocia\u00e7\u00e3o, n\u00e3o&#8221;! Hoje, a \n<a class=\"moretag\" href=\"https:\/\/www.aceguarulhos.com.br\/blog\/a-batalha-hoje-%c3%a9-no-congresso-nacional\/\"> [...]<\/a>","protected":false},"author":8,"featured_media":0,"comment_status":"open","ping_status":"open","sticky":false,"template":"","format":"standard","meta":{"footnotes":""},"categories":[2],"tags":[],"class_list":["post-29153","post","type-post","status-publish","format-standard","hentry","category-noticias"],"yoast_head":"<!-- This site is optimized with the Yoast SEO plugin v28.1 - https:\/\/yoast.com\/product\/yoast-seo-wordpress\/ -->\n<title>A batalha hoje \u00e9 no Congresso Nacional - ACE-Guarulhos<\/title>\n<meta name=\"robots\" content=\"index, follow, max-snippet:-1, max-image-preview:large, max-video-preview:-1\" \/>\n<link rel=\"canonical\" href=\"https:\/\/www.aceguarulhos.com.br\/blog\/a-batalha-hoje-\u00e9-no-congresso-nacional\/\" \/>\n<meta property=\"og:locale\" content=\"pt_BR\" \/>\n<meta property=\"og:type\" content=\"article\" \/>\n<meta property=\"og:title\" content=\"A batalha hoje \u00e9 no Congresso Nacional - ACE-Guarulhos\" \/>\n<meta property=\"og:description\" content=\"Mesmo com o novo recuo do governo, a palavra de ordem da Frente Brasileira contra a MP 232 \u00e9 &#8220;negocia\u00e7\u00e3o, n\u00e3o&#8221;! Hoje, a\" \/>\n<meta property=\"og:url\" content=\"https:\/\/www.aceguarulhos.com.br\/blog\/a-batalha-hoje-\u00e9-no-congresso-nacional\/\" \/>\n<meta property=\"og:site_name\" content=\"ACE-Guarulhos\" \/>\n<meta property=\"article:publisher\" content=\"https:\/\/www.facebook.com\/aceguarulhos\/\" \/>\n<meta property=\"article:published_time\" content=\"2005-03-02T09:06:18+00:00\" \/>\n<meta property=\"og:image\" content=\"http:\/\/images\/icon_seguir2.gif\" \/>\n<meta name=\"author\" content=\"Assessoria de Imprensa ACE-Guarulhos\" \/>\n<meta name=\"twitter:card\" content=\"summary_large_image\" \/>\n<meta name=\"twitter:label1\" content=\"Escrito por\" \/>\n\t<meta name=\"twitter:data1\" content=\"Assessoria de Imprensa ACE-Guarulhos\" \/>\n\t<meta name=\"twitter:label2\" content=\"Est. tempo de leitura\" \/>\n\t<meta name=\"twitter:data2\" content=\"3 minutos\" \/>\n<script type=\"application\/ld+json\" class=\"yoast-schema-graph\">{\"@context\":\"https:\\\/\\\/schema.org\",\"@graph\":[{\"@type\":\"Article\",\"@id\":\"https:\\\/\\\/www.aceguarulhos.com.br\\\/blog\\\/a-batalha-hoje-%c3%a9-no-congresso-nacional\\\/#article\",\"isPartOf\":{\"@id\":\"https:\\\/\\\/www.aceguarulhos.com.br\\\/blog\\\/a-batalha-hoje-%c3%a9-no-congresso-nacional\\\/\"},\"author\":{\"name\":\"Assessoria de Imprensa ACE-Guarulhos\",\"@id\":\"https:\\\/\\\/www.aceguarulhos.com.br\\\/blog\\\/#\\\/schema\\\/person\\\/6983b51bad37489989e4f09698c26237\"},\"headline\":\"A batalha hoje \u00e9 no Congresso Nacional\",\"datePublished\":\"2005-03-02T09:06:18+00:00\",\"mainEntityOfPage\":{\"@id\":\"https:\\\/\\\/www.aceguarulhos.com.br\\\/blog\\\/a-batalha-hoje-%c3%a9-no-congresso-nacional\\\/\"},\"wordCount\":614,\"commentCount\":0,\"publisher\":{\"@id\":\"https:\\\/\\\/www.aceguarulhos.com.br\\\/blog\\\/#organization\"},\"articleSection\":[\"Not\u00edcias\"],\"inLanguage\":\"pt-BR\"},{\"@type\":\"WebPage\",\"@id\":\"https:\\\/\\\/www.aceguarulhos.com.br\\\/blog\\\/a-batalha-hoje-%c3%a9-no-congresso-nacional\\\/\",\"url\":\"https:\\\/\\\/www.aceguarulhos.com.br\\\/blog\\\/a-batalha-hoje-%c3%a9-no-congresso-nacional\\\/\",\"name\":\"A batalha hoje \u00e9 no Congresso Nacional - ACE-Guarulhos\",\"isPartOf\":{\"@id\":\"https:\\\/\\\/www.aceguarulhos.com.br\\\/blog\\\/#website\"},\"datePublished\":\"2005-03-02T09:06:18+00:00\",\"breadcrumb\":{\"@id\":\"https:\\\/\\\/www.aceguarulhos.com.br\\\/blog\\\/a-batalha-hoje-%c3%a9-no-congresso-nacional\\\/#breadcrumb\"},\"inLanguage\":\"pt-BR\",\"potentialAction\":[{\"@type\":\"ReadAction\",\"target\":[\"https:\\\/\\\/www.aceguarulhos.com.br\\\/blog\\\/a-batalha-hoje-%c3%a9-no-congresso-nacional\\\/\"]}]},{\"@type\":\"BreadcrumbList\",\"@id\":\"https:\\\/\\\/www.aceguarulhos.com.br\\\/blog\\\/a-batalha-hoje-%c3%a9-no-congresso-nacional\\\/#breadcrumb\",\"itemListElement\":[{\"@type\":\"ListItem\",\"position\":1,\"name\":\"In\u00edcio\",\"item\":\"https:\\\/\\\/www.aceguarulhos.com.br\\\/blog\\\/\"},{\"@type\":\"ListItem\",\"position\":2,\"name\":\"A batalha hoje \u00e9 no Congresso Nacional\"}]},{\"@type\":\"WebSite\",\"@id\":\"https:\\\/\\\/www.aceguarulhos.com.br\\\/blog\\\/#website\",\"url\":\"https:\\\/\\\/www.aceguarulhos.com.br\\\/blog\\\/\",\"name\":\"ACE-Guarulhos\",\"description\":\"A ACE-Guarulhos \u00e9 uma associa\u00e7\u00e3o que ap\u00f3ia os empres\u00e1rios guarulhenses atrav\u00e9s da representa\u00e7\u00e3o, da gera\u00e7\u00e3o de neg\u00f3cios e presta\u00e7\u00e3o de servi\u00e7os.\",\"publisher\":{\"@id\":\"https:\\\/\\\/www.aceguarulhos.com.br\\\/blog\\\/#organization\"},\"potentialAction\":[{\"@type\":\"SearchAction\",\"target\":{\"@type\":\"EntryPoint\",\"urlTemplate\":\"https:\\\/\\\/www.aceguarulhos.com.br\\\/blog\\\/?s={search_term_string}\"},\"query-input\":{\"@type\":\"PropertyValueSpecification\",\"valueRequired\":true,\"valueName\":\"search_term_string\"}}],\"inLanguage\":\"pt-BR\"},{\"@type\":\"Organization\",\"@id\":\"https:\\\/\\\/www.aceguarulhos.com.br\\\/blog\\\/#organization\",\"name\":\"ACE-Guarulhos\",\"url\":\"https:\\\/\\\/www.aceguarulhos.com.br\\\/blog\\\/\",\"logo\":{\"@type\":\"ImageObject\",\"inLanguage\":\"pt-BR\",\"@id\":\"https:\\\/\\\/www.aceguarulhos.com.br\\\/blog\\\/#\\\/schema\\\/logo\\\/image\\\/\",\"url\":\"https:\\\/\\\/www.aceguarulhos.com.br\\\/blog\\\/wp-content\\\/uploads\\\/2017\\\/12\\\/logo-aceguarulhos-2018.png\",\"contentUrl\":\"https:\\\/\\\/www.aceguarulhos.com.br\\\/blog\\\/wp-content\\\/uploads\\\/2017\\\/12\\\/logo-aceguarulhos-2018.png\",\"width\":419,\"height\":76,\"caption\":\"ACE-Guarulhos\"},\"image\":{\"@id\":\"https:\\\/\\\/www.aceguarulhos.com.br\\\/blog\\\/#\\\/schema\\\/logo\\\/image\\\/\"},\"sameAs\":[\"https:\\\/\\\/www.facebook.com\\\/aceguarulhos\\\/\",\"https:\\\/\\\/br.linkedin.com\\\/in\\\/ace-guarulhos-b9a97093\",\"https:\\\/\\\/www.youtube.com\\\/user\\\/aceguarulhos\"]},{\"@type\":\"Person\",\"@id\":\"https:\\\/\\\/www.aceguarulhos.com.br\\\/blog\\\/#\\\/schema\\\/person\\\/6983b51bad37489989e4f09698c26237\",\"name\":\"Assessoria de Imprensa ACE-Guarulhos\",\"image\":{\"@type\":\"ImageObject\",\"inLanguage\":\"pt-BR\",\"@id\":\"https:\\\/\\\/secure.gravatar.com\\\/avatar\\\/707f3fadd6918afeb64173ab22d8a8cb0676953098a4f31ff36dc2b4c699ef6a?s=96&d=mm&r=g\",\"url\":\"https:\\\/\\\/secure.gravatar.com\\\/avatar\\\/707f3fadd6918afeb64173ab22d8a8cb0676953098a4f31ff36dc2b4c699ef6a?s=96&d=mm&r=g\",\"contentUrl\":\"https:\\\/\\\/secure.gravatar.com\\\/avatar\\\/707f3fadd6918afeb64173ab22d8a8cb0676953098a4f31ff36dc2b4c699ef6a?s=96&d=mm&r=g\",\"caption\":\"Assessoria de Imprensa ACE-Guarulhos\"},\"url\":\"https:\\\/\\\/www.aceguarulhos.com.br\\\/blog\\\/author\\\/assessoria-de-imprensa-ace-guarulhos\\\/\"}]}<\/script>\n<!-- \/ Yoast SEO plugin. -->","yoast_head_json":{"title":"A batalha hoje \u00e9 no Congresso Nacional - ACE-Guarulhos","robots":{"index":"index","follow":"follow","max-snippet":"max-snippet:-1","max-image-preview":"max-image-preview:large","max-video-preview":"max-video-preview:-1"},"canonical":"https:\/\/www.aceguarulhos.com.br\/blog\/a-batalha-hoje-\u00e9-no-congresso-nacional\/","og_locale":"pt_BR","og_type":"article","og_title":"A batalha hoje \u00e9 no Congresso Nacional - ACE-Guarulhos","og_description":"Mesmo com o novo recuo do governo, a palavra de ordem da Frente Brasileira contra a MP 232 \u00e9 &#8220;negocia\u00e7\u00e3o, n\u00e3o&#8221;! Hoje, a","og_url":"https:\/\/www.aceguarulhos.com.br\/blog\/a-batalha-hoje-\u00e9-no-congresso-nacional\/","og_site_name":"ACE-Guarulhos","article_publisher":"https:\/\/www.facebook.com\/aceguarulhos\/","article_published_time":"2005-03-02T09:06:18+00:00","og_image":[{"url":"images\/icon_seguir2.gif","type":"","width":"","height":""}],"author":"Assessoria de Imprensa ACE-Guarulhos","twitter_card":"summary_large_image","twitter_misc":{"Escrito por":"Assessoria de Imprensa ACE-Guarulhos","Est. tempo de leitura":"3 minutos"},"schema":{"@context":"https:\/\/schema.org","@graph":[{"@type":"Article","@id":"https:\/\/www.aceguarulhos.com.br\/blog\/a-batalha-hoje-%c3%a9-no-congresso-nacional\/#article","isPartOf":{"@id":"https:\/\/www.aceguarulhos.com.br\/blog\/a-batalha-hoje-%c3%a9-no-congresso-nacional\/"},"author":{"name":"Assessoria de Imprensa ACE-Guarulhos","@id":"https:\/\/www.aceguarulhos.com.br\/blog\/#\/schema\/person\/6983b51bad37489989e4f09698c26237"},"headline":"A batalha hoje \u00e9 no Congresso Nacional","datePublished":"2005-03-02T09:06:18+00:00","mainEntityOfPage":{"@id":"https:\/\/www.aceguarulhos.com.br\/blog\/a-batalha-hoje-%c3%a9-no-congresso-nacional\/"},"wordCount":614,"commentCount":0,"publisher":{"@id":"https:\/\/www.aceguarulhos.com.br\/blog\/#organization"},"articleSection":["Not\u00edcias"],"inLanguage":"pt-BR"},{"@type":"WebPage","@id":"https:\/\/www.aceguarulhos.com.br\/blog\/a-batalha-hoje-%c3%a9-no-congresso-nacional\/","url":"https:\/\/www.aceguarulhos.com.br\/blog\/a-batalha-hoje-%c3%a9-no-congresso-nacional\/","name":"A batalha hoje \u00e9 no Congresso Nacional - ACE-Guarulhos","isPartOf":{"@id":"https:\/\/www.aceguarulhos.com.br\/blog\/#website"},"datePublished":"2005-03-02T09:06:18+00:00","breadcrumb":{"@id":"https:\/\/www.aceguarulhos.com.br\/blog\/a-batalha-hoje-%c3%a9-no-congresso-nacional\/#breadcrumb"},"inLanguage":"pt-BR","potentialAction":[{"@type":"ReadAction","target":["https:\/\/www.aceguarulhos.com.br\/blog\/a-batalha-hoje-%c3%a9-no-congresso-nacional\/"]}]},{"@type":"BreadcrumbList","@id":"https:\/\/www.aceguarulhos.com.br\/blog\/a-batalha-hoje-%c3%a9-no-congresso-nacional\/#breadcrumb","itemListElement":[{"@type":"ListItem","position":1,"name":"In\u00edcio","item":"https:\/\/www.aceguarulhos.com.br\/blog\/"},{"@type":"ListItem","position":2,"name":"A batalha hoje \u00e9 no Congresso Nacional"}]},{"@type":"WebSite","@id":"https:\/\/www.aceguarulhos.com.br\/blog\/#website","url":"https:\/\/www.aceguarulhos.com.br\/blog\/","name":"ACE-Guarulhos","description":"A ACE-Guarulhos \u00e9 uma associa\u00e7\u00e3o que ap\u00f3ia os empres\u00e1rios guarulhenses atrav\u00e9s da representa\u00e7\u00e3o, da gera\u00e7\u00e3o de neg\u00f3cios e presta\u00e7\u00e3o de servi\u00e7os.","publisher":{"@id":"https:\/\/www.aceguarulhos.com.br\/blog\/#organization"},"potentialAction":[{"@type":"SearchAction","target":{"@type":"EntryPoint","urlTemplate":"https:\/\/www.aceguarulhos.com.br\/blog\/?s={search_term_string}"},"query-input":{"@type":"PropertyValueSpecification","valueRequired":true,"valueName":"search_term_string"}}],"inLanguage":"pt-BR"},{"@type":"Organization","@id":"https:\/\/www.aceguarulhos.com.br\/blog\/#organization","name":"ACE-Guarulhos","url":"https:\/\/www.aceguarulhos.com.br\/blog\/","logo":{"@type":"ImageObject","inLanguage":"pt-BR","@id":"https:\/\/www.aceguarulhos.com.br\/blog\/#\/schema\/logo\/image\/","url":"https:\/\/www.aceguarulhos.com.br\/blog\/wp-content\/uploads\/2017\/12\/logo-aceguarulhos-2018.png","contentUrl":"https:\/\/www.aceguarulhos.com.br\/blog\/wp-content\/uploads\/2017\/12\/logo-aceguarulhos-2018.png","width":419,"height":76,"caption":"ACE-Guarulhos"},"image":{"@id":"https:\/\/www.aceguarulhos.com.br\/blog\/#\/schema\/logo\/image\/"},"sameAs":["https:\/\/www.facebook.com\/aceguarulhos\/","https:\/\/br.linkedin.com\/in\/ace-guarulhos-b9a97093","https:\/\/www.youtube.com\/user\/aceguarulhos"]},{"@type":"Person","@id":"https:\/\/www.aceguarulhos.com.br\/blog\/#\/schema\/person\/6983b51bad37489989e4f09698c26237","name":"Assessoria de Imprensa ACE-Guarulhos","image":{"@type":"ImageObject","inLanguage":"pt-BR","@id":"https:\/\/secure.gravatar.com\/avatar\/707f3fadd6918afeb64173ab22d8a8cb0676953098a4f31ff36dc2b4c699ef6a?s=96&d=mm&r=g","url":"https:\/\/secure.gravatar.com\/avatar\/707f3fadd6918afeb64173ab22d8a8cb0676953098a4f31ff36dc2b4c699ef6a?s=96&d=mm&r=g","contentUrl":"https:\/\/secure.gravatar.com\/avatar\/707f3fadd6918afeb64173ab22d8a8cb0676953098a4f31ff36dc2b4c699ef6a?s=96&d=mm&r=g","caption":"Assessoria de Imprensa ACE-Guarulhos"},"url":"https:\/\/www.aceguarulhos.com.br\/blog\/author\/assessoria-de-imprensa-ace-guarulhos\/"}]}},"wps_subtitle":"","amp_enabled":true,"_links":{"self":[{"href":"https:\/\/www.aceguarulhos.com.br\/blog\/wp-json\/wp\/v2\/posts\/29153","targetHints":{"allow":["GET"]}}],"collection":[{"href":"https:\/\/www.aceguarulhos.com.br\/blog\/wp-json\/wp\/v2\/posts"}],"about":[{"href":"https:\/\/www.aceguarulhos.com.br\/blog\/wp-json\/wp\/v2\/types\/post"}],"author":[{"embeddable":true,"href":"https:\/\/www.aceguarulhos.com.br\/blog\/wp-json\/wp\/v2\/users\/8"}],"replies":[{"embeddable":true,"href":"https:\/\/www.aceguarulhos.com.br\/blog\/wp-json\/wp\/v2\/comments?post=29153"}],"version-history":[{"count":0,"href":"https:\/\/www.aceguarulhos.com.br\/blog\/wp-json\/wp\/v2\/posts\/29153\/revisions"}],"wp:attachment":[{"href":"https:\/\/www.aceguarulhos.com.br\/blog\/wp-json\/wp\/v2\/media?parent=29153"}],"wp:term":[{"taxonomy":"category","embeddable":true,"href":"https:\/\/www.aceguarulhos.com.br\/blog\/wp-json\/wp\/v2\/categories?post=29153"},{"taxonomy":"post_tag","embeddable":true,"href":"https:\/\/www.aceguarulhos.com.br\/blog\/wp-json\/wp\/v2\/tags?post=29153"}],"curies":[{"name":"wp","href":"https:\/\/api.w.org\/{rel}","templated":true}]}}