{"id":29145,"date":"2005-02-28T08:49:14","date_gmt":"2005-02-28T08:49:14","guid":{"rendered":"http:\/\/www.aceguarulhos.com.br\/blog\/?p=29145"},"modified":"-0001-11-30T00:00:00","modified_gmt":"-0001-11-30T03:00:00","slug":"mp-232-entra-em-vigor-amanh%c3%a3","status":"publish","type":"post","link":"https:\/\/www.aceguarulhos.com.br\/blog\/mp-232-entra-em-vigor-amanh%c3%a3\/","title":{"rendered":"MP 232 entra em vigor amanh\u00e3"},"content":{"rendered":"<p><P>As novas reten\u00e7\u00f5es de tributos previstas na Medida Provis\u00f3ria 232 entram em vigor a partir desta ter\u00e7a-feira, 01, depois de um m\u00eas de prorroga\u00e7\u00e3o, alterando a rotina tribut\u00e1ria de uma infinidade de empresas e produtores rurais. Pelas novas regras, empresas de medicina, transporte, engenharia, publicidade e propaganda, por exemplo, est\u00e3o obrigadas a recolher antecipadamente 4,65% sobre o valor do servi\u00e7o prestado a t\u00edtulo de Contribui\u00e7\u00e3o Social sobre o Lucro L\u00edquido (CSLL), Programa de Integra\u00e7\u00e3o Social (PIS) e Contribui\u00e7\u00e3o para o Financiamento da Seguridade Social (Cofins). Se para quem presta o servi\u00e7o a novidade \u00e9 o pagamento antecipado ao Fisco, quem contrata ter\u00e1 de enfrentar mais burocracia: ser\u00e1 obrigado a promover a reten\u00e7\u00e3o e o posterior repasse \u00e0 Receita Federal. <\/P><P>O presidente do Instituto Brasileiro de Planejamento Tribut\u00e1rio (IBPT), Gilberto Luiz do Amaral, um dos coordenadores da Frente Brasileira contra a MP 232, prev\u00ea que a entrada em vigor das novas reten\u00e7\u00f5es poder\u00e1 gerar confus\u00e3o. &#8220;As empresas de transportes, por exemplo, que passar\u00e3o a pagar na fonte o IR e a CSLL, precisar\u00e3o adequar o seu sistema de emiss\u00e3o de notas fiscais.&#8221;<\/P><P>De acordo com o gerente da \u00e1rea fiscal da Confirp, o consultor Welinton Motta, a reten\u00e7\u00e3o \u00e9 obrigat\u00f3ria para pagamentos superiores a R$ 5 mil para o mesmo prestador de servi\u00e7o dentro do mesmo m\u00eas. Segundo ele, apesar da disposi\u00e7\u00e3o do governo em negociar alguns pontos da MP, a consultoria j\u00e1 enviou correspond\u00eancias a todos os seus clientes para esclarecer as altera\u00e7\u00f5es trazidas pela medida. &#8220;E ainda tem muita gente que desconhece o seu teor&#8221;, diz, ao explicar o prop\u00f3sito do Fisco com o mecanismo da reten\u00e7\u00e3o. &#8220;Para a Receita \u00e9 vantajoso porque recebe o imposto adiantado e combate a sonega\u00e7\u00e3o.&#8221; <\/P><P>Para os produtores rurais que atuam como pessoas f\u00edsicas, a medida prev\u00ea a reten\u00e7\u00e3o de 1,5% do Imposto de Renda na aquisi\u00e7\u00e3o de mercadorias de origem vegetal e animal. No caso de pessoas jur\u00eddicas, al\u00e9m da reten\u00e7\u00e3o de 1,5% do IR, a MP estabelece o pagamento antecipado de 1% da CSLL. <\/P><P>Empresas de presta\u00e7\u00e3o de servi\u00e7os de manuten\u00e7\u00e3o de bens m\u00f3veis e im\u00f3veis e transporte, bem como as de medicina, constru\u00e7\u00e3o de estradas, pontes e pr\u00e9dios, tamb\u00e9m passar\u00e3o a estar sujeitas \u00e0 reten\u00e7\u00e3o de 1,5% do IR. J\u00e1 para as empresas prestadoras de servi\u00e7os de limpeza, conserva\u00e7\u00e3o, seguran\u00e7a, vigil\u00e2ncia e loca\u00e7\u00e3o de m\u00e3o-de-obra, a mudan\u00e7a trazida pela MP 232 \u00e9 a majora\u00e7\u00e3o de 0,5% na al\u00edquota do Imposto de Renda retido na fonte, que passar\u00e1 de 1% para 1,5%.<BR><BR><STRONG>S\u00edlvia Pimentel<\/STRONG><\/P><\/p>\n","protected":false},"excerpt":{"rendered":"As novas reten\u00e7\u00f5es de tributos previstas na Medida Provis\u00f3ria 232 entram em vigor a partir desta ter\u00e7a-feira, 01, depois de um m\u00eas de \n<a class=\"moretag\" href=\"https:\/\/www.aceguarulhos.com.br\/blog\/mp-232-entra-em-vigor-amanh%c3%a3\/\"> [...]<\/a>","protected":false},"author":8,"featured_media":0,"comment_status":"open","ping_status":"open","sticky":false,"template":"","format":"standard","meta":{"footnotes":""},"categories":[2],"tags":[],"class_list":["post-29145","post","type-post","status-publish","format-standard","hentry","category-noticias"],"yoast_head":"<!-- This site is optimized with the Yoast SEO plugin v28.1 - https:\/\/yoast.com\/product\/yoast-seo-wordpress\/ -->\n<title>MP 232 entra em vigor amanh\u00e3 - ACE-Guarulhos<\/title>\n<meta name=\"robots\" content=\"index, follow, max-snippet:-1, max-image-preview:large, max-video-preview:-1\" \/>\n<link rel=\"canonical\" href=\"https:\/\/www.aceguarulhos.com.br\/blog\/mp-232-entra-em-vigor-amanh\u00e3\/\" \/>\n<meta property=\"og:locale\" content=\"pt_BR\" \/>\n<meta property=\"og:type\" content=\"article\" \/>\n<meta property=\"og:title\" content=\"MP 232 entra em vigor amanh\u00e3 - ACE-Guarulhos\" \/>\n<meta property=\"og:description\" content=\"As novas reten\u00e7\u00f5es de tributos previstas na Medida Provis\u00f3ria 232 entram em vigor a partir desta ter\u00e7a-feira, 01, depois de um m\u00eas de\" \/>\n<meta property=\"og:url\" content=\"https:\/\/www.aceguarulhos.com.br\/blog\/mp-232-entra-em-vigor-amanh\u00e3\/\" \/>\n<meta property=\"og:site_name\" content=\"ACE-Guarulhos\" \/>\n<meta property=\"article:publisher\" content=\"https:\/\/www.facebook.com\/aceguarulhos\/\" \/>\n<meta property=\"article:published_time\" content=\"2005-02-28T08:49:14+00:00\" \/>\n<meta name=\"author\" content=\"Assessoria de Imprensa ACE-Guarulhos\" \/>\n<meta name=\"twitter:card\" content=\"summary_large_image\" \/>\n<meta name=\"twitter:label1\" content=\"Escrito por\" \/>\n\t<meta name=\"twitter:data1\" content=\"Assessoria de Imprensa ACE-Guarulhos\" \/>\n\t<meta name=\"twitter:label2\" content=\"Est. tempo de leitura\" \/>\n\t<meta name=\"twitter:data2\" content=\"2 minutos\" \/>\n<script type=\"application\/ld+json\" class=\"yoast-schema-graph\">{\"@context\":\"https:\\\/\\\/schema.org\",\"@graph\":[{\"@type\":\"Article\",\"@id\":\"https:\\\/\\\/www.aceguarulhos.com.br\\\/blog\\\/mp-232-entra-em-vigor-amanh%c3%a3\\\/#article\",\"isPartOf\":{\"@id\":\"https:\\\/\\\/www.aceguarulhos.com.br\\\/blog\\\/mp-232-entra-em-vigor-amanh%c3%a3\\\/\"},\"author\":{\"name\":\"Assessoria de Imprensa ACE-Guarulhos\",\"@id\":\"https:\\\/\\\/www.aceguarulhos.com.br\\\/blog\\\/#\\\/schema\\\/person\\\/6983b51bad37489989e4f09698c26237\"},\"headline\":\"MP 232 entra em vigor amanh\u00e3\",\"datePublished\":\"2005-02-28T08:49:14+00:00\",\"mainEntityOfPage\":{\"@id\":\"https:\\\/\\\/www.aceguarulhos.com.br\\\/blog\\\/mp-232-entra-em-vigor-amanh%c3%a3\\\/\"},\"wordCount\":456,\"commentCount\":0,\"publisher\":{\"@id\":\"https:\\\/\\\/www.aceguarulhos.com.br\\\/blog\\\/#organization\"},\"articleSection\":[\"Not\u00edcias\"],\"inLanguage\":\"pt-BR\"},{\"@type\":\"WebPage\",\"@id\":\"https:\\\/\\\/www.aceguarulhos.com.br\\\/blog\\\/mp-232-entra-em-vigor-amanh%c3%a3\\\/\",\"url\":\"https:\\\/\\\/www.aceguarulhos.com.br\\\/blog\\\/mp-232-entra-em-vigor-amanh%c3%a3\\\/\",\"name\":\"MP 232 entra em vigor amanh\u00e3 - ACE-Guarulhos\",\"isPartOf\":{\"@id\":\"https:\\\/\\\/www.aceguarulhos.com.br\\\/blog\\\/#website\"},\"datePublished\":\"2005-02-28T08:49:14+00:00\",\"breadcrumb\":{\"@id\":\"https:\\\/\\\/www.aceguarulhos.com.br\\\/blog\\\/mp-232-entra-em-vigor-amanh%c3%a3\\\/#breadcrumb\"},\"inLanguage\":\"pt-BR\",\"potentialAction\":[{\"@type\":\"ReadAction\",\"target\":[\"https:\\\/\\\/www.aceguarulhos.com.br\\\/blog\\\/mp-232-entra-em-vigor-amanh%c3%a3\\\/\"]}]},{\"@type\":\"BreadcrumbList\",\"@id\":\"https:\\\/\\\/www.aceguarulhos.com.br\\\/blog\\\/mp-232-entra-em-vigor-amanh%c3%a3\\\/#breadcrumb\",\"itemListElement\":[{\"@type\":\"ListItem\",\"position\":1,\"name\":\"In\u00edcio\",\"item\":\"https:\\\/\\\/www.aceguarulhos.com.br\\\/blog\\\/\"},{\"@type\":\"ListItem\",\"position\":2,\"name\":\"MP 232 entra em vigor amanh\u00e3\"}]},{\"@type\":\"WebSite\",\"@id\":\"https:\\\/\\\/www.aceguarulhos.com.br\\\/blog\\\/#website\",\"url\":\"https:\\\/\\\/www.aceguarulhos.com.br\\\/blog\\\/\",\"name\":\"ACE-Guarulhos\",\"description\":\"A ACE-Guarulhos \u00e9 uma associa\u00e7\u00e3o que ap\u00f3ia os empres\u00e1rios guarulhenses atrav\u00e9s da representa\u00e7\u00e3o, da gera\u00e7\u00e3o de neg\u00f3cios e presta\u00e7\u00e3o de servi\u00e7os.\",\"publisher\":{\"@id\":\"https:\\\/\\\/www.aceguarulhos.com.br\\\/blog\\\/#organization\"},\"potentialAction\":[{\"@type\":\"SearchAction\",\"target\":{\"@type\":\"EntryPoint\",\"urlTemplate\":\"https:\\\/\\\/www.aceguarulhos.com.br\\\/blog\\\/?s={search_term_string}\"},\"query-input\":{\"@type\":\"PropertyValueSpecification\",\"valueRequired\":true,\"valueName\":\"search_term_string\"}}],\"inLanguage\":\"pt-BR\"},{\"@type\":\"Organization\",\"@id\":\"https:\\\/\\\/www.aceguarulhos.com.br\\\/blog\\\/#organization\",\"name\":\"ACE-Guarulhos\",\"url\":\"https:\\\/\\\/www.aceguarulhos.com.br\\\/blog\\\/\",\"logo\":{\"@type\":\"ImageObject\",\"inLanguage\":\"pt-BR\",\"@id\":\"https:\\\/\\\/www.aceguarulhos.com.br\\\/blog\\\/#\\\/schema\\\/logo\\\/image\\\/\",\"url\":\"https:\\\/\\\/www.aceguarulhos.com.br\\\/blog\\\/wp-content\\\/uploads\\\/2017\\\/12\\\/logo-aceguarulhos-2018.png\",\"contentUrl\":\"https:\\\/\\\/www.aceguarulhos.com.br\\\/blog\\\/wp-content\\\/uploads\\\/2017\\\/12\\\/logo-aceguarulhos-2018.png\",\"width\":419,\"height\":76,\"caption\":\"ACE-Guarulhos\"},\"image\":{\"@id\":\"https:\\\/\\\/www.aceguarulhos.com.br\\\/blog\\\/#\\\/schema\\\/logo\\\/image\\\/\"},\"sameAs\":[\"https:\\\/\\\/www.facebook.com\\\/aceguarulhos\\\/\",\"https:\\\/\\\/br.linkedin.com\\\/in\\\/ace-guarulhos-b9a97093\",\"https:\\\/\\\/www.youtube.com\\\/user\\\/aceguarulhos\"]},{\"@type\":\"Person\",\"@id\":\"https:\\\/\\\/www.aceguarulhos.com.br\\\/blog\\\/#\\\/schema\\\/person\\\/6983b51bad37489989e4f09698c26237\",\"name\":\"Assessoria de Imprensa ACE-Guarulhos\",\"image\":{\"@type\":\"ImageObject\",\"inLanguage\":\"pt-BR\",\"@id\":\"https:\\\/\\\/secure.gravatar.com\\\/avatar\\\/707f3fadd6918afeb64173ab22d8a8cb0676953098a4f31ff36dc2b4c699ef6a?s=96&d=mm&r=g\",\"url\":\"https:\\\/\\\/secure.gravatar.com\\\/avatar\\\/707f3fadd6918afeb64173ab22d8a8cb0676953098a4f31ff36dc2b4c699ef6a?s=96&d=mm&r=g\",\"contentUrl\":\"https:\\\/\\\/secure.gravatar.com\\\/avatar\\\/707f3fadd6918afeb64173ab22d8a8cb0676953098a4f31ff36dc2b4c699ef6a?s=96&d=mm&r=g\",\"caption\":\"Assessoria de Imprensa ACE-Guarulhos\"},\"url\":\"https:\\\/\\\/www.aceguarulhos.com.br\\\/blog\\\/author\\\/assessoria-de-imprensa-ace-guarulhos\\\/\"}]}<\/script>\n<!-- \/ Yoast SEO plugin. -->","yoast_head_json":{"title":"MP 232 entra em vigor amanh\u00e3 - ACE-Guarulhos","robots":{"index":"index","follow":"follow","max-snippet":"max-snippet:-1","max-image-preview":"max-image-preview:large","max-video-preview":"max-video-preview:-1"},"canonical":"https:\/\/www.aceguarulhos.com.br\/blog\/mp-232-entra-em-vigor-amanh\u00e3\/","og_locale":"pt_BR","og_type":"article","og_title":"MP 232 entra em vigor amanh\u00e3 - ACE-Guarulhos","og_description":"As novas reten\u00e7\u00f5es de tributos previstas na Medida Provis\u00f3ria 232 entram em vigor a partir desta ter\u00e7a-feira, 01, depois de um m\u00eas de","og_url":"https:\/\/www.aceguarulhos.com.br\/blog\/mp-232-entra-em-vigor-amanh\u00e3\/","og_site_name":"ACE-Guarulhos","article_publisher":"https:\/\/www.facebook.com\/aceguarulhos\/","article_published_time":"2005-02-28T08:49:14+00:00","author":"Assessoria de Imprensa ACE-Guarulhos","twitter_card":"summary_large_image","twitter_misc":{"Escrito por":"Assessoria de Imprensa ACE-Guarulhos","Est. tempo de leitura":"2 minutos"},"schema":{"@context":"https:\/\/schema.org","@graph":[{"@type":"Article","@id":"https:\/\/www.aceguarulhos.com.br\/blog\/mp-232-entra-em-vigor-amanh%c3%a3\/#article","isPartOf":{"@id":"https:\/\/www.aceguarulhos.com.br\/blog\/mp-232-entra-em-vigor-amanh%c3%a3\/"},"author":{"name":"Assessoria de Imprensa ACE-Guarulhos","@id":"https:\/\/www.aceguarulhos.com.br\/blog\/#\/schema\/person\/6983b51bad37489989e4f09698c26237"},"headline":"MP 232 entra em vigor amanh\u00e3","datePublished":"2005-02-28T08:49:14+00:00","mainEntityOfPage":{"@id":"https:\/\/www.aceguarulhos.com.br\/blog\/mp-232-entra-em-vigor-amanh%c3%a3\/"},"wordCount":456,"commentCount":0,"publisher":{"@id":"https:\/\/www.aceguarulhos.com.br\/blog\/#organization"},"articleSection":["Not\u00edcias"],"inLanguage":"pt-BR"},{"@type":"WebPage","@id":"https:\/\/www.aceguarulhos.com.br\/blog\/mp-232-entra-em-vigor-amanh%c3%a3\/","url":"https:\/\/www.aceguarulhos.com.br\/blog\/mp-232-entra-em-vigor-amanh%c3%a3\/","name":"MP 232 entra em vigor amanh\u00e3 - ACE-Guarulhos","isPartOf":{"@id":"https:\/\/www.aceguarulhos.com.br\/blog\/#website"},"datePublished":"2005-02-28T08:49:14+00:00","breadcrumb":{"@id":"https:\/\/www.aceguarulhos.com.br\/blog\/mp-232-entra-em-vigor-amanh%c3%a3\/#breadcrumb"},"inLanguage":"pt-BR","potentialAction":[{"@type":"ReadAction","target":["https:\/\/www.aceguarulhos.com.br\/blog\/mp-232-entra-em-vigor-amanh%c3%a3\/"]}]},{"@type":"BreadcrumbList","@id":"https:\/\/www.aceguarulhos.com.br\/blog\/mp-232-entra-em-vigor-amanh%c3%a3\/#breadcrumb","itemListElement":[{"@type":"ListItem","position":1,"name":"In\u00edcio","item":"https:\/\/www.aceguarulhos.com.br\/blog\/"},{"@type":"ListItem","position":2,"name":"MP 232 entra em vigor amanh\u00e3"}]},{"@type":"WebSite","@id":"https:\/\/www.aceguarulhos.com.br\/blog\/#website","url":"https:\/\/www.aceguarulhos.com.br\/blog\/","name":"ACE-Guarulhos","description":"A ACE-Guarulhos \u00e9 uma associa\u00e7\u00e3o que ap\u00f3ia os empres\u00e1rios guarulhenses atrav\u00e9s da representa\u00e7\u00e3o, da gera\u00e7\u00e3o de neg\u00f3cios e presta\u00e7\u00e3o de servi\u00e7os.","publisher":{"@id":"https:\/\/www.aceguarulhos.com.br\/blog\/#organization"},"potentialAction":[{"@type":"SearchAction","target":{"@type":"EntryPoint","urlTemplate":"https:\/\/www.aceguarulhos.com.br\/blog\/?s={search_term_string}"},"query-input":{"@type":"PropertyValueSpecification","valueRequired":true,"valueName":"search_term_string"}}],"inLanguage":"pt-BR"},{"@type":"Organization","@id":"https:\/\/www.aceguarulhos.com.br\/blog\/#organization","name":"ACE-Guarulhos","url":"https:\/\/www.aceguarulhos.com.br\/blog\/","logo":{"@type":"ImageObject","inLanguage":"pt-BR","@id":"https:\/\/www.aceguarulhos.com.br\/blog\/#\/schema\/logo\/image\/","url":"https:\/\/www.aceguarulhos.com.br\/blog\/wp-content\/uploads\/2017\/12\/logo-aceguarulhos-2018.png","contentUrl":"https:\/\/www.aceguarulhos.com.br\/blog\/wp-content\/uploads\/2017\/12\/logo-aceguarulhos-2018.png","width":419,"height":76,"caption":"ACE-Guarulhos"},"image":{"@id":"https:\/\/www.aceguarulhos.com.br\/blog\/#\/schema\/logo\/image\/"},"sameAs":["https:\/\/www.facebook.com\/aceguarulhos\/","https:\/\/br.linkedin.com\/in\/ace-guarulhos-b9a97093","https:\/\/www.youtube.com\/user\/aceguarulhos"]},{"@type":"Person","@id":"https:\/\/www.aceguarulhos.com.br\/blog\/#\/schema\/person\/6983b51bad37489989e4f09698c26237","name":"Assessoria de Imprensa ACE-Guarulhos","image":{"@type":"ImageObject","inLanguage":"pt-BR","@id":"https:\/\/secure.gravatar.com\/avatar\/707f3fadd6918afeb64173ab22d8a8cb0676953098a4f31ff36dc2b4c699ef6a?s=96&d=mm&r=g","url":"https:\/\/secure.gravatar.com\/avatar\/707f3fadd6918afeb64173ab22d8a8cb0676953098a4f31ff36dc2b4c699ef6a?s=96&d=mm&r=g","contentUrl":"https:\/\/secure.gravatar.com\/avatar\/707f3fadd6918afeb64173ab22d8a8cb0676953098a4f31ff36dc2b4c699ef6a?s=96&d=mm&r=g","caption":"Assessoria de Imprensa ACE-Guarulhos"},"url":"https:\/\/www.aceguarulhos.com.br\/blog\/author\/assessoria-de-imprensa-ace-guarulhos\/"}]}},"wps_subtitle":"","amp_enabled":true,"_links":{"self":[{"href":"https:\/\/www.aceguarulhos.com.br\/blog\/wp-json\/wp\/v2\/posts\/29145","targetHints":{"allow":["GET"]}}],"collection":[{"href":"https:\/\/www.aceguarulhos.com.br\/blog\/wp-json\/wp\/v2\/posts"}],"about":[{"href":"https:\/\/www.aceguarulhos.com.br\/blog\/wp-json\/wp\/v2\/types\/post"}],"author":[{"embeddable":true,"href":"https:\/\/www.aceguarulhos.com.br\/blog\/wp-json\/wp\/v2\/users\/8"}],"replies":[{"embeddable":true,"href":"https:\/\/www.aceguarulhos.com.br\/blog\/wp-json\/wp\/v2\/comments?post=29145"}],"version-history":[{"count":0,"href":"https:\/\/www.aceguarulhos.com.br\/blog\/wp-json\/wp\/v2\/posts\/29145\/revisions"}],"wp:attachment":[{"href":"https:\/\/www.aceguarulhos.com.br\/blog\/wp-json\/wp\/v2\/media?parent=29145"}],"wp:term":[{"taxonomy":"category","embeddable":true,"href":"https:\/\/www.aceguarulhos.com.br\/blog\/wp-json\/wp\/v2\/categories?post=29145"},{"taxonomy":"post_tag","embeddable":true,"href":"https:\/\/www.aceguarulhos.com.br\/blog\/wp-json\/wp\/v2\/tags?post=29145"}],"curies":[{"name":"wp","href":"https:\/\/api.w.org\/{rel}","templated":true}]}}