{"id":29134,"date":"2005-02-23T12:28:12","date_gmt":"2005-02-23T12:28:12","guid":{"rendered":"http:\/\/www.aceguarulhos.com.br\/blog\/?p=29134"},"modified":"-0001-11-30T00:00:00","modified_gmt":"-0001-11-30T03:00:00","slug":"consumidor-quer-embalagens-menores","status":"publish","type":"post","link":"https:\/\/www.aceguarulhos.com.br\/blog\/consumidor-quer-embalagens-menores\/","title":{"rendered":"Consumidor quer embalagens menores"},"content":{"rendered":"<p><P>Estudo realizado pela Associa\u00e7\u00e3o Brasileira de Embalagem apontou as caracter\u00edsticas mais valorizadas nas embalagens. Entre outras coisas, os consumidores querem embalagens cada vez menores, mais leves e com menos unidades.<\/P><P>A pesquisa, promovida em parceria com a APAS &#8211; Associa\u00e7\u00e3o Paulista dos Supermercados, foi desenvolvida pela Enfoque Pesquisas de Marketing e apresentada pela especialista Zilda Knoploch, presidente da empresa.<\/P><P>De car\u00e1ter qualitativo, o projeto, realizado entre 17 de setembro a 1\u00ba de dezembro de 2004, contou com a participa\u00e7\u00e3o de 32 profissionais de empresas varejistas de S\u00e3o Paulo das \u00e1reas de Suprimentos\/Log\u00edstica, Operacional\/Comercial e de Gerentes de Categoria\/Marketing. <\/P><P>Durante este per\u00edodo, foram pesquisadas embalagens de transporte, para displays e prim\u00e1rias em 16 categorias dos segmentos de Alimentos, Bebidas, Cosm\u00e9ticos, Higiene e Limpeza Pessoal.<\/P><P>Este estudo foi o primeiro realizado pela Enfoque para a ABRE e uma importante constata\u00e7\u00e3o \u00e9 que, em geral, o varejista est\u00e1 buscando efici\u00eancia e redu\u00e7\u00e3o de custos, como todo empres\u00e1rio, e v\u00ea nas embalagens uma forma de otimizar sua log\u00edstica e agregar valor para a comercializa\u00e7\u00e3o. H\u00e1 diferentes vis\u00f5es, de acordo com o porte dos estabelecimentos, o que certamente reflete na sua cultura de relacionamento com os fornecedores.<\/P><P>Mas, em geral, todos esperam que as embalagens de transporte, prim\u00e1rias ou displays tenham a qualidade necess\u00e1ria para facilitar toda a opera\u00e7\u00e3o, desde o recebimento no estabelecimento, at\u00e9 a venda ao consumidor, atrav\u00e9s de v\u00e1rios atributos como: resist\u00eancia, leveza, seguran\u00e7a, estabilidade, praticidade, facilidade no transporte e empilhamento, compacta\u00e7\u00e3o e que evitam desperd\u00edcios.<\/P><P>Quanto aos consumidores, a pesquisa identificou que as embalagens prim\u00e1rias ou displays ideais, ou seja, aquelas que eles t\u00eam contato direto na g\u00f4ndola do supermercado, precisam ser atraentes visualmente, transparentes, de fechamento seguro e pr\u00e1ticas. <\/P><P>Para eles, estes s\u00e3o importantes fatores de est\u00edmulo ao consumo &#8211; compra programada ou por impulso -, al\u00e9m de agregarem valor aos produtos vendidos, constituindo, tamb\u00e9m, par\u00e2metros de qualidade e pre\u00e7o para as marcas.<\/P><P>O estudo detectou a tend\u00eancia de fracionamento, ou seja, expectativa de embalagens cada vez menores, mais leves e com menos unidades. Os resultados tamb\u00e9m apontam que dever\u00e3o apresentar caracter\u00edsticas que beneficiem todos os segmentos envolvidos na comercializa\u00e7\u00e3o como:<\/P><P>&#8211; Mais praticidade para os consumidores;<\/P><P>&#8211; Agilidade e menor empate de capital para lojistas;<\/P><P>&#8211; Menor desperd\u00edcio para os fabricantes;<\/P><P>&#8211; Espa\u00e7o para diversifica\u00e7\u00e3o e apresenta\u00e7\u00e3o de novas marcas.<\/P><P>Seguindo esta linha, os pesquisadores acreditam que haver\u00e1 uma padroniza\u00e7\u00e3o de procedimentos, ou seja, maior integra\u00e7\u00e3o entre fornecedores e varejistas para melhor aproveitamento dos recursos, inclusive das embalagens.<\/P><P>Ao realizar projetos como este, o Comit\u00ea de Estudos Estrat\u00e9gicos da ABRE pretende montar uma base de dados sobre o mercado de embalagens no Brasil e no mundo. Estas informa\u00e7\u00f5es ir\u00e3o construir um posicionamento abrangente e multidisciplinar sobre os aspectos importantes da atividade da ind\u00fastria, visando contribuir para o desenvolvimento e crescimento do setor.<\/P><P>Os resultados desta pesquisa ser\u00e3o apresentados, ainda, em todas as regionais da ABRE &#8211; Norte\/Nordeste (Recife), Rio de Janeiro, Sul (Porto Alegre), Vale do Para\u00edba (S\u00e3o Jos\u00e9 dos Campos) e Centro-Oeste (Goi\u00e2nia).<\/P><\/p>\n","protected":false},"excerpt":{"rendered":"Estudo realizado pela Associa\u00e7\u00e3o Brasileira de Embalagem apontou as caracter\u00edsticas mais valorizadas nas embalagens. Entre outras coisas, os consumidores querem embalagens cada vez \n<a class=\"moretag\" href=\"https:\/\/www.aceguarulhos.com.br\/blog\/consumidor-quer-embalagens-menores\/\"> [...]<\/a>","protected":false},"author":8,"featured_media":0,"comment_status":"open","ping_status":"open","sticky":false,"template":"","format":"standard","meta":{"footnotes":""},"categories":[2],"tags":[],"class_list":["post-29134","post","type-post","status-publish","format-standard","hentry","category-noticias"],"yoast_head":"<!-- This site is optimized with the Yoast SEO plugin v28.1 - https:\/\/yoast.com\/product\/yoast-seo-wordpress\/ -->\n<title>Consumidor quer embalagens menores - ACE-Guarulhos<\/title>\n<meta name=\"robots\" content=\"index, follow, max-snippet:-1, max-image-preview:large, max-video-preview:-1\" \/>\n<link rel=\"canonical\" href=\"https:\/\/www.aceguarulhos.com.br\/blog\/consumidor-quer-embalagens-menores\/\" \/>\n<meta property=\"og:locale\" content=\"pt_BR\" \/>\n<meta property=\"og:type\" content=\"article\" \/>\n<meta property=\"og:title\" content=\"Consumidor quer embalagens menores - ACE-Guarulhos\" \/>\n<meta property=\"og:description\" content=\"Estudo realizado pela Associa\u00e7\u00e3o Brasileira de Embalagem apontou as caracter\u00edsticas mais valorizadas nas embalagens. Entre outras coisas, os consumidores querem embalagens cada vez\" \/>\n<meta property=\"og:url\" content=\"https:\/\/www.aceguarulhos.com.br\/blog\/consumidor-quer-embalagens-menores\/\" \/>\n<meta property=\"og:site_name\" content=\"ACE-Guarulhos\" \/>\n<meta property=\"article:publisher\" content=\"https:\/\/www.facebook.com\/aceguarulhos\/\" \/>\n<meta property=\"article:published_time\" content=\"2005-02-23T12:28:12+00:00\" \/>\n<meta name=\"author\" content=\"Assessoria de Imprensa ACE-Guarulhos\" \/>\n<meta name=\"twitter:card\" content=\"summary_large_image\" \/>\n<meta name=\"twitter:label1\" content=\"Escrito por\" \/>\n\t<meta name=\"twitter:data1\" content=\"Assessoria de Imprensa ACE-Guarulhos\" \/>\n\t<meta name=\"twitter:label2\" content=\"Est. tempo de leitura\" \/>\n\t<meta name=\"twitter:data2\" content=\"3 minutos\" \/>\n<script type=\"application\/ld+json\" class=\"yoast-schema-graph\">{\"@context\":\"https:\\\/\\\/schema.org\",\"@graph\":[{\"@type\":\"Article\",\"@id\":\"https:\\\/\\\/www.aceguarulhos.com.br\\\/blog\\\/consumidor-quer-embalagens-menores\\\/#article\",\"isPartOf\":{\"@id\":\"https:\\\/\\\/www.aceguarulhos.com.br\\\/blog\\\/consumidor-quer-embalagens-menores\\\/\"},\"author\":{\"name\":\"Assessoria de Imprensa ACE-Guarulhos\",\"@id\":\"https:\\\/\\\/www.aceguarulhos.com.br\\\/blog\\\/#\\\/schema\\\/person\\\/6983b51bad37489989e4f09698c26237\"},\"headline\":\"Consumidor quer embalagens menores\",\"datePublished\":\"2005-02-23T12:28:12+00:00\",\"mainEntityOfPage\":{\"@id\":\"https:\\\/\\\/www.aceguarulhos.com.br\\\/blog\\\/consumidor-quer-embalagens-menores\\\/\"},\"wordCount\":552,\"commentCount\":0,\"publisher\":{\"@id\":\"https:\\\/\\\/www.aceguarulhos.com.br\\\/blog\\\/#organization\"},\"articleSection\":[\"Not\u00edcias\"],\"inLanguage\":\"pt-BR\"},{\"@type\":\"WebPage\",\"@id\":\"https:\\\/\\\/www.aceguarulhos.com.br\\\/blog\\\/consumidor-quer-embalagens-menores\\\/\",\"url\":\"https:\\\/\\\/www.aceguarulhos.com.br\\\/blog\\\/consumidor-quer-embalagens-menores\\\/\",\"name\":\"Consumidor quer embalagens menores - ACE-Guarulhos\",\"isPartOf\":{\"@id\":\"https:\\\/\\\/www.aceguarulhos.com.br\\\/blog\\\/#website\"},\"datePublished\":\"2005-02-23T12:28:12+00:00\",\"breadcrumb\":{\"@id\":\"https:\\\/\\\/www.aceguarulhos.com.br\\\/blog\\\/consumidor-quer-embalagens-menores\\\/#breadcrumb\"},\"inLanguage\":\"pt-BR\",\"potentialAction\":[{\"@type\":\"ReadAction\",\"target\":[\"https:\\\/\\\/www.aceguarulhos.com.br\\\/blog\\\/consumidor-quer-embalagens-menores\\\/\"]}]},{\"@type\":\"BreadcrumbList\",\"@id\":\"https:\\\/\\\/www.aceguarulhos.com.br\\\/blog\\\/consumidor-quer-embalagens-menores\\\/#breadcrumb\",\"itemListElement\":[{\"@type\":\"ListItem\",\"position\":1,\"name\":\"In\u00edcio\",\"item\":\"https:\\\/\\\/www.aceguarulhos.com.br\\\/blog\\\/\"},{\"@type\":\"ListItem\",\"position\":2,\"name\":\"Consumidor quer embalagens menores\"}]},{\"@type\":\"WebSite\",\"@id\":\"https:\\\/\\\/www.aceguarulhos.com.br\\\/blog\\\/#website\",\"url\":\"https:\\\/\\\/www.aceguarulhos.com.br\\\/blog\\\/\",\"name\":\"ACE-Guarulhos\",\"description\":\"A ACE-Guarulhos \u00e9 uma associa\u00e7\u00e3o que ap\u00f3ia os empres\u00e1rios guarulhenses atrav\u00e9s da representa\u00e7\u00e3o, da gera\u00e7\u00e3o de neg\u00f3cios e presta\u00e7\u00e3o de servi\u00e7os.\",\"publisher\":{\"@id\":\"https:\\\/\\\/www.aceguarulhos.com.br\\\/blog\\\/#organization\"},\"potentialAction\":[{\"@type\":\"SearchAction\",\"target\":{\"@type\":\"EntryPoint\",\"urlTemplate\":\"https:\\\/\\\/www.aceguarulhos.com.br\\\/blog\\\/?s={search_term_string}\"},\"query-input\":{\"@type\":\"PropertyValueSpecification\",\"valueRequired\":true,\"valueName\":\"search_term_string\"}}],\"inLanguage\":\"pt-BR\"},{\"@type\":\"Organization\",\"@id\":\"https:\\\/\\\/www.aceguarulhos.com.br\\\/blog\\\/#organization\",\"name\":\"ACE-Guarulhos\",\"url\":\"https:\\\/\\\/www.aceguarulhos.com.br\\\/blog\\\/\",\"logo\":{\"@type\":\"ImageObject\",\"inLanguage\":\"pt-BR\",\"@id\":\"https:\\\/\\\/www.aceguarulhos.com.br\\\/blog\\\/#\\\/schema\\\/logo\\\/image\\\/\",\"url\":\"https:\\\/\\\/www.aceguarulhos.com.br\\\/blog\\\/wp-content\\\/uploads\\\/2017\\\/12\\\/logo-aceguarulhos-2018.png\",\"contentUrl\":\"https:\\\/\\\/www.aceguarulhos.com.br\\\/blog\\\/wp-content\\\/uploads\\\/2017\\\/12\\\/logo-aceguarulhos-2018.png\",\"width\":419,\"height\":76,\"caption\":\"ACE-Guarulhos\"},\"image\":{\"@id\":\"https:\\\/\\\/www.aceguarulhos.com.br\\\/blog\\\/#\\\/schema\\\/logo\\\/image\\\/\"},\"sameAs\":[\"https:\\\/\\\/www.facebook.com\\\/aceguarulhos\\\/\",\"https:\\\/\\\/br.linkedin.com\\\/in\\\/ace-guarulhos-b9a97093\",\"https:\\\/\\\/www.youtube.com\\\/user\\\/aceguarulhos\"]},{\"@type\":\"Person\",\"@id\":\"https:\\\/\\\/www.aceguarulhos.com.br\\\/blog\\\/#\\\/schema\\\/person\\\/6983b51bad37489989e4f09698c26237\",\"name\":\"Assessoria de Imprensa ACE-Guarulhos\",\"image\":{\"@type\":\"ImageObject\",\"inLanguage\":\"pt-BR\",\"@id\":\"https:\\\/\\\/secure.gravatar.com\\\/avatar\\\/707f3fadd6918afeb64173ab22d8a8cb0676953098a4f31ff36dc2b4c699ef6a?s=96&d=mm&r=g\",\"url\":\"https:\\\/\\\/secure.gravatar.com\\\/avatar\\\/707f3fadd6918afeb64173ab22d8a8cb0676953098a4f31ff36dc2b4c699ef6a?s=96&d=mm&r=g\",\"contentUrl\":\"https:\\\/\\\/secure.gravatar.com\\\/avatar\\\/707f3fadd6918afeb64173ab22d8a8cb0676953098a4f31ff36dc2b4c699ef6a?s=96&d=mm&r=g\",\"caption\":\"Assessoria de Imprensa ACE-Guarulhos\"},\"url\":\"https:\\\/\\\/www.aceguarulhos.com.br\\\/blog\\\/author\\\/assessoria-de-imprensa-ace-guarulhos\\\/\"}]}<\/script>\n<!-- \/ Yoast SEO plugin. -->","yoast_head_json":{"title":"Consumidor quer embalagens menores - ACE-Guarulhos","robots":{"index":"index","follow":"follow","max-snippet":"max-snippet:-1","max-image-preview":"max-image-preview:large","max-video-preview":"max-video-preview:-1"},"canonical":"https:\/\/www.aceguarulhos.com.br\/blog\/consumidor-quer-embalagens-menores\/","og_locale":"pt_BR","og_type":"article","og_title":"Consumidor quer embalagens menores - ACE-Guarulhos","og_description":"Estudo realizado pela Associa\u00e7\u00e3o Brasileira de Embalagem apontou as caracter\u00edsticas mais valorizadas nas embalagens. Entre outras coisas, os consumidores querem embalagens cada vez","og_url":"https:\/\/www.aceguarulhos.com.br\/blog\/consumidor-quer-embalagens-menores\/","og_site_name":"ACE-Guarulhos","article_publisher":"https:\/\/www.facebook.com\/aceguarulhos\/","article_published_time":"2005-02-23T12:28:12+00:00","author":"Assessoria de Imprensa ACE-Guarulhos","twitter_card":"summary_large_image","twitter_misc":{"Escrito por":"Assessoria de Imprensa ACE-Guarulhos","Est. tempo de leitura":"3 minutos"},"schema":{"@context":"https:\/\/schema.org","@graph":[{"@type":"Article","@id":"https:\/\/www.aceguarulhos.com.br\/blog\/consumidor-quer-embalagens-menores\/#article","isPartOf":{"@id":"https:\/\/www.aceguarulhos.com.br\/blog\/consumidor-quer-embalagens-menores\/"},"author":{"name":"Assessoria de Imprensa ACE-Guarulhos","@id":"https:\/\/www.aceguarulhos.com.br\/blog\/#\/schema\/person\/6983b51bad37489989e4f09698c26237"},"headline":"Consumidor quer embalagens menores","datePublished":"2005-02-23T12:28:12+00:00","mainEntityOfPage":{"@id":"https:\/\/www.aceguarulhos.com.br\/blog\/consumidor-quer-embalagens-menores\/"},"wordCount":552,"commentCount":0,"publisher":{"@id":"https:\/\/www.aceguarulhos.com.br\/blog\/#organization"},"articleSection":["Not\u00edcias"],"inLanguage":"pt-BR"},{"@type":"WebPage","@id":"https:\/\/www.aceguarulhos.com.br\/blog\/consumidor-quer-embalagens-menores\/","url":"https:\/\/www.aceguarulhos.com.br\/blog\/consumidor-quer-embalagens-menores\/","name":"Consumidor quer embalagens menores - ACE-Guarulhos","isPartOf":{"@id":"https:\/\/www.aceguarulhos.com.br\/blog\/#website"},"datePublished":"2005-02-23T12:28:12+00:00","breadcrumb":{"@id":"https:\/\/www.aceguarulhos.com.br\/blog\/consumidor-quer-embalagens-menores\/#breadcrumb"},"inLanguage":"pt-BR","potentialAction":[{"@type":"ReadAction","target":["https:\/\/www.aceguarulhos.com.br\/blog\/consumidor-quer-embalagens-menores\/"]}]},{"@type":"BreadcrumbList","@id":"https:\/\/www.aceguarulhos.com.br\/blog\/consumidor-quer-embalagens-menores\/#breadcrumb","itemListElement":[{"@type":"ListItem","position":1,"name":"In\u00edcio","item":"https:\/\/www.aceguarulhos.com.br\/blog\/"},{"@type":"ListItem","position":2,"name":"Consumidor quer embalagens menores"}]},{"@type":"WebSite","@id":"https:\/\/www.aceguarulhos.com.br\/blog\/#website","url":"https:\/\/www.aceguarulhos.com.br\/blog\/","name":"ACE-Guarulhos","description":"A ACE-Guarulhos \u00e9 uma associa\u00e7\u00e3o que ap\u00f3ia os empres\u00e1rios guarulhenses atrav\u00e9s da representa\u00e7\u00e3o, da gera\u00e7\u00e3o de neg\u00f3cios e presta\u00e7\u00e3o de servi\u00e7os.","publisher":{"@id":"https:\/\/www.aceguarulhos.com.br\/blog\/#organization"},"potentialAction":[{"@type":"SearchAction","target":{"@type":"EntryPoint","urlTemplate":"https:\/\/www.aceguarulhos.com.br\/blog\/?s={search_term_string}"},"query-input":{"@type":"PropertyValueSpecification","valueRequired":true,"valueName":"search_term_string"}}],"inLanguage":"pt-BR"},{"@type":"Organization","@id":"https:\/\/www.aceguarulhos.com.br\/blog\/#organization","name":"ACE-Guarulhos","url":"https:\/\/www.aceguarulhos.com.br\/blog\/","logo":{"@type":"ImageObject","inLanguage":"pt-BR","@id":"https:\/\/www.aceguarulhos.com.br\/blog\/#\/schema\/logo\/image\/","url":"https:\/\/www.aceguarulhos.com.br\/blog\/wp-content\/uploads\/2017\/12\/logo-aceguarulhos-2018.png","contentUrl":"https:\/\/www.aceguarulhos.com.br\/blog\/wp-content\/uploads\/2017\/12\/logo-aceguarulhos-2018.png","width":419,"height":76,"caption":"ACE-Guarulhos"},"image":{"@id":"https:\/\/www.aceguarulhos.com.br\/blog\/#\/schema\/logo\/image\/"},"sameAs":["https:\/\/www.facebook.com\/aceguarulhos\/","https:\/\/br.linkedin.com\/in\/ace-guarulhos-b9a97093","https:\/\/www.youtube.com\/user\/aceguarulhos"]},{"@type":"Person","@id":"https:\/\/www.aceguarulhos.com.br\/blog\/#\/schema\/person\/6983b51bad37489989e4f09698c26237","name":"Assessoria de Imprensa ACE-Guarulhos","image":{"@type":"ImageObject","inLanguage":"pt-BR","@id":"https:\/\/secure.gravatar.com\/avatar\/707f3fadd6918afeb64173ab22d8a8cb0676953098a4f31ff36dc2b4c699ef6a?s=96&d=mm&r=g","url":"https:\/\/secure.gravatar.com\/avatar\/707f3fadd6918afeb64173ab22d8a8cb0676953098a4f31ff36dc2b4c699ef6a?s=96&d=mm&r=g","contentUrl":"https:\/\/secure.gravatar.com\/avatar\/707f3fadd6918afeb64173ab22d8a8cb0676953098a4f31ff36dc2b4c699ef6a?s=96&d=mm&r=g","caption":"Assessoria de Imprensa ACE-Guarulhos"},"url":"https:\/\/www.aceguarulhos.com.br\/blog\/author\/assessoria-de-imprensa-ace-guarulhos\/"}]}},"wps_subtitle":"","amp_enabled":true,"_links":{"self":[{"href":"https:\/\/www.aceguarulhos.com.br\/blog\/wp-json\/wp\/v2\/posts\/29134","targetHints":{"allow":["GET"]}}],"collection":[{"href":"https:\/\/www.aceguarulhos.com.br\/blog\/wp-json\/wp\/v2\/posts"}],"about":[{"href":"https:\/\/www.aceguarulhos.com.br\/blog\/wp-json\/wp\/v2\/types\/post"}],"author":[{"embeddable":true,"href":"https:\/\/www.aceguarulhos.com.br\/blog\/wp-json\/wp\/v2\/users\/8"}],"replies":[{"embeddable":true,"href":"https:\/\/www.aceguarulhos.com.br\/blog\/wp-json\/wp\/v2\/comments?post=29134"}],"version-history":[{"count":0,"href":"https:\/\/www.aceguarulhos.com.br\/blog\/wp-json\/wp\/v2\/posts\/29134\/revisions"}],"wp:attachment":[{"href":"https:\/\/www.aceguarulhos.com.br\/blog\/wp-json\/wp\/v2\/media?parent=29134"}],"wp:term":[{"taxonomy":"category","embeddable":true,"href":"https:\/\/www.aceguarulhos.com.br\/blog\/wp-json\/wp\/v2\/categories?post=29134"},{"taxonomy":"post_tag","embeddable":true,"href":"https:\/\/www.aceguarulhos.com.br\/blog\/wp-json\/wp\/v2\/tags?post=29134"}],"curies":[{"name":"wp","href":"https:\/\/api.w.org\/{rel}","templated":true}]}}