{"id":29122,"date":"2005-02-18T12:53:04","date_gmt":"2005-02-18T12:53:04","guid":{"rendered":"http:\/\/www.aceguarulhos.com.br\/blog\/?p=29122"},"modified":"-0001-11-30T00:00:00","modified_gmt":"-0001-11-30T03:00:00","slug":"conversando-sobre-gest%c3%a3o-estrat%c3%a9gica","status":"publish","type":"post","link":"https:\/\/www.aceguarulhos.com.br\/blog\/conversando-sobre-gest%c3%a3o-estrat%c3%a9gica\/","title":{"rendered":"Conversando Sobre Gest\u00e3o Estrat\u00e9gica"},"content":{"rendered":"<p><P>Sabemos que manter a competitividade em alta \u00e9 um desafio permanente para todas as empresas. Uma das &#8220;ferramentas&#8221; para sustentar essa capacidade \u00e9 a gest\u00e3o estrat\u00e9gica. \u00c9 um processo e deve ser de responsabilidade da alta administra\u00e7\u00e3o. Entretanto, deve ser compartilhado com outros n\u00edveis de ger\u00eancia, quando houver, buscando o envolvimento e comprometimento de todos para o planejar, o gerenciar, o executar, o acompanhar e o de corrigir rumos quando necess\u00e1rio. \u00c9 um processo macro e essencial para a condu\u00e7\u00e3o de um neg\u00f3cio marcado nos dias de hoje pela necessidade de mudan\u00e7as muitas vezes radicais, in\u00fameras turbul\u00eancias, etc. <\/P><P>A gest\u00e3o estrat\u00e9gica pode ser implementada, considerando-se as propor\u00e7\u00f5es e necessidades, em grandes, m\u00e9dias e tamb\u00e9m pequenas empresas. Ao pensar em adot\u00e1-la, faz-se necess\u00e1rio em primeira inst\u00e2ncia, a vontade e a disposi\u00e7\u00e3o. <\/P><P>A partir do momento em que se decide realmente pela gest\u00e3o estrat\u00e9gica do neg\u00f3cio, o passo seguinte \u00e9 a elabora\u00e7\u00e3o do plano. Vale lembrar que se trata de atividade que necessita de investimento em tempo e em dinheiro. Fa\u00e7o essa lembran\u00e7a por j\u00e1 ter visto planos &#8220;engavetados&#8221; ou mau implementados. N\u00e3o \u00e9 uma tarefa &#8220;do outro mundo&#8221; mas tamb\u00e9m n\u00e3o \u00e9 simples. Exige, entre outras coisas, informa\u00e7\u00f5es consistentes, coerentes, relevantes e em sintonia com o mercado, conhecimento te\u00f3rico-pr\u00e1tico da \u00e1rea de planejamento estrat\u00e9gico, postura, firmeza de prop\u00f3sitos, seriedade e lideran\u00e7a. <\/P><P>Na elabora\u00e7\u00e3o do plano, deveremos atentar para a dimens\u00e3o do tempo de abrang\u00eancia e as etapas. <\/P><P>Quando citamos etapas, lembramos de que \u00e9 elementar analisarmos os ambientes da empresa.<\/P><P>Devemos considerar para a an\u00e1lise do ambiente externo os seguintes componentes: econ\u00f4mico, pol\u00edtico, legal, demogr\u00e1fico, tecnol\u00f3gico, social e natural. Alem desses, n\u00e3o podemos esquecer da an\u00e1lise da concorr\u00eancia, da probabilidade de novos competidores, dos produtos e ou servi\u00e7os que podem ou substituem os nossos em alguma ocasi\u00e3o\/situa\u00e7\u00e3o, os fornecedores existentes e os consumidores\/clientes. Cabe analisar tamb\u00e9m as tend\u00eancias e os n\u00fameros do(s) segmento(s) de mercado em que a empresa atua. Desta an\u00e1lise, identificamos as oportunidades e as amea\u00e7as tanto presentes como futuras. Bom lembrar que uma amea\u00e7a pode vir a tornar-se oportunidade.<\/P><P>Para a an\u00e1lise do ambiente interno, consideramos, em geral, os aspectos inerentes \u00e0s \u00e1reas de Marketing, finan\u00e7as, recursos humanos e produ\u00e7\u00e3o da empresa. Esta an\u00e1lise tem por objetivo mostrar-nos as nossas defici\u00eancias e qualidades, ou seja, nossos pontos fortes e fracos. N\u00e3o podemos esquecer de estabelecer uma compara\u00e7\u00e3o com outras empresas do setor, sejam elas concorrentes diretas ou indiretas ou, ainda, potenciais concorrentes. <\/P><P>Ap\u00f3s esta an\u00e1lise, elaboramos as declara\u00e7\u00f5es da &#8220;vis\u00e3o&#8221; e da &#8220;miss\u00e3o&#8221; da empresa, ou seja, deveremos estabelecer a posi\u00e7\u00e3o que desejamos estar no futuro e as atividades que deveremos concentrar nossos esfor\u00e7os para alcan\u00e7armos tal posi\u00e7\u00e3o.<\/P><P>Tanto para a vis\u00e3o quanto para a miss\u00e3o, devemos defini-las de forma simples e clara. \u00c9 preciso que todos na empresa entendam, partilhem e sintam-se motivados. <\/P><P>Na miss\u00e3o, dentre os t\u00f3picos que podem ser abordados podemos citar: tecnologia, qualidade, responsabilidade social, compromissos com os clientes internos e externos e com a sociedade. Chamo a aten\u00e7\u00e3o para procurar evidenciar na &#8220;miss\u00e3o&#8221; o conceito do neg\u00f3cio. <\/P><P>Recomendo, ap\u00f3s as declara\u00e7\u00f5es da &#8220;vis\u00e3o&#8221; e da &#8220;miss\u00e3o&#8221; o estabelecimento dos &#8220;FaCS&#8221; (Fatores Cr\u00edticos de Sucesso) para o neg\u00f3cio. Os &#8220;FaCS&#8221; s\u00e3o um n\u00famero limitado de condi\u00e7\u00f5es que asseguram a consecu\u00e7\u00e3o da miss\u00e3o da organiza\u00e7\u00e3o. S\u00e3o os aspectos-chave nos quais as coisas t\u00eam que dar certo para obten\u00e7\u00e3o dos resultados esperados. <\/P><P>Elaboradas a &#8220;vis\u00e3o&#8221; e a &#8220;miss\u00e3o&#8221; e estabelecidos os &#8220;FaCS&#8221; devemos declarar os &#8220;princ\u00edpios&#8221; e os &#8220;valores&#8221; que nortear\u00e3o a empresa e que contribuam de forma elucidativa. Para estas declara\u00e7\u00f5es &#8220;a pr\u00e1tica dever\u00e1 refletir o discurso&#8221;. N\u00e3o basta apenas escrever, devemos pratic\u00e1-las e o n\u00e3o cumprimento levar\u00e1 ao descr\u00e9dito. <\/P><P>Normalmente, algumas dessas declara\u00e7\u00f5es envolvem quest\u00f5es \u00e9ticas. N\u00e3o devemos apenas cit\u00e1-las para &#8220;fazer de conta&#8221; que praticamos na empresa e at\u00e9 individualmente. A sociedade de uma forma geral n\u00e3o aceita nem tolera mais ser ludibriada e enganada. <\/P><P>Ao partirmos para a defini\u00e7\u00e3o dos objetivos da empresa, uma outra etapa, lembramos que estes dever\u00e3o ser claros, entendidos, escritos e comunicados, quantitativos quando for o caso, realiz\u00e1veis para que funcionem como tensores motivacionais, operacionaliz\u00e1veis e consistentes. Deve ser compartilhado e absorvido por todos os integrantes da equipe. <\/P><P>Vencidas as etapas anteriores, a empresa dever\u00e1 identificar e desenvolver estrat\u00e9gias gerais e funcionais, de forma combinada, para atuar, posicionar-se e alcan\u00e7ar os objetivos propostos. <\/P><P>Para as duas etapas anteriores, devemos tomar o cuidado para com o planejamento da estrutura da organiza\u00e7\u00e3o, ou seja, entre outros assuntos, atentar para as instala\u00e7\u00f5es e equipamentos, o estabelecimento de procedimentos necess\u00e1rios e a prepara\u00e7\u00e3o dos colaboradores para o exerc\u00edcio das suas atividades. Neste \u00faltimo aspecto, deveremos fornecer os meios para auxili\u00e1-los nos seus desempenhos e no trabalho em equipe. Cabe, inclusive, uma melhor identifica\u00e7\u00e3o do perfil dos colaboradores para que possam at\u00e9 trabalhar multidisciplinarmente e desenvolver suas compet\u00eancias e potencialidades. <\/P><P>Agora \u00e9 a hora de desenvolver um plano contendo as a\u00e7\u00f5es. Essas a\u00e7\u00f5es devem derivar das estrat\u00e9gias. Normalmente utilizamos um quadro contendo a descri\u00e7\u00e3o de cada a\u00e7\u00e3o, como ser\u00e1 desenvolvida e implementada, quem ser\u00e1 o respons\u00e1vel por cada uma delas, os prazos para a implementa\u00e7\u00e3o e quanto custar\u00e1 para a empresa. <\/P><P>A \u00faltima etapa a ser elaborada \u00e9 a de como ser\u00e1 feito o controle e a auditagem da gest\u00e3o em curso. Recomendo, entre outros pontos, medir o desempenho e comparar esse desempenho medido com os padr\u00f5es existentes, fazer uma an\u00e1lise concentrada, desenvolver solu\u00e7\u00f5es alternativas e tomar atitudes corretivas caso haja necessidade. <\/P><P>Alguns lembretes\/recomenda\u00e7\u00f5es importantes: <\/P><P><LI>Gestores dever\u00e3o procurar ter a vis\u00e3o de neg\u00f3cio e n\u00e3o apenas dos seus produtos e\/ou servi\u00e7os;<\/I><LI>Gestores dever\u00e3o procurar repensar os seus e os &#8220;paradigmas&#8221; da organiza\u00e7\u00e3o;<\/I> <LI>Gestores n\u00e3o podem ser paternalistas;<\/I><LI>Gestores n\u00e3o podem e nem devem reter informa\u00e7\u00f5es como forma (ultrapassada) de assegurar o poder.<\/I> <LI>A comunica\u00e7\u00e3o na empresa dever\u00e1 ser em todos os sentidos (de cima para baixo, de baixo para cima e horizontalizada) e transparente, fortalecendo a participa\u00e7\u00e3o das pessoas em todos os processos. \u00c9 nesse novo ambiente que os colaboradores est\u00e3o ganhando mais espa\u00e7o e contribuindo;<\/I> <LI>Quando uma empresa decidir contratar profissionais no mercado para auxili\u00e1-las, sejam elas para colaborar regidos por v\u00ednculo empregat\u00edcio ou mesmo consultores externos, deve avali\u00e1-los em termos de conhecimento, compet\u00eancia t\u00e9cnica, capacidade de relacionar-se e de trabalhar em equipe, experi\u00eancia, honestidade e car\u00e1ter.<\/I> <LI>Todos numa empresa devem atentar para a rela\u00e7\u00e3o com os fornecedores, comunidade onde est\u00e1 inserida, enfim, com todos os p\u00fablicos que, de alguma forma, fazem parte da sua exist\u00eancia.<\/I> <LI>\u00c9 preciso que os gestores sejam l\u00edderes para ouvir e dar a devida import\u00e2ncia \u00e0s sugest\u00f5es, cr\u00edticas e an\u00e1lises dos colaboradores. Valorizar o que o cliente interno diz \u00e9 essencial para conseguir atender o cliente externo superando suas expectativas. N\u00e3o esquecer de que a satisfa\u00e7\u00e3o do cliente interno estar\u00e1 repercutindo na satisfa\u00e7\u00e3o e manuten\u00e7\u00e3o do cliente externo.<\/I><\/LI><\/p>\n","protected":false},"excerpt":{"rendered":"Sabemos que manter a competitividade em alta \u00e9 um desafio permanente para todas as empresas. Uma das &#8220;ferramentas&#8221; para sustentar essa capacidade \u00e9 \n<a class=\"moretag\" href=\"https:\/\/www.aceguarulhos.com.br\/blog\/conversando-sobre-gest%c3%a3o-estrat%c3%a9gica\/\"> [...]<\/a>","protected":false},"author":8,"featured_media":0,"comment_status":"open","ping_status":"open","sticky":false,"template":"","format":"standard","meta":{"footnotes":""},"categories":[2],"tags":[],"class_list":["post-29122","post","type-post","status-publish","format-standard","hentry","category-noticias"],"yoast_head":"<!-- This site is optimized with the Yoast SEO plugin v28.1 - https:\/\/yoast.com\/product\/yoast-seo-wordpress\/ -->\n<title>Conversando Sobre Gest\u00e3o Estrat\u00e9gica - ACE-Guarulhos<\/title>\n<meta name=\"robots\" content=\"index, follow, max-snippet:-1, max-image-preview:large, max-video-preview:-1\" \/>\n<link rel=\"canonical\" href=\"https:\/\/www.aceguarulhos.com.br\/blog\/conversando-sobre-gest\u00e3o-estrat\u00e9gica\/\" \/>\n<meta property=\"og:locale\" content=\"pt_BR\" \/>\n<meta property=\"og:type\" content=\"article\" \/>\n<meta property=\"og:title\" content=\"Conversando Sobre Gest\u00e3o Estrat\u00e9gica - ACE-Guarulhos\" \/>\n<meta property=\"og:description\" content=\"Sabemos que manter a competitividade em alta \u00e9 um desafio permanente para todas as empresas. Uma das &#8220;ferramentas&#8221; para sustentar essa capacidade \u00e9\" \/>\n<meta property=\"og:url\" content=\"https:\/\/www.aceguarulhos.com.br\/blog\/conversando-sobre-gest\u00e3o-estrat\u00e9gica\/\" \/>\n<meta property=\"og:site_name\" content=\"ACE-Guarulhos\" \/>\n<meta property=\"article:publisher\" content=\"https:\/\/www.facebook.com\/aceguarulhos\/\" \/>\n<meta property=\"article:published_time\" content=\"2005-02-18T12:53:04+00:00\" \/>\n<meta name=\"author\" content=\"Assessoria de Imprensa ACE-Guarulhos\" \/>\n<meta name=\"twitter:card\" content=\"summary_large_image\" \/>\n<meta name=\"twitter:label1\" content=\"Escrito por\" \/>\n\t<meta name=\"twitter:data1\" content=\"Assessoria de Imprensa ACE-Guarulhos\" \/>\n\t<meta name=\"twitter:label2\" content=\"Est. tempo de leitura\" \/>\n\t<meta name=\"twitter:data2\" content=\"6 minutos\" \/>\n<script type=\"application\/ld+json\" class=\"yoast-schema-graph\">{\"@context\":\"https:\\\/\\\/schema.org\",\"@graph\":[{\"@type\":\"Article\",\"@id\":\"https:\\\/\\\/www.aceguarulhos.com.br\\\/blog\\\/conversando-sobre-gest%c3%a3o-estrat%c3%a9gica\\\/#article\",\"isPartOf\":{\"@id\":\"https:\\\/\\\/www.aceguarulhos.com.br\\\/blog\\\/conversando-sobre-gest%c3%a3o-estrat%c3%a9gica\\\/\"},\"author\":{\"name\":\"Assessoria de Imprensa ACE-Guarulhos\",\"@id\":\"https:\\\/\\\/www.aceguarulhos.com.br\\\/blog\\\/#\\\/schema\\\/person\\\/6983b51bad37489989e4f09698c26237\"},\"headline\":\"Conversando Sobre Gest\u00e3o Estrat\u00e9gica\",\"datePublished\":\"2005-02-18T12:53:04+00:00\",\"mainEntityOfPage\":{\"@id\":\"https:\\\/\\\/www.aceguarulhos.com.br\\\/blog\\\/conversando-sobre-gest%c3%a3o-estrat%c3%a9gica\\\/\"},\"wordCount\":1287,\"commentCount\":0,\"publisher\":{\"@id\":\"https:\\\/\\\/www.aceguarulhos.com.br\\\/blog\\\/#organization\"},\"articleSection\":[\"Not\u00edcias\"],\"inLanguage\":\"pt-BR\"},{\"@type\":\"WebPage\",\"@id\":\"https:\\\/\\\/www.aceguarulhos.com.br\\\/blog\\\/conversando-sobre-gest%c3%a3o-estrat%c3%a9gica\\\/\",\"url\":\"https:\\\/\\\/www.aceguarulhos.com.br\\\/blog\\\/conversando-sobre-gest%c3%a3o-estrat%c3%a9gica\\\/\",\"name\":\"Conversando Sobre Gest\u00e3o Estrat\u00e9gica - ACE-Guarulhos\",\"isPartOf\":{\"@id\":\"https:\\\/\\\/www.aceguarulhos.com.br\\\/blog\\\/#website\"},\"datePublished\":\"2005-02-18T12:53:04+00:00\",\"breadcrumb\":{\"@id\":\"https:\\\/\\\/www.aceguarulhos.com.br\\\/blog\\\/conversando-sobre-gest%c3%a3o-estrat%c3%a9gica\\\/#breadcrumb\"},\"inLanguage\":\"pt-BR\",\"potentialAction\":[{\"@type\":\"ReadAction\",\"target\":[\"https:\\\/\\\/www.aceguarulhos.com.br\\\/blog\\\/conversando-sobre-gest%c3%a3o-estrat%c3%a9gica\\\/\"]}]},{\"@type\":\"BreadcrumbList\",\"@id\":\"https:\\\/\\\/www.aceguarulhos.com.br\\\/blog\\\/conversando-sobre-gest%c3%a3o-estrat%c3%a9gica\\\/#breadcrumb\",\"itemListElement\":[{\"@type\":\"ListItem\",\"position\":1,\"name\":\"In\u00edcio\",\"item\":\"https:\\\/\\\/www.aceguarulhos.com.br\\\/blog\\\/\"},{\"@type\":\"ListItem\",\"position\":2,\"name\":\"Conversando Sobre Gest\u00e3o Estrat\u00e9gica\"}]},{\"@type\":\"WebSite\",\"@id\":\"https:\\\/\\\/www.aceguarulhos.com.br\\\/blog\\\/#website\",\"url\":\"https:\\\/\\\/www.aceguarulhos.com.br\\\/blog\\\/\",\"name\":\"ACE-Guarulhos\",\"description\":\"A ACE-Guarulhos \u00e9 uma associa\u00e7\u00e3o que ap\u00f3ia os empres\u00e1rios guarulhenses atrav\u00e9s da representa\u00e7\u00e3o, da gera\u00e7\u00e3o de neg\u00f3cios e presta\u00e7\u00e3o de servi\u00e7os.\",\"publisher\":{\"@id\":\"https:\\\/\\\/www.aceguarulhos.com.br\\\/blog\\\/#organization\"},\"potentialAction\":[{\"@type\":\"SearchAction\",\"target\":{\"@type\":\"EntryPoint\",\"urlTemplate\":\"https:\\\/\\\/www.aceguarulhos.com.br\\\/blog\\\/?s={search_term_string}\"},\"query-input\":{\"@type\":\"PropertyValueSpecification\",\"valueRequired\":true,\"valueName\":\"search_term_string\"}}],\"inLanguage\":\"pt-BR\"},{\"@type\":\"Organization\",\"@id\":\"https:\\\/\\\/www.aceguarulhos.com.br\\\/blog\\\/#organization\",\"name\":\"ACE-Guarulhos\",\"url\":\"https:\\\/\\\/www.aceguarulhos.com.br\\\/blog\\\/\",\"logo\":{\"@type\":\"ImageObject\",\"inLanguage\":\"pt-BR\",\"@id\":\"https:\\\/\\\/www.aceguarulhos.com.br\\\/blog\\\/#\\\/schema\\\/logo\\\/image\\\/\",\"url\":\"https:\\\/\\\/www.aceguarulhos.com.br\\\/blog\\\/wp-content\\\/uploads\\\/2017\\\/12\\\/logo-aceguarulhos-2018.png\",\"contentUrl\":\"https:\\\/\\\/www.aceguarulhos.com.br\\\/blog\\\/wp-content\\\/uploads\\\/2017\\\/12\\\/logo-aceguarulhos-2018.png\",\"width\":419,\"height\":76,\"caption\":\"ACE-Guarulhos\"},\"image\":{\"@id\":\"https:\\\/\\\/www.aceguarulhos.com.br\\\/blog\\\/#\\\/schema\\\/logo\\\/image\\\/\"},\"sameAs\":[\"https:\\\/\\\/www.facebook.com\\\/aceguarulhos\\\/\",\"https:\\\/\\\/br.linkedin.com\\\/in\\\/ace-guarulhos-b9a97093\",\"https:\\\/\\\/www.youtube.com\\\/user\\\/aceguarulhos\"]},{\"@type\":\"Person\",\"@id\":\"https:\\\/\\\/www.aceguarulhos.com.br\\\/blog\\\/#\\\/schema\\\/person\\\/6983b51bad37489989e4f09698c26237\",\"name\":\"Assessoria de Imprensa ACE-Guarulhos\",\"image\":{\"@type\":\"ImageObject\",\"inLanguage\":\"pt-BR\",\"@id\":\"https:\\\/\\\/secure.gravatar.com\\\/avatar\\\/707f3fadd6918afeb64173ab22d8a8cb0676953098a4f31ff36dc2b4c699ef6a?s=96&d=mm&r=g\",\"url\":\"https:\\\/\\\/secure.gravatar.com\\\/avatar\\\/707f3fadd6918afeb64173ab22d8a8cb0676953098a4f31ff36dc2b4c699ef6a?s=96&d=mm&r=g\",\"contentUrl\":\"https:\\\/\\\/secure.gravatar.com\\\/avatar\\\/707f3fadd6918afeb64173ab22d8a8cb0676953098a4f31ff36dc2b4c699ef6a?s=96&d=mm&r=g\",\"caption\":\"Assessoria de Imprensa ACE-Guarulhos\"},\"url\":\"https:\\\/\\\/www.aceguarulhos.com.br\\\/blog\\\/author\\\/assessoria-de-imprensa-ace-guarulhos\\\/\"}]}<\/script>\n<!-- \/ Yoast SEO plugin. -->","yoast_head_json":{"title":"Conversando Sobre Gest\u00e3o Estrat\u00e9gica - ACE-Guarulhos","robots":{"index":"index","follow":"follow","max-snippet":"max-snippet:-1","max-image-preview":"max-image-preview:large","max-video-preview":"max-video-preview:-1"},"canonical":"https:\/\/www.aceguarulhos.com.br\/blog\/conversando-sobre-gest\u00e3o-estrat\u00e9gica\/","og_locale":"pt_BR","og_type":"article","og_title":"Conversando Sobre Gest\u00e3o Estrat\u00e9gica - ACE-Guarulhos","og_description":"Sabemos que manter a competitividade em alta \u00e9 um desafio permanente para todas as empresas. Uma das &#8220;ferramentas&#8221; para sustentar essa capacidade \u00e9","og_url":"https:\/\/www.aceguarulhos.com.br\/blog\/conversando-sobre-gest\u00e3o-estrat\u00e9gica\/","og_site_name":"ACE-Guarulhos","article_publisher":"https:\/\/www.facebook.com\/aceguarulhos\/","article_published_time":"2005-02-18T12:53:04+00:00","author":"Assessoria de Imprensa ACE-Guarulhos","twitter_card":"summary_large_image","twitter_misc":{"Escrito por":"Assessoria de Imprensa ACE-Guarulhos","Est. tempo de leitura":"6 minutos"},"schema":{"@context":"https:\/\/schema.org","@graph":[{"@type":"Article","@id":"https:\/\/www.aceguarulhos.com.br\/blog\/conversando-sobre-gest%c3%a3o-estrat%c3%a9gica\/#article","isPartOf":{"@id":"https:\/\/www.aceguarulhos.com.br\/blog\/conversando-sobre-gest%c3%a3o-estrat%c3%a9gica\/"},"author":{"name":"Assessoria de Imprensa ACE-Guarulhos","@id":"https:\/\/www.aceguarulhos.com.br\/blog\/#\/schema\/person\/6983b51bad37489989e4f09698c26237"},"headline":"Conversando Sobre Gest\u00e3o Estrat\u00e9gica","datePublished":"2005-02-18T12:53:04+00:00","mainEntityOfPage":{"@id":"https:\/\/www.aceguarulhos.com.br\/blog\/conversando-sobre-gest%c3%a3o-estrat%c3%a9gica\/"},"wordCount":1287,"commentCount":0,"publisher":{"@id":"https:\/\/www.aceguarulhos.com.br\/blog\/#organization"},"articleSection":["Not\u00edcias"],"inLanguage":"pt-BR"},{"@type":"WebPage","@id":"https:\/\/www.aceguarulhos.com.br\/blog\/conversando-sobre-gest%c3%a3o-estrat%c3%a9gica\/","url":"https:\/\/www.aceguarulhos.com.br\/blog\/conversando-sobre-gest%c3%a3o-estrat%c3%a9gica\/","name":"Conversando Sobre Gest\u00e3o Estrat\u00e9gica - ACE-Guarulhos","isPartOf":{"@id":"https:\/\/www.aceguarulhos.com.br\/blog\/#website"},"datePublished":"2005-02-18T12:53:04+00:00","breadcrumb":{"@id":"https:\/\/www.aceguarulhos.com.br\/blog\/conversando-sobre-gest%c3%a3o-estrat%c3%a9gica\/#breadcrumb"},"inLanguage":"pt-BR","potentialAction":[{"@type":"ReadAction","target":["https:\/\/www.aceguarulhos.com.br\/blog\/conversando-sobre-gest%c3%a3o-estrat%c3%a9gica\/"]}]},{"@type":"BreadcrumbList","@id":"https:\/\/www.aceguarulhos.com.br\/blog\/conversando-sobre-gest%c3%a3o-estrat%c3%a9gica\/#breadcrumb","itemListElement":[{"@type":"ListItem","position":1,"name":"In\u00edcio","item":"https:\/\/www.aceguarulhos.com.br\/blog\/"},{"@type":"ListItem","position":2,"name":"Conversando Sobre Gest\u00e3o Estrat\u00e9gica"}]},{"@type":"WebSite","@id":"https:\/\/www.aceguarulhos.com.br\/blog\/#website","url":"https:\/\/www.aceguarulhos.com.br\/blog\/","name":"ACE-Guarulhos","description":"A ACE-Guarulhos \u00e9 uma associa\u00e7\u00e3o que ap\u00f3ia os empres\u00e1rios guarulhenses atrav\u00e9s da representa\u00e7\u00e3o, da gera\u00e7\u00e3o de neg\u00f3cios e presta\u00e7\u00e3o de servi\u00e7os.","publisher":{"@id":"https:\/\/www.aceguarulhos.com.br\/blog\/#organization"},"potentialAction":[{"@type":"SearchAction","target":{"@type":"EntryPoint","urlTemplate":"https:\/\/www.aceguarulhos.com.br\/blog\/?s={search_term_string}"},"query-input":{"@type":"PropertyValueSpecification","valueRequired":true,"valueName":"search_term_string"}}],"inLanguage":"pt-BR"},{"@type":"Organization","@id":"https:\/\/www.aceguarulhos.com.br\/blog\/#organization","name":"ACE-Guarulhos","url":"https:\/\/www.aceguarulhos.com.br\/blog\/","logo":{"@type":"ImageObject","inLanguage":"pt-BR","@id":"https:\/\/www.aceguarulhos.com.br\/blog\/#\/schema\/logo\/image\/","url":"https:\/\/www.aceguarulhos.com.br\/blog\/wp-content\/uploads\/2017\/12\/logo-aceguarulhos-2018.png","contentUrl":"https:\/\/www.aceguarulhos.com.br\/blog\/wp-content\/uploads\/2017\/12\/logo-aceguarulhos-2018.png","width":419,"height":76,"caption":"ACE-Guarulhos"},"image":{"@id":"https:\/\/www.aceguarulhos.com.br\/blog\/#\/schema\/logo\/image\/"},"sameAs":["https:\/\/www.facebook.com\/aceguarulhos\/","https:\/\/br.linkedin.com\/in\/ace-guarulhos-b9a97093","https:\/\/www.youtube.com\/user\/aceguarulhos"]},{"@type":"Person","@id":"https:\/\/www.aceguarulhos.com.br\/blog\/#\/schema\/person\/6983b51bad37489989e4f09698c26237","name":"Assessoria de Imprensa ACE-Guarulhos","image":{"@type":"ImageObject","inLanguage":"pt-BR","@id":"https:\/\/secure.gravatar.com\/avatar\/707f3fadd6918afeb64173ab22d8a8cb0676953098a4f31ff36dc2b4c699ef6a?s=96&d=mm&r=g","url":"https:\/\/secure.gravatar.com\/avatar\/707f3fadd6918afeb64173ab22d8a8cb0676953098a4f31ff36dc2b4c699ef6a?s=96&d=mm&r=g","contentUrl":"https:\/\/secure.gravatar.com\/avatar\/707f3fadd6918afeb64173ab22d8a8cb0676953098a4f31ff36dc2b4c699ef6a?s=96&d=mm&r=g","caption":"Assessoria de Imprensa ACE-Guarulhos"},"url":"https:\/\/www.aceguarulhos.com.br\/blog\/author\/assessoria-de-imprensa-ace-guarulhos\/"}]}},"wps_subtitle":"","amp_enabled":true,"_links":{"self":[{"href":"https:\/\/www.aceguarulhos.com.br\/blog\/wp-json\/wp\/v2\/posts\/29122","targetHints":{"allow":["GET"]}}],"collection":[{"href":"https:\/\/www.aceguarulhos.com.br\/blog\/wp-json\/wp\/v2\/posts"}],"about":[{"href":"https:\/\/www.aceguarulhos.com.br\/blog\/wp-json\/wp\/v2\/types\/post"}],"author":[{"embeddable":true,"href":"https:\/\/www.aceguarulhos.com.br\/blog\/wp-json\/wp\/v2\/users\/8"}],"replies":[{"embeddable":true,"href":"https:\/\/www.aceguarulhos.com.br\/blog\/wp-json\/wp\/v2\/comments?post=29122"}],"version-history":[{"count":0,"href":"https:\/\/www.aceguarulhos.com.br\/blog\/wp-json\/wp\/v2\/posts\/29122\/revisions"}],"wp:attachment":[{"href":"https:\/\/www.aceguarulhos.com.br\/blog\/wp-json\/wp\/v2\/media?parent=29122"}],"wp:term":[{"taxonomy":"category","embeddable":true,"href":"https:\/\/www.aceguarulhos.com.br\/blog\/wp-json\/wp\/v2\/categories?post=29122"},{"taxonomy":"post_tag","embeddable":true,"href":"https:\/\/www.aceguarulhos.com.br\/blog\/wp-json\/wp\/v2\/tags?post=29122"}],"curies":[{"name":"wp","href":"https:\/\/api.w.org\/{rel}","templated":true}]}}