{"id":29121,"date":"2005-02-18T10:06:31","date_gmt":"2005-02-18T10:06:31","guid":{"rendered":"http:\/\/www.aceguarulhos.com.br\/blog\/?p=29121"},"modified":"-0001-11-30T00:00:00","modified_gmt":"-0001-11-30T03:00:00","slug":"ace-participa-de-uma-das-maiores-manifesta%c3%a7%c3%b5es-do-poder-privado-contra-o-governo","status":"publish","type":"post","link":"https:\/\/www.aceguarulhos.com.br\/blog\/ace-participa-de-uma-das-maiores-manifesta%c3%a7%c3%b5es-do-poder-privado-contra-o-governo\/","title":{"rendered":"ACE participa de uma das maiores manifesta\u00e7\u00f5es do poder privado contra o governo"},"content":{"rendered":"<p><P><EM>Mais de mil entidades participaram da mobiliza\u00e7\u00e3o contra a Medida Provis\u00f3ria 232<BR><\/EM>\u00a0<\/P><center><IMG src=\"\/blog\/wp-content\/uploads\/image.php?x=i&#038;i1=100&#038;i2=20011024161615\" border=0><\/center><P>Mais de 2 mil pessoas participaram, dia 15 de fevereiro, de uma das maiores manifesta\u00e7\u00f5es do setor empresarial contra a Medida Provis\u00f3ria 232. Da Associa\u00e7\u00e3o Comercial e Empresarial (ACE-Guarulhos) quem acompanhou os protestos no Clube Esperia, em S\u00e3o Paulo, foi Anunciato Thomeo Sobrinho, diretor de rela\u00e7\u00f5es institucionais da entidade. <\/P><IMG src=\"\/blog\/wp-content\/uploads\/image.php?x=i&#038;i1=100&#038;i2=ace_mp232\" vspace=\"8\" hspace=\"10\" alt=\"Divulga\u00e7\u00e3o\"><br \/><i>Na foto da esquerda para a direita: <b>D\u00e9cio Mondroni<\/b> &#8211; Presidente da ACE-Suzano<br \/><b>Anunciato Thomeo Sobrinho<\/b> &#8211; Vice Presidente da FACESP -RA Metropolitana Auto do Tiete<br \/>Diretor de Rela\u00e7\u00f5es Institucionais da ACE-Guarulhos<br \/><b>Walter Shindi Iihoshi<\/b> &#8211; Vice Presidente da ACSP<br \/>Sub Prefeito da Prefeitura Municipal de S\u00e3o Paulo &#8211; Jabaquara<br \/><b>Walmir Mad\u00e1zio<\/b> &#8211; Vice Presidente da ACSP<br \/>Vogal na JUCESP<br \/><b>Gilberto Rambelli J\u00fanior<\/b> &#8211; Vogal na JUCESP<i><P>Avaliando o ato p\u00fablico liderado pela Frente Brasileira contra a MP 232, Anunciato acredita que o governo vai tomar uma atitude positiva para n\u00e3o prejudicar mais ainda a classe empresarial prestadora de servi\u00e7os. &#8220;Eu acredito que o governo vai se sensibilizar e retirar a medida provis\u00f3ria que, entre um de seus itens mais\u00a0 pol\u00eamicos, exp\u00f5e o aumento da base de c\u00e1lculo de 32% para 40% do IR e da CSLL dos prestadores de servi\u00e7os optantes pelo regime de lucro presumido. O ideal seria estudar uma lei e n\u00e3o uma medida provis\u00f3ria&#8221;,\u00a0 ressaltou o diretor. <\/P><P>Anunciato tamb\u00e9m compareceu ao evento como vice-presidente da Regi\u00e3o Admistrativa Metropolitana do Alto Tiet\u00ea (RA-3). &#8220;Para a minha felicidade 50% dos representantes da RA-3 compareceram ao ato p\u00fablico&#8221;.<\/P><P><A href=\"\/content.php?m=20050216084611\" target=_blank><STRONG>Acompanhe mais informa\u00e7\u00f5es sobre a manifesta\u00e7\u00e3o aqui.<\/STRONG><\/A><\/P><\/p>\n","protected":false},"excerpt":{"rendered":"Mais de mil entidades participaram da mobiliza\u00e7\u00e3o contra a Medida Provis\u00f3ria 232\u00a0Mais de 2 mil pessoas participaram, dia 15 de fevereiro, de uma \n<a class=\"moretag\" href=\"https:\/\/www.aceguarulhos.com.br\/blog\/ace-participa-de-uma-das-maiores-manifesta%c3%a7%c3%b5es-do-poder-privado-contra-o-governo\/\"> [...]<\/a>","protected":false},"author":8,"featured_media":0,"comment_status":"open","ping_status":"open","sticky":false,"template":"","format":"standard","meta":{"footnotes":""},"categories":[2],"tags":[],"class_list":["post-29121","post","type-post","status-publish","format-standard","hentry","category-noticias"],"yoast_head":"<!-- This site is optimized with the Yoast SEO plugin v28.1 - https:\/\/yoast.com\/product\/yoast-seo-wordpress\/ -->\n<title>ACE participa de uma das maiores manifesta\u00e7\u00f5es do poder privado contra o governo - ACE-Guarulhos<\/title>\n<meta name=\"robots\" content=\"index, follow, max-snippet:-1, max-image-preview:large, max-video-preview:-1\" \/>\n<link rel=\"canonical\" href=\"https:\/\/www.aceguarulhos.com.br\/blog\/ace-participa-de-uma-das-maiores-manifesta\u00e7\u00f5es-do-poder-privado-contra-o-governo\/\" \/>\n<meta property=\"og:locale\" content=\"pt_BR\" \/>\n<meta property=\"og:type\" content=\"article\" \/>\n<meta property=\"og:title\" content=\"ACE participa de uma das maiores manifesta\u00e7\u00f5es do poder privado contra o governo - ACE-Guarulhos\" \/>\n<meta property=\"og:description\" content=\"Mais de mil entidades participaram da mobiliza\u00e7\u00e3o contra a Medida Provis\u00f3ria 232\u00a0Mais de 2 mil pessoas participaram, dia 15 de fevereiro, de uma\" \/>\n<meta property=\"og:url\" content=\"https:\/\/www.aceguarulhos.com.br\/blog\/ace-participa-de-uma-das-maiores-manifesta\u00e7\u00f5es-do-poder-privado-contra-o-governo\/\" \/>\n<meta property=\"og:site_name\" content=\"ACE-Guarulhos\" \/>\n<meta property=\"article:publisher\" content=\"https:\/\/www.facebook.com\/aceguarulhos\/\" \/>\n<meta property=\"article:published_time\" content=\"2005-02-18T10:06:31+00:00\" \/>\n<meta name=\"author\" content=\"Assessoria de Imprensa ACE-Guarulhos\" \/>\n<meta name=\"twitter:card\" content=\"summary_large_image\" \/>\n<meta name=\"twitter:label1\" content=\"Escrito por\" \/>\n\t<meta name=\"twitter:data1\" content=\"Assessoria de Imprensa ACE-Guarulhos\" \/>\n\t<meta name=\"twitter:label2\" content=\"Est. tempo de leitura\" \/>\n\t<meta name=\"twitter:data2\" content=\"1 minuto\" \/>\n<script type=\"application\/ld+json\" class=\"yoast-schema-graph\">{\"@context\":\"https:\\\/\\\/schema.org\",\"@graph\":[{\"@type\":\"Article\",\"@id\":\"https:\\\/\\\/www.aceguarulhos.com.br\\\/blog\\\/ace-participa-de-uma-das-maiores-manifesta%c3%a7%c3%b5es-do-poder-privado-contra-o-governo\\\/#article\",\"isPartOf\":{\"@id\":\"https:\\\/\\\/www.aceguarulhos.com.br\\\/blog\\\/ace-participa-de-uma-das-maiores-manifesta%c3%a7%c3%b5es-do-poder-privado-contra-o-governo\\\/\"},\"author\":{\"name\":\"Assessoria de Imprensa ACE-Guarulhos\",\"@id\":\"https:\\\/\\\/www.aceguarulhos.com.br\\\/blog\\\/#\\\/schema\\\/person\\\/6983b51bad37489989e4f09698c26237\"},\"headline\":\"ACE participa de uma das maiores manifesta\u00e7\u00f5es do poder privado contra o governo\",\"datePublished\":\"2005-02-18T10:06:31+00:00\",\"mainEntityOfPage\":{\"@id\":\"https:\\\/\\\/www.aceguarulhos.com.br\\\/blog\\\/ace-participa-de-uma-das-maiores-manifesta%c3%a7%c3%b5es-do-poder-privado-contra-o-governo\\\/\"},\"wordCount\":287,\"commentCount\":0,\"publisher\":{\"@id\":\"https:\\\/\\\/www.aceguarulhos.com.br\\\/blog\\\/#organization\"},\"articleSection\":[\"Not\u00edcias\"],\"inLanguage\":\"pt-BR\"},{\"@type\":\"WebPage\",\"@id\":\"https:\\\/\\\/www.aceguarulhos.com.br\\\/blog\\\/ace-participa-de-uma-das-maiores-manifesta%c3%a7%c3%b5es-do-poder-privado-contra-o-governo\\\/\",\"url\":\"https:\\\/\\\/www.aceguarulhos.com.br\\\/blog\\\/ace-participa-de-uma-das-maiores-manifesta%c3%a7%c3%b5es-do-poder-privado-contra-o-governo\\\/\",\"name\":\"ACE participa de uma das maiores manifesta\u00e7\u00f5es do poder privado contra o governo - ACE-Guarulhos\",\"isPartOf\":{\"@id\":\"https:\\\/\\\/www.aceguarulhos.com.br\\\/blog\\\/#website\"},\"datePublished\":\"2005-02-18T10:06:31+00:00\",\"breadcrumb\":{\"@id\":\"https:\\\/\\\/www.aceguarulhos.com.br\\\/blog\\\/ace-participa-de-uma-das-maiores-manifesta%c3%a7%c3%b5es-do-poder-privado-contra-o-governo\\\/#breadcrumb\"},\"inLanguage\":\"pt-BR\",\"potentialAction\":[{\"@type\":\"ReadAction\",\"target\":[\"https:\\\/\\\/www.aceguarulhos.com.br\\\/blog\\\/ace-participa-de-uma-das-maiores-manifesta%c3%a7%c3%b5es-do-poder-privado-contra-o-governo\\\/\"]}]},{\"@type\":\"BreadcrumbList\",\"@id\":\"https:\\\/\\\/www.aceguarulhos.com.br\\\/blog\\\/ace-participa-de-uma-das-maiores-manifesta%c3%a7%c3%b5es-do-poder-privado-contra-o-governo\\\/#breadcrumb\",\"itemListElement\":[{\"@type\":\"ListItem\",\"position\":1,\"name\":\"In\u00edcio\",\"item\":\"https:\\\/\\\/www.aceguarulhos.com.br\\\/blog\\\/\"},{\"@type\":\"ListItem\",\"position\":2,\"name\":\"ACE participa de uma das maiores manifesta\u00e7\u00f5es do poder privado contra o governo\"}]},{\"@type\":\"WebSite\",\"@id\":\"https:\\\/\\\/www.aceguarulhos.com.br\\\/blog\\\/#website\",\"url\":\"https:\\\/\\\/www.aceguarulhos.com.br\\\/blog\\\/\",\"name\":\"ACE-Guarulhos\",\"description\":\"A ACE-Guarulhos \u00e9 uma associa\u00e7\u00e3o que ap\u00f3ia os empres\u00e1rios guarulhenses atrav\u00e9s da representa\u00e7\u00e3o, da gera\u00e7\u00e3o de neg\u00f3cios e presta\u00e7\u00e3o de servi\u00e7os.\",\"publisher\":{\"@id\":\"https:\\\/\\\/www.aceguarulhos.com.br\\\/blog\\\/#organization\"},\"potentialAction\":[{\"@type\":\"SearchAction\",\"target\":{\"@type\":\"EntryPoint\",\"urlTemplate\":\"https:\\\/\\\/www.aceguarulhos.com.br\\\/blog\\\/?s={search_term_string}\"},\"query-input\":{\"@type\":\"PropertyValueSpecification\",\"valueRequired\":true,\"valueName\":\"search_term_string\"}}],\"inLanguage\":\"pt-BR\"},{\"@type\":\"Organization\",\"@id\":\"https:\\\/\\\/www.aceguarulhos.com.br\\\/blog\\\/#organization\",\"name\":\"ACE-Guarulhos\",\"url\":\"https:\\\/\\\/www.aceguarulhos.com.br\\\/blog\\\/\",\"logo\":{\"@type\":\"ImageObject\",\"inLanguage\":\"pt-BR\",\"@id\":\"https:\\\/\\\/www.aceguarulhos.com.br\\\/blog\\\/#\\\/schema\\\/logo\\\/image\\\/\",\"url\":\"https:\\\/\\\/www.aceguarulhos.com.br\\\/blog\\\/wp-content\\\/uploads\\\/2017\\\/12\\\/logo-aceguarulhos-2018.png\",\"contentUrl\":\"https:\\\/\\\/www.aceguarulhos.com.br\\\/blog\\\/wp-content\\\/uploads\\\/2017\\\/12\\\/logo-aceguarulhos-2018.png\",\"width\":419,\"height\":76,\"caption\":\"ACE-Guarulhos\"},\"image\":{\"@id\":\"https:\\\/\\\/www.aceguarulhos.com.br\\\/blog\\\/#\\\/schema\\\/logo\\\/image\\\/\"},\"sameAs\":[\"https:\\\/\\\/www.facebook.com\\\/aceguarulhos\\\/\",\"https:\\\/\\\/br.linkedin.com\\\/in\\\/ace-guarulhos-b9a97093\",\"https:\\\/\\\/www.youtube.com\\\/user\\\/aceguarulhos\"]},{\"@type\":\"Person\",\"@id\":\"https:\\\/\\\/www.aceguarulhos.com.br\\\/blog\\\/#\\\/schema\\\/person\\\/6983b51bad37489989e4f09698c26237\",\"name\":\"Assessoria de Imprensa ACE-Guarulhos\",\"image\":{\"@type\":\"ImageObject\",\"inLanguage\":\"pt-BR\",\"@id\":\"https:\\\/\\\/secure.gravatar.com\\\/avatar\\\/707f3fadd6918afeb64173ab22d8a8cb0676953098a4f31ff36dc2b4c699ef6a?s=96&d=mm&r=g\",\"url\":\"https:\\\/\\\/secure.gravatar.com\\\/avatar\\\/707f3fadd6918afeb64173ab22d8a8cb0676953098a4f31ff36dc2b4c699ef6a?s=96&d=mm&r=g\",\"contentUrl\":\"https:\\\/\\\/secure.gravatar.com\\\/avatar\\\/707f3fadd6918afeb64173ab22d8a8cb0676953098a4f31ff36dc2b4c699ef6a?s=96&d=mm&r=g\",\"caption\":\"Assessoria de Imprensa ACE-Guarulhos\"},\"url\":\"https:\\\/\\\/www.aceguarulhos.com.br\\\/blog\\\/author\\\/assessoria-de-imprensa-ace-guarulhos\\\/\"}]}<\/script>\n<!-- \/ Yoast SEO plugin. -->","yoast_head_json":{"title":"ACE participa de uma das maiores manifesta\u00e7\u00f5es do poder privado contra o governo - ACE-Guarulhos","robots":{"index":"index","follow":"follow","max-snippet":"max-snippet:-1","max-image-preview":"max-image-preview:large","max-video-preview":"max-video-preview:-1"},"canonical":"https:\/\/www.aceguarulhos.com.br\/blog\/ace-participa-de-uma-das-maiores-manifesta\u00e7\u00f5es-do-poder-privado-contra-o-governo\/","og_locale":"pt_BR","og_type":"article","og_title":"ACE participa de uma das maiores manifesta\u00e7\u00f5es do poder privado contra o governo - ACE-Guarulhos","og_description":"Mais de mil entidades participaram da mobiliza\u00e7\u00e3o contra a Medida Provis\u00f3ria 232\u00a0Mais de 2 mil pessoas participaram, dia 15 de fevereiro, de uma","og_url":"https:\/\/www.aceguarulhos.com.br\/blog\/ace-participa-de-uma-das-maiores-manifesta\u00e7\u00f5es-do-poder-privado-contra-o-governo\/","og_site_name":"ACE-Guarulhos","article_publisher":"https:\/\/www.facebook.com\/aceguarulhos\/","article_published_time":"2005-02-18T10:06:31+00:00","author":"Assessoria de Imprensa ACE-Guarulhos","twitter_card":"summary_large_image","twitter_misc":{"Escrito por":"Assessoria de Imprensa ACE-Guarulhos","Est. tempo de leitura":"1 minuto"},"schema":{"@context":"https:\/\/schema.org","@graph":[{"@type":"Article","@id":"https:\/\/www.aceguarulhos.com.br\/blog\/ace-participa-de-uma-das-maiores-manifesta%c3%a7%c3%b5es-do-poder-privado-contra-o-governo\/#article","isPartOf":{"@id":"https:\/\/www.aceguarulhos.com.br\/blog\/ace-participa-de-uma-das-maiores-manifesta%c3%a7%c3%b5es-do-poder-privado-contra-o-governo\/"},"author":{"name":"Assessoria de Imprensa ACE-Guarulhos","@id":"https:\/\/www.aceguarulhos.com.br\/blog\/#\/schema\/person\/6983b51bad37489989e4f09698c26237"},"headline":"ACE participa de uma das maiores manifesta\u00e7\u00f5es do poder privado contra o governo","datePublished":"2005-02-18T10:06:31+00:00","mainEntityOfPage":{"@id":"https:\/\/www.aceguarulhos.com.br\/blog\/ace-participa-de-uma-das-maiores-manifesta%c3%a7%c3%b5es-do-poder-privado-contra-o-governo\/"},"wordCount":287,"commentCount":0,"publisher":{"@id":"https:\/\/www.aceguarulhos.com.br\/blog\/#organization"},"articleSection":["Not\u00edcias"],"inLanguage":"pt-BR"},{"@type":"WebPage","@id":"https:\/\/www.aceguarulhos.com.br\/blog\/ace-participa-de-uma-das-maiores-manifesta%c3%a7%c3%b5es-do-poder-privado-contra-o-governo\/","url":"https:\/\/www.aceguarulhos.com.br\/blog\/ace-participa-de-uma-das-maiores-manifesta%c3%a7%c3%b5es-do-poder-privado-contra-o-governo\/","name":"ACE participa de uma das maiores manifesta\u00e7\u00f5es do poder privado contra o governo - ACE-Guarulhos","isPartOf":{"@id":"https:\/\/www.aceguarulhos.com.br\/blog\/#website"},"datePublished":"2005-02-18T10:06:31+00:00","breadcrumb":{"@id":"https:\/\/www.aceguarulhos.com.br\/blog\/ace-participa-de-uma-das-maiores-manifesta%c3%a7%c3%b5es-do-poder-privado-contra-o-governo\/#breadcrumb"},"inLanguage":"pt-BR","potentialAction":[{"@type":"ReadAction","target":["https:\/\/www.aceguarulhos.com.br\/blog\/ace-participa-de-uma-das-maiores-manifesta%c3%a7%c3%b5es-do-poder-privado-contra-o-governo\/"]}]},{"@type":"BreadcrumbList","@id":"https:\/\/www.aceguarulhos.com.br\/blog\/ace-participa-de-uma-das-maiores-manifesta%c3%a7%c3%b5es-do-poder-privado-contra-o-governo\/#breadcrumb","itemListElement":[{"@type":"ListItem","position":1,"name":"In\u00edcio","item":"https:\/\/www.aceguarulhos.com.br\/blog\/"},{"@type":"ListItem","position":2,"name":"ACE participa de uma das maiores manifesta\u00e7\u00f5es do poder privado contra o governo"}]},{"@type":"WebSite","@id":"https:\/\/www.aceguarulhos.com.br\/blog\/#website","url":"https:\/\/www.aceguarulhos.com.br\/blog\/","name":"ACE-Guarulhos","description":"A ACE-Guarulhos \u00e9 uma associa\u00e7\u00e3o que ap\u00f3ia os empres\u00e1rios guarulhenses atrav\u00e9s da representa\u00e7\u00e3o, da gera\u00e7\u00e3o de neg\u00f3cios e presta\u00e7\u00e3o de servi\u00e7os.","publisher":{"@id":"https:\/\/www.aceguarulhos.com.br\/blog\/#organization"},"potentialAction":[{"@type":"SearchAction","target":{"@type":"EntryPoint","urlTemplate":"https:\/\/www.aceguarulhos.com.br\/blog\/?s={search_term_string}"},"query-input":{"@type":"PropertyValueSpecification","valueRequired":true,"valueName":"search_term_string"}}],"inLanguage":"pt-BR"},{"@type":"Organization","@id":"https:\/\/www.aceguarulhos.com.br\/blog\/#organization","name":"ACE-Guarulhos","url":"https:\/\/www.aceguarulhos.com.br\/blog\/","logo":{"@type":"ImageObject","inLanguage":"pt-BR","@id":"https:\/\/www.aceguarulhos.com.br\/blog\/#\/schema\/logo\/image\/","url":"https:\/\/www.aceguarulhos.com.br\/blog\/wp-content\/uploads\/2017\/12\/logo-aceguarulhos-2018.png","contentUrl":"https:\/\/www.aceguarulhos.com.br\/blog\/wp-content\/uploads\/2017\/12\/logo-aceguarulhos-2018.png","width":419,"height":76,"caption":"ACE-Guarulhos"},"image":{"@id":"https:\/\/www.aceguarulhos.com.br\/blog\/#\/schema\/logo\/image\/"},"sameAs":["https:\/\/www.facebook.com\/aceguarulhos\/","https:\/\/br.linkedin.com\/in\/ace-guarulhos-b9a97093","https:\/\/www.youtube.com\/user\/aceguarulhos"]},{"@type":"Person","@id":"https:\/\/www.aceguarulhos.com.br\/blog\/#\/schema\/person\/6983b51bad37489989e4f09698c26237","name":"Assessoria de Imprensa ACE-Guarulhos","image":{"@type":"ImageObject","inLanguage":"pt-BR","@id":"https:\/\/secure.gravatar.com\/avatar\/707f3fadd6918afeb64173ab22d8a8cb0676953098a4f31ff36dc2b4c699ef6a?s=96&d=mm&r=g","url":"https:\/\/secure.gravatar.com\/avatar\/707f3fadd6918afeb64173ab22d8a8cb0676953098a4f31ff36dc2b4c699ef6a?s=96&d=mm&r=g","contentUrl":"https:\/\/secure.gravatar.com\/avatar\/707f3fadd6918afeb64173ab22d8a8cb0676953098a4f31ff36dc2b4c699ef6a?s=96&d=mm&r=g","caption":"Assessoria de Imprensa ACE-Guarulhos"},"url":"https:\/\/www.aceguarulhos.com.br\/blog\/author\/assessoria-de-imprensa-ace-guarulhos\/"}]}},"wps_subtitle":"","amp_enabled":true,"_links":{"self":[{"href":"https:\/\/www.aceguarulhos.com.br\/blog\/wp-json\/wp\/v2\/posts\/29121","targetHints":{"allow":["GET"]}}],"collection":[{"href":"https:\/\/www.aceguarulhos.com.br\/blog\/wp-json\/wp\/v2\/posts"}],"about":[{"href":"https:\/\/www.aceguarulhos.com.br\/blog\/wp-json\/wp\/v2\/types\/post"}],"author":[{"embeddable":true,"href":"https:\/\/www.aceguarulhos.com.br\/blog\/wp-json\/wp\/v2\/users\/8"}],"replies":[{"embeddable":true,"href":"https:\/\/www.aceguarulhos.com.br\/blog\/wp-json\/wp\/v2\/comments?post=29121"}],"version-history":[{"count":0,"href":"https:\/\/www.aceguarulhos.com.br\/blog\/wp-json\/wp\/v2\/posts\/29121\/revisions"}],"wp:attachment":[{"href":"https:\/\/www.aceguarulhos.com.br\/blog\/wp-json\/wp\/v2\/media?parent=29121"}],"wp:term":[{"taxonomy":"category","embeddable":true,"href":"https:\/\/www.aceguarulhos.com.br\/blog\/wp-json\/wp\/v2\/categories?post=29121"},{"taxonomy":"post_tag","embeddable":true,"href":"https:\/\/www.aceguarulhos.com.br\/blog\/wp-json\/wp\/v2\/tags?post=29121"}],"curies":[{"name":"wp","href":"https:\/\/api.w.org\/{rel}","templated":true}]}}