{"id":29103,"date":"2005-02-15T08:26:21","date_gmt":"2005-02-15T08:26:21","guid":{"rendered":"http:\/\/www.aceguarulhos.com.br\/blog\/?p=29103"},"modified":"-0001-11-30T00:00:00","modified_gmt":"-0001-11-30T03:00:00","slug":"severino-cavalcanti-%c3%a9-o-presidente-da-c%c3%a2mara","status":"publish","type":"post","link":"https:\/\/www.aceguarulhos.com.br\/blog\/severino-cavalcanti-%c3%a9-o-presidente-da-c%c3%a2mara\/","title":{"rendered":"Severino Cavalcanti \u00e9 o presidente da C\u00e2mara"},"content":{"rendered":"<p><P>Pela primeira vez na hist\u00f3ria do poder Legislativo, a C\u00e2mara dos Deputados n\u00e3o ser\u00e1 presidida nos pr\u00f3ximos dois anos por um representante do maior partido da Casa Legislativa. Em uma vota\u00e7\u00e3o hist\u00f3rica, o deputado Severino Cavalcanti (PP-PE) derrotou em segundo turno o candidato oficial Luiz Eduardo Greenhalgh (PT-SP) por 300 a 195 votos. <\/P><P>A virada ocorreu basicamente no intervalo entre a apura\u00e7\u00e3o do primeiro turno, e a vota\u00e7\u00e3o do segundo. Em plena madrugada desta ter\u00e7a-feira, os dois candidatos percorreram todas as lideran\u00e7as da base aliada e da oposi\u00e7\u00e3o em busca de votos que garantissem a vit\u00f3ria em segundo turno. A correria foi tanta que nenhum dos dois candidatos conseguiu parar por um minuto sequer para comemorar a primeira vit\u00f3ria e falar com os jornalistas. O deputado Severino Cavalcanti se limitava a dizer: &#8220;eu preciso de votos&#8221;.<\/P><P>A vit\u00f3ria de Severino Cavalcanti ocorreu com os votos do primeiro turno do candidato avulso do PT, Virg\u00edlio Guimar\u00e3es (MG), e dos candidatos do PFL, Jos\u00e9 Carlos Aleluia (BA) e Jair Bolsonaro (RJ). Enquanto no primeiro turno Severino Cavalcanti teve apenas 124 votos contra 207 de Greenhalgh, no segundo turno a diferen\u00e7a foi de 105 votos para o candidato do PP. <\/P><P>Desde o in\u00edcio, a apura\u00e7\u00e3o dos votos do segundo turno foi tensa. Severino Cavalcanti saiu na frente, e abriu larga vantagem de votos sobre o candidato oficial. Quando Severino Cavalcanti atingiu a metade mais um dos votos v\u00e1lidos (250 votos), o plen\u00e1rio da C\u00e2mara comemorou com gritos e a aclama\u00e7\u00e3o do nome do novo presidente. Depois de proclamado o resultado final, os parlamentares se deram as m\u00e3os e cantaram o hino nacional.<\/P><P>Em um discurso emocionado, Severino Cavalcanti (PP-PE) prometeu que n\u00e3o ir\u00e1 dificultar o relacionamento entre os Poderes Executivo e Legislativo. &#8220;N\u00e3o irei absolutamente procurar criar empecilho para com o meu conterr\u00e2neo que veio tamb\u00e9m de Pernambuco como eu. Ele veio no pau de arara, e eu vim no navio do Ita, que naquele tempo nos trazia para c\u00e1&#8221;, disse. <\/P><P>O novo presidente agradeceu o lan\u00e7amento das campanhas avulsas de Virg\u00edlio, Aleluia e Bolsonaro &#8211; a quem atribuiu grande parte da sua vit\u00f3ria. Tamb\u00e9m n\u00e3o poupou elogios aos deputados respons\u00e1veis por sua elei\u00e7\u00e3o. &#8220;Queria apenas dizer aos meus colegas deputados e deputadas que \u00e9 um orgulho quando criticavam e diziam que o deputado Severino Cavalcanti n\u00e3o podia assumir a presid\u00eancia da Casa porque n\u00e3o tinha o n\u00edvel universit\u00e1rio. Eu digo a todos os meus diletos companheiros: eu vim aqui para aprender, e aprendi tanto que cheguei a presidente desta Casa&#8221;, enfatizou.<\/P><P>O novo presidente da C\u00e2mara aproveitou para pedir apoio dos parlamentares nos pr\u00f3ximos dois anos em que estar\u00e1 \u00e0 frente da Casa. &#8220;Tenho certeza que os senhores deputados ir\u00e3o me dar condi\u00e7\u00f5es para que eu possa realmente desempenhar com toda a desenvoltura a minha fun\u00e7\u00e3o, porque eu preciso dos deputados, preciso do conselho dos deputados. A minha presid\u00eancia ser\u00e1 a presid\u00eancia de todos os deputados e deputadas&#8221;, garantiu.<\/P><P>O ex-presidente da C\u00e2mara Jo\u00e3o Paulo Cunha tamb\u00e9m fez uma despedida emocionada depois de dois anos \u00e0 frente da Casa. Ele fez um apelo a Severino Cavalcanti para que mantenha a harmonia entre os Poderes, e o controle sobre o Legislativo. E fez um r\u00e1pido balan\u00e7o positivo da sua gest\u00e3o. &#8220;A vida imp\u00f5e grandes desafios para n\u00f3s que somos homens p\u00fablicos. Termino de cabe\u00e7a erguida com o sentimento de dever cumprido&#8221;.<\/P><P><STRONG>Gabriela Guerreiro e Iolando Louren\u00e7o<\/STRONG><\/P><\/p>\n","protected":false},"excerpt":{"rendered":"Pela primeira vez na hist\u00f3ria do poder Legislativo, a C\u00e2mara dos Deputados n\u00e3o ser\u00e1 presidida nos pr\u00f3ximos dois anos por um representante do \n<a class=\"moretag\" href=\"https:\/\/www.aceguarulhos.com.br\/blog\/severino-cavalcanti-%c3%a9-o-presidente-da-c%c3%a2mara\/\"> [...]<\/a>","protected":false},"author":8,"featured_media":0,"comment_status":"open","ping_status":"open","sticky":false,"template":"","format":"standard","meta":{"footnotes":""},"categories":[2],"tags":[],"class_list":["post-29103","post","type-post","status-publish","format-standard","hentry","category-noticias"],"yoast_head":"<!-- This site is optimized with the Yoast SEO plugin v28.1 - https:\/\/yoast.com\/product\/yoast-seo-wordpress\/ -->\n<title>Severino Cavalcanti \u00e9 o presidente da C\u00e2mara - ACE-Guarulhos<\/title>\n<meta name=\"robots\" content=\"index, follow, max-snippet:-1, max-image-preview:large, max-video-preview:-1\" \/>\n<link rel=\"canonical\" href=\"https:\/\/www.aceguarulhos.com.br\/blog\/severino-cavalcanti-\u00e9-o-presidente-da-c\u00e2mara\/\" \/>\n<meta property=\"og:locale\" content=\"pt_BR\" \/>\n<meta property=\"og:type\" content=\"article\" \/>\n<meta property=\"og:title\" content=\"Severino Cavalcanti \u00e9 o presidente da C\u00e2mara - ACE-Guarulhos\" \/>\n<meta property=\"og:description\" content=\"Pela primeira vez na hist\u00f3ria do poder Legislativo, a C\u00e2mara dos Deputados n\u00e3o ser\u00e1 presidida nos pr\u00f3ximos dois anos por um representante do\" \/>\n<meta property=\"og:url\" content=\"https:\/\/www.aceguarulhos.com.br\/blog\/severino-cavalcanti-\u00e9-o-presidente-da-c\u00e2mara\/\" \/>\n<meta property=\"og:site_name\" content=\"ACE-Guarulhos\" \/>\n<meta property=\"article:publisher\" content=\"https:\/\/www.facebook.com\/aceguarulhos\/\" \/>\n<meta property=\"article:published_time\" content=\"2005-02-15T08:26:21+00:00\" \/>\n<meta name=\"author\" content=\"Assessoria de Imprensa ACE-Guarulhos\" \/>\n<meta name=\"twitter:card\" content=\"summary_large_image\" \/>\n<meta name=\"twitter:label1\" content=\"Escrito por\" \/>\n\t<meta name=\"twitter:data1\" content=\"Assessoria de Imprensa ACE-Guarulhos\" \/>\n\t<meta name=\"twitter:label2\" content=\"Est. tempo de leitura\" \/>\n\t<meta name=\"twitter:data2\" content=\"3 minutos\" \/>\n<script type=\"application\/ld+json\" class=\"yoast-schema-graph\">{\"@context\":\"https:\\\/\\\/schema.org\",\"@graph\":[{\"@type\":\"Article\",\"@id\":\"https:\\\/\\\/www.aceguarulhos.com.br\\\/blog\\\/severino-cavalcanti-%c3%a9-o-presidente-da-c%c3%a2mara\\\/#article\",\"isPartOf\":{\"@id\":\"https:\\\/\\\/www.aceguarulhos.com.br\\\/blog\\\/severino-cavalcanti-%c3%a9-o-presidente-da-c%c3%a2mara\\\/\"},\"author\":{\"name\":\"Assessoria de Imprensa ACE-Guarulhos\",\"@id\":\"https:\\\/\\\/www.aceguarulhos.com.br\\\/blog\\\/#\\\/schema\\\/person\\\/6983b51bad37489989e4f09698c26237\"},\"headline\":\"Severino Cavalcanti \u00e9 o presidente da C\u00e2mara\",\"datePublished\":\"2005-02-15T08:26:21+00:00\",\"mainEntityOfPage\":{\"@id\":\"https:\\\/\\\/www.aceguarulhos.com.br\\\/blog\\\/severino-cavalcanti-%c3%a9-o-presidente-da-c%c3%a2mara\\\/\"},\"wordCount\":619,\"commentCount\":0,\"publisher\":{\"@id\":\"https:\\\/\\\/www.aceguarulhos.com.br\\\/blog\\\/#organization\"},\"articleSection\":[\"Not\u00edcias\"],\"inLanguage\":\"pt-BR\"},{\"@type\":\"WebPage\",\"@id\":\"https:\\\/\\\/www.aceguarulhos.com.br\\\/blog\\\/severino-cavalcanti-%c3%a9-o-presidente-da-c%c3%a2mara\\\/\",\"url\":\"https:\\\/\\\/www.aceguarulhos.com.br\\\/blog\\\/severino-cavalcanti-%c3%a9-o-presidente-da-c%c3%a2mara\\\/\",\"name\":\"Severino Cavalcanti \u00e9 o presidente da C\u00e2mara - ACE-Guarulhos\",\"isPartOf\":{\"@id\":\"https:\\\/\\\/www.aceguarulhos.com.br\\\/blog\\\/#website\"},\"datePublished\":\"2005-02-15T08:26:21+00:00\",\"breadcrumb\":{\"@id\":\"https:\\\/\\\/www.aceguarulhos.com.br\\\/blog\\\/severino-cavalcanti-%c3%a9-o-presidente-da-c%c3%a2mara\\\/#breadcrumb\"},\"inLanguage\":\"pt-BR\",\"potentialAction\":[{\"@type\":\"ReadAction\",\"target\":[\"https:\\\/\\\/www.aceguarulhos.com.br\\\/blog\\\/severino-cavalcanti-%c3%a9-o-presidente-da-c%c3%a2mara\\\/\"]}]},{\"@type\":\"BreadcrumbList\",\"@id\":\"https:\\\/\\\/www.aceguarulhos.com.br\\\/blog\\\/severino-cavalcanti-%c3%a9-o-presidente-da-c%c3%a2mara\\\/#breadcrumb\",\"itemListElement\":[{\"@type\":\"ListItem\",\"position\":1,\"name\":\"In\u00edcio\",\"item\":\"https:\\\/\\\/www.aceguarulhos.com.br\\\/blog\\\/\"},{\"@type\":\"ListItem\",\"position\":2,\"name\":\"Severino Cavalcanti \u00e9 o presidente da C\u00e2mara\"}]},{\"@type\":\"WebSite\",\"@id\":\"https:\\\/\\\/www.aceguarulhos.com.br\\\/blog\\\/#website\",\"url\":\"https:\\\/\\\/www.aceguarulhos.com.br\\\/blog\\\/\",\"name\":\"ACE-Guarulhos\",\"description\":\"A ACE-Guarulhos \u00e9 uma associa\u00e7\u00e3o que ap\u00f3ia os empres\u00e1rios guarulhenses atrav\u00e9s da representa\u00e7\u00e3o, da gera\u00e7\u00e3o de neg\u00f3cios e presta\u00e7\u00e3o de servi\u00e7os.\",\"publisher\":{\"@id\":\"https:\\\/\\\/www.aceguarulhos.com.br\\\/blog\\\/#organization\"},\"potentialAction\":[{\"@type\":\"SearchAction\",\"target\":{\"@type\":\"EntryPoint\",\"urlTemplate\":\"https:\\\/\\\/www.aceguarulhos.com.br\\\/blog\\\/?s={search_term_string}\"},\"query-input\":{\"@type\":\"PropertyValueSpecification\",\"valueRequired\":true,\"valueName\":\"search_term_string\"}}],\"inLanguage\":\"pt-BR\"},{\"@type\":\"Organization\",\"@id\":\"https:\\\/\\\/www.aceguarulhos.com.br\\\/blog\\\/#organization\",\"name\":\"ACE-Guarulhos\",\"url\":\"https:\\\/\\\/www.aceguarulhos.com.br\\\/blog\\\/\",\"logo\":{\"@type\":\"ImageObject\",\"inLanguage\":\"pt-BR\",\"@id\":\"https:\\\/\\\/www.aceguarulhos.com.br\\\/blog\\\/#\\\/schema\\\/logo\\\/image\\\/\",\"url\":\"https:\\\/\\\/www.aceguarulhos.com.br\\\/blog\\\/wp-content\\\/uploads\\\/2017\\\/12\\\/logo-aceguarulhos-2018.png\",\"contentUrl\":\"https:\\\/\\\/www.aceguarulhos.com.br\\\/blog\\\/wp-content\\\/uploads\\\/2017\\\/12\\\/logo-aceguarulhos-2018.png\",\"width\":419,\"height\":76,\"caption\":\"ACE-Guarulhos\"},\"image\":{\"@id\":\"https:\\\/\\\/www.aceguarulhos.com.br\\\/blog\\\/#\\\/schema\\\/logo\\\/image\\\/\"},\"sameAs\":[\"https:\\\/\\\/www.facebook.com\\\/aceguarulhos\\\/\",\"https:\\\/\\\/br.linkedin.com\\\/in\\\/ace-guarulhos-b9a97093\",\"https:\\\/\\\/www.youtube.com\\\/user\\\/aceguarulhos\"]},{\"@type\":\"Person\",\"@id\":\"https:\\\/\\\/www.aceguarulhos.com.br\\\/blog\\\/#\\\/schema\\\/person\\\/6983b51bad37489989e4f09698c26237\",\"name\":\"Assessoria de Imprensa ACE-Guarulhos\",\"image\":{\"@type\":\"ImageObject\",\"inLanguage\":\"pt-BR\",\"@id\":\"https:\\\/\\\/secure.gravatar.com\\\/avatar\\\/707f3fadd6918afeb64173ab22d8a8cb0676953098a4f31ff36dc2b4c699ef6a?s=96&d=mm&r=g\",\"url\":\"https:\\\/\\\/secure.gravatar.com\\\/avatar\\\/707f3fadd6918afeb64173ab22d8a8cb0676953098a4f31ff36dc2b4c699ef6a?s=96&d=mm&r=g\",\"contentUrl\":\"https:\\\/\\\/secure.gravatar.com\\\/avatar\\\/707f3fadd6918afeb64173ab22d8a8cb0676953098a4f31ff36dc2b4c699ef6a?s=96&d=mm&r=g\",\"caption\":\"Assessoria de Imprensa ACE-Guarulhos\"},\"url\":\"https:\\\/\\\/www.aceguarulhos.com.br\\\/blog\\\/author\\\/assessoria-de-imprensa-ace-guarulhos\\\/\"}]}<\/script>\n<!-- \/ Yoast SEO plugin. -->","yoast_head_json":{"title":"Severino Cavalcanti \u00e9 o presidente da C\u00e2mara - ACE-Guarulhos","robots":{"index":"index","follow":"follow","max-snippet":"max-snippet:-1","max-image-preview":"max-image-preview:large","max-video-preview":"max-video-preview:-1"},"canonical":"https:\/\/www.aceguarulhos.com.br\/blog\/severino-cavalcanti-\u00e9-o-presidente-da-c\u00e2mara\/","og_locale":"pt_BR","og_type":"article","og_title":"Severino Cavalcanti \u00e9 o presidente da C\u00e2mara - ACE-Guarulhos","og_description":"Pela primeira vez na hist\u00f3ria do poder Legislativo, a C\u00e2mara dos Deputados n\u00e3o ser\u00e1 presidida nos pr\u00f3ximos dois anos por um representante do","og_url":"https:\/\/www.aceguarulhos.com.br\/blog\/severino-cavalcanti-\u00e9-o-presidente-da-c\u00e2mara\/","og_site_name":"ACE-Guarulhos","article_publisher":"https:\/\/www.facebook.com\/aceguarulhos\/","article_published_time":"2005-02-15T08:26:21+00:00","author":"Assessoria de Imprensa ACE-Guarulhos","twitter_card":"summary_large_image","twitter_misc":{"Escrito por":"Assessoria de Imprensa ACE-Guarulhos","Est. tempo de leitura":"3 minutos"},"schema":{"@context":"https:\/\/schema.org","@graph":[{"@type":"Article","@id":"https:\/\/www.aceguarulhos.com.br\/blog\/severino-cavalcanti-%c3%a9-o-presidente-da-c%c3%a2mara\/#article","isPartOf":{"@id":"https:\/\/www.aceguarulhos.com.br\/blog\/severino-cavalcanti-%c3%a9-o-presidente-da-c%c3%a2mara\/"},"author":{"name":"Assessoria de Imprensa ACE-Guarulhos","@id":"https:\/\/www.aceguarulhos.com.br\/blog\/#\/schema\/person\/6983b51bad37489989e4f09698c26237"},"headline":"Severino Cavalcanti \u00e9 o presidente da C\u00e2mara","datePublished":"2005-02-15T08:26:21+00:00","mainEntityOfPage":{"@id":"https:\/\/www.aceguarulhos.com.br\/blog\/severino-cavalcanti-%c3%a9-o-presidente-da-c%c3%a2mara\/"},"wordCount":619,"commentCount":0,"publisher":{"@id":"https:\/\/www.aceguarulhos.com.br\/blog\/#organization"},"articleSection":["Not\u00edcias"],"inLanguage":"pt-BR"},{"@type":"WebPage","@id":"https:\/\/www.aceguarulhos.com.br\/blog\/severino-cavalcanti-%c3%a9-o-presidente-da-c%c3%a2mara\/","url":"https:\/\/www.aceguarulhos.com.br\/blog\/severino-cavalcanti-%c3%a9-o-presidente-da-c%c3%a2mara\/","name":"Severino Cavalcanti \u00e9 o presidente da C\u00e2mara - ACE-Guarulhos","isPartOf":{"@id":"https:\/\/www.aceguarulhos.com.br\/blog\/#website"},"datePublished":"2005-02-15T08:26:21+00:00","breadcrumb":{"@id":"https:\/\/www.aceguarulhos.com.br\/blog\/severino-cavalcanti-%c3%a9-o-presidente-da-c%c3%a2mara\/#breadcrumb"},"inLanguage":"pt-BR","potentialAction":[{"@type":"ReadAction","target":["https:\/\/www.aceguarulhos.com.br\/blog\/severino-cavalcanti-%c3%a9-o-presidente-da-c%c3%a2mara\/"]}]},{"@type":"BreadcrumbList","@id":"https:\/\/www.aceguarulhos.com.br\/blog\/severino-cavalcanti-%c3%a9-o-presidente-da-c%c3%a2mara\/#breadcrumb","itemListElement":[{"@type":"ListItem","position":1,"name":"In\u00edcio","item":"https:\/\/www.aceguarulhos.com.br\/blog\/"},{"@type":"ListItem","position":2,"name":"Severino Cavalcanti \u00e9 o presidente da C\u00e2mara"}]},{"@type":"WebSite","@id":"https:\/\/www.aceguarulhos.com.br\/blog\/#website","url":"https:\/\/www.aceguarulhos.com.br\/blog\/","name":"ACE-Guarulhos","description":"A ACE-Guarulhos \u00e9 uma associa\u00e7\u00e3o que ap\u00f3ia os empres\u00e1rios guarulhenses atrav\u00e9s da representa\u00e7\u00e3o, da gera\u00e7\u00e3o de neg\u00f3cios e presta\u00e7\u00e3o de servi\u00e7os.","publisher":{"@id":"https:\/\/www.aceguarulhos.com.br\/blog\/#organization"},"potentialAction":[{"@type":"SearchAction","target":{"@type":"EntryPoint","urlTemplate":"https:\/\/www.aceguarulhos.com.br\/blog\/?s={search_term_string}"},"query-input":{"@type":"PropertyValueSpecification","valueRequired":true,"valueName":"search_term_string"}}],"inLanguage":"pt-BR"},{"@type":"Organization","@id":"https:\/\/www.aceguarulhos.com.br\/blog\/#organization","name":"ACE-Guarulhos","url":"https:\/\/www.aceguarulhos.com.br\/blog\/","logo":{"@type":"ImageObject","inLanguage":"pt-BR","@id":"https:\/\/www.aceguarulhos.com.br\/blog\/#\/schema\/logo\/image\/","url":"https:\/\/www.aceguarulhos.com.br\/blog\/wp-content\/uploads\/2017\/12\/logo-aceguarulhos-2018.png","contentUrl":"https:\/\/www.aceguarulhos.com.br\/blog\/wp-content\/uploads\/2017\/12\/logo-aceguarulhos-2018.png","width":419,"height":76,"caption":"ACE-Guarulhos"},"image":{"@id":"https:\/\/www.aceguarulhos.com.br\/blog\/#\/schema\/logo\/image\/"},"sameAs":["https:\/\/www.facebook.com\/aceguarulhos\/","https:\/\/br.linkedin.com\/in\/ace-guarulhos-b9a97093","https:\/\/www.youtube.com\/user\/aceguarulhos"]},{"@type":"Person","@id":"https:\/\/www.aceguarulhos.com.br\/blog\/#\/schema\/person\/6983b51bad37489989e4f09698c26237","name":"Assessoria de Imprensa ACE-Guarulhos","image":{"@type":"ImageObject","inLanguage":"pt-BR","@id":"https:\/\/secure.gravatar.com\/avatar\/707f3fadd6918afeb64173ab22d8a8cb0676953098a4f31ff36dc2b4c699ef6a?s=96&d=mm&r=g","url":"https:\/\/secure.gravatar.com\/avatar\/707f3fadd6918afeb64173ab22d8a8cb0676953098a4f31ff36dc2b4c699ef6a?s=96&d=mm&r=g","contentUrl":"https:\/\/secure.gravatar.com\/avatar\/707f3fadd6918afeb64173ab22d8a8cb0676953098a4f31ff36dc2b4c699ef6a?s=96&d=mm&r=g","caption":"Assessoria de Imprensa ACE-Guarulhos"},"url":"https:\/\/www.aceguarulhos.com.br\/blog\/author\/assessoria-de-imprensa-ace-guarulhos\/"}]}},"wps_subtitle":"","amp_enabled":true,"_links":{"self":[{"href":"https:\/\/www.aceguarulhos.com.br\/blog\/wp-json\/wp\/v2\/posts\/29103","targetHints":{"allow":["GET"]}}],"collection":[{"href":"https:\/\/www.aceguarulhos.com.br\/blog\/wp-json\/wp\/v2\/posts"}],"about":[{"href":"https:\/\/www.aceguarulhos.com.br\/blog\/wp-json\/wp\/v2\/types\/post"}],"author":[{"embeddable":true,"href":"https:\/\/www.aceguarulhos.com.br\/blog\/wp-json\/wp\/v2\/users\/8"}],"replies":[{"embeddable":true,"href":"https:\/\/www.aceguarulhos.com.br\/blog\/wp-json\/wp\/v2\/comments?post=29103"}],"version-history":[{"count":0,"href":"https:\/\/www.aceguarulhos.com.br\/blog\/wp-json\/wp\/v2\/posts\/29103\/revisions"}],"wp:attachment":[{"href":"https:\/\/www.aceguarulhos.com.br\/blog\/wp-json\/wp\/v2\/media?parent=29103"}],"wp:term":[{"taxonomy":"category","embeddable":true,"href":"https:\/\/www.aceguarulhos.com.br\/blog\/wp-json\/wp\/v2\/categories?post=29103"},{"taxonomy":"post_tag","embeddable":true,"href":"https:\/\/www.aceguarulhos.com.br\/blog\/wp-json\/wp\/v2\/tags?post=29103"}],"curies":[{"name":"wp","href":"https:\/\/api.w.org\/{rel}","templated":true}]}}